{"id":4876,"date":"2022-09-23T11:39:27","date_gmt":"2022-09-23T15:39:27","guid":{"rendered":"https:\/\/bottesetvelo.com\/blog\/?p=4876"},"modified":"2022-09-23T11:39:27","modified_gmt":"2022-09-23T15:39:27","slug":"le-jeu-des-contrastes","status":"publish","type":"post","link":"https:\/\/bottesetvelo.com\/blog\/2022\/09\/23\/le-jeu-des-contrastes\/","title":{"rendered":"Le jeu des contrastes"},"content":{"rendered":"\n<blockquote class=\"wp-block-quote has-text-align-right is-layout-flow wp-block-quote-is-layout-flow\"><p>La clart\u00e9 ne nait pas de ce qu&rsquo;on imagine le clair, mais de ce qu&rsquo;on prend conscience de l&rsquo;obscur.<\/p><cite>Carl Gustav Jung<\/cite><\/blockquote>\n\n\n<div class=\"wp-block-image\">\n<figure class=\"alignright size-full is-resized\"><img data-recalc-dims=\"1\" loading=\"lazy\" decoding=\"async\" data-attachment-id=\"4881\" data-permalink=\"https:\/\/bottesetvelo.com\/blog\/2022\/09\/23\/le-jeu-des-contrastes\/noir-blanc-couleur\/\" data-orig-file=\"https:\/\/i0.wp.com\/bottesetvelo.com\/blog\/wp-content\/uploads\/2022\/09\/Noir-blanc-couleur.png?fit=820%2C381&amp;ssl=1\" data-orig-size=\"820,381\" data-comments-opened=\"1\" data-image-meta=\"{&quot;aperture&quot;:&quot;0&quot;,&quot;credit&quot;:&quot;&quot;,&quot;camera&quot;:&quot;&quot;,&quot;caption&quot;:&quot;&quot;,&quot;created_timestamp&quot;:&quot;0&quot;,&quot;copyright&quot;:&quot;&quot;,&quot;focal_length&quot;:&quot;0&quot;,&quot;iso&quot;:&quot;0&quot;,&quot;shutter_speed&quot;:&quot;0&quot;,&quot;title&quot;:&quot;&quot;,&quot;orientation&quot;:&quot;0&quot;}\" data-image-title=\"Bottes et V\u00e9lo &amp;#8211; Noir-blanc-couleur\" data-image-description=\"\" data-image-caption=\"\" data-large-file=\"https:\/\/i0.wp.com\/bottesetvelo.com\/blog\/wp-content\/uploads\/2022\/09\/Noir-blanc-couleur.png?fit=820%2C381&amp;ssl=1\" src=\"https:\/\/i0.wp.com\/bottesetvelo.com\/blog\/wp-content\/uploads\/2022\/09\/Noir-blanc-couleur.png?resize=356%2C166&#038;ssl=1\" alt=\"\" class=\"wp-image-4881\" width=\"356\" height=\"166\" srcset=\"https:\/\/i0.wp.com\/bottesetvelo.com\/blog\/wp-content\/uploads\/2022\/09\/Noir-blanc-couleur.png?w=820&amp;ssl=1 820w, https:\/\/i0.wp.com\/bottesetvelo.com\/blog\/wp-content\/uploads\/2022\/09\/Noir-blanc-couleur.png?resize=500%2C232&amp;ssl=1 500w, https:\/\/i0.wp.com\/bottesetvelo.com\/blog\/wp-content\/uploads\/2022\/09\/Noir-blanc-couleur.png?resize=768%2C357&amp;ssl=1 768w\" sizes=\"auto, (max-width: 356px) 100vw, 356px\" \/><\/figure>\n<\/div>\n\n\n<p>On dit bien souvent que le p\u00e8lerin quitte sa demeure et son quotidien en qu\u00eate d\u2019un vivre qui lui soit meilleur. On tend \u00e0 dire qu\u2019il s\u2019extirpe d\u2019un contexte de vie inconfortable avec l\u2019espoir de trouver ailleurs, au cours de ses longues p\u00e9r\u00e9grinations, r\u00e9ponse \u00e0 un malaise qui le taraude, \u00e0 un questionnement qui tourbillonne sans jamais atterrir ou \u00e0 un relent d\u2019insatisfaction qui affadit le go\u00fbt de sa vie journali\u00e8re. Ceci laisse croire que toute personne qui p\u00e8lerine n\u2019est pas heureuse dans son monde habituel, et qu\u2019\u00e0 son retour de p\u00e8lerinage, transform\u00e9e par son exp\u00e9rience, elle chamboulera compl\u00e8tement son d\u00e9cor initial. Dans les faits, tout n\u2019est pas totalement noir, ni totalement blanc.<\/p>\n\n\n<div class=\"wp-block-image\">\n<figure class=\"alignright size-full is-resized\"><img data-recalc-dims=\"1\" loading=\"lazy\" decoding=\"async\" data-attachment-id=\"4882\" data-permalink=\"https:\/\/bottesetvelo.com\/blog\/2022\/09\/23\/le-jeu-des-contrastes\/flou\/\" data-orig-file=\"https:\/\/i0.wp.com\/bottesetvelo.com\/blog\/wp-content\/uploads\/2022\/09\/flou.png?fit=700%2C397&amp;ssl=1\" data-orig-size=\"700,397\" data-comments-opened=\"1\" data-image-meta=\"{&quot;aperture&quot;:&quot;0&quot;,&quot;credit&quot;:&quot;&quot;,&quot;camera&quot;:&quot;&quot;,&quot;caption&quot;:&quot;&quot;,&quot;created_timestamp&quot;:&quot;0&quot;,&quot;copyright&quot;:&quot;&quot;,&quot;focal_length&quot;:&quot;0&quot;,&quot;iso&quot;:&quot;0&quot;,&quot;shutter_speed&quot;:&quot;0&quot;,&quot;title&quot;:&quot;&quot;,&quot;orientation&quot;:&quot;0&quot;}\" data-image-title=\"flou\" data-image-description=\"\" data-image-caption=\"\" data-large-file=\"https:\/\/i0.wp.com\/bottesetvelo.com\/blog\/wp-content\/uploads\/2022\/09\/flou.png?fit=700%2C397&amp;ssl=1\" src=\"https:\/\/i0.wp.com\/bottesetvelo.com\/blog\/wp-content\/uploads\/2022\/09\/flou.png?resize=350%2C198&#038;ssl=1\" alt=\"\" class=\"wp-image-4882\" width=\"350\" height=\"198\" srcset=\"https:\/\/i0.wp.com\/bottesetvelo.com\/blog\/wp-content\/uploads\/2022\/09\/flou.png?w=700&amp;ssl=1 700w, https:\/\/i0.wp.com\/bottesetvelo.com\/blog\/wp-content\/uploads\/2022\/09\/flou.png?resize=500%2C284&amp;ssl=1 500w, https:\/\/i0.wp.com\/bottesetvelo.com\/blog\/wp-content\/uploads\/2022\/09\/flou.png?resize=540%2C304&amp;ssl=1 540w\" sizes=\"auto, (max-width: 350px) 100vw, 350px\" \/><\/figure>\n<\/div>\n\n\n<p>S\u2019il est vrai que chaque d\u00e9part est initi\u00e9 par un d\u00e9sir de changement, par l\u2019envie de se faire du bien, d\u2019acc\u00e9der \u00e0 mieux que ce qui est pr\u00e9sentement, cela ne signifie pas pour autant que ce qui est quitt\u00e9 n\u2019est plus du tout appr\u00e9ciable. Mais comme pour toute bonne chose, il y a toujours place \u00e0 une certaine am\u00e9lioration. Le p\u00e8lerinage offre ce temps d\u2019arr\u00eat pour sortir du train-train qui s\u2019est instaur\u00e9, de cet espace o\u00f9 tout semble confondu tellement l\u2019habitude l\u2019a fa\u00e7onn\u00e9. Tout y est tellement familier et tiss\u00e9 serr\u00e9 qu\u2019il en devient difficile d\u2019y voir clair. L\u2019id\u00e9e de tout quitter met en effervescence l\u2019\u00eatre du p\u00e8lerin. Cette bouff\u00e9e d\u2019\u00e9nergie qui le ravigote et donne une nouvelle couleur \u00e0 ses journ\u00e9es, met une premi\u00e8re fois en \u00e9vidence qu\u2019un vivre autrement existe. Mais quel est-il? De quoi serait-il fait?<\/p>\n\n\n\n<p>Dans cette marge artificielle qu\u2019est le chemin, le p\u00e8lerin voit les choses sous un angle nouveau. Dans cette parenth\u00e8se de libert\u00e9, loin du cadre bien rod\u00e9 et structur\u00e9 de son monde de connus, il est d\u00e9stabilis\u00e9. Il s\u2019extasie et se f\u00e2che, savoure et souffre, rit et bougonne. Les contrastes sont marqu\u00e9s et marquants. Il se d\u00e9lecte de certaines facettes de cette vie de nomade et regrette profond\u00e9ment certains aspects de sa vie ant\u00e9rieure. &nbsp;Dans ce jeu des diff\u00e9rences, le p\u00e8lerin distingue avec plus de clart\u00e9 ce qui l\u2019identifie et pr\u00e9cise ce qu\u2019il attend de la vie.<\/p>\n\n\n<div class=\"wp-block-image\">\n<figure class=\"alignleft size-full is-resized\"><img data-recalc-dims=\"1\" loading=\"lazy\" decoding=\"async\" data-attachment-id=\"4883\" data-permalink=\"https:\/\/bottesetvelo.com\/blog\/2022\/09\/23\/le-jeu-des-contrastes\/porte-2\/\" data-orig-file=\"https:\/\/i0.wp.com\/bottesetvelo.com\/blog\/wp-content\/uploads\/2022\/09\/porte-2-479x635.jpg?fit=479%2C635&amp;ssl=1\" data-orig-size=\"479,635\" data-comments-opened=\"1\" data-image-meta=\"{&quot;aperture&quot;:&quot;0&quot;,&quot;credit&quot;:&quot;&quot;,&quot;camera&quot;:&quot;&quot;,&quot;caption&quot;:&quot;&quot;,&quot;created_timestamp&quot;:&quot;0&quot;,&quot;copyright&quot;:&quot;&quot;,&quot;focal_length&quot;:&quot;0&quot;,&quot;iso&quot;:&quot;0&quot;,&quot;shutter_speed&quot;:&quot;0&quot;,&quot;title&quot;:&quot;&quot;,&quot;orientation&quot;:&quot;0&quot;}\" data-image-title=\"porte-2\" data-image-description=\"\" data-image-caption=\"\" data-large-file=\"https:\/\/i0.wp.com\/bottesetvelo.com\/blog\/wp-content\/uploads\/2022\/09\/porte-2-479x635.jpg?fit=479%2C635&amp;ssl=1\" src=\"https:\/\/i0.wp.com\/bottesetvelo.com\/blog\/wp-content\/uploads\/2022\/09\/porte-2.jpg?resize=217%2C288&#038;ssl=1\" alt=\"\" class=\"wp-image-4883\" width=\"217\" height=\"288\" srcset=\"https:\/\/i0.wp.com\/bottesetvelo.com\/blog\/wp-content\/uploads\/2022\/09\/porte-2-479x635.jpg?resize=479%2C635&amp;ssl=1 479w, https:\/\/i0.wp.com\/bottesetvelo.com\/blog\/wp-content\/uploads\/2022\/09\/porte-2-479x635.jpg?resize=377%2C500&amp;ssl=1 377w\" sizes=\"auto, (max-width: 217px) 100vw, 217px\" \/><\/figure>\n<\/div>\n\n\n<p>Cet effet de contraste continue de se jouer lors du retour \u00e0 la maison. Alors que le voyage semble termin\u00e9, l\u2019exp\u00e9rience p\u00e8lerine, elle, se poursuit. La mise \u00e0 distance de sa vie, l\u2019absence et le manque ressentis font ressortir avec plus de vivacit\u00e9 les couleurs des diverses composantes qui forment la mosa\u00efque de sa vie. D\u00e9j\u00e0, sur le chemin du retour, une h\u00e2te, une excitation, habite le p\u00e8lerin. La simple id\u00e9e de retrouver certains \u00e9l\u00e9ments de son univers personnel le fait fr\u00e9tiller de joie. Il se r\u00e9jouit \u00e0 l\u2019avance du plaisir de les ravoir \u00e0 nouveau aupr\u00e8s de lui. Mais, en m\u00eame temps, son estomac se noue et des tensions se ressentent en pensant que certaines facettes de sa vie seront \u00e9galement prochainement pr\u00e9sentes \u00e0 lui. Le sentiment de les retrouver le tiraille et le torture. La mise en relief est manifeste. En se rendant attentif \u00e0 ces mouvements int\u00e9rieurs, le p\u00e8lerin discerne la lumi\u00e8re qui se fait en lui. Ce qu\u2019il d\u00e9sire ou ne d\u00e9sire plus devient plus net, plus clair.<\/p>\n\n\n\n<p>Le p\u00e8lerin, comme nous tous, aspire \u00e0 une vie toujours un peu plus heureuse, un peu plus ajust\u00e9e \u00e0 la personne qu\u2019il est. Nul besoin de partir marcher des kilom\u00e8tres durant pour souhaiter tendre chaque jour davantage vers un peu plus de bien-\u00eatre, mais l\u2019exp\u00e9rience p\u00e8lerine accentue et facilite l\u2019exercice de discernement. Ainsi, la vie que nous menons est g\u00e9n\u00e9ralement d\u00e9j\u00e0 bien savoureuse. Nous avons travaill\u00e9 durant toute notre vie en ce sens! Mais, comme tout est en perp\u00e9tuel changement, \u2026 comme le charpentier qui trouve toujours quelque chose \u00e0 r\u00e9nover ou \u00e0 restaurer sur sa maison, comme le jardinier qui entretient soigneusement son coin de potager, comme l\u2019oiseau qui parfait chaque ann\u00e9e son nid, comme l\u2019escargot qui agrandit graduellement sa coquille, &#8230;il nous faut continuer d\u2019\u0153uvrer pour nous assurer que la vie demeure \u00e0 notre go\u00fbt.<\/p>\n\n\n\n<p>Brigitte Harouni<\/p>\n","protected":false},"excerpt":{"rendered":"<p>La clart\u00e9 ne nait pas de ce qu&rsquo;on imagine le clair, mais de ce qu&rsquo;on prend conscience de l&rsquo;obscur. Carl Gustav Jung On dit bien souvent que le p\u00e8lerin quitte sa demeure et son quotidien en qu\u00eate d\u2019un vivre qui lui soit meilleur. On tend \u00e0 dire qu\u2019il s\u2019extirpe d\u2019un contexte de vie inconfortable avec&hellip;<\/p>\n","protected":false},"author":2,"featured_media":4881,"comment_status":"open","ping_status":"open","sticky":false,"template":"","format":"standard","meta":{"jetpack_post_was_ever_published":false,"_jetpack_newsletter_access":"","_jetpack_dont_email_post_to_subs":false,"_jetpack_newsletter_tier_id":0,"_jetpack_memberships_contains_paywalled_content":false,"_jetpack_memberships_contains_paid_content":false,"footnotes":"","jetpack_publicize_message":"Le jeu des contrastes\nOn dit bien souvent que le p\u00e8lerin quitte sa demeure et son quotidien en qu\u00eate d\u2019un vivre qui lui soit meilleur. Dans les faits, tout n\u2019est pas totalement noir, ni totalement blanc.","jetpack_publicize_feature_enabled":true,"jetpack_social_post_already_shared":true,"jetpack_social_options":{"image_generator_settings":{"template":"highway","default_image_id":0,"font":"","enabled":false},"version":2}},"categories":[50,379,39,630,3,1],"tags":[322,549,704],"class_list":["post-4876","post","type-post","status-publish","format-standard","has-post-thumbnail","hentry","category-art-de-vivre","category-chemin-de-transformation","category-croissance-personnelle","category-exercice-pelerin","category-reflexions","category-uncategorized","tag-discernement","tag-pelerinage-2","tag-retour-a-la-maison"],"jetpack_publicize_connections":[],"jetpack_featured_media_url":"https:\/\/i0.wp.com\/bottesetvelo.com\/blog\/wp-content\/uploads\/2022\/09\/Noir-blanc-couleur.png?fit=820%2C381&ssl=1","jetpack_shortlink":"https:\/\/wp.me\/p4eY6z-1gE","jetpack_sharing_enabled":true,"jetpack_likes_enabled":true,"jetpack-related-posts":[],"_links":{"self":[{"href":"https:\/\/bottesetvelo.com\/blog\/wp-json\/wp\/v2\/posts\/4876","targetHints":{"allow":["GET"]}}],"collection":[{"href":"https:\/\/bottesetvelo.com\/blog\/wp-json\/wp\/v2\/posts"}],"about":[{"href":"https:\/\/bottesetvelo.com\/blog\/wp-json\/wp\/v2\/types\/post"}],"author":[{"embeddable":true,"href":"https:\/\/bottesetvelo.com\/blog\/wp-json\/wp\/v2\/users\/2"}],"replies":[{"embeddable":true,"href":"https:\/\/bottesetvelo.com\/blog\/wp-json\/wp\/v2\/comments?post=4876"}],"version-history":[{"count":8,"href":"https:\/\/bottesetvelo.com\/blog\/wp-json\/wp\/v2\/posts\/4876\/revisions"}],"predecessor-version":[{"id":4888,"href":"https:\/\/bottesetvelo.com\/blog\/wp-json\/wp\/v2\/posts\/4876\/revisions\/4888"}],"wp:featuredmedia":[{"embeddable":true,"href":"https:\/\/bottesetvelo.com\/blog\/wp-json\/wp\/v2\/media\/4881"}],"wp:attachment":[{"href":"https:\/\/bottesetvelo.com\/blog\/wp-json\/wp\/v2\/media?parent=4876"}],"wp:term":[{"taxonomy":"category","embeddable":true,"href":"https:\/\/bottesetvelo.com\/blog\/wp-json\/wp\/v2\/categories?post=4876"},{"taxonomy":"post_tag","embeddable":true,"href":"https:\/\/bottesetvelo.com\/blog\/wp-json\/wp\/v2\/tags?post=4876"}],"curies":[{"name":"wp","href":"https:\/\/api.w.org\/{rel}","templated":true}]}}