{"id":4854,"date":"2022-07-22T10:46:04","date_gmt":"2022-07-22T14:46:04","guid":{"rendered":"https:\/\/bottesetvelo.com\/blog\/?p=4854"},"modified":"2022-07-22T10:54:44","modified_gmt":"2022-07-22T14:54:44","slug":"lile-de-malte-hiver-2023","status":"publish","type":"post","link":"https:\/\/bottesetvelo.com\/blog\/2022\/07\/22\/lile-de-malte-hiver-2023\/","title":{"rendered":"L&rsquo;\u00eele de Malte &#8211; Hiver 2023"},"content":{"rendered":"\n<p class=\"has-drop-cap has-medium-font-size\">Bottes et V\u00e9lo est heureux de vous pr\u00e9senter ce nouveau s\u00e9jour p\u00e8lerin pour l&rsquo;hiver 2023. Du 17 f\u00e9vrier au 5 mars, venez explorer l<a href=\"http:\/\/bottesetvelo.com\/index.php\/malte\/\">&lsquo;\u00eele de Malte<\/a>. Une exp\u00e9rience p\u00e8lerine au coeur de la M\u00e9diterran\u00e9e!<\/p>\n\n\n\n<p><a href=\"http:\/\/bottesetvelo.com\/index.php\/malte\/\">L\u2019ile de Malte<\/a>, aux couleurs du miel, est depuis l\u2019Antiquit\u00e9 une terre tr\u00e8s convoit\u00e9e. Savoureux amalgame de cultures, livre d\u2019Histoire vivant aux parfums m\u00e9diterran\u00e9ens, Malte est un voyage dans le voyage!<\/p>\n\n\n\n<p>Marcher l\u2019ile de Malte, c\u2019est se plonger dans un livre mill\u00e9sime aux couleurs du pr\u00e9sent. Laissez-vous prendre par cette exp\u00e9rience de lecture vivante!<\/p>\n\n\n\n<ul class=\"wp-block-list\"><li><em>16 jours de lentes p\u00e9r\u00e9grinations pour d\u00e9couvrir ce joyau de la M\u00e9diterran\u00e9e.<\/em><\/li><li><em>235 km au total \u2013 pour une moyenne de 17 km\/jour.<\/em><\/li><li>Tarif: 3745$\/personne.<\/li><\/ul>\n\n\n\n<p class=\"has-large-font-size\">Pour plus d&rsquo;informations: <a href=\"http:\/\/bottesetvelo.com\/index.php\/malte\/\">Malte 2023<\/a> <\/p>\n\n\n\n<figure class=\"wp-block-image size-large\"><img data-recalc-dims=\"1\" loading=\"lazy\" decoding=\"async\" width=\"1024\" height=\"498\" data-attachment-id=\"4858\" data-permalink=\"https:\/\/bottesetvelo.com\/blog\/2022\/07\/22\/lile-de-malte-hiver-2023\/20211217_123052\/\" data-orig-file=\"https:\/\/i0.wp.com\/bottesetvelo.com\/blog\/wp-content\/uploads\/2022\/07\/20211217_123052.jpg?fit=4032%2C1960&amp;ssl=1\" data-orig-size=\"4032,1960\" data-comments-opened=\"1\" data-image-meta=\"{&quot;aperture&quot;:&quot;1.7&quot;,&quot;credit&quot;:&quot;&quot;,&quot;camera&quot;:&quot;SM-G950W&quot;,&quot;caption&quot;:&quot;&quot;,&quot;created_timestamp&quot;:&quot;1639744251&quot;,&quot;copyright&quot;:&quot;&quot;,&quot;focal_length&quot;:&quot;4.25&quot;,&quot;iso&quot;:&quot;50&quot;,&quot;shutter_speed&quot;:&quot;0.00030712530712531&quot;,&quot;title&quot;:&quot;&quot;,&quot;orientation&quot;:&quot;1&quot;}\" data-image-title=\"20211217_123052\" data-image-description=\"\" data-image-caption=\"\" data-large-file=\"https:\/\/i0.wp.com\/bottesetvelo.com\/blog\/wp-content\/uploads\/2022\/07\/20211217_123052.jpg?fit=1024%2C498&amp;ssl=1\" src=\"https:\/\/i0.wp.com\/bottesetvelo.com\/blog\/wp-content\/uploads\/2022\/07\/20211217_123052.jpg?resize=1024%2C498&#038;ssl=1\" alt=\"\" class=\"wp-image-4858\" srcset=\"https:\/\/i0.wp.com\/bottesetvelo.com\/blog\/wp-content\/uploads\/2022\/07\/20211217_123052.jpg?resize=1024%2C498&amp;ssl=1 1024w, https:\/\/i0.wp.com\/bottesetvelo.com\/blog\/wp-content\/uploads\/2022\/07\/20211217_123052.jpg?resize=500%2C243&amp;ssl=1 500w, https:\/\/i0.wp.com\/bottesetvelo.com\/blog\/wp-content\/uploads\/2022\/07\/20211217_123052.jpg?resize=768%2C373&amp;ssl=1 768w, https:\/\/i0.wp.com\/bottesetvelo.com\/blog\/wp-content\/uploads\/2022\/07\/20211217_123052.jpg?resize=1536%2C747&amp;ssl=1 1536w, https:\/\/i0.wp.com\/bottesetvelo.com\/blog\/wp-content\/uploads\/2022\/07\/20211217_123052.jpg?resize=2048%2C996&amp;ssl=1 2048w, https:\/\/i0.wp.com\/bottesetvelo.com\/blog\/wp-content\/uploads\/2022\/07\/20211217_123052.jpg?w=2340&amp;ssl=1 2340w, https:\/\/i0.wp.com\/bottesetvelo.com\/blog\/wp-content\/uploads\/2022\/07\/20211217_123052.jpg?w=3510&amp;ssl=1 3510w\" sizes=\"auto, (max-width: 1024px) 100vw, 1024px\" \/><\/figure>\n","protected":false},"excerpt":{"rendered":"<p>Bottes et V\u00e9lo est heureux de vous pr\u00e9senter ce nouveau s\u00e9jour p\u00e8lerin pour l&rsquo;hiver 2023. Du 17 f\u00e9vrier au 5 mars, venez explorer l&lsquo;\u00eele de Malte. Une exp\u00e9rience p\u00e8lerine au coeur de la M\u00e9diterran\u00e9e! L\u2019ile de Malte, aux couleurs du miel, est depuis l\u2019Antiquit\u00e9 une terre tr\u00e8s convoit\u00e9e. Savoureux amalgame de cultures, livre d\u2019Histoire vivant&hellip;<\/p>\n","protected":false},"author":1,"featured_media":4856,"comment_status":"open","ping_status":"open","sticky":false,"template":"","format":"standard","meta":{"jetpack_post_was_ever_published":false,"_jetpack_newsletter_access":"","_jetpack_dont_email_post_to_subs":false,"_jetpack_newsletter_tier_id":0,"_jetpack_memberships_contains_paywalled_content":false,"_jetpack_memberships_contains_paid_content":false,"footnotes":"","jetpack_publicize_message":"Bottes et V\u00e9lo est heureux de vous pr\u00e9senter ce nouveau s\u00e9jour p\u00e8lerin pour l'hiver 2023. Du 17 f\u00e9vrier au 5 mars, venez explorer l'\u00eele de #Malte. Une #exp\u00e9riencep\u00e8lerine au c\u0153ur de la #M\u00e9diterran\u00e9e!","jetpack_publicize_feature_enabled":true,"jetpack_social_post_already_shared":true,"jetpack_social_options":{"image_generator_settings":{"template":"highway","default_image_id":0,"font":"","enabled":false},"version":2}},"categories":[390],"tags":[703,426,520,521,392],"class_list":["post-4854","post","type-post","status-publish","format-standard","has-post-thumbnail","hentry","category-voyages-pelerins","tag-marche-2","tag-experience-pelerine","tag-randonnee-2","tag-spiritualite-3","tag-voyages-pelerins"],"jetpack_publicize_connections":[],"jetpack_featured_media_url":"https:\/\/i0.wp.com\/bottesetvelo.com\/blog\/wp-content\/uploads\/2022\/07\/20211214_124716.jpg?fit=4608%2C2592&ssl=1","jetpack_shortlink":"https:\/\/wp.me\/p4eY6z-1gi","jetpack_sharing_enabled":true,"jetpack_likes_enabled":true,"jetpack-related-posts":[],"_links":{"self":[{"href":"https:\/\/bottesetvelo.com\/blog\/wp-json\/wp\/v2\/posts\/4854","targetHints":{"allow":["GET"]}}],"collection":[{"href":"https:\/\/bottesetvelo.com\/blog\/wp-json\/wp\/v2\/posts"}],"about":[{"href":"https:\/\/bottesetvelo.com\/blog\/wp-json\/wp\/v2\/types\/post"}],"author":[{"embeddable":true,"href":"https:\/\/bottesetvelo.com\/blog\/wp-json\/wp\/v2\/users\/1"}],"replies":[{"embeddable":true,"href":"https:\/\/bottesetvelo.com\/blog\/wp-json\/wp\/v2\/comments?post=4854"}],"version-history":[{"count":9,"href":"https:\/\/bottesetvelo.com\/blog\/wp-json\/wp\/v2\/posts\/4854\/revisions"}],"predecessor-version":[{"id":4866,"href":"https:\/\/bottesetvelo.com\/blog\/wp-json\/wp\/v2\/posts\/4854\/revisions\/4866"}],"wp:featuredmedia":[{"embeddable":true,"href":"https:\/\/bottesetvelo.com\/blog\/wp-json\/wp\/v2\/media\/4856"}],"wp:attachment":[{"href":"https:\/\/bottesetvelo.com\/blog\/wp-json\/wp\/v2\/media?parent=4854"}],"wp:term":[{"taxonomy":"category","embeddable":true,"href":"https:\/\/bottesetvelo.com\/blog\/wp-json\/wp\/v2\/categories?post=4854"},{"taxonomy":"post_tag","embeddable":true,"href":"https:\/\/bottesetvelo.com\/blog\/wp-json\/wp\/v2\/tags?post=4854"}],"curies":[{"name":"wp","href":"https:\/\/api.w.org\/{rel}","templated":true}]}}