{"id":4829,"date":"2022-05-28T13:21:55","date_gmt":"2022-05-28T17:21:55","guid":{"rendered":"https:\/\/bottesetvelo.com\/blog\/?p=4829"},"modified":"2022-05-28T13:21:55","modified_gmt":"2022-05-28T17:21:55","slug":"quest-ce-qui-vous-fait-marcher","status":"publish","type":"post","link":"https:\/\/bottesetvelo.com\/blog\/2022\/05\/28\/quest-ce-qui-vous-fait-marcher\/","title":{"rendered":"Qu\u2019est-ce qui vous fait marcher?"},"content":{"rendered":"\n<p class=\"has-drop-cap\">On marche tous pour quelque chose. Pour se rendre quelque part. Par souci de sant\u00e9. Pour se mettre en forme. Pour socialiser. Pour r\u00e9fl\u00e9chir. Pour se d\u00e9tendre. Pour visiter un lieu. Il y a toujours une raison \u00e0 nos p\u00e9r\u00e9grinations. Or, si certains marchent pour militer, d\u2019autres font des kilom\u00e8tres pour se trouver. Marcher, c\u2019est changer de position&nbsp;: socialement et int\u00e9rieurement. \u00c0 chacune de nos marches quelque chose est transform\u00e9, du plus banal au plus extraordinaire.<\/p>\n\n\n\n<p>La marche est une pulsion qui d\u00e9place. Elle fait avancer ou bien reculer, monter ou descendre. Certains pratiquent la marche du crabe, d\u2019autres serpentent ou vont \u00e0 cloche-pied. Peu importe comment on l\u2019effectue, ce qui met en marche tend toujours vers un ailleurs meilleur ou promet d\u2019\u00e9viter le pire. La marche d\u00e9place, conduit vers de nouveaux points de vue, offre de nouveaux horizons, d\u00e9cloisonne, r\u00e9v\u00e8le des angles insoup\u00e7onn\u00e9s et pour cela, elle m\u00e9rite qu\u2019on y porte attention.<\/p>\n\n\n<div class=\"wp-block-image\">\n<figure class=\"alignright size-large is-resized\"><img data-recalc-dims=\"1\" loading=\"lazy\" decoding=\"async\" data-attachment-id=\"4833\" data-permalink=\"https:\/\/bottesetvelo.com\/blog\/2022\/05\/28\/quest-ce-qui-vous-fait-marcher\/walking-349991_1920\/\" data-orig-file=\"https:\/\/i0.wp.com\/bottesetvelo.com\/blog\/wp-content\/uploads\/2022\/05\/walking-349991_1920-1920x1280.jpg?fit=1920%2C1280&amp;ssl=1\" data-orig-size=\"1920,1280\" data-comments-opened=\"1\" data-image-meta=\"{&quot;aperture&quot;:&quot;0&quot;,&quot;credit&quot;:&quot;&quot;,&quot;camera&quot;:&quot;&quot;,&quot;caption&quot;:&quot;&quot;,&quot;created_timestamp&quot;:&quot;0&quot;,&quot;copyright&quot;:&quot;&quot;,&quot;focal_length&quot;:&quot;0&quot;,&quot;iso&quot;:&quot;0&quot;,&quot;shutter_speed&quot;:&quot;0&quot;,&quot;title&quot;:&quot;&quot;,&quot;orientation&quot;:&quot;0&quot;}\" data-image-title=\"walking-349991_1920\" data-image-description=\"\" data-image-caption=\"\" data-large-file=\"https:\/\/i0.wp.com\/bottesetvelo.com\/blog\/wp-content\/uploads\/2022\/05\/walking-349991_1920-1920x1280.jpg?fit=1024%2C683&amp;ssl=1\" src=\"https:\/\/i0.wp.com\/bottesetvelo.com\/blog\/wp-content\/uploads\/2022\/05\/walking-349991_1920.jpg?resize=350%2C240&#038;ssl=1\" alt=\"\" class=\"wp-image-4833\" width=\"350\" height=\"240\"\/><\/figure>\n<\/div>\n\n\n<p>Mais qu\u2019est-ce qui nous fait marcher? La faim? L\u2019envie? La curiosit\u00e9?<\/p>\n\n\n\n<p>On dit bien de quelqu\u2019un qui nous raconte des histoires,&nbsp;qu\u2019il nous fait marcher. Malgr\u00e9 le farfelu de ce qu\u2019il raconte, malgr\u00e9 l\u2019impossible qu\u2019il met en sc\u00e8ne, quelque chose nous prend dans ses filets, un doute s\u2019installe, et le d\u00e9sir d\u2019y croire nous incite \u00e0 poursuivre&nbsp;: \u00ab&nbsp;Et si c\u2019\u00e9tait vrai?&nbsp;\u00bb.<\/p>\n\n\n\n<p>C\u2019est plus fort que nous, le d\u00e9sir de croire est le moteur de plusieurs de nos pas. En cela nous passons notre temps \u00e0 croire. Parfois cette foi demande bien peu\u00a0: si je marche vers l\u2019\u00e9picerie, c\u2019est que je crois pouvoir y trouver quelque chose pour me nourrir et il y a fort \u00e0 parier que ma croyance va se r\u00e9aliser. Cependant, en certains moments, le croire de mes pas exige davantage\u00a0: croire dans mes capacit\u00e9s \u00e0 r\u00e9aliser un projet, croire que je retrouverai mon chemin quand je me suis \u00e9gar\u00e9, croire que la maladie passera, croire que je me remettrai de cette peine, croire que la guerre passera&#8230; Car on croit aussi dans des syst\u00e8mes politiques, \u00e9conomiques ou religieux. Non sans raison, mais toujours parce qu\u2019on esp\u00e8re mieux. Voter, c\u2019est croire.<\/p>\n\n\n\n<p>Ainsi, quand \u00e7a va mal, l\u2019humain a besoin de croire que les choses peuvent s\u2019arranger.<\/p>\n\n\n\n<p>Nos routes \u00e9tant souvent faites d\u2019emb\u00fbches, aspirer \u00e0 mieux, \u00e0 de meilleurs conditions de vie, est donc naturel. L\u2019\u00eatre humain sain, qui n\u2019a pas perdu ses moyens, ne demeure pas immobile face au malheur et \u00e0 la d\u00e9tresse. Face aux ennuies et aux souffrances, il se mobilise et se met en marche vers cette destination qui r\u00e9tablira la joie dans sa vie. Il n\u2019y a rien de pire que la fatalit\u00e9 pour abattre tout envie de marcher. Croire en des jours meilleurs est donc signe de sant\u00e9 et parfois il faut partager notre croyance pour rallumer la flamme qui vacille chez notre voisin, lui redonner la force de marcher.<\/p>\n\n\n\n<p>Le d\u00e9sir de croire fait ainsi non seulement marcher, mais il donne du courage et de la vigueur \u00e0 nos pas. Il permet d\u2019avancer avec la conviction profonde qu&rsquo;elle existe bien cette destination prometteuse. Elle prendra alors diverses formes: oasis de paix, temps de r\u00e9confort, retrouvailles, assurance, confiance, main tendue, repas partag\u00e9, etc. Une chose est certaine, vous la reconnaitrez lorsque vous y arriverez. C&rsquo;\u00e9tait pour cela que vous marchiez!<\/p>\n\n\n<div class=\"wp-block-image\">\n<figure class=\"alignright size-full\"><img data-recalc-dims=\"1\" loading=\"lazy\" decoding=\"async\" width=\"100\" height=\"79\" data-attachment-id=\"3248\" data-permalink=\"https:\/\/bottesetvelo.com\/blog\/2018\/03\/30\/comme-un-grand-silence\/bottes-et-velo-embleme-3\/\" data-orig-file=\"https:\/\/i0.wp.com\/bottesetvelo.com\/blog\/wp-content\/uploads\/2018\/03\/Bottes-et-V%C3%A9lo-Embl%C3%AAme-1-e1522416719670.png?fit=100%2C79&amp;ssl=1\" data-orig-size=\"100,79\" data-comments-opened=\"1\" data-image-meta=\"{&quot;aperture&quot;:&quot;0&quot;,&quot;credit&quot;:&quot;&quot;,&quot;camera&quot;:&quot;&quot;,&quot;caption&quot;:&quot;&quot;,&quot;created_timestamp&quot;:&quot;0&quot;,&quot;copyright&quot;:&quot;&quot;,&quot;focal_length&quot;:&quot;0&quot;,&quot;iso&quot;:&quot;0&quot;,&quot;shutter_speed&quot;:&quot;0&quot;,&quot;title&quot;:&quot;&quot;,&quot;orientation&quot;:&quot;0&quot;}\" data-image-title=\"Bottes et V\u00e9lo &amp;#8211; Embl\u00eame\" data-image-description=\"\" data-image-caption=\"\" data-large-file=\"https:\/\/i0.wp.com\/bottesetvelo.com\/blog\/wp-content\/uploads\/2018\/03\/Bottes-et-V%C3%A9lo-Embl%C3%AAme-1-e1522416719670.png?fit=100%2C79&amp;ssl=1\" src=\"https:\/\/i0.wp.com\/bottesetvelo.com\/blog\/wp-content\/uploads\/2018\/03\/Bottes-et-V%C3%A9lo-Embl%C3%AAme-1-e1522416719670.png?resize=100%2C79&#038;ssl=1\" alt=\"\" class=\"wp-image-3248\"\/><\/figure>\n<\/div>\n\n\n<p>Marcher permet de croire, croire qu\u2019il y a du bon \u00e0 l\u2019horizon de chaque chemin. <\/p>\n\n\n\n<p>\u00c9ric Lalibert\u00e9<\/p>\n","protected":false},"excerpt":{"rendered":"<p>On marche tous pour quelque chose. Pour se rendre quelque part. Par souci de sant\u00e9. Pour se mettre en forme. Pour socialiser. Pour r\u00e9fl\u00e9chir. Pour se d\u00e9tendre. Pour visiter un lieu. Il y a toujours une raison \u00e0 nos p\u00e9r\u00e9grinations. Or, si certains marchent pour militer, d\u2019autres font des kilom\u00e8tres pour se trouver. Marcher, c\u2019est&hellip;<\/p>\n","protected":false},"author":3,"featured_media":4830,"comment_status":"open","ping_status":"open","sticky":false,"template":"","format":"standard","meta":{"jetpack_post_was_ever_published":false,"_jetpack_newsletter_access":"","_jetpack_dont_email_post_to_subs":false,"_jetpack_newsletter_tier_id":0,"_jetpack_memberships_contains_paywalled_content":false,"_jetpack_memberships_contains_paid_content":false,"footnotes":"","jetpack_publicize_message":"On marche tous pour qqc. Pour se rendre quelque part. Par souci de sant\u00e9. Pour socialiser. Pour r\u00e9fl\u00e9chir. Or, si certains marchent pour militer, d\u2019autres font des km pour se trouver. Marcher, c\u2019est changer de position\u00a0: socialement et int\u00e9rieurement.","jetpack_publicize_feature_enabled":true,"jetpack_social_post_already_shared":true,"jetpack_social_options":{"image_generator_settings":{"template":"highway","default_image_id":0,"font":"","enabled":false},"version":2}},"categories":[50,11,166,3],"tags":[595,14,96,19,38],"class_list":["post-4829","post","type-post","status-publish","format-standard","has-post-thumbnail","hentry","category-art-de-vivre","category-bien-etre-physique","category-demarche-du-pelerin","category-reflexions","tag-croire","tag-marche","tag-qualite-de-vie","tag-randonnee","tag-reflexion"],"jetpack_publicize_connections":[],"jetpack_featured_media_url":"https:\/\/i0.wp.com\/bottesetvelo.com\/blog\/wp-content\/uploads\/2022\/05\/tourist-2641575_1920-1920x1280.jpg?fit=1920%2C1280&ssl=1","jetpack_shortlink":"https:\/\/wp.me\/p4eY6z-1fT","jetpack_sharing_enabled":true,"jetpack_likes_enabled":true,"jetpack-related-posts":[],"_links":{"self":[{"href":"https:\/\/bottesetvelo.com\/blog\/wp-json\/wp\/v2\/posts\/4829","targetHints":{"allow":["GET"]}}],"collection":[{"href":"https:\/\/bottesetvelo.com\/blog\/wp-json\/wp\/v2\/posts"}],"about":[{"href":"https:\/\/bottesetvelo.com\/blog\/wp-json\/wp\/v2\/types\/post"}],"author":[{"embeddable":true,"href":"https:\/\/bottesetvelo.com\/blog\/wp-json\/wp\/v2\/users\/3"}],"replies":[{"embeddable":true,"href":"https:\/\/bottesetvelo.com\/blog\/wp-json\/wp\/v2\/comments?post=4829"}],"version-history":[{"count":2,"href":"https:\/\/bottesetvelo.com\/blog\/wp-json\/wp\/v2\/posts\/4829\/revisions"}],"predecessor-version":[{"id":4834,"href":"https:\/\/bottesetvelo.com\/blog\/wp-json\/wp\/v2\/posts\/4829\/revisions\/4834"}],"wp:featuredmedia":[{"embeddable":true,"href":"https:\/\/bottesetvelo.com\/blog\/wp-json\/wp\/v2\/media\/4830"}],"wp:attachment":[{"href":"https:\/\/bottesetvelo.com\/blog\/wp-json\/wp\/v2\/media?parent=4829"}],"wp:term":[{"taxonomy":"category","embeddable":true,"href":"https:\/\/bottesetvelo.com\/blog\/wp-json\/wp\/v2\/categories?post=4829"},{"taxonomy":"post_tag","embeddable":true,"href":"https:\/\/bottesetvelo.com\/blog\/wp-json\/wp\/v2\/tags?post=4829"}],"curies":[{"name":"wp","href":"https:\/\/api.w.org\/{rel}","templated":true}]}}