{"id":4806,"date":"2022-04-29T07:00:00","date_gmt":"2022-04-29T11:00:00","guid":{"rendered":"https:\/\/bottesetvelo.com\/blog\/?p=4806"},"modified":"2022-04-28T20:51:40","modified_gmt":"2022-04-29T00:51:40","slug":"humaines-frontieres","status":"publish","type":"post","link":"https:\/\/bottesetvelo.com\/blog\/2022\/04\/29\/humaines-frontieres\/","title":{"rendered":"Humaines fronti\u00e8res"},"content":{"rendered":"\n<p class=\"has-drop-cap\">Toujours entre la gauche et la droite, entre devant et derri\u00e8re, entre haut et bas, entre hier et demain, jamais dans l\u2019un ni dans l\u2019autre, toujours au centre, l\u2019humain tient dans un entre-deux fait d\u2019oppositions, de contradictions et de tiraillements. Il est lui-m\u00eame fronti\u00e8re. Or, si les fronti\u00e8res se traversent, \u00eatre fronti\u00e8re\u00a0: c\u2019est \u00eatre travers\u00e9!<\/p>\n\n\n\n<p>L\u2019humain est fronti\u00e8re. Je suis fronti\u00e8re! Et d\u00e8s l\u2019instant o\u00f9 je me crois \u00ab\u00a0au-dessus de mes affaires\u00a0\u00bb, \u00e0 \u00ab\u00a0c\u00f4t\u00e9 de la track\u00a0\u00bb ou en \u00ab\u00a0avance sur mon temps\u00a0\u00bb, survient un \u00e9v\u00e9nement pour me rappeler que je suis l\u00e0 o\u00f9 je suis, toujours en tension, en mouvement dans un pr\u00e9sent qui ne s\u2019installe jamais. Mon humanit\u00e9 n\u2019est pas uniquement celle qui traverse la vie, mais elle est aussi celle qui est travers\u00e9e par la vie. Comme ce clou qui traverse la chair\u2026&nbsp; Aussi, travers\u00e9 signifie bien plus que de se laisser toucher ou \u00eatre touch\u00e9. Rien de superficiel dans ce \u00ab&nbsp;passage&nbsp;\u00bb. Au contraire! La travers\u00e9e dont il est question agit en profondeur.<\/p>\n\n\n\n<div class=\"wp-block-image\"><figure class=\"alignright size-large is-resized\"><img data-recalc-dims=\"1\" loading=\"lazy\" decoding=\"async\" data-attachment-id=\"4809\" data-permalink=\"https:\/\/bottesetvelo.com\/blog\/2022\/04\/29\/humaines-frontieres\/hand-1599898_1920\/\" data-orig-file=\"https:\/\/i0.wp.com\/bottesetvelo.com\/blog\/wp-content\/uploads\/2022\/04\/hand-1599898_1920-1920x1228.jpg?fit=1920%2C1228&amp;ssl=1\" data-orig-size=\"1920,1228\" data-comments-opened=\"1\" data-image-meta=\"{&quot;aperture&quot;:&quot;0&quot;,&quot;credit&quot;:&quot;&quot;,&quot;camera&quot;:&quot;&quot;,&quot;caption&quot;:&quot;&quot;,&quot;created_timestamp&quot;:&quot;0&quot;,&quot;copyright&quot;:&quot;&quot;,&quot;focal_length&quot;:&quot;0&quot;,&quot;iso&quot;:&quot;0&quot;,&quot;shutter_speed&quot;:&quot;0&quot;,&quot;title&quot;:&quot;&quot;,&quot;orientation&quot;:&quot;0&quot;}\" data-image-title=\"hand-1599898_1920\" data-image-description=\"\" data-image-caption=\"\" data-large-file=\"https:\/\/i0.wp.com\/bottesetvelo.com\/blog\/wp-content\/uploads\/2022\/04\/hand-1599898_1920-1920x1228.jpg?fit=1024%2C655&amp;ssl=1\" src=\"https:\/\/i0.wp.com\/bottesetvelo.com\/blog\/wp-content\/uploads\/2022\/04\/hand-1599898_1920.jpg?resize=350%2C223&#038;ssl=1\" alt=\"\" class=\"wp-image-4809\" width=\"350\" height=\"223\" srcset=\"https:\/\/i0.wp.com\/bottesetvelo.com\/blog\/wp-content\/uploads\/2022\/04\/hand-1599898_1920-1920x1228.jpg?resize=1024%2C655&amp;ssl=1 1024w, https:\/\/i0.wp.com\/bottesetvelo.com\/blog\/wp-content\/uploads\/2022\/04\/hand-1599898_1920-1920x1228.jpg?resize=500%2C320&amp;ssl=1 500w, https:\/\/i0.wp.com\/bottesetvelo.com\/blog\/wp-content\/uploads\/2022\/04\/hand-1599898_1920-1920x1228.jpg?resize=768%2C491&amp;ssl=1 768w, https:\/\/i0.wp.com\/bottesetvelo.com\/blog\/wp-content\/uploads\/2022\/04\/hand-1599898_1920-1920x1228.jpg?resize=1536%2C982&amp;ssl=1 1536w, https:\/\/i0.wp.com\/bottesetvelo.com\/blog\/wp-content\/uploads\/2022\/04\/hand-1599898_1920-1920x1228.jpg?resize=1920%2C1228&amp;ssl=1 1920w\" sizes=\"auto, (max-width: 350px) 100vw, 350px\" \/><\/figure><\/div>\n\n\n\n<p>Prendre part au monde vivant, me place en fronti\u00e8re de toutes exp\u00e9riences. En moi se joue l\u2019exp\u00e9rience d\u2019\u00eatre \u00e0 la vie. Tout se croise \u00e0 l\u2019int\u00e9rieur de mon \u00eatre. En moi se joue la neige et la canicule, la joie et la tristesse, l\u2019angoisse et l\u2019enthousiasme. C\u2019est en moi que s\u2019interpr\u00e8te&nbsp;ce que mes yeux ont vu, ce que mes oreilles ont entendu, ce que mon nez et ma peau ont per\u00e7u, ce que ma bouche a go\u00fbt\u00e9. Tout ce qui se trame hors de moi, je ne le connais pas, car je ne le per\u00e7ois pas. Et si je suis sensible \u00e0 ce que l\u2019autre vit, c\u2019est que je l\u2019\u00e9prouve \u00ab&nbsp;dans ma chair&nbsp;\u00bb par une mise en relation. Encore une fois, l\u2019exp\u00e9rience me traverse.<\/p>\n\n\n\n<p>L\u2019exp\u00e9rience est relationnelle. Elle met en relation et permet de saisir ce que l\u2019autre vit et d\u2019y compatir. Voir la tristesse de l\u2019autre m\u2019affecte. Le rire, tout comme la col\u00e8re de l\u2019autre, laisse des traces en moi. La r\u00e9alit\u00e9 humaine est ainsi faite&nbsp;: nous sommes continuellement travers\u00e9s! L\u2019exp\u00e9rience vivante agit en nos corps en laissant une multitude de traces de son passage&nbsp;: le vieillissement, la peur, la joie, les blessures physiques ou psychiques.<\/p>\n\n\n\n<p>Tout notre corps est le filtre de ces exp\u00e9riences et s\u2019en fait l\u2019interpr\u00e8te. Il s\u2019en raconte l\u2019histoire et parfois m\u00eame\u2026 se raconte des histoires!<\/p>\n\n\n\n<p>Cette fronti\u00e8re, faite de chair et de sang, n\u2019est ainsi pas parfaite. Si elle est lieu de lectures privil\u00e9gi\u00e9es, elle aussi le lieu de lectures trompeuses. Mon exp\u00e9rience n\u2019est pas celle de l\u2019autre. Qui peut savoir le \u00ab&nbsp;v\u00e9ritable&nbsp;\u00bb go\u00fbt de la tarte aux pommes? Toute pr\u00e9tention \u00e0 la v\u00e9rit\u00e9 est impossible et ne d\u00e9pend que d\u2019une diversit\u00e9 de points de vue qui, \u00e0 force d\u2019en parler, finit par dire quelque chose qui ressemble \u00e0 l\u2019exp\u00e9rience de cette saveur.<\/p>\n\n\n\n<p>L\u2019exercice p\u00e8lerin permet de renouer avec l\u2019acuit\u00e9 de cette exp\u00e9rience sensible, de s\u2019y faire attentif, ensemble, le temps d\u2019une marche. Par nos \u00e9changes, entre p\u00e8lerins et p\u00e8lerines, la vie parle. Observez comment l\u2019exp\u00e9rience vous traverse, comment elle se manifeste, comment elle vous met en relation, comment elle parle en vous et \u00e0 travers eux. Combien elle invite \u00e0 nommer ce qui se trame au passage. Combien elle \u00e9voque et r\u00e9veille des souvenirs enfouis. De cette attention vous apprendrez beaucoup sur vous-m\u00eame et tout un art de vivre se dessinera au fil de vos pas.<\/p>\n\n\n\n<p>Rien ne se joue hors de nous. Mais rien n\u2019est acquis! Tout se joue le temps d\u2019un passage, le temps d\u2019une travers\u00e9e&nbsp;: la travers\u00e9e de nos chairs sensibles et parlantes, us\u00e9es par l\u2019exp\u00e9rience.<\/p>\n\n\n\n<div class=\"wp-block-image\"><figure class=\"alignright size-full\"><img data-recalc-dims=\"1\" loading=\"lazy\" decoding=\"async\" width=\"100\" height=\"79\" data-attachment-id=\"3248\" data-permalink=\"https:\/\/bottesetvelo.com\/blog\/2018\/03\/30\/comme-un-grand-silence\/bottes-et-velo-embleme-3\/\" data-orig-file=\"https:\/\/i0.wp.com\/bottesetvelo.com\/blog\/wp-content\/uploads\/2018\/03\/Bottes-et-V%C3%A9lo-Embl%C3%AAme-1-e1522416719670.png?fit=100%2C79&amp;ssl=1\" data-orig-size=\"100,79\" data-comments-opened=\"1\" data-image-meta=\"{&quot;aperture&quot;:&quot;0&quot;,&quot;credit&quot;:&quot;&quot;,&quot;camera&quot;:&quot;&quot;,&quot;caption&quot;:&quot;&quot;,&quot;created_timestamp&quot;:&quot;0&quot;,&quot;copyright&quot;:&quot;&quot;,&quot;focal_length&quot;:&quot;0&quot;,&quot;iso&quot;:&quot;0&quot;,&quot;shutter_speed&quot;:&quot;0&quot;,&quot;title&quot;:&quot;&quot;,&quot;orientation&quot;:&quot;0&quot;}\" data-image-title=\"Bottes et V\u00e9lo &amp;#8211; Embl\u00eame\" data-image-description=\"\" data-image-caption=\"\" data-large-file=\"https:\/\/i0.wp.com\/bottesetvelo.com\/blog\/wp-content\/uploads\/2018\/03\/Bottes-et-V%C3%A9lo-Embl%C3%AAme-1-e1522416719670.png?fit=100%2C79&amp;ssl=1\" src=\"https:\/\/i0.wp.com\/bottesetvelo.com\/blog\/wp-content\/uploads\/2018\/03\/Bottes-et-V%C3%A9lo-Embl%C3%AAme-1-e1522416719670.png?resize=100%2C79&#038;ssl=1\" alt=\"\" class=\"wp-image-3248\"\/><\/figure><\/div>\n\n\n\n<p>\u00c9ric Lalibert\u00e9<\/p>\n","protected":false},"excerpt":{"rendered":"<p>Toujours entre la gauche et la droite, entre devant et derri\u00e8re, entre haut et bas, entre hier et demain, jamais dans l\u2019un ni dans l\u2019autre, toujours au centre, l\u2019humain tient dans un entre-deux fait d\u2019oppositions, de contradictions et de tiraillements. Il est lui-m\u00eame fronti\u00e8re. Or, si les fronti\u00e8res se traversent, \u00eatre fronti\u00e8re\u00a0: c\u2019est \u00eatre travers\u00e9!&hellip;<\/p>\n","protected":false},"author":3,"featured_media":4808,"comment_status":"open","ping_status":"open","sticky":false,"template":"","format":"standard","meta":{"jetpack_post_was_ever_published":false,"_jetpack_newsletter_access":"","_jetpack_dont_email_post_to_subs":false,"_jetpack_newsletter_tier_id":0,"_jetpack_memberships_contains_paywalled_content":false,"_jetpack_memberships_contains_paid_content":false,"footnotes":"","jetpack_publicize_message":"Humaines fronti\u00e8res\nL\u2019humain tient dans un entre-deux fait d\u2019oppositions, de contradictions et de tiraillements. Il est fronti\u00e8re. Or, si les fronti\u00e8res se traversent, \u00eatre fronti\u00e8re\u00a0: c\u2019est \u00eatre travers\u00e9!","jetpack_publicize_feature_enabled":true,"jetpack_social_post_already_shared":true,"jetpack_social_options":{"image_generator_settings":{"template":"highway","default_image_id":0,"font":"","enabled":false},"version":2}},"categories":[50,630],"tags":[399,695,702,701],"class_list":["post-4806","post","type-post","status-publish","format-standard","has-post-thumbnail","hentry","category-art-de-vivre","category-exercice-pelerin","tag-experience","tag-frontiere","tag-sensible","tag-traverser"],"jetpack_publicize_connections":[],"jetpack_featured_media_url":"https:\/\/i0.wp.com\/bottesetvelo.com\/blog\/wp-content\/uploads\/2022\/04\/pexels-james-wheeler-414523.jpg?fit=5880%2C3906&ssl=1","jetpack_shortlink":"https:\/\/wp.me\/p4eY6z-1fw","jetpack_sharing_enabled":true,"jetpack_likes_enabled":true,"jetpack-related-posts":[],"_links":{"self":[{"href":"https:\/\/bottesetvelo.com\/blog\/wp-json\/wp\/v2\/posts\/4806","targetHints":{"allow":["GET"]}}],"collection":[{"href":"https:\/\/bottesetvelo.com\/blog\/wp-json\/wp\/v2\/posts"}],"about":[{"href":"https:\/\/bottesetvelo.com\/blog\/wp-json\/wp\/v2\/types\/post"}],"author":[{"embeddable":true,"href":"https:\/\/bottesetvelo.com\/blog\/wp-json\/wp\/v2\/users\/3"}],"replies":[{"embeddable":true,"href":"https:\/\/bottesetvelo.com\/blog\/wp-json\/wp\/v2\/comments?post=4806"}],"version-history":[{"count":5,"href":"https:\/\/bottesetvelo.com\/blog\/wp-json\/wp\/v2\/posts\/4806\/revisions"}],"predecessor-version":[{"id":4819,"href":"https:\/\/bottesetvelo.com\/blog\/wp-json\/wp\/v2\/posts\/4806\/revisions\/4819"}],"wp:featuredmedia":[{"embeddable":true,"href":"https:\/\/bottesetvelo.com\/blog\/wp-json\/wp\/v2\/media\/4808"}],"wp:attachment":[{"href":"https:\/\/bottesetvelo.com\/blog\/wp-json\/wp\/v2\/media?parent=4806"}],"wp:term":[{"taxonomy":"category","embeddable":true,"href":"https:\/\/bottesetvelo.com\/blog\/wp-json\/wp\/v2\/categories?post=4806"},{"taxonomy":"post_tag","embeddable":true,"href":"https:\/\/bottesetvelo.com\/blog\/wp-json\/wp\/v2\/tags?post=4806"}],"curies":[{"name":"wp","href":"https:\/\/api.w.org\/{rel}","templated":true}]}}