{"id":4795,"date":"2022-04-08T12:31:49","date_gmt":"2022-04-08T16:31:49","guid":{"rendered":"https:\/\/bottesetvelo.com\/blog\/?p=4795"},"modified":"2022-04-08T12:31:49","modified_gmt":"2022-04-08T16:31:49","slug":"lire-en-marchant","status":"publish","type":"post","link":"https:\/\/bottesetvelo.com\/blog\/2022\/04\/08\/lire-en-marchant\/","title":{"rendered":"Lire en marchant"},"content":{"rendered":"\n<blockquote class=\"wp-block-quote is-layout-flow wp-block-quote-is-layout-flow\"><p>Lire, c&rsquo;est voyager ; voyager, c&rsquo;est lire. <\/p><cite>Victor Hugo<\/cite><\/blockquote>\n\n\n\n<p>Je suis p\u00e8lerine. Je suis cet \u00eatre qui voyage en traversant diff\u00e9rents univers, consciente de faire partie de ce grand tout. Plage ou for\u00eat, campagne ou grande ville, marais ou montagne, chaque d\u00e9cor m\u2019enveloppe et m\u2019habite. Je m\u2019attarde \u00e0 lire et m\u2019impr\u00e9gner de tout ce qui m\u2019entoure. Petite parcelle humaine dans l\u2019immensit\u00e9 du paysage, j\u2019avance \u00e0 pas de fourmi, cherchant \u00e0 entendre ce que la nature environnante me raconte. Dans ce dialogue inusit\u00e9, dans cette lecture intime, j\u2019apprends \u00e0 me connaitre et \u00e0 me reconnaitre \u00e0 travers ces mots silencieux. <\/p>\n\n\n\n<div class=\"wp-block-image\"><figure class=\"alignright size-large is-resized\"><img data-recalc-dims=\"1\" loading=\"lazy\" decoding=\"async\" data-attachment-id=\"4796\" data-permalink=\"https:\/\/bottesetvelo.com\/blog\/2022\/04\/08\/lire-en-marchant\/2014-07-28-10-31-00-5\/\" data-orig-file=\"https:\/\/i0.wp.com\/bottesetvelo.com\/blog\/wp-content\/uploads\/2022\/04\/2014-07-28-10.31.00.jpg?fit=2592%2C1936&amp;ssl=1\" data-orig-size=\"2592,1936\" data-comments-opened=\"1\" data-image-meta=\"{&quot;aperture&quot;:&quot;2.8&quot;,&quot;credit&quot;:&quot;&quot;,&quot;camera&quot;:&quot;iPhone 4&quot;,&quot;caption&quot;:&quot;&quot;,&quot;created_timestamp&quot;:&quot;1406543460&quot;,&quot;copyright&quot;:&quot;&quot;,&quot;focal_length&quot;:&quot;3.85&quot;,&quot;iso&quot;:&quot;80&quot;,&quot;shutter_speed&quot;:&quot;0.0018552875695733&quot;,&quot;title&quot;:&quot;&quot;,&quot;orientation&quot;:&quot;1&quot;}\" data-image-title=\"2014-07-28-10.31.00\" data-image-description=\"\" data-image-caption=\"\" data-large-file=\"https:\/\/i0.wp.com\/bottesetvelo.com\/blog\/wp-content\/uploads\/2022\/04\/2014-07-28-10.31.00.jpg?fit=1024%2C765&amp;ssl=1\" src=\"https:\/\/i0.wp.com\/bottesetvelo.com\/blog\/wp-content\/uploads\/2022\/04\/2014-07-28-10.31.00.jpg?resize=351%2C261&#038;ssl=1\" alt=\"\" class=\"wp-image-4796\" width=\"351\" height=\"261\" srcset=\"https:\/\/i0.wp.com\/bottesetvelo.com\/blog\/wp-content\/uploads\/2022\/04\/2014-07-28-10.31.00.jpg?resize=1024%2C765&amp;ssl=1 1024w, https:\/\/i0.wp.com\/bottesetvelo.com\/blog\/wp-content\/uploads\/2022\/04\/2014-07-28-10.31.00.jpg?resize=500%2C373&amp;ssl=1 500w, https:\/\/i0.wp.com\/bottesetvelo.com\/blog\/wp-content\/uploads\/2022\/04\/2014-07-28-10.31.00.jpg?resize=768%2C574&amp;ssl=1 768w, https:\/\/i0.wp.com\/bottesetvelo.com\/blog\/wp-content\/uploads\/2022\/04\/2014-07-28-10.31.00.jpg?resize=1536%2C1147&amp;ssl=1 1536w, https:\/\/i0.wp.com\/bottesetvelo.com\/blog\/wp-content\/uploads\/2022\/04\/2014-07-28-10.31.00.jpg?resize=2048%2C1530&amp;ssl=1 2048w, https:\/\/i0.wp.com\/bottesetvelo.com\/blog\/wp-content\/uploads\/2022\/04\/2014-07-28-10.31.00.jpg?resize=120%2C90&amp;ssl=1 120w, https:\/\/i0.wp.com\/bottesetvelo.com\/blog\/wp-content\/uploads\/2022\/04\/2014-07-28-10.31.00.jpg?w=2340&amp;ssl=1 2340w\" sizes=\"auto, (max-width: 351px) 100vw, 351px\" \/><\/figure><\/div>\n\n\n\n<p>Comme la rivi\u00e8re qui sillonne le paysage pour rejoindre l\u2019oc\u00e9an, j\u2019ai su tracer ma route. Comme elle, j\u2019ai fait des d\u00e9tours. Les obstacles qui se pr\u00e9sentaient \u00e0 moi, je les ai habilement contourn\u00e9s et d\u00e9pass\u00e9s pour aller vers mon but. Il m\u2019est arriv\u00e9, \u00e0 moi aussi, d\u2019user d\u2019ent\u00eatement, de pers\u00e9v\u00e9rer pour venir \u00e0 bout d\u2019une entrave, d\u2019une \u00e9preuve mise en travers de mon chemin. Avec le temps et la patience, j\u2019ai su lentement percer ma voie pour continuer d\u2019avancer vers ce qui m\u2019attire.<\/p>\n\n\n\n<p>Comme l\u2019arbre qui conserve dans son bois le passage du temps, mon corps porte les empreintes de ma vie. Des cicatrices me rappellent mes blessures, mes chutes, mes accidents. Mes douleurs chroniques parlent des affronts du climat que j\u2019ai d\u00fb contrer pour rester debout, des p\u00e9riodes de s\u00e9cheresse et de ces hivers rigoureux auxquels j\u2019ai surv\u00e9cu. Les rides qui ornent mon visage racontent les \u00e9motions qui m\u2019ont habit\u00e9es tout au long du chemin. Parfois rieuses, parfois s\u00e9v\u00e8res, parfois tristes, ces petites lignes dessinent mon histoire.<\/p>\n\n\n\n<div class=\"wp-block-image\"><figure class=\"alignright size-large is-resized\"><img data-recalc-dims=\"1\" loading=\"lazy\" decoding=\"async\" data-attachment-id=\"4798\" data-permalink=\"https:\/\/bottesetvelo.com\/blog\/2022\/04\/08\/lire-en-marchant\/20190901_123504-2\/\" data-orig-file=\"https:\/\/i0.wp.com\/bottesetvelo.com\/blog\/wp-content\/uploads\/2022\/04\/20190901_123504-1318x678.jpg?fit=1318%2C678&amp;ssl=1\" data-orig-size=\"1318,678\" data-comments-opened=\"1\" data-image-meta=\"{&quot;aperture&quot;:&quot;1.7&quot;,&quot;credit&quot;:&quot;&quot;,&quot;camera&quot;:&quot;SM-A530W&quot;,&quot;caption&quot;:&quot;&quot;,&quot;created_timestamp&quot;:&quot;1567341304&quot;,&quot;copyright&quot;:&quot;&quot;,&quot;focal_length&quot;:&quot;3.93&quot;,&quot;iso&quot;:&quot;40&quot;,&quot;shutter_speed&quot;:&quot;0.00022999080036799&quot;,&quot;title&quot;:&quot;&quot;,&quot;orientation&quot;:&quot;1&quot;}\" data-image-title=\"20190901_123504\" data-image-description=\"\" data-image-caption=\"\" data-large-file=\"https:\/\/i0.wp.com\/bottesetvelo.com\/blog\/wp-content\/uploads\/2022\/04\/20190901_123504-1318x678.jpg?fit=1024%2C527&amp;ssl=1\" src=\"https:\/\/i0.wp.com\/bottesetvelo.com\/blog\/wp-content\/uploads\/2022\/04\/20190901_123504.jpg?resize=351%2C180&#038;ssl=1\" alt=\"\" class=\"wp-image-4798\" width=\"351\" height=\"180\" srcset=\"https:\/\/i0.wp.com\/bottesetvelo.com\/blog\/wp-content\/uploads\/2022\/04\/20190901_123504-1318x678.jpg?resize=1024%2C527&amp;ssl=1 1024w, https:\/\/i0.wp.com\/bottesetvelo.com\/blog\/wp-content\/uploads\/2022\/04\/20190901_123504-1318x678.jpg?resize=500%2C257&amp;ssl=1 500w, https:\/\/i0.wp.com\/bottesetvelo.com\/blog\/wp-content\/uploads\/2022\/04\/20190901_123504-1318x678.jpg?resize=768%2C395&amp;ssl=1 768w, https:\/\/i0.wp.com\/bottesetvelo.com\/blog\/wp-content\/uploads\/2022\/04\/20190901_123504-1318x678.jpg?resize=1318%2C678&amp;ssl=1 1318w\" sizes=\"auto, (max-width: 351px) 100vw, 351px\" \/><\/figure><\/div>\n\n\n\n<p>Comme le vol des oies blanches en ce temps de migration, je suis un \u00eatre relationnel. Je les regarde passer au-dessus de moi et leur chant \u00e9veille en moi des souvenirs savoureux de travail en \u00e9quipe, d\u2019entraide entre voisins, de grandes retrouvailles en famille. Les oies \u00e9voquent l\u2019esprit de solidarit\u00e9, la force d\u2019une communaut\u00e9. Elles expriment le plaisir de se retrouver avec des personnes qui me ressemblent et qui partagent une m\u00eame vision de la vie. Comme elles, je suis une voyageuse. P\u00e8lerine, je recherche les joies de la vie communautaire.<\/p>\n\n\n\n<p>Comme cette averse qui vient de me surprendre en cette journ\u00e9e pourtant ensoleill\u00e9e, mon humeur est changeante et parfois impr\u00e9visible. Lorsque mes journ\u00e9es sont nuageuses, parfois je pleus un peu, pour lib\u00e9rer mon chagrin. Quand je suis stress\u00e9e, je peux passer en coup de vent! Je d\u00e9place de l\u2019air et fais tout revoler autour de moi. Et quand je suis heureuse, alors je suis rayonnante et chaleureuse. Mais attention! il m\u2019arrive de temp\u00eater, de gronder, de tonner! C\u2019est ma m\u00e9t\u00e9o int\u00e9rieure, celle que m\u00eame moi je ne peux pas toujours pr\u00e9dire avec pr\u00e9cision.<\/p>\n\n\n\n<div class=\"wp-block-image\"><figure class=\"alignright size-large is-resized\"><img data-recalc-dims=\"1\" loading=\"lazy\" decoding=\"async\" data-attachment-id=\"4800\" data-permalink=\"https:\/\/bottesetvelo.com\/blog\/2022\/04\/08\/lire-en-marchant\/2014-07-22-10-48-10-4\/\" data-orig-file=\"https:\/\/i0.wp.com\/bottesetvelo.com\/blog\/wp-content\/uploads\/2022\/04\/2014-07-22-10.48.10.jpg?fit=2710%2C1572&amp;ssl=1\" data-orig-size=\"2710,1572\" data-comments-opened=\"1\" data-image-meta=\"{&quot;aperture&quot;:&quot;2.6&quot;,&quot;credit&quot;:&quot;&quot;,&quot;camera&quot;:&quot;SGH-I747M&quot;,&quot;caption&quot;:&quot;&quot;,&quot;created_timestamp&quot;:&quot;1406026090&quot;,&quot;copyright&quot;:&quot;&quot;,&quot;focal_length&quot;:&quot;3.7&quot;,&quot;iso&quot;:&quot;50&quot;,&quot;shutter_speed&quot;:&quot;0.00038819875776398&quot;,&quot;title&quot;:&quot;&quot;,&quot;orientation&quot;:&quot;1&quot;}\" data-image-title=\"2014-07-22-10.48.10\" data-image-description=\"\" data-image-caption=\"\" data-large-file=\"https:\/\/i0.wp.com\/bottesetvelo.com\/blog\/wp-content\/uploads\/2022\/04\/2014-07-22-10.48.10.jpg?fit=1024%2C594&amp;ssl=1\" src=\"https:\/\/i0.wp.com\/bottesetvelo.com\/blog\/wp-content\/uploads\/2022\/04\/2014-07-22-10.48.10.jpg?resize=347%2C201&#038;ssl=1\" alt=\"\" class=\"wp-image-4800\" width=\"347\" height=\"201\" srcset=\"https:\/\/i0.wp.com\/bottesetvelo.com\/blog\/wp-content\/uploads\/2022\/04\/2014-07-22-10.48.10.jpg?resize=1024%2C594&amp;ssl=1 1024w, https:\/\/i0.wp.com\/bottesetvelo.com\/blog\/wp-content\/uploads\/2022\/04\/2014-07-22-10.48.10.jpg?resize=500%2C290&amp;ssl=1 500w, https:\/\/i0.wp.com\/bottesetvelo.com\/blog\/wp-content\/uploads\/2022\/04\/2014-07-22-10.48.10.jpg?resize=768%2C445&amp;ssl=1 768w, https:\/\/i0.wp.com\/bottesetvelo.com\/blog\/wp-content\/uploads\/2022\/04\/2014-07-22-10.48.10.jpg?resize=1536%2C891&amp;ssl=1 1536w, https:\/\/i0.wp.com\/bottesetvelo.com\/blog\/wp-content\/uploads\/2022\/04\/2014-07-22-10.48.10.jpg?resize=2048%2C1188&amp;ssl=1 2048w, https:\/\/i0.wp.com\/bottesetvelo.com\/blog\/wp-content\/uploads\/2022\/04\/2014-07-22-10.48.10.jpg?w=2340&amp;ssl=1 2340w\" sizes=\"auto, (max-width: 347px) 100vw, 347px\" \/><\/figure><\/div>\n\n\n\n<p>Comme cette belle maison ancestrale devant laquelle je suis pass\u00e9e dans le village, je dois penser \u00e0 prendre soin de moi. Ma vie est ma maison. Il y a toujours quelque chose \u00e0 r\u00e9parer ou r\u00e9nover pour qu\u2019il fasse bon y vivre. Changer la couleur de la peinture dans le salon. Red\u00e9finir et clarifier ma relation avec ma fille qui vient de quitter le nid familial. Changer la douche. Cesser de voir cette amie qui me draine beaucoup d\u2019\u00e9nergie. R\u00e9parer la goutti\u00e8re que l\u2019hiver a endommag\u00e9. Parler de mon horaire de travail avec mon patron. D\u00e9caper la galerie. Planifier une petite escapade dans la nature pour me sortir de la routine.<\/p>\n\n\n\n<p>Toutes ces lectures vont et viennent dans ma t\u00eate, agr\u00e9mentant ma marche de r\u00e9flexions parfois cocasses. P\u00e8leriner, pour moi, c\u2019est m\u2019offrir une source intarissable de belles histoires \u00e0 lire dont je suis \u00e0 la fois l\u2019auteure, l\u2019interpr\u00e8te et l\u2019h\u00e9ro\u00efne. Et vous, o\u00f9 va votre esprit quand vous marchez? Que lisez-vous en marchant?<\/p>\n\n\n\n<p>Brigitte Harouni<\/p>\n","protected":false},"excerpt":{"rendered":"<p>Lire, c&rsquo;est voyager ; voyager, c&rsquo;est lire. Victor Hugo Je suis p\u00e8lerine. Je suis cet \u00eatre qui voyage en traversant diff\u00e9rents univers, consciente de faire partie de ce grand tout. Plage ou for\u00eat, campagne ou grande ville, marais ou montagne, chaque d\u00e9cor m\u2019enveloppe et m\u2019habite. Je m\u2019attarde \u00e0 lire et m\u2019impr\u00e9gner de tout ce qui&hellip;<\/p>\n","protected":false},"author":2,"featured_media":4797,"comment_status":"open","ping_status":"open","sticky":false,"template":"","format":"standard","meta":{"jetpack_post_was_ever_published":false,"_jetpack_newsletter_access":"","_jetpack_dont_email_post_to_subs":false,"_jetpack_newsletter_tier_id":0,"_jetpack_memberships_contains_paywalled_content":false,"_jetpack_memberships_contains_paid_content":false,"footnotes":"","jetpack_publicize_message":"Lire en marchant\nJe suis p\u00e8lerine. Je suis cet \u00eatre qui voyage en traversant diff\u00e9rents univers, consciente de faire partie de ce grand tout. Plage ou for\u00eat, campagne ou grande ville, marais ou montagne, chaque d\u00e9cor m\u2019enveloppe et m\u2019habite.","jetpack_publicize_feature_enabled":true,"jetpack_social_post_already_shared":true,"jetpack_social_options":{"image_generator_settings":{"template":"highway","default_image_id":0,"font":"","enabled":false},"version":2}},"categories":[50,39,630],"tags":[114,102,619,549,700],"class_list":["post-4795","post","type-post","status-publish","format-standard","has-post-thumbnail","hentry","category-art-de-vivre","category-croissance-personnelle","category-exercice-pelerin","tag-chemin-de-vie","tag-connaissance-de-soi","tag-lire","tag-pelerinage-2","tag-voyager"],"jetpack_publicize_connections":[],"jetpack_featured_media_url":"https:\/\/i0.wp.com\/bottesetvelo.com\/blog\/wp-content\/uploads\/2022\/04\/2014-07-29-10.06.20.jpg?fit=3264%2C2448&ssl=1","jetpack_shortlink":"https:\/\/wp.me\/p4eY6z-1fl","jetpack_sharing_enabled":true,"jetpack_likes_enabled":true,"jetpack-related-posts":[],"_links":{"self":[{"href":"https:\/\/bottesetvelo.com\/blog\/wp-json\/wp\/v2\/posts\/4795","targetHints":{"allow":["GET"]}}],"collection":[{"href":"https:\/\/bottesetvelo.com\/blog\/wp-json\/wp\/v2\/posts"}],"about":[{"href":"https:\/\/bottesetvelo.com\/blog\/wp-json\/wp\/v2\/types\/post"}],"author":[{"embeddable":true,"href":"https:\/\/bottesetvelo.com\/blog\/wp-json\/wp\/v2\/users\/2"}],"replies":[{"embeddable":true,"href":"https:\/\/bottesetvelo.com\/blog\/wp-json\/wp\/v2\/comments?post=4795"}],"version-history":[{"count":3,"href":"https:\/\/bottesetvelo.com\/blog\/wp-json\/wp\/v2\/posts\/4795\/revisions"}],"predecessor-version":[{"id":4804,"href":"https:\/\/bottesetvelo.com\/blog\/wp-json\/wp\/v2\/posts\/4795\/revisions\/4804"}],"wp:featuredmedia":[{"embeddable":true,"href":"https:\/\/bottesetvelo.com\/blog\/wp-json\/wp\/v2\/media\/4797"}],"wp:attachment":[{"href":"https:\/\/bottesetvelo.com\/blog\/wp-json\/wp\/v2\/media?parent=4795"}],"wp:term":[{"taxonomy":"category","embeddable":true,"href":"https:\/\/bottesetvelo.com\/blog\/wp-json\/wp\/v2\/categories?post=4795"},{"taxonomy":"post_tag","embeddable":true,"href":"https:\/\/bottesetvelo.com\/blog\/wp-json\/wp\/v2\/tags?post=4795"}],"curies":[{"name":"wp","href":"https:\/\/api.w.org\/{rel}","templated":true}]}}