{"id":4779,"date":"2022-03-25T11:31:29","date_gmt":"2022-03-25T15:31:29","guid":{"rendered":"https:\/\/bottesetvelo.com\/blog\/?p=4779"},"modified":"2022-03-25T11:31:29","modified_gmt":"2022-03-25T15:31:29","slug":"avec-le-temps","status":"publish","type":"post","link":"https:\/\/bottesetvelo.com\/blog\/2022\/03\/25\/avec-le-temps\/","title":{"rendered":"Avec le temps&#8230;"},"content":{"rendered":"\n<div class=\"wp-block-image\"><figure class=\"alignright size-large is-resized\"><img data-recalc-dims=\"1\" loading=\"lazy\" decoding=\"async\" data-attachment-id=\"4780\" data-permalink=\"https:\/\/bottesetvelo.com\/blog\/2022\/03\/25\/avec-le-temps\/pexels-baskin-creative-studios-1480807\/\" data-orig-file=\"https:\/\/i0.wp.com\/bottesetvelo.com\/blog\/wp-content\/uploads\/2022\/03\/pexels-baskin-creative-studios-1480807.jpg?fit=5312%2C2988&amp;ssl=1\" data-orig-size=\"5312,2988\" data-comments-opened=\"1\" data-image-meta=\"{&quot;aperture&quot;:&quot;0&quot;,&quot;credit&quot;:&quot;&quot;,&quot;camera&quot;:&quot;&quot;,&quot;caption&quot;:&quot;&quot;,&quot;created_timestamp&quot;:&quot;0&quot;,&quot;copyright&quot;:&quot;&quot;,&quot;focal_length&quot;:&quot;0&quot;,&quot;iso&quot;:&quot;0&quot;,&quot;shutter_speed&quot;:&quot;0&quot;,&quot;title&quot;:&quot;&quot;,&quot;orientation&quot;:&quot;0&quot;}\" data-image-title=\"pexels-baskin-creative-studios-1480807\" data-image-description=\"\" data-image-caption=\"\" data-large-file=\"https:\/\/i0.wp.com\/bottesetvelo.com\/blog\/wp-content\/uploads\/2022\/03\/pexels-baskin-creative-studios-1480807.jpg?fit=1024%2C576&amp;ssl=1\" src=\"https:\/\/i0.wp.com\/bottesetvelo.com\/blog\/wp-content\/uploads\/2022\/03\/pexels-baskin-creative-studios-1480807.jpg?resize=350%2C196&#038;ssl=1\" alt=\"\" class=\"wp-image-4780\" width=\"350\" height=\"196\" srcset=\"https:\/\/i0.wp.com\/bottesetvelo.com\/blog\/wp-content\/uploads\/2022\/03\/pexels-baskin-creative-studios-1480807.jpg?resize=1024%2C576&amp;ssl=1 1024w, https:\/\/i0.wp.com\/bottesetvelo.com\/blog\/wp-content\/uploads\/2022\/03\/pexels-baskin-creative-studios-1480807.jpg?resize=500%2C281&amp;ssl=1 500w, https:\/\/i0.wp.com\/bottesetvelo.com\/blog\/wp-content\/uploads\/2022\/03\/pexels-baskin-creative-studios-1480807.jpg?resize=768%2C432&amp;ssl=1 768w, https:\/\/i0.wp.com\/bottesetvelo.com\/blog\/wp-content\/uploads\/2022\/03\/pexels-baskin-creative-studios-1480807.jpg?resize=1536%2C864&amp;ssl=1 1536w, https:\/\/i0.wp.com\/bottesetvelo.com\/blog\/wp-content\/uploads\/2022\/03\/pexels-baskin-creative-studios-1480807.jpg?resize=2048%2C1152&amp;ssl=1 2048w, https:\/\/i0.wp.com\/bottesetvelo.com\/blog\/wp-content\/uploads\/2022\/03\/pexels-baskin-creative-studios-1480807.jpg?resize=1140%2C641&amp;ssl=1 1140w, https:\/\/i0.wp.com\/bottesetvelo.com\/blog\/wp-content\/uploads\/2022\/03\/pexels-baskin-creative-studios-1480807.jpg?resize=540%2C304&amp;ssl=1 540w, https:\/\/i0.wp.com\/bottesetvelo.com\/blog\/wp-content\/uploads\/2022\/03\/pexels-baskin-creative-studios-1480807.jpg?w=2340&amp;ssl=1 2340w, https:\/\/i0.wp.com\/bottesetvelo.com\/blog\/wp-content\/uploads\/2022\/03\/pexels-baskin-creative-studios-1480807.jpg?w=3510&amp;ssl=1 3510w\" sizes=\"auto, (max-width: 350px) 100vw, 350px\" \/><\/figure><\/div>\n\n\n\n<p class=\"has-drop-cap\"><em>Avec le temps va, tout s\u2019en va<\/em>, chantait Ferr\u00e9e. Le temps fuit comme la rivi\u00e8re d\u00e9vale en cascade, comme le vent balaie la rue, comme la nature se renouvelle. L\u00e0 o\u00f9 s\u2019\u00e9tendait une mer \u00e0 perte de vue est aujourd\u2019hui un d\u00e9sert. Des fonds marins sont devenus des montagnes. Des cours d\u2019eau ont fa\u00e7onn\u00e9 des rochers. Le temps change la nature et agit de m\u00eame sur l\u2019humain. Les pr\u00e9occupations, les efforts, les peines, les joies d\u2019hier ne sont plus et ne reviendront plus, pas de la m\u00eame fa\u00e7on en tout cas. Ce qui passe est toujours alt\u00e9r\u00e9. Les modes de vie changent, les cultures sont transform\u00e9es, les rapports sociaux ne sont plus les m\u00eames. Avec le temps, tout passe!<\/p>\n\n\n\n<div class=\"wp-block-image\"><figure class=\"alignright size-large is-resized\"><img data-recalc-dims=\"1\" loading=\"lazy\" decoding=\"async\" data-attachment-id=\"4783\" data-permalink=\"https:\/\/bottesetvelo.com\/blog\/2022\/03\/25\/avec-le-temps\/farmhouse-2535919\/\" data-orig-file=\"https:\/\/i0.wp.com\/bottesetvelo.com\/blog\/wp-content\/uploads\/2022\/03\/farmhouse-2535919-1920x1280.jpg?fit=1920%2C1280&amp;ssl=1\" data-orig-size=\"1920,1280\" data-comments-opened=\"1\" data-image-meta=\"{&quot;aperture&quot;:&quot;0&quot;,&quot;credit&quot;:&quot;&quot;,&quot;camera&quot;:&quot;&quot;,&quot;caption&quot;:&quot;&quot;,&quot;created_timestamp&quot;:&quot;0&quot;,&quot;copyright&quot;:&quot;&quot;,&quot;focal_length&quot;:&quot;0&quot;,&quot;iso&quot;:&quot;0&quot;,&quot;shutter_speed&quot;:&quot;0&quot;,&quot;title&quot;:&quot;&quot;,&quot;orientation&quot;:&quot;0&quot;}\" data-image-title=\"farmhouse-2535919\" data-image-description=\"\" data-image-caption=\"\" data-large-file=\"https:\/\/i0.wp.com\/bottesetvelo.com\/blog\/wp-content\/uploads\/2022\/03\/farmhouse-2535919-1920x1280.jpg?fit=1024%2C683&amp;ssl=1\" src=\"https:\/\/i0.wp.com\/bottesetvelo.com\/blog\/wp-content\/uploads\/2022\/03\/farmhouse-2535919.jpg?resize=350%2C234&#038;ssl=1\" alt=\"\" class=\"wp-image-4783\" width=\"350\" height=\"234\" srcset=\"https:\/\/i0.wp.com\/bottesetvelo.com\/blog\/wp-content\/uploads\/2022\/03\/farmhouse-2535919-1920x1280.jpg?resize=1024%2C683&amp;ssl=1 1024w, https:\/\/i0.wp.com\/bottesetvelo.com\/blog\/wp-content\/uploads\/2022\/03\/farmhouse-2535919-1920x1280.jpg?resize=500%2C333&amp;ssl=1 500w, https:\/\/i0.wp.com\/bottesetvelo.com\/blog\/wp-content\/uploads\/2022\/03\/farmhouse-2535919-1920x1280.jpg?resize=768%2C512&amp;ssl=1 768w, https:\/\/i0.wp.com\/bottesetvelo.com\/blog\/wp-content\/uploads\/2022\/03\/farmhouse-2535919-1920x1280.jpg?resize=1536%2C1024&amp;ssl=1 1536w, https:\/\/i0.wp.com\/bottesetvelo.com\/blog\/wp-content\/uploads\/2022\/03\/farmhouse-2535919-1920x1280.jpg?resize=1920%2C1280&amp;ssl=1 1920w\" sizes=\"auto, (max-width: 350px) 100vw, 350px\" \/><\/figure><\/div>\n\n\n\n<p>La vie est le fruit du temps, en elle s\u2019inscrit son passage. Jamais fix\u00e9e, elle bouge, se transforme, se renouvelle. Les pratiques p\u00e8lerines contemporaines, celles qui \u00e9manent du mod\u00e8le Compostelle, rappellent ce mouvement en nous plongeant dans une spiritualit\u00e9 de la mobilit\u00e9 et de l\u2019impermanence. Elles nous rappellent l\u2019\u00e9ph\u00e9m\u00e8re de la vie, mais aussi sa durabilit\u00e9. Car, la vie n\u2019est durable que parce qu\u2019elle se transforme. C\u2019est notre compr\u00e9hension de l\u2019\u00e9ternit\u00e9 qui fait d\u00e9faut.<\/p>\n\n\n\n<p>L\u2019\u00e9ternit\u00e9 est trop souvent esp\u00e9r\u00e9e comme situation qui n\u2019en finira plus d\u2019un bonheur fixe, toujours pareil. Une telle perception est contraire \u00e0 tout mouvement vivant. Ce qui ne bouge plus, se meure ou est mort. L\u2019eau qui stagne. L\u2019arbre sec. Ce n\u2019est pas sans raison si ces tableaux, qui fixent des sc\u00e8nes de la vie courante, nomment ces sc\u00e8nes&nbsp;des \u00ab\u00a0natures mortes\u00a0\u00bb. Sur ces tableaux, quelque chose est pass\u00e9, il ne reste que des objets inanim\u00e9s. La photo de famille au mur du salon est de cet ordre et ne fait que rappeler que cela n\u2019est plus, que nous n\u2019en sommes plus l\u00e0.<\/p>\n\n\n\n<div class=\"wp-block-image\"><figure class=\"alignright size-large is-resized\"><img data-recalc-dims=\"1\" loading=\"lazy\" decoding=\"async\" data-attachment-id=\"4782\" data-permalink=\"https:\/\/bottesetvelo.com\/blog\/2022\/03\/25\/avec-le-temps\/locks-3229455\/\" data-orig-file=\"https:\/\/i0.wp.com\/bottesetvelo.com\/blog\/wp-content\/uploads\/2022\/03\/locks-3229455.jpg?fit=4272%2C2848&amp;ssl=1\" data-orig-size=\"4272,2848\" data-comments-opened=\"1\" data-image-meta=\"{&quot;aperture&quot;:&quot;5.6&quot;,&quot;credit&quot;:&quot;&quot;,&quot;camera&quot;:&quot;DSLR-A700&quot;,&quot;caption&quot;:&quot;&quot;,&quot;created_timestamp&quot;:&quot;0&quot;,&quot;copyright&quot;:&quot;&quot;,&quot;focal_length&quot;:&quot;100&quot;,&quot;iso&quot;:&quot;100&quot;,&quot;shutter_speed&quot;:&quot;0.008&quot;,&quot;title&quot;:&quot;&quot;,&quot;orientation&quot;:&quot;0&quot;}\" data-image-title=\"locks-3229455\" data-image-description=\"\" data-image-caption=\"\" data-large-file=\"https:\/\/i0.wp.com\/bottesetvelo.com\/blog\/wp-content\/uploads\/2022\/03\/locks-3229455.jpg?fit=1024%2C683&amp;ssl=1\" src=\"https:\/\/i0.wp.com\/bottesetvelo.com\/blog\/wp-content\/uploads\/2022\/03\/locks-3229455.jpg?resize=350%2C234&#038;ssl=1\" alt=\"\" class=\"wp-image-4782\" width=\"350\" height=\"234\" srcset=\"https:\/\/i0.wp.com\/bottesetvelo.com\/blog\/wp-content\/uploads\/2022\/03\/locks-3229455.jpg?resize=1024%2C683&amp;ssl=1 1024w, https:\/\/i0.wp.com\/bottesetvelo.com\/blog\/wp-content\/uploads\/2022\/03\/locks-3229455.jpg?resize=500%2C333&amp;ssl=1 500w, https:\/\/i0.wp.com\/bottesetvelo.com\/blog\/wp-content\/uploads\/2022\/03\/locks-3229455.jpg?resize=768%2C512&amp;ssl=1 768w, https:\/\/i0.wp.com\/bottesetvelo.com\/blog\/wp-content\/uploads\/2022\/03\/locks-3229455.jpg?resize=1536%2C1024&amp;ssl=1 1536w, https:\/\/i0.wp.com\/bottesetvelo.com\/blog\/wp-content\/uploads\/2022\/03\/locks-3229455.jpg?resize=2048%2C1365&amp;ssl=1 2048w, https:\/\/i0.wp.com\/bottesetvelo.com\/blog\/wp-content\/uploads\/2022\/03\/locks-3229455.jpg?w=2340&amp;ssl=1 2340w, https:\/\/i0.wp.com\/bottesetvelo.com\/blog\/wp-content\/uploads\/2022\/03\/locks-3229455.jpg?w=3510&amp;ssl=1 3510w\" sizes=\"auto, (max-width: 350px) 100vw, 350px\" \/><\/figure><\/div>\n\n\n\n<p>Tout l\u2019univers s\u2019anime sur un \u00e9lan originel, celui du Big Bang.<\/p>\n\n\n\n<p>L\u2019\u00e9ternit\u00e9 du temps, de l\u2019espace, de la vie s\u2019inscrit dans cet \u00e9lan qui propulse en avant, qui ne s\u2019attache pas, ne poss\u00e8de pas, n\u2019enferme pas, mais s\u2019attend au changement et \u00e0 la nouveaut\u00e9, et vit de ces transformations. La vie est faite de surprises sur lesquelles nous n\u2019avons aucun contr\u00f4le. Nous savons qu\u2019il va pleuvoir, mais nous ne savons pas quand. Nous savons que la pluie cessera, mais nous ne savons pas quand. Nous savons que la mort viendra, mais nous ne savons pas quand. C\u2019est cependant sur le d\u00e9s\u00e9quilibre provoqu\u00e9 par ces impr\u00e9vus du temps, par ce qui vient \u00e0 manquer et oblige \u00e0 passer, que la vie peut s\u2019\u00e9panouir et grandir. Pas de papillon sans que la chenille prenne fin! Aussi, est-ce sur l\u2019impermanence que se fabrique la joie \u00e0 partir de l\u2019esp\u00e9rance et de la confiance que nous mettons en ce qui est \u00e0 venir. L\u2019\u00e9ternit\u00e9 est faite d\u2019esp\u00e9rance.<\/p>\n\n\n\n<div class=\"wp-block-image\"><figure class=\"alignright size-large is-resized\"><img data-recalc-dims=\"1\" loading=\"lazy\" decoding=\"async\" data-attachment-id=\"4785\" data-permalink=\"https:\/\/bottesetvelo.com\/blog\/2022\/03\/25\/avec-le-temps\/sunset-3156176\/\" data-orig-file=\"https:\/\/i0.wp.com\/bottesetvelo.com\/blog\/wp-content\/uploads\/2022\/03\/sunset-3156176.jpg?fit=5180%2C3428&amp;ssl=1\" data-orig-size=\"5180,3428\" data-comments-opened=\"1\" data-image-meta=\"{&quot;aperture&quot;:&quot;0&quot;,&quot;credit&quot;:&quot;&quot;,&quot;camera&quot;:&quot;&quot;,&quot;caption&quot;:&quot;&quot;,&quot;created_timestamp&quot;:&quot;0&quot;,&quot;copyright&quot;:&quot;&quot;,&quot;focal_length&quot;:&quot;0&quot;,&quot;iso&quot;:&quot;0&quot;,&quot;shutter_speed&quot;:&quot;0&quot;,&quot;title&quot;:&quot;&quot;,&quot;orientation&quot;:&quot;0&quot;}\" data-image-title=\"sunset-3156176\" data-image-description=\"\" data-image-caption=\"\" data-large-file=\"https:\/\/i0.wp.com\/bottesetvelo.com\/blog\/wp-content\/uploads\/2022\/03\/sunset-3156176.jpg?fit=1024%2C678&amp;ssl=1\" src=\"https:\/\/i0.wp.com\/bottesetvelo.com\/blog\/wp-content\/uploads\/2022\/03\/sunset-3156176.jpg?resize=350%2C231&#038;ssl=1\" alt=\"\" class=\"wp-image-4785\" width=\"350\" height=\"231\" srcset=\"https:\/\/i0.wp.com\/bottesetvelo.com\/blog\/wp-content\/uploads\/2022\/03\/sunset-3156176.jpg?resize=1024%2C678&amp;ssl=1 1024w, https:\/\/i0.wp.com\/bottesetvelo.com\/blog\/wp-content\/uploads\/2022\/03\/sunset-3156176.jpg?resize=500%2C331&amp;ssl=1 500w, https:\/\/i0.wp.com\/bottesetvelo.com\/blog\/wp-content\/uploads\/2022\/03\/sunset-3156176.jpg?resize=768%2C508&amp;ssl=1 768w, https:\/\/i0.wp.com\/bottesetvelo.com\/blog\/wp-content\/uploads\/2022\/03\/sunset-3156176.jpg?resize=1536%2C1016&amp;ssl=1 1536w, https:\/\/i0.wp.com\/bottesetvelo.com\/blog\/wp-content\/uploads\/2022\/03\/sunset-3156176.jpg?resize=2048%2C1355&amp;ssl=1 2048w, https:\/\/i0.wp.com\/bottesetvelo.com\/blog\/wp-content\/uploads\/2022\/03\/sunset-3156176.jpg?w=2340&amp;ssl=1 2340w, https:\/\/i0.wp.com\/bottesetvelo.com\/blog\/wp-content\/uploads\/2022\/03\/sunset-3156176.jpg?w=3510&amp;ssl=1 3510w\" sizes=\"auto, (max-width: 350px) 100vw, 350px\" \/><\/figure><\/div>\n\n\n\n<p>P\u00e8leriner replace dans ce contexte d\u2019\u00e9ternit\u00e9 o\u00f9 le temps s\u2019\u00e9coule librement et dans lequel j\u2019avance en apprenant la joie de ce qui passe et ne revient plus. Lors de tous ces voyages qui deviennent p\u00e8lerinages, l\u2019impermanence exp\u00e9riment\u00e9e permet de go\u00fbter, avec intensit\u00e9, cet espace vital qui refuse d\u2019\u00eatre fix\u00e9e dans un temps qui r\u00e9duit la vie \u00e0 un seul instant. Pour vivre pleinement, le \u00ab\u00a0Je suis\u00a0\u00bb qui est inscrit en chacun de nous est appel\u00e9 \u00e0 se transformer continuellement. Mourir un peu plus chaque jour, c\u2019est vivre. Y r\u00e9sister, voil\u00e0 ce qui est mortel! <\/p>\n\n\n\n<div class=\"wp-block-image\"><figure class=\"alignright size-full\"><img data-recalc-dims=\"1\" loading=\"lazy\" decoding=\"async\" width=\"100\" height=\"79\" data-attachment-id=\"3180\" data-permalink=\"https:\/\/bottesetvelo.com\/blog\/2018\/01\/26\/sortir-de-la-confusion\/bottes-et-velo-embleme-transparent\/\" data-orig-file=\"https:\/\/i0.wp.com\/bottesetvelo.com\/blog\/wp-content\/uploads\/2018\/01\/Bottes-et-V%C3%A9lo-Embl%C3%AAme-transparent-e1522417779346.png?fit=100%2C79&amp;ssl=1\" data-orig-size=\"100,79\" data-comments-opened=\"1\" data-image-meta=\"{&quot;aperture&quot;:&quot;0&quot;,&quot;credit&quot;:&quot;&quot;,&quot;camera&quot;:&quot;&quot;,&quot;caption&quot;:&quot;&quot;,&quot;created_timestamp&quot;:&quot;0&quot;,&quot;copyright&quot;:&quot;&quot;,&quot;focal_length&quot;:&quot;0&quot;,&quot;iso&quot;:&quot;0&quot;,&quot;shutter_speed&quot;:&quot;0&quot;,&quot;title&quot;:&quot;&quot;,&quot;orientation&quot;:&quot;0&quot;}\" data-image-title=\"Bottes et V\u00e9lo &amp;#8211; Embl\u00eame &amp;#8211; transparent\" data-image-description=\"\" data-image-caption=\"\" data-large-file=\"https:\/\/i0.wp.com\/bottesetvelo.com\/blog\/wp-content\/uploads\/2018\/01\/Bottes-et-V%C3%A9lo-Embl%C3%AAme-transparent-e1522417779346.png?fit=100%2C79&amp;ssl=1\" src=\"https:\/\/i0.wp.com\/bottesetvelo.com\/blog\/wp-content\/uploads\/2018\/01\/Bottes-et-V%C3%A9lo-Embl%C3%AAme-transparent-e1522417779346.png?resize=100%2C79&#038;ssl=1\" alt=\"\" class=\"wp-image-3180\"\/><\/figure><\/div>\n\n\n\n<p>\u00c9ric Lalibert\u00e9<\/p>\n","protected":false},"excerpt":{"rendered":"<p>Avec le temps va, tout s\u2019en va, chantait Ferr\u00e9e. Le temps fuit comme la rivi\u00e8re d\u00e9vale en cascade, comme le vent balaie la rue, comme la nature se renouvelle. L\u00e0 o\u00f9 s\u2019\u00e9tendait une mer \u00e0 perte de vue est aujourd\u2019hui un d\u00e9sert. Des fonds marins sont devenus des montagnes. Des cours d\u2019eau ont fa\u00e7onn\u00e9 des&hellip;<\/p>\n","protected":false},"author":3,"featured_media":4784,"comment_status":"open","ping_status":"open","sticky":false,"template":"","format":"standard","meta":{"jetpack_post_was_ever_published":false,"_jetpack_newsletter_access":"","_jetpack_dont_email_post_to_subs":false,"_jetpack_newsletter_tier_id":0,"_jetpack_memberships_contains_paywalled_content":false,"_jetpack_memberships_contains_paid_content":false,"footnotes":"","jetpack_publicize_message":"Avec le temps...\nLa vie est le fruit du temps, en elle s\u2019inscrit son passage. Jamais fix\u00e9e, elle bouge, se transforme, se renouvelle. C\u2019est notre compr\u00e9hension de l\u2019\u00e9ternit\u00e9 qui fait d\u00e9faut.","jetpack_publicize_feature_enabled":true,"jetpack_social_post_already_shared":true,"jetpack_social_options":{"image_generator_settings":{"template":"highway","default_image_id":0,"font":"","enabled":false},"version":2}},"categories":[50,37],"tags":[169,699,14,225,304,336],"class_list":["post-4779","post","type-post","status-publish","format-standard","has-post-thumbnail","hentry","category-art-de-vivre","category-spiritualite-2","tag-changement","tag-eternite","tag-marche","tag-mouvement","tag-temps","tag-transformation"],"jetpack_publicize_connections":[],"jetpack_featured_media_url":"https:\/\/i0.wp.com\/bottesetvelo.com\/blog\/wp-content\/uploads\/2022\/03\/vintage-1950s-887272.jpg?fit=5760%2C3840&ssl=1","jetpack_shortlink":"https:\/\/wp.me\/p4eY6z-1f5","jetpack_sharing_enabled":true,"jetpack_likes_enabled":true,"jetpack-related-posts":[],"_links":{"self":[{"href":"https:\/\/bottesetvelo.com\/blog\/wp-json\/wp\/v2\/posts\/4779","targetHints":{"allow":["GET"]}}],"collection":[{"href":"https:\/\/bottesetvelo.com\/blog\/wp-json\/wp\/v2\/posts"}],"about":[{"href":"https:\/\/bottesetvelo.com\/blog\/wp-json\/wp\/v2\/types\/post"}],"author":[{"embeddable":true,"href":"https:\/\/bottesetvelo.com\/blog\/wp-json\/wp\/v2\/users\/3"}],"replies":[{"embeddable":true,"href":"https:\/\/bottesetvelo.com\/blog\/wp-json\/wp\/v2\/comments?post=4779"}],"version-history":[{"count":3,"href":"https:\/\/bottesetvelo.com\/blog\/wp-json\/wp\/v2\/posts\/4779\/revisions"}],"predecessor-version":[{"id":4789,"href":"https:\/\/bottesetvelo.com\/blog\/wp-json\/wp\/v2\/posts\/4779\/revisions\/4789"}],"wp:featuredmedia":[{"embeddable":true,"href":"https:\/\/bottesetvelo.com\/blog\/wp-json\/wp\/v2\/media\/4784"}],"wp:attachment":[{"href":"https:\/\/bottesetvelo.com\/blog\/wp-json\/wp\/v2\/media?parent=4779"}],"wp:term":[{"taxonomy":"category","embeddable":true,"href":"https:\/\/bottesetvelo.com\/blog\/wp-json\/wp\/v2\/categories?post=4779"},{"taxonomy":"post_tag","embeddable":true,"href":"https:\/\/bottesetvelo.com\/blog\/wp-json\/wp\/v2\/tags?post=4779"}],"curies":[{"name":"wp","href":"https:\/\/api.w.org\/{rel}","templated":true}]}}