{"id":4773,"date":"2022-03-11T12:05:51","date_gmt":"2022-03-11T17:05:51","guid":{"rendered":"https:\/\/bottesetvelo.com\/blog\/?p=4773"},"modified":"2022-03-11T12:05:51","modified_gmt":"2022-03-11T17:05:51","slug":"les-frontieres-de-mon-espace","status":"publish","type":"post","link":"https:\/\/bottesetvelo.com\/blog\/2022\/03\/11\/les-frontieres-de-mon-espace\/","title":{"rendered":"Les fronti\u00e8res de mon espace"},"content":{"rendered":"\n<blockquote class=\"wp-block-quote is-layout-flow wp-block-quote-is-layout-flow\"><p>L&rsquo;homme n&rsquo;aurait jamais d\u00fb devenir s\u00e9dentaire, il aurait d\u00fb rester nomade, ainsi il n&rsquo;y aurait pas de fronti\u00e8res. <\/p><cite>\u00c9ric-Emmanuel Schmitt<\/cite><\/blockquote>\n\n\n\n<div class=\"wp-block-image\"><figure class=\"alignright size-large is-resized\"><img data-recalc-dims=\"1\" loading=\"lazy\" decoding=\"async\" data-attachment-id=\"4774\" data-permalink=\"https:\/\/bottesetvelo.com\/blog\/2022\/03\/11\/les-frontieres-de-mon-espace\/sunset-g8bcc03569_1920\/\" data-orig-file=\"https:\/\/i0.wp.com\/bottesetvelo.com\/blog\/wp-content\/uploads\/2022\/03\/sunset-g8bcc03569_1920-1920x1080.jpg?fit=1920%2C1080&amp;ssl=1\" data-orig-size=\"1920,1080\" data-comments-opened=\"1\" data-image-meta=\"{&quot;aperture&quot;:&quot;8&quot;,&quot;credit&quot;:&quot;&quot;,&quot;camera&quot;:&quot;Canon EOS 6D Mark II&quot;,&quot;caption&quot;:&quot;&quot;,&quot;created_timestamp&quot;:&quot;0&quot;,&quot;copyright&quot;:&quot;&quot;,&quot;focal_length&quot;:&quot;80&quot;,&quot;iso&quot;:&quot;160&quot;,&quot;shutter_speed&quot;:&quot;0.005&quot;,&quot;title&quot;:&quot;&quot;,&quot;orientation&quot;:&quot;0&quot;}\" data-image-title=\"sunset-g8bcc03569_1920\" data-image-description=\"\" data-image-caption=\"\" data-large-file=\"https:\/\/i0.wp.com\/bottesetvelo.com\/blog\/wp-content\/uploads\/2022\/03\/sunset-g8bcc03569_1920-1920x1080.jpg?fit=1024%2C576&amp;ssl=1\" src=\"https:\/\/i0.wp.com\/bottesetvelo.com\/blog\/wp-content\/uploads\/2022\/03\/sunset-g8bcc03569_1920.jpg?resize=355%2C199&#038;ssl=1\" alt=\"\" class=\"wp-image-4774\" width=\"355\" height=\"199\" srcset=\"https:\/\/i0.wp.com\/bottesetvelo.com\/blog\/wp-content\/uploads\/2022\/03\/sunset-g8bcc03569_1920-1920x1080.jpg?resize=1024%2C576&amp;ssl=1 1024w, https:\/\/i0.wp.com\/bottesetvelo.com\/blog\/wp-content\/uploads\/2022\/03\/sunset-g8bcc03569_1920-1920x1080.jpg?resize=500%2C281&amp;ssl=1 500w, https:\/\/i0.wp.com\/bottesetvelo.com\/blog\/wp-content\/uploads\/2022\/03\/sunset-g8bcc03569_1920-1920x1080.jpg?resize=768%2C432&amp;ssl=1 768w, https:\/\/i0.wp.com\/bottesetvelo.com\/blog\/wp-content\/uploads\/2022\/03\/sunset-g8bcc03569_1920-1920x1080.jpg?resize=1536%2C864&amp;ssl=1 1536w, https:\/\/i0.wp.com\/bottesetvelo.com\/blog\/wp-content\/uploads\/2022\/03\/sunset-g8bcc03569_1920-1920x1080.jpg?resize=1140%2C641&amp;ssl=1 1140w, https:\/\/i0.wp.com\/bottesetvelo.com\/blog\/wp-content\/uploads\/2022\/03\/sunset-g8bcc03569_1920-1920x1080.jpg?resize=540%2C304&amp;ssl=1 540w, https:\/\/i0.wp.com\/bottesetvelo.com\/blog\/wp-content\/uploads\/2022\/03\/sunset-g8bcc03569_1920-1920x1080.jpg?resize=1920%2C1080&amp;ssl=1 1920w\" sizes=\"auto, (max-width: 355px) 100vw, 355px\" \/><\/figure><\/div>\n\n\n\n<p>La fronti\u00e8re est cette ligne imaginaire, trac\u00e9e par l\u2019homme, pour d\u00e9finir son territoire. D\u00e9coulant d\u2019un comportement territorial, originellement, elle vient enceindre l\u2019espace jug\u00e9 vital \u00e0 la survie. \u00c0 travers les temps, l\u2019homme a construit des murs, des cl\u00f4tures, des foss\u00e9s pour d\u00e9limiter et d\u00e9fendre un lieu qu\u2019il d\u00e9sirait poss\u00e9der pour s\u2019assurer d\u2019une qualit\u00e9 de vie. Ce lieu r\u00e9pondait \u00e0 ses besoins de base&nbsp;: se nourrir, se loger, et se sentir en s\u00e9curit\u00e9. &nbsp;<\/p>\n\n\n\n<p>Ainsi, \u00e0 prime abord, une fronti\u00e8re, telle un barrage, est une limite qui s\u00e9pare et isole. Mais quand on y regarde de plus pr\u00e8s, cette ligne de d\u00e9marcation permet d\u2019\u00e9tablir une distinction entre deux parties, deux univers, deux entit\u00e9s qui se veulent ind\u00e9pendantes car diff\u00e9rentes. Elle permet ainsi \u00e0 chacun de mieux vivre la cohabitation avec les autres. C\u2019est la porte de chambre de l\u2019adolescent, la vitre de l\u2019aquarium, le comptoir de service du pharmacien, du boucher ou de l\u2019\u00e9picier.<\/p>\n\n\n\n<div class=\"wp-block-image\"><figure class=\"alignright size-large is-resized\"><img data-recalc-dims=\"1\" loading=\"lazy\" decoding=\"async\" data-attachment-id=\"4775\" data-permalink=\"https:\/\/bottesetvelo.com\/blog\/2022\/03\/11\/les-frontieres-de-mon-espace\/freedom-g2e7bd2ad1_1920\/\" data-orig-file=\"https:\/\/i0.wp.com\/bottesetvelo.com\/blog\/wp-content\/uploads\/2022\/03\/freedom-g2e7bd2ad1_1920-1920x1280.jpg?fit=1920%2C1280&amp;ssl=1\" data-orig-size=\"1920,1280\" data-comments-opened=\"1\" data-image-meta=\"{&quot;aperture&quot;:&quot;0&quot;,&quot;credit&quot;:&quot;&quot;,&quot;camera&quot;:&quot;&quot;,&quot;caption&quot;:&quot;&quot;,&quot;created_timestamp&quot;:&quot;0&quot;,&quot;copyright&quot;:&quot;&quot;,&quot;focal_length&quot;:&quot;0&quot;,&quot;iso&quot;:&quot;0&quot;,&quot;shutter_speed&quot;:&quot;0&quot;,&quot;title&quot;:&quot;&quot;,&quot;orientation&quot;:&quot;0&quot;}\" data-image-title=\"freedom-g2e7bd2ad1_1920\" data-image-description=\"\" data-image-caption=\"\" data-large-file=\"https:\/\/i0.wp.com\/bottesetvelo.com\/blog\/wp-content\/uploads\/2022\/03\/freedom-g2e7bd2ad1_1920-1920x1280.jpg?fit=1024%2C683&amp;ssl=1\" src=\"https:\/\/i0.wp.com\/bottesetvelo.com\/blog\/wp-content\/uploads\/2022\/03\/freedom-g2e7bd2ad1_1920.jpg?resize=328%2C219&#038;ssl=1\" alt=\"\" class=\"wp-image-4775\" width=\"328\" height=\"219\" srcset=\"https:\/\/i0.wp.com\/bottesetvelo.com\/blog\/wp-content\/uploads\/2022\/03\/freedom-g2e7bd2ad1_1920-1920x1280.jpg?resize=1024%2C683&amp;ssl=1 1024w, https:\/\/i0.wp.com\/bottesetvelo.com\/blog\/wp-content\/uploads\/2022\/03\/freedom-g2e7bd2ad1_1920-1920x1280.jpg?resize=500%2C333&amp;ssl=1 500w, https:\/\/i0.wp.com\/bottesetvelo.com\/blog\/wp-content\/uploads\/2022\/03\/freedom-g2e7bd2ad1_1920-1920x1280.jpg?resize=768%2C512&amp;ssl=1 768w, https:\/\/i0.wp.com\/bottesetvelo.com\/blog\/wp-content\/uploads\/2022\/03\/freedom-g2e7bd2ad1_1920-1920x1280.jpg?resize=1536%2C1024&amp;ssl=1 1536w, https:\/\/i0.wp.com\/bottesetvelo.com\/blog\/wp-content\/uploads\/2022\/03\/freedom-g2e7bd2ad1_1920-1920x1280.jpg?resize=1920%2C1280&amp;ssl=1 1920w\" sizes=\"auto, (max-width: 328px) 100vw, 328px\" \/><\/figure><\/div>\n\n\n\n<p>En tant qu\u2019individu, j\u2019ai \u00e9galement mes propres fronti\u00e8res. Elles viennent d\u00e9limiter mon espace personnel, ma bulle! Cette bulle est le lieu d\u2019actualisation et d\u2019affirmation de la personne unique que je suis. On parlera ici de territorialit\u00e9 non seulement essentielle mais aussi existentielle, car j\u2019ai besoin de cet espace pour me sentir en \u00e9quilibre physiquement et psychiquement.<\/p>\n\n\n\n<p>Cet espace priv\u00e9 a des fronti\u00e8res souples qui varient selon les individus, les lieux, les situations et les temps de ma vie. Mais quelle que soit la taille de ma bulle ou sa perm\u00e9abilit\u00e9, il importe que je sache en reconnaitre les fronti\u00e8res. Plus la fronti\u00e8re est clairement ressentie, plus les relations se vivent bien. Je suis alors capable de bien m\u2019entourer. Une s\u00e9lection s\u2019effectue presque naturellement, car \u00e0 l\u2019int\u00e9rieur d\u2019une fronti\u00e8re se regroupent des \u00e9l\u00e9ments qui se compl\u00e8tent et s\u2019amalgament ais\u00e9ment. La fronti\u00e8re divise pour mieux relier.<\/p>\n\n\n\n<div class=\"wp-block-image\"><figure class=\"alignright size-large is-resized\"><img data-recalc-dims=\"1\" loading=\"lazy\" decoding=\"async\" data-attachment-id=\"4776\" data-permalink=\"https:\/\/bottesetvelo.com\/blog\/2022\/03\/11\/les-frontieres-de-mon-espace\/cache\/\" data-orig-file=\"https:\/\/i0.wp.com\/bottesetvelo.com\/blog\/wp-content\/uploads\/2022\/03\/cache-1066x1040.jpg?fit=1066%2C1040&amp;ssl=1\" data-orig-size=\"1066,1040\" data-comments-opened=\"1\" data-image-meta=\"{&quot;aperture&quot;:&quot;0&quot;,&quot;credit&quot;:&quot;&quot;,&quot;camera&quot;:&quot;&quot;,&quot;caption&quot;:&quot;&quot;,&quot;created_timestamp&quot;:&quot;0&quot;,&quot;copyright&quot;:&quot;&quot;,&quot;focal_length&quot;:&quot;0&quot;,&quot;iso&quot;:&quot;0&quot;,&quot;shutter_speed&quot;:&quot;0&quot;,&quot;title&quot;:&quot;&quot;,&quot;orientation&quot;:&quot;0&quot;}\" data-image-title=\"cache\" data-image-description=\"\" data-image-caption=\"\" data-large-file=\"https:\/\/i0.wp.com\/bottesetvelo.com\/blog\/wp-content\/uploads\/2022\/03\/cache-1066x1040.jpg?fit=1024%2C999&amp;ssl=1\" src=\"https:\/\/i0.wp.com\/bottesetvelo.com\/blog\/wp-content\/uploads\/2022\/03\/cache.jpg?resize=359%2C350&#038;ssl=1\" alt=\"\" class=\"wp-image-4776\" width=\"359\" height=\"350\" srcset=\"https:\/\/i0.wp.com\/bottesetvelo.com\/blog\/wp-content\/uploads\/2022\/03\/cache-1066x1040.jpg?resize=1024%2C999&amp;ssl=1 1024w, https:\/\/i0.wp.com\/bottesetvelo.com\/blog\/wp-content\/uploads\/2022\/03\/cache-1066x1040.jpg?resize=500%2C488&amp;ssl=1 500w, https:\/\/i0.wp.com\/bottesetvelo.com\/blog\/wp-content\/uploads\/2022\/03\/cache-1066x1040.jpg?resize=768%2C749&amp;ssl=1 768w, https:\/\/i0.wp.com\/bottesetvelo.com\/blog\/wp-content\/uploads\/2022\/03\/cache-1066x1040.jpg?resize=1066%2C1040&amp;ssl=1 1066w\" sizes=\"auto, (max-width: 359px) 100vw, 359px\" \/><\/figure><\/div>\n\n\n\n<p>Lorsque la fronti\u00e8re de la bulle n\u2019est pas bien per\u00e7ue, il y a risque de d\u00e9bordement ou d\u2019envahissement. Si je ne prends pas ma place, que je ne sais pas faire respecter les limites de ma bulle, on va me marcher sur les pieds. C\u2019est dire combien l\u2019intrusion est marqu\u00e9e! Je me sens alors \u00e9touff\u00e9e, envahie, \u00e9cras\u00e9e. Je manque de place, de libert\u00e9 de mouvement. Je d\u00e9sire retrouver mon autonomie&nbsp;: le calme de ma bulle. Et lorsqu\u2019au contraire j\u2019exc\u00e8de les limites de ma bulle, j\u2019outrepasse ma zone personnelle d\u2019intervention, alors automatiquement je d\u00e9borde dans celle d\u2019un autre. Je ne vous apprends rien en vous disant que la libert\u00e9 des uns s&rsquo;arr\u00eate l\u00e0 o\u00f9 commence celle des autres. Alors en exc\u00e9dant mes fronti\u00e8res, je deviens envahisseur, envahissant. Je prends trop de place! La fronti\u00e8re de ma bulle est cette articulation qui vient \u00e9tablir la qualit\u00e9 de mes rapports sociaux, de mes liens avec ce qui m\u2019entoure.<\/p>\n\n\n\n<p>En p\u00e8lerinage, tout comme dans le quotidien de nos vies, on observe r\u00e9guli\u00e8rement des comportements d\u2019exc\u00e8s. Certaines personnes parlent trop, ou trop fort. Elles monopolisent la salle de bain, choisissent et r\u00e9servent le lit qui leur convient, occupent plusieurs espaces de rangement, donnent des directives aux autres. Mais celui qui s\u2019impose, souvent sans avoir conscience d\u2019\u00eatre oppressant ou agressant, agit ainsi parce que l\u2019espace est disponible. Bien \u00e9videmment, on remarque peu celui qui ne prend pas sa place, puisqu\u2019il ne s\u2019affirme pas, n\u2019exprime pas sa limite. C\u2019est ainsi qu\u2019il autorise involontairement l\u2019autre \u00e0 entrer dans son espace priv\u00e9. Mais attention, on n\u2019est jamais tout l\u2019un ou tout l\u2019autre. Il y a fort \u00e0 penser que l\u2019envahisseur est parfois aussi envahi. Et qu\u2019inversement, celui qui ne prend pas sa place dans certains contextes, d\u00e9borde et empi\u00e8te sur le territoire d\u2019un autre dans une situation diff\u00e9rente.<\/p>\n\n\n\n<p>Quelle que soit ma posture, je m\u2019exerce pour y demeurer attentive afin de tendre aussi souvent que possible vers cet \u00e9quilibre qui est favorable au plus grand nombre. Car pour m\u2019\u00e9panouir, j\u2019ai besoin de me distinguer en prenant \u00ab&nbsp;ma juste place&nbsp;\u00bb. Comme le danseur a besoin d\u2019espace pour s\u2019\u00e9lancer librement, comme le peintre a besoin d\u2019une toile vierge pour cr\u00e9er, comme l\u2019\u00e9crivain a besoin d\u2019une page blanche pour \u00e9crire, j\u2019ai besoin de ma bulle pour me r\u00e9aliser pleinement.<\/p>\n\n\n\n<div class=\"wp-block-image\"><figure class=\"alignright size-full is-resized\"><img data-recalc-dims=\"1\" loading=\"lazy\" decoding=\"async\" data-attachment-id=\"4389\" data-permalink=\"https:\/\/bottesetvelo.com\/blog\/2021\/03\/15\/marcher-parler-ecouter-lexercice-pelerin\/bottes-et-velo-embleme-2\/\" data-orig-file=\"https:\/\/i0.wp.com\/bottesetvelo.com\/blog\/wp-content\/uploads\/2021\/03\/Bottes-et-Velo-Embleme.jpg?fit=398%2C314&amp;ssl=1\" data-orig-size=\"398,314\" data-comments-opened=\"1\" data-image-meta=\"{&quot;aperture&quot;:&quot;0&quot;,&quot;credit&quot;:&quot;&quot;,&quot;camera&quot;:&quot;&quot;,&quot;caption&quot;:&quot;&quot;,&quot;created_timestamp&quot;:&quot;0&quot;,&quot;copyright&quot;:&quot;&quot;,&quot;focal_length&quot;:&quot;0&quot;,&quot;iso&quot;:&quot;0&quot;,&quot;shutter_speed&quot;:&quot;0&quot;,&quot;title&quot;:&quot;&quot;,&quot;orientation&quot;:&quot;0&quot;}\" data-image-title=\"Bottes et V\u00e9lo &amp;#8211; Embl\u00eame\" data-image-description=\"\" data-image-caption=\"\" data-large-file=\"https:\/\/i0.wp.com\/bottesetvelo.com\/blog\/wp-content\/uploads\/2021\/03\/Bottes-et-Velo-Embleme.jpg?fit=398%2C314&amp;ssl=1\" src=\"https:\/\/i0.wp.com\/bottesetvelo.com\/blog\/wp-content\/uploads\/2021\/03\/Bottes-et-Velo-Embleme.jpg?resize=70%2C55&#038;ssl=1\" alt=\"\" class=\"wp-image-4389\" width=\"70\" height=\"55\"\/><\/figure><\/div>\n\n\n\n<p>Brigitte Harouni<\/p>\n","protected":false},"excerpt":{"rendered":"<p>L&rsquo;homme n&rsquo;aurait jamais d\u00fb devenir s\u00e9dentaire, il aurait d\u00fb rester nomade, ainsi il n&rsquo;y aurait pas de fronti\u00e8res. \u00c9ric-Emmanuel Schmitt La fronti\u00e8re est cette ligne imaginaire, trac\u00e9e par l\u2019homme, pour d\u00e9finir son territoire. D\u00e9coulant d\u2019un comportement territorial, originellement, elle vient enceindre l\u2019espace jug\u00e9 vital \u00e0 la survie. \u00c0 travers les temps, l\u2019homme a construit des&hellip;<\/p>\n","protected":false},"author":2,"featured_media":4775,"comment_status":"open","ping_status":"open","sticky":false,"template":"","format":"standard","meta":{"jetpack_post_was_ever_published":false,"_jetpack_newsletter_access":"","_jetpack_dont_email_post_to_subs":false,"_jetpack_newsletter_tier_id":0,"_jetpack_memberships_contains_paywalled_content":false,"_jetpack_memberships_contains_paid_content":false,"footnotes":"","jetpack_publicize_message":"Les fronti\u00e8res de mon espace.\n\u00c0 prime abord, une fronti\u00e8re est une limite qui s\u00e9pare et isole. Mais quand on y regarde de plus pr\u00e8s, cette ligne de d\u00e9marcation permet d\u2019\u00e9tablir une distinction entre deux parties, deux univers, deux entit\u00e9s diff\u00e9rentes.","jetpack_publicize_feature_enabled":true,"jetpack_social_post_already_shared":true,"jetpack_social_options":{"image_generator_settings":{"template":"highway","default_image_id":0,"font":"","enabled":false},"version":2}},"categories":[50,379,380,39],"tags":[697,695,577,698],"class_list":["post-4773","post","type-post","status-publish","format-standard","has-post-thumbnail","hentry","category-art-de-vivre","category-chemin-de-transformation","category-conscientisation","category-croissance-personnelle","tag-bulle-personnelle","tag-frontiere","tag-limites","tag-prendre-ma-place"],"jetpack_publicize_connections":[],"jetpack_featured_media_url":"https:\/\/i0.wp.com\/bottesetvelo.com\/blog\/wp-content\/uploads\/2022\/03\/freedom-g2e7bd2ad1_1920-1920x1280.jpg?fit=1920%2C1280&ssl=1","jetpack_shortlink":"https:\/\/wp.me\/p4eY6z-1eZ","jetpack_sharing_enabled":true,"jetpack_likes_enabled":true,"jetpack-related-posts":[],"_links":{"self":[{"href":"https:\/\/bottesetvelo.com\/blog\/wp-json\/wp\/v2\/posts\/4773","targetHints":{"allow":["GET"]}}],"collection":[{"href":"https:\/\/bottesetvelo.com\/blog\/wp-json\/wp\/v2\/posts"}],"about":[{"href":"https:\/\/bottesetvelo.com\/blog\/wp-json\/wp\/v2\/types\/post"}],"author":[{"embeddable":true,"href":"https:\/\/bottesetvelo.com\/blog\/wp-json\/wp\/v2\/users\/2"}],"replies":[{"embeddable":true,"href":"https:\/\/bottesetvelo.com\/blog\/wp-json\/wp\/v2\/comments?post=4773"}],"version-history":[{"count":1,"href":"https:\/\/bottesetvelo.com\/blog\/wp-json\/wp\/v2\/posts\/4773\/revisions"}],"predecessor-version":[{"id":4777,"href":"https:\/\/bottesetvelo.com\/blog\/wp-json\/wp\/v2\/posts\/4773\/revisions\/4777"}],"wp:featuredmedia":[{"embeddable":true,"href":"https:\/\/bottesetvelo.com\/blog\/wp-json\/wp\/v2\/media\/4775"}],"wp:attachment":[{"href":"https:\/\/bottesetvelo.com\/blog\/wp-json\/wp\/v2\/media?parent=4773"}],"wp:term":[{"taxonomy":"category","embeddable":true,"href":"https:\/\/bottesetvelo.com\/blog\/wp-json\/wp\/v2\/categories?post=4773"},{"taxonomy":"post_tag","embeddable":true,"href":"https:\/\/bottesetvelo.com\/blog\/wp-json\/wp\/v2\/tags?post=4773"}],"curies":[{"name":"wp","href":"https:\/\/api.w.org\/{rel}","templated":true}]}}