{"id":4761,"date":"2022-02-25T12:50:29","date_gmt":"2022-02-25T17:50:29","guid":{"rendered":"https:\/\/bottesetvelo.com\/blog\/?p=4761"},"modified":"2022-02-25T12:50:29","modified_gmt":"2022-02-25T17:50:29","slug":"hors-de-ses-bottines-point-de-salut","status":"publish","type":"post","link":"https:\/\/bottesetvelo.com\/blog\/2022\/02\/25\/hors-de-ses-bottines-point-de-salut\/","title":{"rendered":"Hors de ses bottines, point de salut!"},"content":{"rendered":"\n<div class=\"wp-block-image\"><figure class=\"alignright size-large is-resized\"><img data-recalc-dims=\"1\" loading=\"lazy\" decoding=\"async\" data-attachment-id=\"4763\" data-permalink=\"https:\/\/bottesetvelo.com\/blog\/2022\/02\/25\/hors-de-ses-bottines-point-de-salut\/pexels-ron-lach-10433248\/\" data-orig-file=\"https:\/\/i0.wp.com\/bottesetvelo.com\/blog\/wp-content\/uploads\/2022\/02\/pexels-ron-lach-10433248.jpg?fit=6240%2C4160&amp;ssl=1\" data-orig-size=\"6240,4160\" data-comments-opened=\"1\" data-image-meta=\"{&quot;aperture&quot;:&quot;0&quot;,&quot;credit&quot;:&quot;&quot;,&quot;camera&quot;:&quot;&quot;,&quot;caption&quot;:&quot;&quot;,&quot;created_timestamp&quot;:&quot;0&quot;,&quot;copyright&quot;:&quot;&quot;,&quot;focal_length&quot;:&quot;0&quot;,&quot;iso&quot;:&quot;0&quot;,&quot;shutter_speed&quot;:&quot;0&quot;,&quot;title&quot;:&quot;&quot;,&quot;orientation&quot;:&quot;0&quot;}\" data-image-title=\"pexels-ron-lach-10433248\" data-image-description=\"\" data-image-caption=\"\" data-large-file=\"https:\/\/i0.wp.com\/bottesetvelo.com\/blog\/wp-content\/uploads\/2022\/02\/pexels-ron-lach-10433248.jpg?fit=1024%2C683&amp;ssl=1\" src=\"https:\/\/i0.wp.com\/bottesetvelo.com\/blog\/wp-content\/uploads\/2022\/02\/pexels-ron-lach-10433248.jpg?resize=350%2C233&#038;ssl=1\" alt=\"\" class=\"wp-image-4763\" width=\"350\" height=\"233\" srcset=\"https:\/\/i0.wp.com\/bottesetvelo.com\/blog\/wp-content\/uploads\/2022\/02\/pexels-ron-lach-10433248.jpg?resize=1024%2C683&amp;ssl=1 1024w, https:\/\/i0.wp.com\/bottesetvelo.com\/blog\/wp-content\/uploads\/2022\/02\/pexels-ron-lach-10433248.jpg?resize=500%2C333&amp;ssl=1 500w, https:\/\/i0.wp.com\/bottesetvelo.com\/blog\/wp-content\/uploads\/2022\/02\/pexels-ron-lach-10433248.jpg?resize=768%2C512&amp;ssl=1 768w, https:\/\/i0.wp.com\/bottesetvelo.com\/blog\/wp-content\/uploads\/2022\/02\/pexels-ron-lach-10433248.jpg?resize=1536%2C1024&amp;ssl=1 1536w, https:\/\/i0.wp.com\/bottesetvelo.com\/blog\/wp-content\/uploads\/2022\/02\/pexels-ron-lach-10433248.jpg?resize=2048%2C1365&amp;ssl=1 2048w, https:\/\/i0.wp.com\/bottesetvelo.com\/blog\/wp-content\/uploads\/2022\/02\/pexels-ron-lach-10433248.jpg?w=2340&amp;ssl=1 2340w, https:\/\/i0.wp.com\/bottesetvelo.com\/blog\/wp-content\/uploads\/2022\/02\/pexels-ron-lach-10433248.jpg?w=3510&amp;ssl=1 3510w\" sizes=\"auto, (max-width: 350px) 100vw, 350px\" \/><\/figure><\/div>\n\n\n\n<p class=\"has-drop-cap\">L\u2019adage am\u00e9rindien dit bien que pour connaitre quelqu\u2019un il faut avoir march\u00e9 deux lunes dans ses mocassins. Deux lunes, c\u2019est le temps d\u2019un p\u00e8lerinage! Le temps n\u00e9cessaire pour se connaitre et marcher seul avec soi-m\u00eame. Marcher dans ses bottines, quoi! Parce qu\u2019on le sait bien&nbsp;: il nous arrive tous d\u2019\u00eatre \u00e0 c\u00f4t\u00e9 de nos bottines\u2026<\/p>\n\n\n\n<p>Partir en p\u00e8lerinage impose de partir, de quitter ce qui \u00e9tait familier et d\u2019entrer dans cet espace qui vient relativiser ce que je tenais pour acquis. La mise en route offre un temps pour s\u2019observer et constater l\u2019\u00e9cart qui s\u2019est parfois creus\u00e9 entre ce que je suis devenu et ce que je suis appel\u00e9 \u00e0 vivre. Une question surgit alors, une question qui ne nous viendrait pas \u00e0 l\u2019esprit dans le quotidien de la vie&nbsp;: ces bottines sont-elles les miennes? Aurais-je march\u00e9 tout ce temps \u00e0 c\u00f4t\u00e9 de mes \u00ab&nbsp;pompes&nbsp;\u00bb, dans les bottines d\u2019un autre?<\/p>\n\n\n\n<div class=\"wp-block-image\"><figure class=\"alignright size-large is-resized\"><img data-recalc-dims=\"1\" loading=\"lazy\" decoding=\"async\" data-attachment-id=\"4765\" data-permalink=\"https:\/\/bottesetvelo.com\/blog\/2022\/02\/25\/hors-de-ses-bottines-point-de-salut\/pexels-josh-sorenson-1485166\/\" data-orig-file=\"https:\/\/i0.wp.com\/bottesetvelo.com\/blog\/wp-content\/uploads\/2022\/02\/pexels-josh-sorenson-1485166.jpg?fit=5472%2C3648&amp;ssl=1\" data-orig-size=\"5472,3648\" data-comments-opened=\"1\" data-image-meta=\"{&quot;aperture&quot;:&quot;0&quot;,&quot;credit&quot;:&quot;&quot;,&quot;camera&quot;:&quot;&quot;,&quot;caption&quot;:&quot;&quot;,&quot;created_timestamp&quot;:&quot;0&quot;,&quot;copyright&quot;:&quot;&quot;,&quot;focal_length&quot;:&quot;0&quot;,&quot;iso&quot;:&quot;0&quot;,&quot;shutter_speed&quot;:&quot;0&quot;,&quot;title&quot;:&quot;&quot;,&quot;orientation&quot;:&quot;0&quot;}\" data-image-title=\"pexels-josh-sorenson-1485166\" data-image-description=\"\" data-image-caption=\"\" data-large-file=\"https:\/\/i0.wp.com\/bottesetvelo.com\/blog\/wp-content\/uploads\/2022\/02\/pexels-josh-sorenson-1485166.jpg?fit=1024%2C683&amp;ssl=1\" src=\"https:\/\/i0.wp.com\/bottesetvelo.com\/blog\/wp-content\/uploads\/2022\/02\/pexels-josh-sorenson-1485166.jpg?resize=350%2C233&#038;ssl=1\" alt=\"\" class=\"wp-image-4765\" width=\"350\" height=\"233\" srcset=\"https:\/\/i0.wp.com\/bottesetvelo.com\/blog\/wp-content\/uploads\/2022\/02\/pexels-josh-sorenson-1485166.jpg?resize=1024%2C683&amp;ssl=1 1024w, https:\/\/i0.wp.com\/bottesetvelo.com\/blog\/wp-content\/uploads\/2022\/02\/pexels-josh-sorenson-1485166.jpg?resize=500%2C333&amp;ssl=1 500w, https:\/\/i0.wp.com\/bottesetvelo.com\/blog\/wp-content\/uploads\/2022\/02\/pexels-josh-sorenson-1485166.jpg?resize=768%2C512&amp;ssl=1 768w, https:\/\/i0.wp.com\/bottesetvelo.com\/blog\/wp-content\/uploads\/2022\/02\/pexels-josh-sorenson-1485166.jpg?resize=1536%2C1024&amp;ssl=1 1536w, https:\/\/i0.wp.com\/bottesetvelo.com\/blog\/wp-content\/uploads\/2022\/02\/pexels-josh-sorenson-1485166.jpg?resize=2048%2C1365&amp;ssl=1 2048w, https:\/\/i0.wp.com\/bottesetvelo.com\/blog\/wp-content\/uploads\/2022\/02\/pexels-josh-sorenson-1485166.jpg?w=2340&amp;ssl=1 2340w, https:\/\/i0.wp.com\/bottesetvelo.com\/blog\/wp-content\/uploads\/2022\/02\/pexels-josh-sorenson-1485166.jpg?w=3510&amp;ssl=1 3510w\" sizes=\"auto, (max-width: 350px) 100vw, 350px\" \/><\/figure><\/div>\n\n\n\n<p>Trouver chaussure \u00e0 son pied n\u2019est pas si \u00e9vident! On le sait trop bien&nbsp;: une chaussure mal ajust\u00e9e fait souffrir, soit parce qu\u2019elle est trop serr\u00e9e, soit parce qu\u2019elle est trop grande, soit parce qu\u2019elle est us\u00e9e ou qu\u2019elle n\u2019est pas \u00ab&nbsp;cass\u00e9e&nbsp;\u00bb. L\u2019inconfort qui en r\u00e9sulte peut alors nous malmener! Aussi, prendre le temps de consid\u00e9rer le confort de mes chaussures de vie peut-il m\u2019en apprendre long sur l\u2019horizon de ma vie.<\/p>\n\n\n\n<p>Quand j\u2019habite mes souliers, une aisance s\u2019installe. Plusieurs diront m\u00eame que c\u2019est comme mettre des pantoufles! Je peux marcher des heures, \u00e9prouver de la fatigue, avoir les muscles endoloris, les pieds fatigu\u00e9es, mes bottines ne me font pas souffrir. Elles \u00e9pousent la forme de mes pieds. Elles sont faites pour moi. C\u2019est la bonne pointure et elles correspondent \u00e0 ce qu\u2019il me faut pour avancer dans la vie. Alors que porter les souliers d\u2019un autre m\u2019appelle hors de moi-m\u00eame, mes bottines me permettent d\u2019avancer sur mon chemin de vie.<\/p>\n\n\n\n<div class=\"wp-block-image\"><figure class=\"alignright size-large is-resized\"><img data-recalc-dims=\"1\" loading=\"lazy\" decoding=\"async\" data-attachment-id=\"4764\" data-permalink=\"https:\/\/bottesetvelo.com\/blog\/2022\/02\/25\/hors-de-ses-bottines-point-de-salut\/pexels-quang-anh-ha-nguyen-891450\/\" data-orig-file=\"https:\/\/i0.wp.com\/bottesetvelo.com\/blog\/wp-content\/uploads\/2022\/02\/pexels-quang-anh-ha-nguyen-891450.jpg?fit=3068%2C2048&amp;ssl=1\" data-orig-size=\"3068,2048\" data-comments-opened=\"1\" data-image-meta=\"{&quot;aperture&quot;:&quot;0&quot;,&quot;credit&quot;:&quot;&quot;,&quot;camera&quot;:&quot;&quot;,&quot;caption&quot;:&quot;&quot;,&quot;created_timestamp&quot;:&quot;0&quot;,&quot;copyright&quot;:&quot;&quot;,&quot;focal_length&quot;:&quot;0&quot;,&quot;iso&quot;:&quot;0&quot;,&quot;shutter_speed&quot;:&quot;0&quot;,&quot;title&quot;:&quot;&quot;,&quot;orientation&quot;:&quot;0&quot;}\" data-image-title=\"pexels-quang-anh-ha-nguyen-891450\" data-image-description=\"\" data-image-caption=\"\" data-large-file=\"https:\/\/i0.wp.com\/bottesetvelo.com\/blog\/wp-content\/uploads\/2022\/02\/pexels-quang-anh-ha-nguyen-891450.jpg?fit=1024%2C684&amp;ssl=1\" src=\"https:\/\/i0.wp.com\/bottesetvelo.com\/blog\/wp-content\/uploads\/2022\/02\/pexels-quang-anh-ha-nguyen-891450.jpg?resize=350%2C234&#038;ssl=1\" alt=\"\" class=\"wp-image-4764\" width=\"350\" height=\"234\" srcset=\"https:\/\/i0.wp.com\/bottesetvelo.com\/blog\/wp-content\/uploads\/2022\/02\/pexels-quang-anh-ha-nguyen-891450.jpg?resize=1024%2C684&amp;ssl=1 1024w, https:\/\/i0.wp.com\/bottesetvelo.com\/blog\/wp-content\/uploads\/2022\/02\/pexels-quang-anh-ha-nguyen-891450.jpg?resize=500%2C334&amp;ssl=1 500w, https:\/\/i0.wp.com\/bottesetvelo.com\/blog\/wp-content\/uploads\/2022\/02\/pexels-quang-anh-ha-nguyen-891450.jpg?resize=768%2C513&amp;ssl=1 768w, https:\/\/i0.wp.com\/bottesetvelo.com\/blog\/wp-content\/uploads\/2022\/02\/pexels-quang-anh-ha-nguyen-891450.jpg?resize=1536%2C1025&amp;ssl=1 1536w, https:\/\/i0.wp.com\/bottesetvelo.com\/blog\/wp-content\/uploads\/2022\/02\/pexels-quang-anh-ha-nguyen-891450.jpg?resize=2048%2C1367&amp;ssl=1 2048w, https:\/\/i0.wp.com\/bottesetvelo.com\/blog\/wp-content\/uploads\/2022\/02\/pexels-quang-anh-ha-nguyen-891450.jpg?w=2340&amp;ssl=1 2340w\" sizes=\"auto, (max-width: 350px) 100vw, 350px\" \/><\/figure><\/div>\n\n\n\n<p>Hors de ses bottines, point de salut!<\/p>\n\n\n\n<p>Marcher dans ses bottines impose d\u2019avoir le courage de les habiter pleinement, de marcher en phase avec elles; ceci en se laissant conduire par une \u00e9coute minutieuse des signes qu\u2019elles manifestent dans le corps. Car marcher dans ses souliers se ressent dans la chair! Chaque signes, qu\u2019il s\u2019agisse d\u2019ampoules physiques ou psychiques, r\u00e9v\u00e8lent quand la chaussure est ajust\u00e9e ou non. Aussi, imposer ses bottines \u00e0 quelqu\u2019un d\u2019autres n\u2019est pas une solution! Il faut r\u00e9sister \u00e0 la tentation de l\u2019uniformit\u00e9, tout comme il faut r\u00e9sister aussi \u00e0 ces chaussures que l\u2019on voudra nous imposer. Les chaussures les mieux adapt\u00e9es sont celles qui ont un go\u00fbt de libert\u00e9. \u00c0 chacun ses souliers!<\/p>\n\n\n\n<div class=\"wp-block-image\"><figure class=\"alignright size-full\"><img data-recalc-dims=\"1\" loading=\"lazy\" decoding=\"async\" width=\"100\" height=\"79\" data-attachment-id=\"3248\" data-permalink=\"https:\/\/bottesetvelo.com\/blog\/2018\/03\/30\/comme-un-grand-silence\/bottes-et-velo-embleme-3\/\" data-orig-file=\"https:\/\/i0.wp.com\/bottesetvelo.com\/blog\/wp-content\/uploads\/2018\/03\/Bottes-et-V%C3%A9lo-Embl%C3%AAme-1-e1522416719670.png?fit=100%2C79&amp;ssl=1\" data-orig-size=\"100,79\" data-comments-opened=\"1\" data-image-meta=\"{&quot;aperture&quot;:&quot;0&quot;,&quot;credit&quot;:&quot;&quot;,&quot;camera&quot;:&quot;&quot;,&quot;caption&quot;:&quot;&quot;,&quot;created_timestamp&quot;:&quot;0&quot;,&quot;copyright&quot;:&quot;&quot;,&quot;focal_length&quot;:&quot;0&quot;,&quot;iso&quot;:&quot;0&quot;,&quot;shutter_speed&quot;:&quot;0&quot;,&quot;title&quot;:&quot;&quot;,&quot;orientation&quot;:&quot;0&quot;}\" data-image-title=\"Bottes et V\u00e9lo &amp;#8211; Embl\u00eame\" data-image-description=\"\" data-image-caption=\"\" data-large-file=\"https:\/\/i0.wp.com\/bottesetvelo.com\/blog\/wp-content\/uploads\/2018\/03\/Bottes-et-V%C3%A9lo-Embl%C3%AAme-1-e1522416719670.png?fit=100%2C79&amp;ssl=1\" src=\"https:\/\/i0.wp.com\/bottesetvelo.com\/blog\/wp-content\/uploads\/2018\/03\/Bottes-et-V%C3%A9lo-Embl%C3%AAme-1-e1522416719670.png?resize=100%2C79&#038;ssl=1\" alt=\"\" class=\"wp-image-3248\"\/><\/figure><\/div>\n\n\n\n<p>\u00c9ric Lalibert\u00e9<\/p>\n","protected":false},"excerpt":{"rendered":"<p>L\u2019adage am\u00e9rindien dit bien que pour connaitre quelqu\u2019un il faut avoir march\u00e9 deux lunes dans ses mocassins. Deux lunes, c\u2019est le temps d\u2019un p\u00e8lerinage! Le temps n\u00e9cessaire pour se connaitre et marcher seul avec soi-m\u00eame. Marcher dans ses bottines, quoi! Parce qu\u2019on le sait bien&nbsp;: il nous arrive tous d\u2019\u00eatre \u00e0 c\u00f4t\u00e9 de nos bottines\u2026&hellip;<\/p>\n","protected":false},"author":3,"featured_media":4762,"comment_status":"open","ping_status":"open","sticky":false,"template":"","format":"standard","meta":{"jetpack_post_was_ever_published":false,"_jetpack_newsletter_access":"","_jetpack_dont_email_post_to_subs":false,"_jetpack_newsletter_tier_id":0,"_jetpack_memberships_contains_paywalled_content":false,"_jetpack_memberships_contains_paid_content":false,"footnotes":"","jetpack_publicize_message":"Hors de ses bottines, point de salut!\nL\u2019adage am\u00e9rindien dit bien que pour connaitre quelqu\u2019un il faut avoir march\u00e9 deux lunes dans ses mocassins. Deux lunes, c\u2019est le temps d\u2019un p\u00e8lerinage! Le temps n\u00e9cessaire pour se connaitre soi-m\u00eame!","jetpack_publicize_feature_enabled":true,"jetpack_social_post_already_shared":true,"jetpack_social_options":{"image_generator_settings":{"template":"highway","default_image_id":0,"font":"","enabled":false},"version":2}},"categories":[50,380,3],"tags":[275,182,693,694],"class_list":["post-4761","post","type-post","status-publish","format-standard","has-post-thumbnail","hentry","category-art-de-vivre","category-conscientisation","category-reflexions","tag-art-de-vivre","tag-bottes","tag-habiter","tag-sentir-et-gouter"],"jetpack_publicize_connections":[],"jetpack_featured_media_url":"https:\/\/i0.wp.com\/bottesetvelo.com\/blog\/wp-content\/uploads\/2022\/02\/pexels-lisa-fotios-1662163.jpg?fit=6000%2C4000&ssl=1","jetpack_shortlink":"https:\/\/wp.me\/p4eY6z-1eN","jetpack_sharing_enabled":true,"jetpack_likes_enabled":true,"jetpack-related-posts":[],"_links":{"self":[{"href":"https:\/\/bottesetvelo.com\/blog\/wp-json\/wp\/v2\/posts\/4761","targetHints":{"allow":["GET"]}}],"collection":[{"href":"https:\/\/bottesetvelo.com\/blog\/wp-json\/wp\/v2\/posts"}],"about":[{"href":"https:\/\/bottesetvelo.com\/blog\/wp-json\/wp\/v2\/types\/post"}],"author":[{"embeddable":true,"href":"https:\/\/bottesetvelo.com\/blog\/wp-json\/wp\/v2\/users\/3"}],"replies":[{"embeddable":true,"href":"https:\/\/bottesetvelo.com\/blog\/wp-json\/wp\/v2\/comments?post=4761"}],"version-history":[{"count":1,"href":"https:\/\/bottesetvelo.com\/blog\/wp-json\/wp\/v2\/posts\/4761\/revisions"}],"predecessor-version":[{"id":4766,"href":"https:\/\/bottesetvelo.com\/blog\/wp-json\/wp\/v2\/posts\/4761\/revisions\/4766"}],"wp:featuredmedia":[{"embeddable":true,"href":"https:\/\/bottesetvelo.com\/blog\/wp-json\/wp\/v2\/media\/4762"}],"wp:attachment":[{"href":"https:\/\/bottesetvelo.com\/blog\/wp-json\/wp\/v2\/media?parent=4761"}],"wp:term":[{"taxonomy":"category","embeddable":true,"href":"https:\/\/bottesetvelo.com\/blog\/wp-json\/wp\/v2\/categories?post=4761"},{"taxonomy":"post_tag","embeddable":true,"href":"https:\/\/bottesetvelo.com\/blog\/wp-json\/wp\/v2\/tags?post=4761"}],"curies":[{"name":"wp","href":"https:\/\/api.w.org\/{rel}","templated":true}]}}