{"id":4733,"date":"2022-01-28T09:04:25","date_gmt":"2022-01-28T14:04:25","guid":{"rendered":"https:\/\/bottesetvelo.com\/blog\/?p=4733"},"modified":"2022-01-28T09:04:25","modified_gmt":"2022-01-28T14:04:25","slug":"prenez-garde-a-votre-maniere-de-marcher","status":"publish","type":"post","link":"https:\/\/bottesetvelo.com\/blog\/2022\/01\/28\/prenez-garde-a-votre-maniere-de-marcher\/","title":{"rendered":"Prenez garde \u00e0 votre mani\u00e8re de marcher!"},"content":{"rendered":"\n<p class=\"has-drop-cap\">Certaines marches ont la facult\u00e9 de nous faire plonger dans nos profondeurs. Par le rythme et la dur\u00e9e, elles ont cette puissance introspective qui font descendre aux portes de l\u2019\u00eatre. Lieu d\u2019attention, elles invitent \u00e0 \u00e9couter les mouvements int\u00e9rieurs qui orientent chacun de nos pas&nbsp;: qu\u2019est-ce qui me fait avancer? Qu\u2019est-ce qui me donne de l\u2019\u00e9lan? Pas seulement sur le chemin, mais dans la vie aussi!<\/p>\n\n\n\n<div class=\"wp-block-image\"><figure class=\"alignright size-large is-resized\"><img data-recalc-dims=\"1\" loading=\"lazy\" decoding=\"async\" data-attachment-id=\"4735\" data-permalink=\"https:\/\/bottesetvelo.com\/blog\/2022\/01\/28\/prenez-garde-a-votre-maniere-de-marcher\/pexels-lukas-hartmann-907526\/\" data-orig-file=\"https:\/\/i0.wp.com\/bottesetvelo.com\/blog\/wp-content\/uploads\/2022\/01\/pexels-lukas-hartmann-907526.jpg?fit=4592%2C3448&amp;ssl=1\" data-orig-size=\"4592,3448\" data-comments-opened=\"1\" data-image-meta=\"{&quot;aperture&quot;:&quot;0&quot;,&quot;credit&quot;:&quot;&quot;,&quot;camera&quot;:&quot;&quot;,&quot;caption&quot;:&quot;&quot;,&quot;created_timestamp&quot;:&quot;0&quot;,&quot;copyright&quot;:&quot;&quot;,&quot;focal_length&quot;:&quot;0&quot;,&quot;iso&quot;:&quot;0&quot;,&quot;shutter_speed&quot;:&quot;0&quot;,&quot;title&quot;:&quot;&quot;,&quot;orientation&quot;:&quot;0&quot;}\" data-image-title=\"pexels-lukas-hartmann-907526\" data-image-description=\"\" data-image-caption=\"\" data-large-file=\"https:\/\/i0.wp.com\/bottesetvelo.com\/blog\/wp-content\/uploads\/2022\/01\/pexels-lukas-hartmann-907526.jpg?fit=1024%2C769&amp;ssl=1\" src=\"https:\/\/i0.wp.com\/bottesetvelo.com\/blog\/wp-content\/uploads\/2022\/01\/pexels-lukas-hartmann-907526.jpg?resize=350%2C263&#038;ssl=1\" alt=\"\" class=\"wp-image-4735\" width=\"350\" height=\"263\" srcset=\"https:\/\/i0.wp.com\/bottesetvelo.com\/blog\/wp-content\/uploads\/2022\/01\/pexels-lukas-hartmann-907526.jpg?resize=1024%2C769&amp;ssl=1 1024w, https:\/\/i0.wp.com\/bottesetvelo.com\/blog\/wp-content\/uploads\/2022\/01\/pexels-lukas-hartmann-907526.jpg?resize=500%2C375&amp;ssl=1 500w, https:\/\/i0.wp.com\/bottesetvelo.com\/blog\/wp-content\/uploads\/2022\/01\/pexels-lukas-hartmann-907526.jpg?resize=768%2C577&amp;ssl=1 768w, https:\/\/i0.wp.com\/bottesetvelo.com\/blog\/wp-content\/uploads\/2022\/01\/pexels-lukas-hartmann-907526.jpg?resize=1536%2C1153&amp;ssl=1 1536w, https:\/\/i0.wp.com\/bottesetvelo.com\/blog\/wp-content\/uploads\/2022\/01\/pexels-lukas-hartmann-907526.jpg?resize=2048%2C1538&amp;ssl=1 2048w, https:\/\/i0.wp.com\/bottesetvelo.com\/blog\/wp-content\/uploads\/2022\/01\/pexels-lukas-hartmann-907526.jpg?resize=120%2C90&amp;ssl=1 120w, https:\/\/i0.wp.com\/bottesetvelo.com\/blog\/wp-content\/uploads\/2022\/01\/pexels-lukas-hartmann-907526.jpg?w=2340&amp;ssl=1 2340w, https:\/\/i0.wp.com\/bottesetvelo.com\/blog\/wp-content\/uploads\/2022\/01\/pexels-lukas-hartmann-907526.jpg?w=3510&amp;ssl=1 3510w\" sizes=\"auto, (max-width: 350px) 100vw, 350px\" \/><\/figure><\/div>\n\n\n\n<p>Bien plus que d\u00e9placer, la marche agit comme mani\u00e8re de passer et est un puissant indicateur de la mani\u00e8re dont je construis des liens et me mets en relation. \u00c0 travers mes pas, je peux d\u00e9couvrir ce qui m\u2019attire ou m\u2019\u00e9loigne des fondements qui habitent mon c\u0153ur. Mani\u00e8re de lire le chemin, chaque pas me parle de ce qui me met en marche. Ils parlent de mes travers et de mes hardiesses, de ce qui m\u2019attire et donne du go\u00fbt \u00e0 ma vie. Constructeur de liens, dans l\u2019espace et dans le temps, les pas sont tiss\u00e9s de m\u00e9moire et de d\u00e9sir&nbsp;: car ils \u00e9voquent, tout autant qu\u2019ils sont attir\u00e9s!<\/p>\n\n\n\n<p>Ainsi, si je marche, c\u2019est que je fais une certaine lecture du chemin. Avec tous mes sens, avec tout ce que je suis, je lis et lie (au sens de lire, mais aussi de lier) les diff\u00e9rents \u00e9l\u00e9ments de la route qui se pr\u00e9sente \u00e0 moi. Ce faisant, je m\u2019inscris dans son histoire, orient\u00e9 par ma m\u00e9moire et mes d\u00e9sirs qui se font les interpr\u00e8tes du chemin par les effets qu\u2019ils suscitent en moi.<\/p>\n\n\n\n<p>Comme on associe les mots d\u2019une phrase pour en tirer du sens, je relie les \u00e9l\u00e9ments du chemin pour en tirer une trajectoire signifiante, \u00e9clair\u00e9 de ma m\u00e9moire et orient\u00e9 par mes d\u00e9sirs. En effet, si je passe de A \u00e0 B, c\u2019est que j\u2019en ai \u00e9valu\u00e9 les possibilit\u00e9s en me r\u00e9f\u00e9rant \u00e0 mon exp\u00e9rience ou que mon d\u00e9sir me pousse \u00e0 m\u2019y aventurer. Ce sera alors pour&nbsp;: rejoindre un groupe d\u2019amis, faire une pause pr\u00e8s d\u2019une fontaine, \u00e9viter certaines personnes, visiter un lieu qui m\u2019interpelle animer du go\u00fbt de la d\u00e9couverte.<\/p>\n\n\n\n<div class=\"wp-block-image\"><figure class=\"alignright size-large is-resized\"><img data-recalc-dims=\"1\" loading=\"lazy\" decoding=\"async\" data-attachment-id=\"4736\" data-permalink=\"https:\/\/bottesetvelo.com\/blog\/2022\/01\/28\/prenez-garde-a-votre-maniere-de-marcher\/pexels-noelle-otto-906111\/\" data-orig-file=\"https:\/\/i0.wp.com\/bottesetvelo.com\/blog\/wp-content\/uploads\/2022\/01\/pexels-noelle-otto-906111.jpg?fit=5184%2C3456&amp;ssl=1\" data-orig-size=\"5184,3456\" data-comments-opened=\"1\" data-image-meta=\"{&quot;aperture&quot;:&quot;0&quot;,&quot;credit&quot;:&quot;&quot;,&quot;camera&quot;:&quot;&quot;,&quot;caption&quot;:&quot;&quot;,&quot;created_timestamp&quot;:&quot;0&quot;,&quot;copyright&quot;:&quot;&quot;,&quot;focal_length&quot;:&quot;0&quot;,&quot;iso&quot;:&quot;0&quot;,&quot;shutter_speed&quot;:&quot;0&quot;,&quot;title&quot;:&quot;&quot;,&quot;orientation&quot;:&quot;0&quot;}\" data-image-title=\"pexels-noelle-otto-906111\" data-image-description=\"\" data-image-caption=\"\" data-large-file=\"https:\/\/i0.wp.com\/bottesetvelo.com\/blog\/wp-content\/uploads\/2022\/01\/pexels-noelle-otto-906111.jpg?fit=1024%2C683&amp;ssl=1\" src=\"https:\/\/i0.wp.com\/bottesetvelo.com\/blog\/wp-content\/uploads\/2022\/01\/pexels-noelle-otto-906111.jpg?resize=350%2C234&#038;ssl=1\" alt=\"\" class=\"wp-image-4736\" width=\"350\" height=\"234\" srcset=\"https:\/\/i0.wp.com\/bottesetvelo.com\/blog\/wp-content\/uploads\/2022\/01\/pexels-noelle-otto-906111.jpg?resize=1024%2C683&amp;ssl=1 1024w, https:\/\/i0.wp.com\/bottesetvelo.com\/blog\/wp-content\/uploads\/2022\/01\/pexels-noelle-otto-906111.jpg?resize=500%2C333&amp;ssl=1 500w, https:\/\/i0.wp.com\/bottesetvelo.com\/blog\/wp-content\/uploads\/2022\/01\/pexels-noelle-otto-906111.jpg?resize=768%2C512&amp;ssl=1 768w, https:\/\/i0.wp.com\/bottesetvelo.com\/blog\/wp-content\/uploads\/2022\/01\/pexels-noelle-otto-906111.jpg?resize=1536%2C1024&amp;ssl=1 1536w, https:\/\/i0.wp.com\/bottesetvelo.com\/blog\/wp-content\/uploads\/2022\/01\/pexels-noelle-otto-906111.jpg?resize=2048%2C1365&amp;ssl=1 2048w, https:\/\/i0.wp.com\/bottesetvelo.com\/blog\/wp-content\/uploads\/2022\/01\/pexels-noelle-otto-906111.jpg?w=2340&amp;ssl=1 2340w, https:\/\/i0.wp.com\/bottesetvelo.com\/blog\/wp-content\/uploads\/2022\/01\/pexels-noelle-otto-906111.jpg?w=3510&amp;ssl=1 3510w\" sizes=\"auto, (max-width: 350px) 100vw, 350px\" \/><\/figure><\/div>\n\n\n\n<p>L\u2019\u00e9lan qui conduit de l\u2019un \u00e0 l\u2019autre est alors tout aussi signifiant et parle tout autant de moi. Si parfois je ne fais que suivre le fil de l\u2019histoire, \u00e0 d\u2019autres c\u2019est ma curiosit\u00e9 qui est piqu\u00e9e ou mes craintes qui sont aviv\u00e9es. Souvenirs et d\u00e9sirs sont alors des moteurs qui incitent \u00e0 faire des choix; par le go\u00fbt (bon ou mauvais) qu\u2019ils \u00e9voquent ou par l\u2019esp\u00e9rance qu\u2019ils sugg\u00e8rent. L\u2019\u00eatre en marche exprime ainsi une mani\u00e8re de vivre qui le r\u00e9v\u00e8le \u00e0 lui-m\u00eame. Que ce soit par sa mani\u00e8re de couper au plus court ou de faire des d\u00e9tours, de s\u2019arr\u00eater ou de sprinter, toutes ces mani\u00e8res de tisser des liens r\u00e9v\u00e8lent une mani\u00e8re d\u2019aborder la vie qui s\u2019est construite sur la m\u00e9moire et les d\u00e9sirs qui op\u00e8rent des liaisons en moi\u2026 parfois jusqu\u2019\u00e0 me ligoter et m\u2019en faire prisonnier.<\/p>\n\n\n\n<p>D\u2019o\u00f9 me vient ce go\u00fbt? Qu\u2019ai-je per\u00e7u sur ma route pour faire ce d\u00e9tour? Comment se fait-il que je me retrouve toujours dans des situations similaires? Qu\u2019est-ce qui suscite en moi cette \u00e9motion? Ce sentiment? D\u2019o\u00f9 me vient cette angoisse, cette urgence, cette joie soudaine?<\/p>\n\n\n\n<div class=\"wp-block-image\"><figure class=\"alignright size-large is-resized\"><img data-recalc-dims=\"1\" loading=\"lazy\" decoding=\"async\" data-attachment-id=\"4738\" data-permalink=\"https:\/\/bottesetvelo.com\/blog\/2022\/01\/28\/prenez-garde-a-votre-maniere-de-marcher\/pexels-noelle-otto-906106\/\" data-orig-file=\"https:\/\/i0.wp.com\/bottesetvelo.com\/blog\/wp-content\/uploads\/2022\/01\/pexels-noelle-otto-906106.jpg?fit=5184%2C3456&amp;ssl=1\" data-orig-size=\"5184,3456\" data-comments-opened=\"1\" data-image-meta=\"{&quot;aperture&quot;:&quot;0&quot;,&quot;credit&quot;:&quot;&quot;,&quot;camera&quot;:&quot;&quot;,&quot;caption&quot;:&quot;&quot;,&quot;created_timestamp&quot;:&quot;0&quot;,&quot;copyright&quot;:&quot;&quot;,&quot;focal_length&quot;:&quot;0&quot;,&quot;iso&quot;:&quot;0&quot;,&quot;shutter_speed&quot;:&quot;0&quot;,&quot;title&quot;:&quot;&quot;,&quot;orientation&quot;:&quot;0&quot;}\" data-image-title=\"pexels-noelle-otto-906106\" data-image-description=\"\" data-image-caption=\"\" data-large-file=\"https:\/\/i0.wp.com\/bottesetvelo.com\/blog\/wp-content\/uploads\/2022\/01\/pexels-noelle-otto-906106.jpg?fit=1024%2C683&amp;ssl=1\" src=\"https:\/\/i0.wp.com\/bottesetvelo.com\/blog\/wp-content\/uploads\/2022\/01\/pexels-noelle-otto-906106.jpg?resize=350%2C233&#038;ssl=1\" alt=\"\" class=\"wp-image-4738\" width=\"350\" height=\"233\" srcset=\"https:\/\/i0.wp.com\/bottesetvelo.com\/blog\/wp-content\/uploads\/2022\/01\/pexels-noelle-otto-906106.jpg?resize=1024%2C683&amp;ssl=1 1024w, https:\/\/i0.wp.com\/bottesetvelo.com\/blog\/wp-content\/uploads\/2022\/01\/pexels-noelle-otto-906106.jpg?resize=500%2C333&amp;ssl=1 500w, https:\/\/i0.wp.com\/bottesetvelo.com\/blog\/wp-content\/uploads\/2022\/01\/pexels-noelle-otto-906106.jpg?resize=768%2C512&amp;ssl=1 768w, https:\/\/i0.wp.com\/bottesetvelo.com\/blog\/wp-content\/uploads\/2022\/01\/pexels-noelle-otto-906106.jpg?resize=1536%2C1024&amp;ssl=1 1536w, https:\/\/i0.wp.com\/bottesetvelo.com\/blog\/wp-content\/uploads\/2022\/01\/pexels-noelle-otto-906106.jpg?resize=2048%2C1365&amp;ssl=1 2048w, https:\/\/i0.wp.com\/bottesetvelo.com\/blog\/wp-content\/uploads\/2022\/01\/pexels-noelle-otto-906106.jpg?w=2340&amp;ssl=1 2340w, https:\/\/i0.wp.com\/bottesetvelo.com\/blog\/wp-content\/uploads\/2022\/01\/pexels-noelle-otto-906106.jpg?w=3510&amp;ssl=1 3510w\" sizes=\"auto, (max-width: 350px) 100vw, 350px\" \/><\/figure><\/div>\n\n\n\n<p>En toute lecture \u00ab&nbsp;m\u00e9moire&nbsp;\u00bb et \u00ab&nbsp;d\u00e9sir&nbsp;\u00bb jouent de leur dynamique et font marcher; en nous ramenant souvent sur des terrains connus int\u00e9rieurement. Or, si la m\u00e9moire peut s\u2019av\u00e9rer une alli\u00e9e, dans la mesure o\u00f9 elle fait b\u00e9n\u00e9ficier d\u2019une expertise quand elle invite \u00e0 la prudence ou rassure, elle peut cependant se r\u00e9v\u00e9ler trompeuse et engendrer des peurs inutiles qui vont d\u00e9sorienter. On dit bien&nbsp;: \u00ab&nbsp;chat \u00e9chaud\u00e9 craint l\u2019eau froide&nbsp;\u00bb! Aussi, ai-je conscience de cette m\u00e9moire qui oriente mon chemin? Toutes ces r\u00e8gles apprises, m\u00e9moris\u00e9es, int\u00e9gr\u00e9es, qui disent qu\u2019il faut, que je dois, que c\u2019est mieux\u2026 de passer par l\u00e0!<\/p>\n\n\n\n<p>Portez attention. Ces r\u00e8gles de lecture se manifestent \u00e0 travers des traits culturels ou familiaux qui ferment la voie \u00e0 certains chemins de vie ou encore par des exp\u00e9riences qui ont laiss\u00e9 des traumatismes. La m\u00e9moire, tout comme un d\u00e9sir d\u00e9sordonn\u00e9 (par d\u00e9pendances ou exc\u00e8s), peut affecter notre mani\u00e8re de cr\u00e9er des liens, de lire le chemin, en cr\u00e9ant de fausses interpr\u00e9tations ou en conduisant l\u00e0 o\u00f9 on ne veut pas aller. D\u00e9sir de reconnaissance, de libert\u00e9, d\u2019\u00eatre aim\u00e9, de performer, d\u2019\u00eatre entendu; tous ces d\u00e9sirs, parfois refoul\u00e9s, incitent \u00e0 aborder le chemin d\u2019une certaine mani\u00e8re et laissent peu de place \u00e0 l\u2019autonomie.<\/p>\n\n\n\n<div class=\"wp-block-image\"><figure class=\"alignright size-large is-resized\"><img data-recalc-dims=\"1\" loading=\"lazy\" decoding=\"async\" data-attachment-id=\"4739\" data-permalink=\"https:\/\/bottesetvelo.com\/blog\/2022\/01\/28\/prenez-garde-a-votre-maniere-de-marcher\/pexels-yogendra-singh-1466852\/\" data-orig-file=\"https:\/\/i0.wp.com\/bottesetvelo.com\/blog\/wp-content\/uploads\/2022\/01\/pexels-yogendra-singh-1466852.jpg?fit=4434%2C2494&amp;ssl=1\" data-orig-size=\"4434,2494\" data-comments-opened=\"1\" data-image-meta=\"{&quot;aperture&quot;:&quot;0&quot;,&quot;credit&quot;:&quot;&quot;,&quot;camera&quot;:&quot;&quot;,&quot;caption&quot;:&quot;&quot;,&quot;created_timestamp&quot;:&quot;0&quot;,&quot;copyright&quot;:&quot;&quot;,&quot;focal_length&quot;:&quot;0&quot;,&quot;iso&quot;:&quot;0&quot;,&quot;shutter_speed&quot;:&quot;0&quot;,&quot;title&quot;:&quot;&quot;,&quot;orientation&quot;:&quot;0&quot;}\" data-image-title=\"pexels-yogendra-singh-1466852\" data-image-description=\"\" data-image-caption=\"\" data-large-file=\"https:\/\/i0.wp.com\/bottesetvelo.com\/blog\/wp-content\/uploads\/2022\/01\/pexels-yogendra-singh-1466852.jpg?fit=1024%2C576&amp;ssl=1\" src=\"https:\/\/i0.wp.com\/bottesetvelo.com\/blog\/wp-content\/uploads\/2022\/01\/pexels-yogendra-singh-1466852.jpg?resize=350%2C197&#038;ssl=1\" alt=\"\" class=\"wp-image-4739\" width=\"350\" height=\"197\" srcset=\"https:\/\/i0.wp.com\/bottesetvelo.com\/blog\/wp-content\/uploads\/2022\/01\/pexels-yogendra-singh-1466852.jpg?resize=1024%2C576&amp;ssl=1 1024w, https:\/\/i0.wp.com\/bottesetvelo.com\/blog\/wp-content\/uploads\/2022\/01\/pexels-yogendra-singh-1466852.jpg?resize=500%2C281&amp;ssl=1 500w, https:\/\/i0.wp.com\/bottesetvelo.com\/blog\/wp-content\/uploads\/2022\/01\/pexels-yogendra-singh-1466852.jpg?resize=768%2C432&amp;ssl=1 768w, https:\/\/i0.wp.com\/bottesetvelo.com\/blog\/wp-content\/uploads\/2022\/01\/pexels-yogendra-singh-1466852.jpg?resize=1536%2C864&amp;ssl=1 1536w, https:\/\/i0.wp.com\/bottesetvelo.com\/blog\/wp-content\/uploads\/2022\/01\/pexels-yogendra-singh-1466852.jpg?resize=2048%2C1152&amp;ssl=1 2048w, https:\/\/i0.wp.com\/bottesetvelo.com\/blog\/wp-content\/uploads\/2022\/01\/pexels-yogendra-singh-1466852.jpg?resize=1140%2C641&amp;ssl=1 1140w, https:\/\/i0.wp.com\/bottesetvelo.com\/blog\/wp-content\/uploads\/2022\/01\/pexels-yogendra-singh-1466852.jpg?resize=540%2C304&amp;ssl=1 540w, https:\/\/i0.wp.com\/bottesetvelo.com\/blog\/wp-content\/uploads\/2022\/01\/pexels-yogendra-singh-1466852.jpg?w=2340&amp;ssl=1 2340w, https:\/\/i0.wp.com\/bottesetvelo.com\/blog\/wp-content\/uploads\/2022\/01\/pexels-yogendra-singh-1466852.jpg?w=3510&amp;ssl=1 3510w\" sizes=\"auto, (max-width: 350px) 100vw, 350px\" \/><\/figure><\/div>\n\n\n\n<p>Ainsi, prenez garde \u00e0 votre mani\u00e8re de marcher. Lorsque vous posez le pied, peu importe la situation, observez le chemin int\u00e9rieur qui vous conduit \u00e0 faire ce choix. S\u2019il est en r\u00e9sonance avec les fondements de votre vie, vous le reconnaitrez par la saveur qu\u2019il aura. Ce sera alors un pas de plus vers la v\u00e9rit\u00e9. <\/p>\n\n\n\n<div class=\"wp-block-image\"><figure class=\"alignright size-full\"><img data-recalc-dims=\"1\" loading=\"lazy\" decoding=\"async\" width=\"100\" height=\"79\" data-attachment-id=\"3248\" data-permalink=\"https:\/\/bottesetvelo.com\/blog\/2018\/03\/30\/comme-un-grand-silence\/bottes-et-velo-embleme-3\/\" data-orig-file=\"https:\/\/i0.wp.com\/bottesetvelo.com\/blog\/wp-content\/uploads\/2018\/03\/Bottes-et-V%C3%A9lo-Embl%C3%AAme-1-e1522416719670.png?fit=100%2C79&amp;ssl=1\" data-orig-size=\"100,79\" data-comments-opened=\"1\" data-image-meta=\"{&quot;aperture&quot;:&quot;0&quot;,&quot;credit&quot;:&quot;&quot;,&quot;camera&quot;:&quot;&quot;,&quot;caption&quot;:&quot;&quot;,&quot;created_timestamp&quot;:&quot;0&quot;,&quot;copyright&quot;:&quot;&quot;,&quot;focal_length&quot;:&quot;0&quot;,&quot;iso&quot;:&quot;0&quot;,&quot;shutter_speed&quot;:&quot;0&quot;,&quot;title&quot;:&quot;&quot;,&quot;orientation&quot;:&quot;0&quot;}\" data-image-title=\"Bottes et V\u00e9lo &amp;#8211; Embl\u00eame\" data-image-description=\"\" data-image-caption=\"\" data-large-file=\"https:\/\/i0.wp.com\/bottesetvelo.com\/blog\/wp-content\/uploads\/2018\/03\/Bottes-et-V%C3%A9lo-Embl%C3%AAme-1-e1522416719670.png?fit=100%2C79&amp;ssl=1\" src=\"https:\/\/i0.wp.com\/bottesetvelo.com\/blog\/wp-content\/uploads\/2018\/03\/Bottes-et-V%C3%A9lo-Embl%C3%AAme-1-e1522416719670.png?resize=100%2C79&#038;ssl=1\" alt=\"\" class=\"wp-image-3248\"\/><\/figure><\/div>\n\n\n\n<p>Bonne route! <\/p>\n\n\n\n<p>\u00c9ric Lalibert\u00e9<\/p>\n","protected":false},"excerpt":{"rendered":"<p>Certaines marches ont la facult\u00e9 de nous faire plonger dans nos profondeurs. Par le rythme et la dur\u00e9e, elles ont cette puissance introspective qui font descendre aux portes de l\u2019\u00eatre. Lieu d\u2019attention, elles invitent \u00e0 \u00e9couter les mouvements int\u00e9rieurs qui orientent chacun de nos pas&nbsp;: qu\u2019est-ce qui me fait avancer? Qu\u2019est-ce qui me donne de&hellip;<\/p>\n","protected":false},"author":3,"featured_media":4740,"comment_status":"open","ping_status":"open","sticky":false,"template":"","format":"standard","meta":{"jetpack_post_was_ever_published":false,"_jetpack_newsletter_access":"","_jetpack_dont_email_post_to_subs":false,"_jetpack_newsletter_tier_id":0,"_jetpack_memberships_contains_paywalled_content":false,"_jetpack_memberships_contains_paid_content":false,"footnotes":"","jetpack_publicize_message":"Prenez garde \u00e0 votre mani\u00e8re de marcher!\nCertaines marches ont la facult\u00e9 de nous faire plonger dans nos profondeurs. Par le rythme et la dur\u00e9e, elles ont cette puissance introspective qui font descendre aux portes de l\u2019\u00eatre.\n#Compostelle","jetpack_publicize_feature_enabled":true,"jetpack_social_post_already_shared":true,"jetpack_social_options":{"image_generator_settings":{"template":"highway","default_image_id":0,"font":"","enabled":false},"version":2}},"categories":[50,380,630],"tags":[275,168,14,96],"class_list":["post-4733","post","type-post","status-publish","format-standard","has-post-thumbnail","hentry","category-art-de-vivre","category-conscientisation","category-exercice-pelerin","tag-art-de-vivre","tag-demarche-du-pelerin","tag-marche","tag-qualite-de-vie"],"jetpack_publicize_connections":[],"jetpack_featured_media_url":"https:\/\/i0.wp.com\/bottesetvelo.com\/blog\/wp-content\/uploads\/2022\/01\/pexels-cottonbro-10435973.jpg?fit=5290%2C3527&ssl=1","jetpack_shortlink":"https:\/\/wp.me\/p4eY6z-1el","jetpack_sharing_enabled":true,"jetpack_likes_enabled":true,"jetpack-related-posts":[],"_links":{"self":[{"href":"https:\/\/bottesetvelo.com\/blog\/wp-json\/wp\/v2\/posts\/4733","targetHints":{"allow":["GET"]}}],"collection":[{"href":"https:\/\/bottesetvelo.com\/blog\/wp-json\/wp\/v2\/posts"}],"about":[{"href":"https:\/\/bottesetvelo.com\/blog\/wp-json\/wp\/v2\/types\/post"}],"author":[{"embeddable":true,"href":"https:\/\/bottesetvelo.com\/blog\/wp-json\/wp\/v2\/users\/3"}],"replies":[{"embeddable":true,"href":"https:\/\/bottesetvelo.com\/blog\/wp-json\/wp\/v2\/comments?post=4733"}],"version-history":[{"count":3,"href":"https:\/\/bottesetvelo.com\/blog\/wp-json\/wp\/v2\/posts\/4733\/revisions"}],"predecessor-version":[{"id":4749,"href":"https:\/\/bottesetvelo.com\/blog\/wp-json\/wp\/v2\/posts\/4733\/revisions\/4749"}],"wp:featuredmedia":[{"embeddable":true,"href":"https:\/\/bottesetvelo.com\/blog\/wp-json\/wp\/v2\/media\/4740"}],"wp:attachment":[{"href":"https:\/\/bottesetvelo.com\/blog\/wp-json\/wp\/v2\/media?parent=4733"}],"wp:term":[{"taxonomy":"category","embeddable":true,"href":"https:\/\/bottesetvelo.com\/blog\/wp-json\/wp\/v2\/categories?post=4733"},{"taxonomy":"post_tag","embeddable":true,"href":"https:\/\/bottesetvelo.com\/blog\/wp-json\/wp\/v2\/tags?post=4733"}],"curies":[{"name":"wp","href":"https:\/\/api.w.org\/{rel}","templated":true}]}}