{"id":4731,"date":"2022-01-26T08:42:28","date_gmt":"2022-01-26T13:42:28","guid":{"rendered":"https:\/\/bottesetvelo.com\/blog\/?p=4731"},"modified":"2022-01-26T08:42:28","modified_gmt":"2022-01-26T13:42:28","slug":"compostelle-au-xxie-siecle","status":"publish","type":"post","link":"https:\/\/bottesetvelo.com\/blog\/2022\/01\/26\/compostelle-au-xxie-siecle\/","title":{"rendered":"Compostelle au XXIe si\u00e8cle"},"content":{"rendered":"\n<p class=\"has-medium-font-size\">Compostelle au XXIe si\u00e8cle &#8211; L&rsquo;homme qui marche partout.<\/p>\n\n\n\n<p class=\"has-medium-font-size\">\u00c9ric Lalibert\u00e9 \u00e9tait l&rsquo;invit\u00e9 de Denis Chagnon, \u00e0 l&rsquo;\u00e9mission <strong>Marcher vers le bien \u00eatre<\/strong>, sur les ondes de <a href=\"https:\/\/www.facebook.com\/RadioVM.CIRA\/?__cft__[0]=AZWY8zmHf4SS-gYyIcqlt2_sgueuTenCBH1K9bfNTwpUPixwSls4gLQLXnC4ly-lrqRDUskVtKUehmZBMi9zVj9qDazv42E9ekjaL6XeQSkDeOEMAdqsuL1SAb5Ifv03xhyZzJ0iirS0ndpVpxcDp52e1Dtb_2Twm4zqjgYS4Mu5Yg&amp;__tn__=kK-R\">Radio VM<\/a>.<img decoding=\"async\" src=\"blob:https:\/\/bottesetvelo.com\/4acf3b5c-7246-4916-aed1-bbef0fc7d357\"><\/p>\n\n\n\n<p class=\"has-medium-font-size\">Pour r\u00e9\u00e9couter l&rsquo;\u00e9mission suivez ce lien: <a rel=\"noreferrer noopener\" href=\"https:\/\/jemarchepartout.com\/emissions\/episode-17-compostelle-au-xxie-siecle\/?fbclid=IwAR0ipylLxNFN-VRL4aS7AESYEzQAaEk2kk85QCBp6Fov_DrwZ05HI6jQkD8\" target=\"_blank\">https:\/\/jemarchepartout.com\/&#8230;\/episode-17-compostelle&#8230;\/<\/a><\/p>\n\n\n\n<p><\/p>\n","protected":false},"excerpt":{"rendered":"<p>Compostelle au XXIe si\u00e8cle &#8211; L&rsquo;homme qui marche partout. \u00c9ric Lalibert\u00e9 \u00e9tait l&rsquo;invit\u00e9 de Denis Chagnon, \u00e0 l&rsquo;\u00e9mission Marcher vers le bien \u00eatre, sur les ondes de Radio VM. Pour r\u00e9\u00e9couter l&rsquo;\u00e9mission suivez ce lien: https:\/\/jemarchepartout.com\/&#8230;\/episode-17-compostelle&#8230;\/<\/p>\n","protected":false},"author":1,"featured_media":3813,"comment_status":"open","ping_status":"open","sticky":false,"template":"","format":"standard","meta":{"jetpack_post_was_ever_published":false,"_jetpack_newsletter_access":"","_jetpack_dont_email_post_to_subs":false,"_jetpack_newsletter_tier_id":0,"_jetpack_memberships_contains_paywalled_content":false,"_jetpack_memberships_contains_paid_content":false,"footnotes":"","jetpack_publicize_message":"Compostelle au XXIe si\u00e8cle - L'homme qui marche partout.\n\u00c9ric Lalibert\u00e9 \u00e9tait l'invit\u00e9 de Denis Chagnon, \u00e0 l'\u00e9mission Marcher vers le bien \u00eatre, sur les ondes de Radio VM.\nhttps:\/\/jemarchepartout.com\/emissions\/episode-17-compostelle-au-xxie-siecle\/ ","jetpack_publicize_feature_enabled":true,"jetpack_social_post_already_shared":true,"jetpack_social_options":{"image_generator_settings":{"template":"highway","default_image_id":0,"font":"","enabled":false},"version":2}},"categories":[264],"tags":[80,588,14,521],"class_list":["post-4731","post","type-post","status-publish","format-standard","has-post-thumbnail","hentry","category-entrevues","tag-compostelle","tag-exercice-pelerin","tag-marche","tag-spiritualite-3"],"jetpack_publicize_connections":[],"jetpack_featured_media_url":"https:\/\/i0.wp.com\/bottesetvelo.com\/blog\/wp-content\/uploads\/2019\/10\/2019-07-06-09.35.16.jpg?fit=4608%2C2240&ssl=1","jetpack_shortlink":"https:\/\/wp.me\/p4eY6z-1ej","jetpack_sharing_enabled":true,"jetpack_likes_enabled":true,"jetpack-related-posts":[],"_links":{"self":[{"href":"https:\/\/bottesetvelo.com\/blog\/wp-json\/wp\/v2\/posts\/4731","targetHints":{"allow":["GET"]}}],"collection":[{"href":"https:\/\/bottesetvelo.com\/blog\/wp-json\/wp\/v2\/posts"}],"about":[{"href":"https:\/\/bottesetvelo.com\/blog\/wp-json\/wp\/v2\/types\/post"}],"author":[{"embeddable":true,"href":"https:\/\/bottesetvelo.com\/blog\/wp-json\/wp\/v2\/users\/1"}],"replies":[{"embeddable":true,"href":"https:\/\/bottesetvelo.com\/blog\/wp-json\/wp\/v2\/comments?post=4731"}],"version-history":[{"count":1,"href":"https:\/\/bottesetvelo.com\/blog\/wp-json\/wp\/v2\/posts\/4731\/revisions"}],"predecessor-version":[{"id":4732,"href":"https:\/\/bottesetvelo.com\/blog\/wp-json\/wp\/v2\/posts\/4731\/revisions\/4732"}],"wp:featuredmedia":[{"embeddable":true,"href":"https:\/\/bottesetvelo.com\/blog\/wp-json\/wp\/v2\/media\/3813"}],"wp:attachment":[{"href":"https:\/\/bottesetvelo.com\/blog\/wp-json\/wp\/v2\/media?parent=4731"}],"wp:term":[{"taxonomy":"category","embeddable":true,"href":"https:\/\/bottesetvelo.com\/blog\/wp-json\/wp\/v2\/categories?post=4731"},{"taxonomy":"post_tag","embeddable":true,"href":"https:\/\/bottesetvelo.com\/blog\/wp-json\/wp\/v2\/tags?post=4731"}],"curies":[{"name":"wp","href":"https:\/\/api.w.org\/{rel}","templated":true}]}}