{"id":4713,"date":"2022-01-14T07:00:00","date_gmt":"2022-01-14T12:00:00","guid":{"rendered":"https:\/\/bottesetvelo.com\/blog\/?p=4713"},"modified":"2022-01-13T18:20:13","modified_gmt":"2022-01-13T23:20:13","slug":"pour-maimer","status":"publish","type":"post","link":"https:\/\/bottesetvelo.com\/blog\/2022\/01\/14\/pour-maimer\/","title":{"rendered":"Pour m&rsquo;aimer\u2026"},"content":{"rendered":"\n<blockquote class=\"wp-block-quote is-layout-flow wp-block-quote-is-layout-flow\"><p><em>Ma vie c\u2019est moi qui vais la peindre, alors je vais y mettre le feu en ajoutant plein <\/em>de couleurs.<\/p><cite><em>Grand Corps Malade<\/em><\/cite><\/blockquote>\n\n\n\n<div class=\"wp-block-image\"><figure class=\"alignright size-large is-resized\"><img data-recalc-dims=\"1\" loading=\"lazy\" decoding=\"async\" data-attachment-id=\"4717\" data-permalink=\"https:\/\/bottesetvelo.com\/blog\/2022\/01\/14\/pour-maimer\/ressenti-5\/\" data-orig-file=\"https:\/\/i0.wp.com\/bottesetvelo.com\/blog\/wp-content\/uploads\/2022\/01\/ressenti-5-1076x727.jpg?fit=1076%2C727&amp;ssl=1\" data-orig-size=\"1076,727\" data-comments-opened=\"1\" data-image-meta=\"{&quot;aperture&quot;:&quot;0&quot;,&quot;credit&quot;:&quot;&quot;,&quot;camera&quot;:&quot;&quot;,&quot;caption&quot;:&quot;&quot;,&quot;created_timestamp&quot;:&quot;0&quot;,&quot;copyright&quot;:&quot;&quot;,&quot;focal_length&quot;:&quot;0&quot;,&quot;iso&quot;:&quot;0&quot;,&quot;shutter_speed&quot;:&quot;0&quot;,&quot;title&quot;:&quot;&quot;,&quot;orientation&quot;:&quot;0&quot;}\" data-image-title=\"ressenti-5\" data-image-description=\"\" data-image-caption=\"\" data-large-file=\"https:\/\/i0.wp.com\/bottesetvelo.com\/blog\/wp-content\/uploads\/2022\/01\/ressenti-5-1076x727.jpg?fit=1024%2C692&amp;ssl=1\" src=\"https:\/\/i0.wp.com\/bottesetvelo.com\/blog\/wp-content\/uploads\/2022\/01\/ressenti-5.jpg?resize=301%2C203&#038;ssl=1\" alt=\"\" class=\"wp-image-4717\" width=\"301\" height=\"203\" srcset=\"https:\/\/i0.wp.com\/bottesetvelo.com\/blog\/wp-content\/uploads\/2022\/01\/ressenti-5-1076x727.jpg?resize=1024%2C692&amp;ssl=1 1024w, https:\/\/i0.wp.com\/bottesetvelo.com\/blog\/wp-content\/uploads\/2022\/01\/ressenti-5-1076x727.jpg?resize=500%2C338&amp;ssl=1 500w, https:\/\/i0.wp.com\/bottesetvelo.com\/blog\/wp-content\/uploads\/2022\/01\/ressenti-5-1076x727.jpg?resize=768%2C519&amp;ssl=1 768w, https:\/\/i0.wp.com\/bottesetvelo.com\/blog\/wp-content\/uploads\/2022\/01\/ressenti-5-1076x727.jpg?resize=1076%2C727&amp;ssl=1 1076w\" sizes=\"auto, (max-width: 301px) 100vw, 301px\" \/><\/figure><\/div>\n\n\n\n<div class=\"wp-block-group\"><div class=\"wp-block-group__inner-container is-layout-flow wp-block-group-is-layout-flow\">\n<div class=\"wp-block-group\"><div class=\"wp-block-group__inner-container is-layout-flow wp-block-group-is-layout-flow\">\n<p>P\u00e8lerine, sur le long chemin de la vie,<\/p>\n\n\n\n<p>J\u2019ai longtemps cherch\u00e9 \u00e0 marcher au rythme et dans les pas des autres.<\/p>\n\n\n\n<p>Par crainte d\u2019\u00eatre jug\u00e9e, marginalis\u00e9e, stigmatis\u00e9e,<\/p>\n\n\n\n<p>Je me suis travestie.<\/p>\n\n\n\n<p>Infid\u00e8le \u00e0 moi-m\u00eame, j\u2019ai tent\u00e9 de convenir, de me fondre dans la foule,<\/p>\n\n\n\n<p>Pour faire partie, \u00eatre reconnue, et me sentir aim\u00e9e.<\/p>\n\n\n\n<p>Habile cam\u00e9l\u00e9on, je me suis confondue.<\/p>\n\n\n\n<p>Pour appartenir et \u00eatre accept\u00e9e des autres, j\u2019ai reni\u00e9 mes couleurs fondamentales.<\/p>\n\n\n\n<div class=\"wp-block-image\"><figure class=\"alignleft size-full is-resized\"><img data-recalc-dims=\"1\" loading=\"lazy\" decoding=\"async\" data-attachment-id=\"4718\" data-permalink=\"https:\/\/bottesetvelo.com\/blog\/2022\/01\/14\/pour-maimer\/chemin\/\" data-orig-file=\"https:\/\/i0.wp.com\/bottesetvelo.com\/blog\/wp-content\/uploads\/2022\/01\/chemin-476x635.jpg?fit=476%2C635&amp;ssl=1\" data-orig-size=\"476,635\" data-comments-opened=\"1\" data-image-meta=\"{&quot;aperture&quot;:&quot;0&quot;,&quot;credit&quot;:&quot;&quot;,&quot;camera&quot;:&quot;&quot;,&quot;caption&quot;:&quot;&quot;,&quot;created_timestamp&quot;:&quot;0&quot;,&quot;copyright&quot;:&quot;&quot;,&quot;focal_length&quot;:&quot;0&quot;,&quot;iso&quot;:&quot;0&quot;,&quot;shutter_speed&quot;:&quot;0&quot;,&quot;title&quot;:&quot;&quot;,&quot;orientation&quot;:&quot;0&quot;}\" data-image-title=\"chemin\" data-image-description=\"\" data-image-caption=\"\" data-large-file=\"https:\/\/i0.wp.com\/bottesetvelo.com\/blog\/wp-content\/uploads\/2022\/01\/chemin-476x635.jpg?fit=476%2C635&amp;ssl=1\" src=\"https:\/\/i0.wp.com\/bottesetvelo.com\/blog\/wp-content\/uploads\/2022\/01\/chemin.jpg?resize=302%2C403&#038;ssl=1\" alt=\"\" class=\"wp-image-4718\" width=\"302\" height=\"403\" srcset=\"https:\/\/i0.wp.com\/bottesetvelo.com\/blog\/wp-content\/uploads\/2022\/01\/chemin-476x635.jpg?resize=476%2C635&amp;ssl=1 476w, https:\/\/i0.wp.com\/bottesetvelo.com\/blog\/wp-content\/uploads\/2022\/01\/chemin-476x635.jpg?resize=375%2C500&amp;ssl=1 375w\" sizes=\"auto, (max-width: 302px) 100vw, 302px\" \/><\/figure><\/div>\n<\/div><\/div>\n<\/div><\/div>\n\n\n\n<div class=\"wp-block-group\"><div class=\"wp-block-group__inner-container is-layout-flow wp-block-group-is-layout-flow\">\n<div class=\"wp-block-group\"><div class=\"wp-block-group__inner-container is-layout-flow wp-block-group-is-layout-flow\">\n<p>P\u00e8lerine, sur le dur chemin de la vie,<\/p>\n\n\n\n<p>Je me suis bless\u00e9e, perdue, \u00e9puis\u00e9e.<\/p>\n\n\n\n<p>Arriv\u00e9e au bout de mes d\u00e9ceptions,<\/p>\n\n\n\n<p>Habit\u00e9e par ce lancinant sentiment d\u2019incompl\u00e9tude,<\/p>\n\n\n\n<p>D\u00e9sireuse de mordre enfin dans une vie rassasiante,<\/p>\n\n\n\n<p>Et, m\u00fbrie par les exp\u00e9riences travers\u00e9es,<\/p>\n\n\n\n<p>J\u2019ai d\u00e9cid\u00e9 de m\u2019\u00e9couter,<\/p>\n\n\n\n<p>D\u2019\u00eatre plus attentive \u00e0 cette petite voix int\u00e9rieure,<\/p>\n\n\n\n<p>Pour prendre ma place sur la route, celle qui me revient,<\/p>\n\n\n\n<p>Pour suivre la voie qui se trace \u00e0 moi, celle qui me correspond,<\/p>\n\n\n\n<p>Pour \u00eatre mieux dans ma peau, plus en paix dans mes pens\u00e9es, plus en harmonie et en \u00e9quilibre dans tout mon \u00eatre.<\/p>\n\n\n\n<p>Pour m\u2019aimer.<\/p>\n\n\n\n<div class=\"wp-block-image\"><figure class=\"alignright size-large is-resized\"><img data-recalc-dims=\"1\" loading=\"lazy\" decoding=\"async\" data-attachment-id=\"4721\" data-permalink=\"https:\/\/bottesetvelo.com\/blog\/2022\/01\/14\/pour-maimer\/arbre\/\" data-orig-file=\"https:\/\/i0.wp.com\/bottesetvelo.com\/blog\/wp-content\/uploads\/2022\/01\/arbre-1079x1341.jpg?fit=1079%2C1341&amp;ssl=1\" data-orig-size=\"1079,1341\" data-comments-opened=\"1\" data-image-meta=\"{&quot;aperture&quot;:&quot;0&quot;,&quot;credit&quot;:&quot;&quot;,&quot;camera&quot;:&quot;&quot;,&quot;caption&quot;:&quot;&quot;,&quot;created_timestamp&quot;:&quot;0&quot;,&quot;copyright&quot;:&quot;&quot;,&quot;focal_length&quot;:&quot;0&quot;,&quot;iso&quot;:&quot;0&quot;,&quot;shutter_speed&quot;:&quot;0&quot;,&quot;title&quot;:&quot;&quot;,&quot;orientation&quot;:&quot;0&quot;}\" data-image-title=\"arbre\" data-image-description=\"\" data-image-caption=\"\" data-large-file=\"https:\/\/i0.wp.com\/bottesetvelo.com\/blog\/wp-content\/uploads\/2022\/01\/arbre-1079x1341.jpg?fit=824%2C1024&amp;ssl=1\" src=\"https:\/\/i0.wp.com\/bottesetvelo.com\/blog\/wp-content\/uploads\/2022\/01\/arbre.jpg?resize=322%2C401&#038;ssl=1\" alt=\"\" class=\"wp-image-4721\" width=\"322\" height=\"401\" srcset=\"https:\/\/i0.wp.com\/bottesetvelo.com\/blog\/wp-content\/uploads\/2022\/01\/arbre-1079x1341.jpg?resize=824%2C1024&amp;ssl=1 824w, https:\/\/i0.wp.com\/bottesetvelo.com\/blog\/wp-content\/uploads\/2022\/01\/arbre-1079x1341.jpg?resize=402%2C500&amp;ssl=1 402w, https:\/\/i0.wp.com\/bottesetvelo.com\/blog\/wp-content\/uploads\/2022\/01\/arbre-1079x1341.jpg?resize=768%2C954&amp;ssl=1 768w, https:\/\/i0.wp.com\/bottesetvelo.com\/blog\/wp-content\/uploads\/2022\/01\/arbre-1079x1341.jpg?resize=1079%2C1341&amp;ssl=1 1079w\" sizes=\"auto, (max-width: 322px) 100vw, 322px\" \/><\/figure><\/div>\n<\/div><\/div>\n<\/div><\/div>\n\n\n\n<div class=\"wp-block-group\"><div class=\"wp-block-group__inner-container is-layout-flow wp-block-group-is-layout-flow\">\n<div class=\"wp-block-group\"><div class=\"wp-block-group__inner-container is-layout-flow wp-block-group-is-layout-flow\">\n<p>P\u00e8lerine, sur le beau chemin de la vie,<\/p>\n\n\n\n<p>J\u2019ai appris \u00e0 trouver les r\u00e9ponses, non plus autour ou \u00e0 l\u2019ext\u00e9rieur de moi, mais au dedans de moi.<\/p>\n\n\n\n<p>Je me suis alors sentie plus l\u00e9g\u00e8re.<\/p>\n\n\n\n<p>La route m\u2019a sembl\u00e9 plus facile,<\/p>\n\n\n\n<p>Les rencontres plus savoureuses encore.<\/p>\n\n\n\n<p>Diff\u00e9rente et imparfaite entour\u00e9e des tous ces autres diff\u00e9rents et imparfaits eux aussi,<\/p>\n\n\n\n<p>Ma singularit\u00e9 s\u2019est ajout\u00e9e \u00e0 la mosa\u00efque collective.<\/p>\n\n\n\n<p>Elle est ma touche personnelle, ma contribution, ma qualit\u00e9, ma force que j\u2019offre spontan\u00e9ment aux autres.<\/p>\n\n\n\n<p>Avec joie et sans effort, je suis et de ce fait, sans le savoir, je donne.<\/p>\n<\/div><\/div>\n<\/div><\/div>\n\n\n\n<div class=\"wp-block-group\"><div class=\"wp-block-group__inner-container is-layout-flow wp-block-group-is-layout-flow\">\n<div class=\"wp-block-group\"><div class=\"wp-block-group__inner-container is-layout-flow wp-block-group-is-layout-flow\">\n<p>P\u00e8lerine, parmi tous les p\u00e8lerins de la vie,<\/p>\n\n\n\n<p>J\u2019ai appris, et j\u2019ai pris plaisir, \u00e0 \u00eatre libre d\u2019\u00eatre celle que je suis.<\/p>\n<\/div><\/div>\n<\/div><\/div>\n\n\n\n<p>Brigitte Harouni<\/p>\n\n\n\n<div class=\"wp-block-image\"><figure class=\"alignright size-full is-resized\"><img data-recalc-dims=\"1\" loading=\"lazy\" decoding=\"async\" data-attachment-id=\"4389\" data-permalink=\"https:\/\/bottesetvelo.com\/blog\/2021\/03\/15\/marcher-parler-ecouter-lexercice-pelerin\/bottes-et-velo-embleme-2\/\" data-orig-file=\"https:\/\/i0.wp.com\/bottesetvelo.com\/blog\/wp-content\/uploads\/2021\/03\/Bottes-et-Velo-Embleme.jpg?fit=398%2C314&amp;ssl=1\" data-orig-size=\"398,314\" data-comments-opened=\"1\" data-image-meta=\"{&quot;aperture&quot;:&quot;0&quot;,&quot;credit&quot;:&quot;&quot;,&quot;camera&quot;:&quot;&quot;,&quot;caption&quot;:&quot;&quot;,&quot;created_timestamp&quot;:&quot;0&quot;,&quot;copyright&quot;:&quot;&quot;,&quot;focal_length&quot;:&quot;0&quot;,&quot;iso&quot;:&quot;0&quot;,&quot;shutter_speed&quot;:&quot;0&quot;,&quot;title&quot;:&quot;&quot;,&quot;orientation&quot;:&quot;0&quot;}\" data-image-title=\"Bottes et V\u00e9lo &amp;#8211; Embl\u00eame\" data-image-description=\"\" data-image-caption=\"\" data-large-file=\"https:\/\/i0.wp.com\/bottesetvelo.com\/blog\/wp-content\/uploads\/2021\/03\/Bottes-et-Velo-Embleme.jpg?fit=398%2C314&amp;ssl=1\" src=\"https:\/\/i0.wp.com\/bottesetvelo.com\/blog\/wp-content\/uploads\/2021\/03\/Bottes-et-Velo-Embleme.jpg?resize=68%2C54&#038;ssl=1\" alt=\"\" class=\"wp-image-4389\" width=\"68\" height=\"54\"\/><\/figure><\/div>\n","protected":false},"excerpt":{"rendered":"<p>Ma vie c\u2019est moi qui vais la peindre, alors je vais y mettre le feu en ajoutant plein de couleurs. Grand Corps Malade P\u00e8lerine, sur le long chemin de la vie, J\u2019ai longtemps cherch\u00e9 \u00e0 marcher au rythme et dans les pas des autres. Par crainte d\u2019\u00eatre jug\u00e9e, marginalis\u00e9e, stigmatis\u00e9e, Je me suis travestie. Infid\u00e8le&hellip;<\/p>\n","protected":false},"author":2,"featured_media":4718,"comment_status":"open","ping_status":"open","sticky":false,"template":"","format":"standard","meta":{"jetpack_post_was_ever_published":false,"_jetpack_newsletter_access":"","_jetpack_dont_email_post_to_subs":false,"_jetpack_newsletter_tier_id":0,"_jetpack_memberships_contains_paywalled_content":false,"_jetpack_memberships_contains_paid_content":false,"footnotes":"","jetpack_publicize_message":"Pour m'aimer\u2026\nP\u00e8lerine, sur le long chemin de la vie,\nJ\u2019ai longtemps cherch\u00e9 \u00e0 #marcher au rythme et dans les pas des autres.\nPar crainte d\u2019\u00eatre jug\u00e9e, marginalis\u00e9e, stigmatis\u00e9e,\nJe me suis travestie.","jetpack_publicize_feature_enabled":true,"jetpack_social_post_already_shared":true,"jetpack_social_options":{"image_generator_settings":{"template":"highway","default_image_id":0,"font":"","enabled":false},"version":2}},"categories":[50,39,171,3,1],"tags":[103,402,635,393,690,689],"class_list":["post-4713","post","type-post","status-publish","format-standard","has-post-thumbnail","hentry","category-art-de-vivre","category-croissance-personnelle","category-pelerinage","category-reflexions","category-uncategorized","tag-bien-etre","tag-difference","tag-etre","tag-liberte","tag-saimer","tag-sentiment-dappartenance"],"jetpack_publicize_connections":[],"jetpack_featured_media_url":"https:\/\/i0.wp.com\/bottesetvelo.com\/blog\/wp-content\/uploads\/2022\/01\/chemin-476x635.jpg?fit=476%2C635&ssl=1","jetpack_shortlink":"https:\/\/wp.me\/p4eY6z-1e1","jetpack_sharing_enabled":true,"jetpack_likes_enabled":true,"jetpack-related-posts":[],"_links":{"self":[{"href":"https:\/\/bottesetvelo.com\/blog\/wp-json\/wp\/v2\/posts\/4713","targetHints":{"allow":["GET"]}}],"collection":[{"href":"https:\/\/bottesetvelo.com\/blog\/wp-json\/wp\/v2\/posts"}],"about":[{"href":"https:\/\/bottesetvelo.com\/blog\/wp-json\/wp\/v2\/types\/post"}],"author":[{"embeddable":true,"href":"https:\/\/bottesetvelo.com\/blog\/wp-json\/wp\/v2\/users\/2"}],"replies":[{"embeddable":true,"href":"https:\/\/bottesetvelo.com\/blog\/wp-json\/wp\/v2\/comments?post=4713"}],"version-history":[{"count":6,"href":"https:\/\/bottesetvelo.com\/blog\/wp-json\/wp\/v2\/posts\/4713\/revisions"}],"predecessor-version":[{"id":4723,"href":"https:\/\/bottesetvelo.com\/blog\/wp-json\/wp\/v2\/posts\/4713\/revisions\/4723"}],"wp:featuredmedia":[{"embeddable":true,"href":"https:\/\/bottesetvelo.com\/blog\/wp-json\/wp\/v2\/media\/4718"}],"wp:attachment":[{"href":"https:\/\/bottesetvelo.com\/blog\/wp-json\/wp\/v2\/media?parent=4713"}],"wp:term":[{"taxonomy":"category","embeddable":true,"href":"https:\/\/bottesetvelo.com\/blog\/wp-json\/wp\/v2\/categories?post=4713"},{"taxonomy":"post_tag","embeddable":true,"href":"https:\/\/bottesetvelo.com\/blog\/wp-json\/wp\/v2\/tags?post=4713"}],"curies":[{"name":"wp","href":"https:\/\/api.w.org\/{rel}","templated":true}]}}