{"id":4684,"date":"2021-12-10T08:20:07","date_gmt":"2021-12-10T13:20:07","guid":{"rendered":"https:\/\/bottesetvelo.com\/blog\/?p=4684"},"modified":"2021-12-10T08:20:07","modified_gmt":"2021-12-10T13:20:07","slug":"instinct-de-vie","status":"publish","type":"post","link":"https:\/\/bottesetvelo.com\/blog\/2021\/12\/10\/instinct-de-vie\/","title":{"rendered":"Instinct de vie"},"content":{"rendered":"\n<blockquote class=\"wp-block-quote is-layout-flow wp-block-quote-is-layout-flow\"><p>Le rassurant de l&rsquo;\u00e9quilibre, c&rsquo;est que rien ne bouge. Le vrai de l&rsquo;\u00e9quilibre, c&rsquo;est qu&rsquo;il suffit d&rsquo;un souffle pour faire tout bouger. <\/p><cite>Julien Gracq<\/cite><\/blockquote>\n\n\n\n<div class=\"wp-block-image\"><figure class=\"alignright size-large is-resized\"><img data-recalc-dims=\"1\" loading=\"lazy\" decoding=\"async\" data-attachment-id=\"4687\" data-permalink=\"https:\/\/bottesetvelo.com\/blog\/2021\/12\/10\/instinct-de-vie\/bird-migration-gee8140882_1920\/\" data-orig-file=\"https:\/\/i0.wp.com\/bottesetvelo.com\/blog\/wp-content\/uploads\/2021\/12\/bird-migration-gee8140882_1920-1920x1279.jpg?fit=1920%2C1279&amp;ssl=1\" data-orig-size=\"1920,1279\" data-comments-opened=\"1\" data-image-meta=\"{&quot;aperture&quot;:&quot;8&quot;,&quot;credit&quot;:&quot;&quot;,&quot;camera&quot;:&quot;Canon EOS 1200D&quot;,&quot;caption&quot;:&quot;&quot;,&quot;created_timestamp&quot;:&quot;0&quot;,&quot;copyright&quot;:&quot;&quot;,&quot;focal_length&quot;:&quot;200&quot;,&quot;iso&quot;:&quot;100&quot;,&quot;shutter_speed&quot;:&quot;0.002&quot;,&quot;title&quot;:&quot;&quot;,&quot;orientation&quot;:&quot;0&quot;}\" data-image-title=\"bird-migration-gee8140882_1920\" data-image-description=\"\" data-image-caption=\"\" data-large-file=\"https:\/\/i0.wp.com\/bottesetvelo.com\/blog\/wp-content\/uploads\/2021\/12\/bird-migration-gee8140882_1920-1920x1279.jpg?fit=1024%2C682&amp;ssl=1\" src=\"https:\/\/i0.wp.com\/bottesetvelo.com\/blog\/wp-content\/uploads\/2021\/12\/bird-migration-gee8140882_1920.jpg?resize=251%2C167&#038;ssl=1\" alt=\"\" class=\"wp-image-4687\" width=\"251\" height=\"167\" srcset=\"https:\/\/i0.wp.com\/bottesetvelo.com\/blog\/wp-content\/uploads\/2021\/12\/bird-migration-gee8140882_1920-1920x1279.jpg?resize=1024%2C682&amp;ssl=1 1024w, https:\/\/i0.wp.com\/bottesetvelo.com\/blog\/wp-content\/uploads\/2021\/12\/bird-migration-gee8140882_1920-1920x1279.jpg?resize=500%2C333&amp;ssl=1 500w, https:\/\/i0.wp.com\/bottesetvelo.com\/blog\/wp-content\/uploads\/2021\/12\/bird-migration-gee8140882_1920-1920x1279.jpg?resize=768%2C512&amp;ssl=1 768w, https:\/\/i0.wp.com\/bottesetvelo.com\/blog\/wp-content\/uploads\/2021\/12\/bird-migration-gee8140882_1920-1920x1279.jpg?resize=1536%2C1023&amp;ssl=1 1536w, https:\/\/i0.wp.com\/bottesetvelo.com\/blog\/wp-content\/uploads\/2021\/12\/bird-migration-gee8140882_1920-1920x1279.jpg?resize=1920%2C1279&amp;ssl=1 1920w\" sizes=\"auto, (max-width: 251px) 100vw, 251px\" \/><\/figure><\/div>\n\n\n\n<p>Tout autour de moi est changement. Le jour, la nuit. Les mar\u00e9es, les saisons. Je regarde passer avec nostalgie les derni\u00e8res formations d\u2019oies blanches dans le ciel. Guid\u00e9es par leur instinct, elles voguent vers un lieu qui leur sera plus favorable. Comme elles, je me sens constamment appel\u00e9e \u00e0 partir. Non pas partir vers un ailleurs, mais bien plut\u00f4t partir pour un autrement. Un autre qui me corresponde davantage.<\/p>\n\n\n\n<p>Du papillon \u00e0 l\u2019\u00e9l\u00e9phant en passant par les plantes, tout \u00eatre vivant vit en \u00e9ternel migrant. Ce qui le pousse \u00e0 se d\u00e9placer? La qu\u00eate d\u2019un espace plus \u00e9panouissant. La recherche d\u2019une vie mieux adapt\u00e9e \u00e0 ses besoins du moment. Je fais partie de cette nature en mouvement.<\/p>\n\n\n\n<div class=\"wp-block-image\"><figure class=\"alignright size-large is-resized\"><img data-recalc-dims=\"1\" loading=\"lazy\" decoding=\"async\" data-attachment-id=\"4689\" data-permalink=\"https:\/\/bottesetvelo.com\/blog\/2021\/12\/10\/instinct-de-vie\/air-cadre-eau\/\" data-orig-file=\"https:\/\/i0.wp.com\/bottesetvelo.com\/blog\/wp-content\/uploads\/2021\/12\/air-cadre-eau-1076x1069.jpg?fit=1076%2C1069&amp;ssl=1\" data-orig-size=\"1076,1069\" data-comments-opened=\"1\" data-image-meta=\"{&quot;aperture&quot;:&quot;0&quot;,&quot;credit&quot;:&quot;&quot;,&quot;camera&quot;:&quot;&quot;,&quot;caption&quot;:&quot;&quot;,&quot;created_timestamp&quot;:&quot;0&quot;,&quot;copyright&quot;:&quot;&quot;,&quot;focal_length&quot;:&quot;0&quot;,&quot;iso&quot;:&quot;0&quot;,&quot;shutter_speed&quot;:&quot;0&quot;,&quot;title&quot;:&quot;&quot;,&quot;orientation&quot;:&quot;0&quot;}\" data-image-title=\"air-cadre-eau\" data-image-description=\"\" data-image-caption=\"\" data-large-file=\"https:\/\/i0.wp.com\/bottesetvelo.com\/blog\/wp-content\/uploads\/2021\/12\/air-cadre-eau-1076x1069.jpg?fit=1024%2C1017&amp;ssl=1\" src=\"https:\/\/i0.wp.com\/bottesetvelo.com\/blog\/wp-content\/uploads\/2021\/12\/air-cadre-eau-1024x1017.jpg?resize=249%2C247&#038;ssl=1\" alt=\"\" class=\"wp-image-4689\" width=\"249\" height=\"247\" srcset=\"https:\/\/i0.wp.com\/bottesetvelo.com\/blog\/wp-content\/uploads\/2021\/12\/air-cadre-eau-1076x1069.jpg?resize=1024%2C1017&amp;ssl=1 1024w, https:\/\/i0.wp.com\/bottesetvelo.com\/blog\/wp-content\/uploads\/2021\/12\/air-cadre-eau-1076x1069.jpg?resize=150%2C150&amp;ssl=1 150w, https:\/\/i0.wp.com\/bottesetvelo.com\/blog\/wp-content\/uploads\/2021\/12\/air-cadre-eau-1076x1069.jpg?resize=500%2C497&amp;ssl=1 500w, https:\/\/i0.wp.com\/bottesetvelo.com\/blog\/wp-content\/uploads\/2021\/12\/air-cadre-eau-1076x1069.jpg?resize=768%2C763&amp;ssl=1 768w, https:\/\/i0.wp.com\/bottesetvelo.com\/blog\/wp-content\/uploads\/2021\/12\/air-cadre-eau-1076x1069.jpg?resize=1076%2C1069&amp;ssl=1 1076w\" sizes=\"auto, (max-width: 249px) 100vw, 249px\" \/><\/figure><\/div>\n\n\n\n<p>Tout en moi est changement. La sant\u00e9, le physique. Les connaissances, les comp\u00e9tences. Que je le veuille ou non, que je le per\u00e7oive ou pas, je baigne dans un univers d\u2019\u00e9ph\u00e9m\u00e9rit\u00e9s. Le temps me fa\u00e7onne et me transforme malgr\u00e9 moi! Je ne suis jamais la m\u00eame. Je n\u2019ai plus les m\u00eames besoins, ni les m\u00eames d\u00e9sirs. Quelle utopie que de croire que le bien-\u00eatre trouv\u00e9 aujourd\u2019hui sera encore tout aussi savoureux dans l\u2019avenir! Comme le p\u00e8lerin, je fais confiance \u00e0 ma route. Je savoure ce qui m\u2019est offert maintenant acceptant qu\u2019il y aura autre chose plus tard, ne sachant ce que ce sera.<\/p>\n\n\n\n<p>Je suis cette goutte d\u2019eau dans le torrent de la vie. Rester sur place est impossible, invivable, voire m\u00eame souffrant. \u00c0 ramer contre le courant, je m\u2019\u00e9puiserais. \u00c0 subir l\u2019in\u00e9vitable du changement, je serais submerg\u00e9e. Je me noierais dans l\u2019absurdit\u00e9 d\u2019une vie incongruente. La p\u00e8lerine en moi vit avec le changement. Elle le d\u00e9sire. Elle a appris \u00e0 naviguer dans cette impermanence des choses qui l\u2019entourent, \u00e0 l\u2019\u00e9coute de ce qui donnerait plus de vie \u00e0 sa vie. C\u2019est elle qui m\u2019accompagne dans tous ces petits deuils d\u2019un pass\u00e9 r\u00e9volu, et m\u2019ouvre avec confiance aux possibles d\u2019un avenir meilleur.<\/p>\n\n\n\n<div class=\"wp-block-image\"><figure class=\"alignright size-large is-resized\"><img data-recalc-dims=\"1\" loading=\"lazy\" decoding=\"async\" data-attachment-id=\"4690\" data-permalink=\"https:\/\/bottesetvelo.com\/blog\/2021\/12\/10\/instinct-de-vie\/vie-temps\/\" data-orig-file=\"https:\/\/i0.wp.com\/bottesetvelo.com\/blog\/wp-content\/uploads\/2021\/12\/vie-temps-1080x1405.jpg?fit=1080%2C1405&amp;ssl=1\" data-orig-size=\"1080,1405\" data-comments-opened=\"1\" data-image-meta=\"{&quot;aperture&quot;:&quot;0&quot;,&quot;credit&quot;:&quot;&quot;,&quot;camera&quot;:&quot;&quot;,&quot;caption&quot;:&quot;&quot;,&quot;created_timestamp&quot;:&quot;0&quot;,&quot;copyright&quot;:&quot;&quot;,&quot;focal_length&quot;:&quot;0&quot;,&quot;iso&quot;:&quot;0&quot;,&quot;shutter_speed&quot;:&quot;0&quot;,&quot;title&quot;:&quot;&quot;,&quot;orientation&quot;:&quot;0&quot;}\" data-image-title=\"vie-temps\" data-image-description=\"\" data-image-caption=\"\" data-large-file=\"https:\/\/i0.wp.com\/bottesetvelo.com\/blog\/wp-content\/uploads\/2021\/12\/vie-temps-1080x1405.jpg?fit=787%2C1024&amp;ssl=1\" src=\"https:\/\/i0.wp.com\/bottesetvelo.com\/blog\/wp-content\/uploads\/2021\/12\/vie-temps.jpg?resize=251%2C328&#038;ssl=1\" alt=\"\" class=\"wp-image-4690\" width=\"251\" height=\"328\" srcset=\"https:\/\/i0.wp.com\/bottesetvelo.com\/blog\/wp-content\/uploads\/2021\/12\/vie-temps-1080x1405.jpg?resize=787%2C1024&amp;ssl=1 787w, https:\/\/i0.wp.com\/bottesetvelo.com\/blog\/wp-content\/uploads\/2021\/12\/vie-temps-1080x1405.jpg?resize=384%2C500&amp;ssl=1 384w, https:\/\/i0.wp.com\/bottesetvelo.com\/blog\/wp-content\/uploads\/2021\/12\/vie-temps-1080x1405.jpg?resize=1080%2C1405&amp;ssl=1 1080w\" sizes=\"auto, (max-width: 251px) 100vw, 251px\" \/><\/figure><\/div>\n\n\n\n<p>Avez-vous d\u00e9j\u00e0 observ\u00e9 cette fleur qui s\u2019\u00e9tire pour recevoir plus de soleil? Cet arbre dont les racines percent le roc? Comme cet oiseau qui d\u00e9cide de casser sa coquille, tout changement prend son sens dans le d\u00e9sir d\u2019une vie riche et nourrissante, dans l\u2019aspiration \u00e0 un terreau plus fertile. De cette promesse nait le mouvement et la d\u00e9termination qui permettra de traverser les \u00e9cueils et les turbulences du voyage.<\/p>\n\n\n\n<p>Je suis nomade dans l\u2019\u00e2me. Je ne reste pas dans l\u2019insatisfaction. Je m\u2019arr\u00eate. J\u2019\u00e9coute. Puis, je migre. Parfois la route sera longue et accident\u00e9e avant la prochaine escale. Parfois elle sera douce et facile \u00e0 suivre. Mais peu m\u2019importe, car je sais que je me mets en marche vers toujours un peu mieux pour la nouvelle personne que je suis devenue. Je quitte sans regrets, gardant un sentiment agr\u00e9able de ce pass\u00e9, consciente qu\u2019un meilleur m\u2019attend plus loin. Je recherche cet \u00e9quilibre int\u00e9rieur qui a bon go\u00fbt. Et c\u2019est la sensation de d\u00e9s\u00e9quilibre qui m\u2019indique que le temps est venu pour moi de me mettre en chemin. Tout est une question d\u2019oreille interne!<\/p>\n\n\n\n<div class=\"wp-block-image\"><figure class=\"alignright size-full is-resized\"><img data-recalc-dims=\"1\" loading=\"lazy\" decoding=\"async\" data-attachment-id=\"4389\" data-permalink=\"https:\/\/bottesetvelo.com\/blog\/2021\/03\/15\/marcher-parler-ecouter-lexercice-pelerin\/bottes-et-velo-embleme-2\/\" data-orig-file=\"https:\/\/i0.wp.com\/bottesetvelo.com\/blog\/wp-content\/uploads\/2021\/03\/Bottes-et-Velo-Embleme.jpg?fit=398%2C314&amp;ssl=1\" data-orig-size=\"398,314\" data-comments-opened=\"1\" data-image-meta=\"{&quot;aperture&quot;:&quot;0&quot;,&quot;credit&quot;:&quot;&quot;,&quot;camera&quot;:&quot;&quot;,&quot;caption&quot;:&quot;&quot;,&quot;created_timestamp&quot;:&quot;0&quot;,&quot;copyright&quot;:&quot;&quot;,&quot;focal_length&quot;:&quot;0&quot;,&quot;iso&quot;:&quot;0&quot;,&quot;shutter_speed&quot;:&quot;0&quot;,&quot;title&quot;:&quot;&quot;,&quot;orientation&quot;:&quot;0&quot;}\" data-image-title=\"Bottes et V\u00e9lo &amp;#8211; Embl\u00eame\" data-image-description=\"\" data-image-caption=\"\" data-large-file=\"https:\/\/i0.wp.com\/bottesetvelo.com\/blog\/wp-content\/uploads\/2021\/03\/Bottes-et-Velo-Embleme.jpg?fit=398%2C314&amp;ssl=1\" src=\"https:\/\/i0.wp.com\/bottesetvelo.com\/blog\/wp-content\/uploads\/2021\/03\/Bottes-et-Velo-Embleme.jpg?resize=58%2C46&#038;ssl=1\" alt=\"\" class=\"wp-image-4389\" width=\"58\" height=\"46\"\/><\/figure><\/div>\n\n\n\n<p>Brigitte Harouni<\/p>\n","protected":false},"excerpt":{"rendered":"<p>Le rassurant de l&rsquo;\u00e9quilibre, c&rsquo;est que rien ne bouge. Le vrai de l&rsquo;\u00e9quilibre, c&rsquo;est qu&rsquo;il suffit d&rsquo;un souffle pour faire tout bouger. Julien Gracq Tout autour de moi est changement. Le jour, la nuit. Les mar\u00e9es, les saisons. Je regarde passer avec nostalgie les derni\u00e8res formations d\u2019oies blanches dans le ciel. Guid\u00e9es par leur instinct,&hellip;<\/p>\n","protected":false},"author":2,"featured_media":4694,"comment_status":"open","ping_status":"open","sticky":false,"template":"","format":"standard","meta":{"jetpack_post_was_ever_published":false,"_jetpack_newsletter_access":"","_jetpack_dont_email_post_to_subs":false,"_jetpack_newsletter_tier_id":0,"_jetpack_memberships_contains_paywalled_content":false,"_jetpack_memberships_contains_paid_content":false,"footnotes":"","jetpack_publicize_message":"Instinct de vie\nTout autour de moi est changement. Le jour, la nuit. Les mar\u00e9es, les saisons. Je regarde passer avec nostalgie les derni\u00e8res formations d\u2019oies blanches dans le ciel. Guid\u00e9es par leur instinct, elles voguent vers un lieu favorable...","jetpack_publicize_feature_enabled":true,"jetpack_social_post_already_shared":true,"jetpack_social_options":{"image_generator_settings":{"template":"highway","default_image_id":0,"font":"","enabled":false},"version":2}},"categories":[50,379,39,3,381],"tags":[684,103,169,524,683,84],"class_list":["post-4684","post","type-post","status-publish","format-standard","has-post-thumbnail","hentry","category-art-de-vivre","category-chemin-de-transformation","category-croissance-personnelle","category-reflexions","category-transformation","tag-adapter","tag-bien-etre","tag-changement","tag-changer","tag-coherence","tag-vie"],"jetpack_publicize_connections":[],"jetpack_featured_media_url":"https:\/\/i0.wp.com\/bottesetvelo.com\/blog\/wp-content\/uploads\/2021\/12\/landscape-gcddfad9a1_1920-1920x1279.jpg?fit=1920%2C1279&ssl=1","jetpack_shortlink":"https:\/\/wp.me\/p4eY6z-1dy","jetpack_sharing_enabled":true,"jetpack_likes_enabled":true,"jetpack-related-posts":[],"_links":{"self":[{"href":"https:\/\/bottesetvelo.com\/blog\/wp-json\/wp\/v2\/posts\/4684","targetHints":{"allow":["GET"]}}],"collection":[{"href":"https:\/\/bottesetvelo.com\/blog\/wp-json\/wp\/v2\/posts"}],"about":[{"href":"https:\/\/bottesetvelo.com\/blog\/wp-json\/wp\/v2\/types\/post"}],"author":[{"embeddable":true,"href":"https:\/\/bottesetvelo.com\/blog\/wp-json\/wp\/v2\/users\/2"}],"replies":[{"embeddable":true,"href":"https:\/\/bottesetvelo.com\/blog\/wp-json\/wp\/v2\/comments?post=4684"}],"version-history":[{"count":4,"href":"https:\/\/bottesetvelo.com\/blog\/wp-json\/wp\/v2\/posts\/4684\/revisions"}],"predecessor-version":[{"id":4693,"href":"https:\/\/bottesetvelo.com\/blog\/wp-json\/wp\/v2\/posts\/4684\/revisions\/4693"}],"wp:featuredmedia":[{"embeddable":true,"href":"https:\/\/bottesetvelo.com\/blog\/wp-json\/wp\/v2\/media\/4694"}],"wp:attachment":[{"href":"https:\/\/bottesetvelo.com\/blog\/wp-json\/wp\/v2\/media?parent=4684"}],"wp:term":[{"taxonomy":"category","embeddable":true,"href":"https:\/\/bottesetvelo.com\/blog\/wp-json\/wp\/v2\/categories?post=4684"},{"taxonomy":"post_tag","embeddable":true,"href":"https:\/\/bottesetvelo.com\/blog\/wp-json\/wp\/v2\/tags?post=4684"}],"curies":[{"name":"wp","href":"https:\/\/api.w.org\/{rel}","templated":true}]}}