{"id":4667,"date":"2021-11-26T15:33:20","date_gmt":"2021-11-26T20:33:20","guid":{"rendered":"https:\/\/bottesetvelo.com\/blog\/?p=4667"},"modified":"2021-11-26T15:41:07","modified_gmt":"2021-11-26T20:41:07","slug":"heureux-le-temps-dun-chemin","status":"publish","type":"post","link":"https:\/\/bottesetvelo.com\/blog\/2021\/11\/26\/heureux-le-temps-dun-chemin\/","title":{"rendered":"Heureux le temps d\u2019un chemin"},"content":{"rendered":"\n<p><\/p>\n\n\n\n<p class=\"has-drop-cap\">L\u2019exp\u00e9rience du p\u00e8lerinage compostellan procure un sentiment de joie et de bien-\u00eatre dont plusieurs r\u00e9cits rendent compte. Aussi, malgr\u00e9 les difficult\u00e9s, marcheurs et marcheuses se laissent-ils prendre par un <em>quelque chose<\/em> qui les d\u00e9passe et fonde l\u2019exp\u00e9rience p\u00e8lerine. <em>Quelque chose<\/em> qui se met en place sous l\u2019action de la marche, provoqu\u00e9 par le mouvement et le temps, comme si l\u2019humain trouvait sa raison d\u2019\u00eatre dans ce d\u00e9placement; le sentiment d\u2019\u00eatre en marche vers <em>quelque chose<\/em> qui l\u2019habite profond\u00e9ment.<\/p>\n\n\n\n<div class=\"wp-block-image\"><figure class=\"alignright size-large is-resized\"><img data-recalc-dims=\"1\" loading=\"lazy\" decoding=\"async\" data-attachment-id=\"4669\" data-permalink=\"https:\/\/bottesetvelo.com\/blog\/2021\/11\/26\/heureux-le-temps-dun-chemin\/2019-07-05-09-43-43\/\" data-orig-file=\"https:\/\/i0.wp.com\/bottesetvelo.com\/blog\/wp-content\/uploads\/2021\/11\/2019-07-05-09.43.43.jpg?fit=4608%2C2240&amp;ssl=1\" data-orig-size=\"4608,2240\" data-comments-opened=\"1\" data-image-meta=\"{&quot;aperture&quot;:&quot;1.7&quot;,&quot;credit&quot;:&quot;&quot;,&quot;camera&quot;:&quot;SM-A530W&quot;,&quot;caption&quot;:&quot;&quot;,&quot;created_timestamp&quot;:&quot;1562319823&quot;,&quot;copyright&quot;:&quot;&quot;,&quot;focal_length&quot;:&quot;3.93&quot;,&quot;iso&quot;:&quot;40&quot;,&quot;shutter_speed&quot;:&quot;0.00418410041841&quot;,&quot;title&quot;:&quot;&quot;,&quot;orientation&quot;:&quot;1&quot;}\" data-image-title=\"2019-07-05-09.43.43\" data-image-description=\"\" data-image-caption=\"\" data-large-file=\"https:\/\/i0.wp.com\/bottesetvelo.com\/blog\/wp-content\/uploads\/2021\/11\/2019-07-05-09.43.43.jpg?fit=1024%2C498&amp;ssl=1\" src=\"https:\/\/i0.wp.com\/bottesetvelo.com\/blog\/wp-content\/uploads\/2021\/11\/2019-07-05-09.43.43.jpg?resize=350%2C170&#038;ssl=1\" alt=\"\" class=\"wp-image-4669\" width=\"350\" height=\"170\" srcset=\"https:\/\/i0.wp.com\/bottesetvelo.com\/blog\/wp-content\/uploads\/2021\/11\/2019-07-05-09.43.43.jpg?resize=1024%2C498&amp;ssl=1 1024w, https:\/\/i0.wp.com\/bottesetvelo.com\/blog\/wp-content\/uploads\/2021\/11\/2019-07-05-09.43.43.jpg?resize=500%2C243&amp;ssl=1 500w, https:\/\/i0.wp.com\/bottesetvelo.com\/blog\/wp-content\/uploads\/2021\/11\/2019-07-05-09.43.43.jpg?resize=768%2C373&amp;ssl=1 768w, https:\/\/i0.wp.com\/bottesetvelo.com\/blog\/wp-content\/uploads\/2021\/11\/2019-07-05-09.43.43.jpg?resize=1536%2C747&amp;ssl=1 1536w, https:\/\/i0.wp.com\/bottesetvelo.com\/blog\/wp-content\/uploads\/2021\/11\/2019-07-05-09.43.43.jpg?resize=2048%2C996&amp;ssl=1 2048w, https:\/\/i0.wp.com\/bottesetvelo.com\/blog\/wp-content\/uploads\/2021\/11\/2019-07-05-09.43.43.jpg?w=2340&amp;ssl=1 2340w, https:\/\/i0.wp.com\/bottesetvelo.com\/blog\/wp-content\/uploads\/2021\/11\/2019-07-05-09.43.43.jpg?w=3510&amp;ssl=1 3510w\" sizes=\"auto, (max-width: 350px) 100vw, 350px\" \/><\/figure><\/div>\n\n\n\n<p>Comme le disait cet homme dans la bande-annonce du film\u00a0de Richard Gravel, <a href=\"https:\/\/vimeo.com\/155428582\"><em>4,1 km heure sur les chemins de Compostelle<\/em>\u00a0<\/a>: \u00ab\u00a0 Lorsque je vais sur le chemin de Compostelle, je suis heureux! Demandez-moi pas pourquoi, je suis heureux!\u00a0\u00bb. Derri\u00e8re cette simple phrase, qui fait sans doute hocher de la t\u00eate les exp\u00e9riment\u00e9s du chemin \u2013 car ce sentiment est bien r\u00e9el, se cache pourtant le drame de Compostelle. En effet, cette mani\u00e8re de dire laisse entendre combien, pour certaine personne, l\u2019\u00e9tat de joie et de bien-\u00eatre exp\u00e9riment\u00e9 en route n\u2019est accessible que sur le chemin. Comme qui dirait\u00a0: \u00ab\u00a0Hors du chemin, point de salut!\u00a0\u00bb.<\/p>\n\n\n\n<div class=\"wp-block-image\"><figure class=\"alignright size-large is-resized\"><img data-recalc-dims=\"1\" loading=\"lazy\" decoding=\"async\" data-attachment-id=\"4670\" data-permalink=\"https:\/\/bottesetvelo.com\/blog\/2021\/11\/26\/heureux-le-temps-dun-chemin\/2019-07-06-07-19-19\/\" data-orig-file=\"https:\/\/i0.wp.com\/bottesetvelo.com\/blog\/wp-content\/uploads\/2021\/11\/2019-07-06-07.19.19.jpg?fit=4032%2C1960&amp;ssl=1\" data-orig-size=\"4032,1960\" data-comments-opened=\"1\" data-image-meta=\"{&quot;aperture&quot;:&quot;1.7&quot;,&quot;credit&quot;:&quot;&quot;,&quot;camera&quot;:&quot;SM-G950W&quot;,&quot;caption&quot;:&quot;&quot;,&quot;created_timestamp&quot;:&quot;1562397559&quot;,&quot;copyright&quot;:&quot;&quot;,&quot;focal_length&quot;:&quot;4.25&quot;,&quot;iso&quot;:&quot;50&quot;,&quot;shutter_speed&quot;:&quot;0.0012987012987013&quot;,&quot;title&quot;:&quot;&quot;,&quot;orientation&quot;:&quot;1&quot;}\" data-image-title=\"2019-07-06 07.19.19\" data-image-description=\"\" data-image-caption=\"\" data-large-file=\"https:\/\/i0.wp.com\/bottesetvelo.com\/blog\/wp-content\/uploads\/2021\/11\/2019-07-06-07.19.19.jpg?fit=1024%2C498&amp;ssl=1\" src=\"https:\/\/i0.wp.com\/bottesetvelo.com\/blog\/wp-content\/uploads\/2021\/11\/2019-07-06-07.19.19.jpg?resize=350%2C170&#038;ssl=1\" alt=\"\" class=\"wp-image-4670\" width=\"350\" height=\"170\" srcset=\"https:\/\/i0.wp.com\/bottesetvelo.com\/blog\/wp-content\/uploads\/2021\/11\/2019-07-06-07.19.19.jpg?resize=1024%2C498&amp;ssl=1 1024w, https:\/\/i0.wp.com\/bottesetvelo.com\/blog\/wp-content\/uploads\/2021\/11\/2019-07-06-07.19.19.jpg?resize=500%2C243&amp;ssl=1 500w, https:\/\/i0.wp.com\/bottesetvelo.com\/blog\/wp-content\/uploads\/2021\/11\/2019-07-06-07.19.19.jpg?resize=768%2C373&amp;ssl=1 768w, https:\/\/i0.wp.com\/bottesetvelo.com\/blog\/wp-content\/uploads\/2021\/11\/2019-07-06-07.19.19.jpg?resize=1536%2C747&amp;ssl=1 1536w, https:\/\/i0.wp.com\/bottesetvelo.com\/blog\/wp-content\/uploads\/2021\/11\/2019-07-06-07.19.19.jpg?resize=2048%2C996&amp;ssl=1 2048w, https:\/\/i0.wp.com\/bottesetvelo.com\/blog\/wp-content\/uploads\/2021\/11\/2019-07-06-07.19.19.jpg?w=2340&amp;ssl=1 2340w, https:\/\/i0.wp.com\/bottesetvelo.com\/blog\/wp-content\/uploads\/2021\/11\/2019-07-06-07.19.19.jpg?w=3510&amp;ssl=1 3510w\" sizes=\"auto, (max-width: 350px) 100vw, 350px\" \/><\/figure><\/div>\n\n\n\n<p>L\u2019exp\u00e9rience p\u00e8lerine se r\u00e9v\u00e8le \u00eatre un temps particulier que bien des recherches ont mis en \u00e9vidence. Sa rupture avec les obligations du quotidien, un rapport au temps diff\u00e9rent, des liens sociaux plus nourrissants, font partie des \u00e9l\u00e9ments faisant de Compostelle un moment savoureux. Car, comme le dit l\u2019homme de la bande-annonce&nbsp;: \u00ab&nbsp;Lorsque je vais sur le chemin de Compostelle,&nbsp;je suis heureux!&nbsp;\u00bb. La joie du chemin est incontestable et ce qui rend heureux, c\u2019est de vivre \u00e0 la mani\u00e8re compostellane. Mais, Compostelle n\u2019est pas partout et l\u2019individu qui exp\u00e9rimente cet art de vivre, en route, s\u2019en trouve d\u00e9poss\u00e9der \u00e0 son retour. C\u2019est souvent ce qui provoque le <em>blues du p\u00e8lerin<\/em>, ou ce que nous appelons le <em>postpartum p\u00e8lerin<\/em>. Car comme pour un accouchement, il y a du neuf qui est n\u00e9 de cette exp\u00e9rience et ne pas l\u2019int\u00e9grer dans sa vie, le laisser sur le chemin, en revient \u00e0 rentrer \u00e0 la maison en laissant le b\u00e9b\u00e9 \u00e0 l\u2019h\u00f4pital.<\/p>\n\n\n\n<div class=\"wp-block-image\"><figure class=\"alignright size-large is-resized\"><img data-recalc-dims=\"1\" loading=\"lazy\" decoding=\"async\" data-attachment-id=\"4673\" data-permalink=\"https:\/\/bottesetvelo.com\/blog\/2021\/11\/26\/heureux-le-temps-dun-chemin\/2019-07-16-11-17-19\/\" data-orig-file=\"https:\/\/i0.wp.com\/bottesetvelo.com\/blog\/wp-content\/uploads\/2021\/11\/2019-07-16-11.17.19.jpg?fit=3530%2C1717&amp;ssl=1\" data-orig-size=\"3530,1717\" data-comments-opened=\"1\" data-image-meta=\"{&quot;aperture&quot;:&quot;1.7&quot;,&quot;credit&quot;:&quot;&quot;,&quot;camera&quot;:&quot;SM-A530W&quot;,&quot;caption&quot;:&quot;&quot;,&quot;created_timestamp&quot;:&quot;1563275839&quot;,&quot;copyright&quot;:&quot;&quot;,&quot;focal_length&quot;:&quot;3.93&quot;,&quot;iso&quot;:&quot;40&quot;,&quot;shutter_speed&quot;:&quot;0.00040192926045016&quot;,&quot;title&quot;:&quot;&quot;,&quot;orientation&quot;:&quot;1&quot;}\" data-image-title=\"2019-07-16-11.17.19\" data-image-description=\"\" data-image-caption=\"\" data-large-file=\"https:\/\/i0.wp.com\/bottesetvelo.com\/blog\/wp-content\/uploads\/2021\/11\/2019-07-16-11.17.19.jpg?fit=1024%2C498&amp;ssl=1\" src=\"https:\/\/i0.wp.com\/bottesetvelo.com\/blog\/wp-content\/uploads\/2021\/11\/2019-07-16-11.17.19.jpg?resize=350%2C169&#038;ssl=1\" alt=\"\" class=\"wp-image-4673\" width=\"350\" height=\"169\" srcset=\"https:\/\/i0.wp.com\/bottesetvelo.com\/blog\/wp-content\/uploads\/2021\/11\/2019-07-16-11.17.19.jpg?resize=1024%2C498&amp;ssl=1 1024w, https:\/\/i0.wp.com\/bottesetvelo.com\/blog\/wp-content\/uploads\/2021\/11\/2019-07-16-11.17.19.jpg?resize=500%2C243&amp;ssl=1 500w, https:\/\/i0.wp.com\/bottesetvelo.com\/blog\/wp-content\/uploads\/2021\/11\/2019-07-16-11.17.19.jpg?resize=768%2C374&amp;ssl=1 768w, https:\/\/i0.wp.com\/bottesetvelo.com\/blog\/wp-content\/uploads\/2021\/11\/2019-07-16-11.17.19.jpg?resize=1536%2C747&amp;ssl=1 1536w, https:\/\/i0.wp.com\/bottesetvelo.com\/blog\/wp-content\/uploads\/2021\/11\/2019-07-16-11.17.19.jpg?resize=2048%2C996&amp;ssl=1 2048w, https:\/\/i0.wp.com\/bottesetvelo.com\/blog\/wp-content\/uploads\/2021\/11\/2019-07-16-11.17.19.jpg?w=2340&amp;ssl=1 2340w, https:\/\/i0.wp.com\/bottesetvelo.com\/blog\/wp-content\/uploads\/2021\/11\/2019-07-16-11.17.19.jpg?w=3510&amp;ssl=1 3510w\" sizes=\"auto, (max-width: 350px) 100vw, 350px\" \/><\/figure><\/div>\n\n\n\n<p>Dans la r\u00e9ponse de cet homme se trouve pourtant l\u2019ingr\u00e9dient qui pourrait tout changer et auquel il semble se refuser\u00a0: \u00ab\u00a0Demandez-moi pas pourquoi\u00a0\u00bb. Or, si plusieurs acceptent de raconter leur exp\u00e9rience, comme on raconte une chronique de voyage, bien peu se lancent dans le r\u00e9cit qui fait \u00e9tat du v\u00e9cu, des sentiments \u00e9prouv\u00e9s, de ce que \u00e7a a \u00ab\u00a0brass\u00e9\u00a0\u00bb en eux. L\u2019exp\u00e9rience compostellane passe pourtant par cette r\u00e9solution \u2013 cette gu\u00e9rison \u2013 qui s\u2019op\u00e8re par l\u2019imp\u00e9ratif de dire et de nommer ce qui a eu si bon go\u00fbt. Fermer la porte sur toutes demandes qui invitent \u00e0 nommer ce qui rend heureux, lors d\u2019une telle exp\u00e9rience, en revient \u00e0 refuser de voir ce qui rend malheureux hors du chemin. En refusant de r\u00e9pondre, de simplement faire l\u2019effort de formuler une r\u00e9ponse, se cache le drame du quotidien d\u2019une vie\u00a0qui pointe vers ce que je refuse d\u2019entendre et auquel j\u2019\u00e9chappe le temps d\u2019un chemin.<\/p>\n\n\n\n<div class=\"wp-block-image\"><figure class=\"alignright size-large is-resized\"><img data-recalc-dims=\"1\" loading=\"lazy\" decoding=\"async\" data-attachment-id=\"4671\" data-permalink=\"https:\/\/bottesetvelo.com\/blog\/2021\/11\/26\/heureux-le-temps-dun-chemin\/2019-07-06-09-40-12\/\" data-orig-file=\"https:\/\/i0.wp.com\/bottesetvelo.com\/blog\/wp-content\/uploads\/2021\/11\/2019-07-06-09.40.12.jpg?fit=4608%2C2240&amp;ssl=1\" data-orig-size=\"4608,2240\" data-comments-opened=\"1\" data-image-meta=\"{&quot;aperture&quot;:&quot;1.7&quot;,&quot;credit&quot;:&quot;&quot;,&quot;camera&quot;:&quot;SM-A530W&quot;,&quot;caption&quot;:&quot;&quot;,&quot;created_timestamp&quot;:&quot;1562406012&quot;,&quot;copyright&quot;:&quot;&quot;,&quot;focal_length&quot;:&quot;3.93&quot;,&quot;iso&quot;:&quot;40&quot;,&quot;shutter_speed&quot;:&quot;0.00039093041438624&quot;,&quot;title&quot;:&quot;&quot;,&quot;orientation&quot;:&quot;1&quot;}\" data-image-title=\"2019-07-06-09.40.12\" data-image-description=\"\" data-image-caption=\"\" data-large-file=\"https:\/\/i0.wp.com\/bottesetvelo.com\/blog\/wp-content\/uploads\/2021\/11\/2019-07-06-09.40.12.jpg?fit=1024%2C498&amp;ssl=1\" src=\"https:\/\/i0.wp.com\/bottesetvelo.com\/blog\/wp-content\/uploads\/2021\/11\/2019-07-06-09.40.12.jpg?resize=350%2C169&#038;ssl=1\" alt=\"\" class=\"wp-image-4671\" width=\"350\" height=\"169\" srcset=\"https:\/\/i0.wp.com\/bottesetvelo.com\/blog\/wp-content\/uploads\/2021\/11\/2019-07-06-09.40.12.jpg?resize=1024%2C498&amp;ssl=1 1024w, https:\/\/i0.wp.com\/bottesetvelo.com\/blog\/wp-content\/uploads\/2021\/11\/2019-07-06-09.40.12.jpg?resize=500%2C243&amp;ssl=1 500w, https:\/\/i0.wp.com\/bottesetvelo.com\/blog\/wp-content\/uploads\/2021\/11\/2019-07-06-09.40.12.jpg?resize=768%2C373&amp;ssl=1 768w, https:\/\/i0.wp.com\/bottesetvelo.com\/blog\/wp-content\/uploads\/2021\/11\/2019-07-06-09.40.12.jpg?resize=1536%2C747&amp;ssl=1 1536w, https:\/\/i0.wp.com\/bottesetvelo.com\/blog\/wp-content\/uploads\/2021\/11\/2019-07-06-09.40.12.jpg?resize=2048%2C996&amp;ssl=1 2048w, https:\/\/i0.wp.com\/bottesetvelo.com\/blog\/wp-content\/uploads\/2021\/11\/2019-07-06-09.40.12.jpg?w=2340&amp;ssl=1 2340w, https:\/\/i0.wp.com\/bottesetvelo.com\/blog\/wp-content\/uploads\/2021\/11\/2019-07-06-09.40.12.jpg?w=3510&amp;ssl=1 3510w\" sizes=\"auto, (max-width: 350px) 100vw, 350px\" \/><\/figure><\/div>\n\n\n\n<p>Et si j\u2019acceptais de le voir en face? Si j\u2019acceptais la v\u00e9rit\u00e9 de ma vie? Si j\u2019acceptais de d\u00e9passer la souffrance de cet instant de vuln\u00e9rabilit\u00e9 pour entrer dans la joie durable de cette v\u00e9rit\u00e9&nbsp;: celle qui vibre \u00e0 travers tout mon \u00eatre lorsque je suis lib\u00e9r\u00e9 des contraintes et des conventions auxquelles je m\u2019accroche dans mon quotidien. Si je parvenais \u00e0 nommer et reconnaitre ce qui me rend heureux le temps d\u2019un chemin, je cesserais de me raconter des histoires \u00e0 propos de mon quotidien et la vie serait tellement plus facile. Dans cette reconnaissance, les illusions tombent et le sanctuaire de toute une vie s\u2019illumine pour orienter le chemin quotidien.<\/p>\n\n\n\n<div class=\"wp-block-image\"><figure class=\"alignright size-full\"><img data-recalc-dims=\"1\" loading=\"lazy\" decoding=\"async\" width=\"100\" height=\"79\" data-attachment-id=\"3248\" data-permalink=\"https:\/\/bottesetvelo.com\/blog\/2018\/03\/30\/comme-un-grand-silence\/bottes-et-velo-embleme-3\/\" data-orig-file=\"https:\/\/i0.wp.com\/bottesetvelo.com\/blog\/wp-content\/uploads\/2018\/03\/Bottes-et-V%C3%A9lo-Embl%C3%AAme-1-e1522416719670.png?fit=100%2C79&amp;ssl=1\" data-orig-size=\"100,79\" data-comments-opened=\"1\" data-image-meta=\"{&quot;aperture&quot;:&quot;0&quot;,&quot;credit&quot;:&quot;&quot;,&quot;camera&quot;:&quot;&quot;,&quot;caption&quot;:&quot;&quot;,&quot;created_timestamp&quot;:&quot;0&quot;,&quot;copyright&quot;:&quot;&quot;,&quot;focal_length&quot;:&quot;0&quot;,&quot;iso&quot;:&quot;0&quot;,&quot;shutter_speed&quot;:&quot;0&quot;,&quot;title&quot;:&quot;&quot;,&quot;orientation&quot;:&quot;0&quot;}\" data-image-title=\"Bottes et V\u00e9lo &amp;#8211; Embl\u00eame\" data-image-description=\"\" data-image-caption=\"\" data-large-file=\"https:\/\/i0.wp.com\/bottesetvelo.com\/blog\/wp-content\/uploads\/2018\/03\/Bottes-et-V%C3%A9lo-Embl%C3%AAme-1-e1522416719670.png?fit=100%2C79&amp;ssl=1\" src=\"https:\/\/i0.wp.com\/bottesetvelo.com\/blog\/wp-content\/uploads\/2018\/03\/Bottes-et-V%C3%A9lo-Embl%C3%AAme-1-e1522416719670.png?resize=100%2C79&#038;ssl=1\" alt=\"\" class=\"wp-image-3248\"\/><\/figure><\/div>\n\n\n\n<p>\u00c9ric Lalibert\u00e9<\/p>\n","protected":false},"excerpt":{"rendered":"<p>L\u2019exp\u00e9rience du p\u00e8lerinage compostellan procure un sentiment de joie et de bien-\u00eatre dont plusieurs r\u00e9cits rendent compte. Aussi, malgr\u00e9 les difficult\u00e9s, marcheurs et marcheuses se laissent-ils prendre par un quelque chose qui les d\u00e9passe et fonde l\u2019exp\u00e9rience p\u00e8lerine. Quelque chose qui se met en place sous l\u2019action de la marche, provoqu\u00e9 par le mouvement et&hellip;<\/p>\n","protected":false},"author":3,"featured_media":4668,"comment_status":"open","ping_status":"open","sticky":false,"template":"","format":"standard","meta":{"jetpack_post_was_ever_published":false,"_jetpack_newsletter_access":"","_jetpack_dont_email_post_to_subs":false,"_jetpack_newsletter_tier_id":0,"_jetpack_memberships_contains_paywalled_content":false,"_jetpack_memberships_contains_paid_content":false,"footnotes":"","jetpack_publicize_message":"Heureux le temps d\u2019un chemin\nL\u2019exp\u00e9rience #Compostelle procure un sentiment de joie et de bien-\u00eatre. Malgr\u00e9 les difficult\u00e9s, marcheurs et marcheuses se laissent prendre par un \"quelque chose\" qui les d\u00e9passe et fonde l'exp\u00e9rience p\u00e8lerine.","jetpack_publicize_feature_enabled":true,"jetpack_social_post_already_shared":true,"jetpack_social_options":{"image_generator_settings":{"template":"highway","default_image_id":0,"font":"","enabled":false},"version":2}},"categories":[50,166,630],"tags":[275,80,168,96,38],"class_list":["post-4667","post","type-post","status-publish","format-standard","has-post-thumbnail","hentry","category-art-de-vivre","category-demarche-du-pelerin","category-exercice-pelerin","tag-art-de-vivre","tag-compostelle","tag-demarche-du-pelerin","tag-qualite-de-vie","tag-reflexion"],"jetpack_publicize_connections":[],"jetpack_featured_media_url":"https:\/\/i0.wp.com\/bottesetvelo.com\/blog\/wp-content\/uploads\/2021\/11\/2019-07-02-08.09.08-2037x1146.jpg?fit=2037%2C1146&ssl=1","jetpack_shortlink":"https:\/\/wp.me\/p4eY6z-1dh","jetpack_sharing_enabled":true,"jetpack_likes_enabled":true,"jetpack-related-posts":[],"_links":{"self":[{"href":"https:\/\/bottesetvelo.com\/blog\/wp-json\/wp\/v2\/posts\/4667","targetHints":{"allow":["GET"]}}],"collection":[{"href":"https:\/\/bottesetvelo.com\/blog\/wp-json\/wp\/v2\/posts"}],"about":[{"href":"https:\/\/bottesetvelo.com\/blog\/wp-json\/wp\/v2\/types\/post"}],"author":[{"embeddable":true,"href":"https:\/\/bottesetvelo.com\/blog\/wp-json\/wp\/v2\/users\/3"}],"replies":[{"embeddable":true,"href":"https:\/\/bottesetvelo.com\/blog\/wp-json\/wp\/v2\/comments?post=4667"}],"version-history":[{"count":5,"href":"https:\/\/bottesetvelo.com\/blog\/wp-json\/wp\/v2\/posts\/4667\/revisions"}],"predecessor-version":[{"id":4678,"href":"https:\/\/bottesetvelo.com\/blog\/wp-json\/wp\/v2\/posts\/4667\/revisions\/4678"}],"wp:featuredmedia":[{"embeddable":true,"href":"https:\/\/bottesetvelo.com\/blog\/wp-json\/wp\/v2\/media\/4668"}],"wp:attachment":[{"href":"https:\/\/bottesetvelo.com\/blog\/wp-json\/wp\/v2\/media?parent=4667"}],"wp:term":[{"taxonomy":"category","embeddable":true,"href":"https:\/\/bottesetvelo.com\/blog\/wp-json\/wp\/v2\/categories?post=4667"},{"taxonomy":"post_tag","embeddable":true,"href":"https:\/\/bottesetvelo.com\/blog\/wp-json\/wp\/v2\/tags?post=4667"}],"curies":[{"name":"wp","href":"https:\/\/api.w.org\/{rel}","templated":true}]}}