{"id":4650,"date":"2021-11-12T16:14:00","date_gmt":"2021-11-12T21:14:00","guid":{"rendered":"https:\/\/bottesetvelo.com\/blog\/?p=4650"},"modified":"2021-11-12T16:14:00","modified_gmt":"2021-11-12T21:14:00","slug":"ecouter-pour-entendre","status":"publish","type":"post","link":"https:\/\/bottesetvelo.com\/blog\/2021\/11\/12\/ecouter-pour-entendre\/","title":{"rendered":"\u00c9couter pour entendre"},"content":{"rendered":"\n<blockquote class=\"wp-block-quote is-layout-flow wp-block-quote-is-layout-flow\"><p>\u00catre \u00e9cout\u00e9, c&rsquo;est \u00eatre remis au monde, c&rsquo;est exister, c&rsquo;est comme si on vous redonnait toutes les chances d&rsquo;une vie neuve. <\/p><cite>Christian Bobin<\/cite><\/blockquote>\n\n\n\n<p>On dit bien souvent que le chemin de p\u00e8lerinage est aussi un chemin de parole. Pendant que le ruban des kilom\u00e8tres se d\u00e9roule sous les bottes du p\u00e8lerin, ses pens\u00e9es cherchent des mots pour se dire. Au fil des jours, des rencontres se font. Du simple bonjour, on bascule rapidement vers un \u00e9change de v\u00e9rit\u00e9s. Des mots jusqu\u2019alors emprisonn\u00e9s se lib\u00e8rent et prennent vie. Un peu timides au d\u00e9but, ils tendent \u00e0 s\u2019affirmer, deviennent plus clairs, plus pr\u00e9cis, plus parlant. Ils ouvrent la voix au cheminement.<\/p>\n\n\n\n<div class=\"wp-block-image\"><figure class=\"alignright size-large is-resized\"><img data-recalc-dims=\"1\" loading=\"lazy\" decoding=\"async\" data-attachment-id=\"4655\" data-permalink=\"https:\/\/bottesetvelo.com\/blog\/2021\/11\/12\/ecouter-pour-entendre\/dscn3306\/\" data-orig-file=\"https:\/\/i0.wp.com\/bottesetvelo.com\/blog\/wp-content\/uploads\/2021\/11\/DSCN3306.jpg?fit=4099%2C2512&amp;ssl=1\" data-orig-size=\"4099,2512\" data-comments-opened=\"1\" data-image-meta=\"{&quot;aperture&quot;:&quot;4.8&quot;,&quot;credit&quot;:&quot;&quot;,&quot;camera&quot;:&quot;COOLPIX S9900&quot;,&quot;caption&quot;:&quot;&quot;,&quot;created_timestamp&quot;:&quot;1499685963&quot;,&quot;copyright&quot;:&quot;&quot;,&quot;focal_length&quot;:&quot;12.6&quot;,&quot;iso&quot;:&quot;125&quot;,&quot;shutter_speed&quot;:&quot;0.0008&quot;,&quot;title&quot;:&quot;&quot;,&quot;orientation&quot;:&quot;1&quot;}\" data-image-title=\"Bottes et V\u00e9lo &amp;#8211; Iles-de-la-Madeleine\" data-image-description=\"\" data-image-caption=\"\" data-large-file=\"https:\/\/i0.wp.com\/bottesetvelo.com\/blog\/wp-content\/uploads\/2021\/11\/DSCN3306.jpg?fit=1024%2C628&amp;ssl=1\" src=\"https:\/\/i0.wp.com\/bottesetvelo.com\/blog\/wp-content\/uploads\/2021\/11\/DSCN3306.jpg?resize=302%2C187&#038;ssl=1\" alt=\"\" class=\"wp-image-4655\" width=\"302\" height=\"187\"\/><\/figure><\/div>\n\n\n\n<p>Mais qu\u2019est-ce que la parole sans l\u2019\u00e9coute? Celui qui re\u00e7oit les mots occupe une bien d\u00e9licate posture. Simple receveur de la v\u00e9rit\u00e9 de l\u2019autre, il cherche \u00e9trangement spontan\u00e9ment \u00e0 se doter d\u2019un r\u00f4le plus gratifiant. Il questionne et r\u00e9agit. Il devient tour \u00e0 tour enqu\u00eateur, colligeant des donn\u00e9es factuelles pour mieux comprendre le discours de l\u2019autre; conseiller, offrant son expertise pour orienter la r\u00e9flexion de l\u2019autre; gestionnaire, trouvant des solutions \u00e0 la probl\u00e9matique de l\u2019autre; complice, partageant ses propres souvenirs que l\u2019histoire de l\u2019autre fait \u00e9merger. Pourtant, tout ce que l\u2019on attend de lui, c\u2019est d\u2019\u00e9couter. \u00c9couter pour entendre.<\/p>\n\n\n\n<p>Savoir \u00e9couter est un art. Loin d\u2019\u00eatre un acte passif, \u00e9couter invite \u00e0 \u00eatre attentif non pas seulement aux mots dits, mais \u00e0 tout ce qui est exprim\u00e9 par l\u2019autre, et m\u00eame \u00e0 ce qui ne l\u2019est pas! \u00c9couter, c\u2019est chercher \u00e0 entendre ce que l\u2019autre tente de dire et l\u2019accompagner dans cette recherche de mise en mots. L\u2019\u00e9coutant accepte alors ainsi de s\u2019oublier un peu, de se mettre en sourdine, le temps de suivre le chemin de parole de l\u2019autre. Tout comme l\u2019instrument d\u2019accompagnement compl\u00e8te l\u2019\u0153uvre musicale principale, l\u2019\u00e9coutant soutient celui qui est en train de composer afin que sa musique sonne juste \u00e0 ses propres oreilles.<\/p>\n\n\n\n<div class=\"wp-block-image\"><figure class=\"alignleft size-large is-resized\"><img data-recalc-dims=\"1\" loading=\"lazy\" decoding=\"async\" data-attachment-id=\"4654\" data-permalink=\"https:\/\/bottesetvelo.com\/blog\/2021\/11\/12\/ecouter-pour-entendre\/20200823_105055\/\" data-orig-file=\"https:\/\/i0.wp.com\/bottesetvelo.com\/blog\/wp-content\/uploads\/2021\/11\/20200823_105055.jpg?fit=4608%2C2240&amp;ssl=1\" data-orig-size=\"4608,2240\" data-comments-opened=\"1\" data-image-meta=\"{&quot;aperture&quot;:&quot;1.7&quot;,&quot;credit&quot;:&quot;&quot;,&quot;camera&quot;:&quot;SM-A530W&quot;,&quot;caption&quot;:&quot;&quot;,&quot;created_timestamp&quot;:&quot;1598179855&quot;,&quot;copyright&quot;:&quot;&quot;,&quot;focal_length&quot;:&quot;3.93&quot;,&quot;iso&quot;:&quot;40&quot;,&quot;shutter_speed&quot;:&quot;0.00035803795202291&quot;,&quot;title&quot;:&quot;&quot;,&quot;orientation&quot;:&quot;1&quot;}\" data-image-title=\"20200823_105055\" data-image-description=\"\" data-image-caption=\"\" data-large-file=\"https:\/\/i0.wp.com\/bottesetvelo.com\/blog\/wp-content\/uploads\/2021\/11\/20200823_105055.jpg?fit=1024%2C498&amp;ssl=1\" src=\"https:\/\/i0.wp.com\/bottesetvelo.com\/blog\/wp-content\/uploads\/2021\/11\/20200823_105055.jpg?resize=301%2C145&#038;ssl=1\" alt=\"\" class=\"wp-image-4654\" width=\"301\" height=\"145\" srcset=\"https:\/\/i0.wp.com\/bottesetvelo.com\/blog\/wp-content\/uploads\/2021\/11\/20200823_105055.jpg?resize=1024%2C498&amp;ssl=1 1024w, https:\/\/i0.wp.com\/bottesetvelo.com\/blog\/wp-content\/uploads\/2021\/11\/20200823_105055.jpg?resize=500%2C243&amp;ssl=1 500w, https:\/\/i0.wp.com\/bottesetvelo.com\/blog\/wp-content\/uploads\/2021\/11\/20200823_105055.jpg?resize=768%2C373&amp;ssl=1 768w, https:\/\/i0.wp.com\/bottesetvelo.com\/blog\/wp-content\/uploads\/2021\/11\/20200823_105055.jpg?resize=1536%2C747&amp;ssl=1 1536w, https:\/\/i0.wp.com\/bottesetvelo.com\/blog\/wp-content\/uploads\/2021\/11\/20200823_105055.jpg?resize=2048%2C996&amp;ssl=1 2048w, https:\/\/i0.wp.com\/bottesetvelo.com\/blog\/wp-content\/uploads\/2021\/11\/20200823_105055.jpg?w=2340&amp;ssl=1 2340w, https:\/\/i0.wp.com\/bottesetvelo.com\/blog\/wp-content\/uploads\/2021\/11\/20200823_105055.jpg?w=3510&amp;ssl=1 3510w\" sizes=\"auto, (max-width: 301px) 100vw, 301px\" \/><\/figure><\/div>\n\n\n\n<p>Dans ce tandem entre l\u2019\u00e9coute et le dire, une relation se cr\u00e9e, un \u00ab&nbsp;marcher ensemble&nbsp;\u00bb apparait. De \u00ab&nbsp;je&nbsp;\u00bb et \u00ab&nbsp;tu&nbsp;\u00bb se dessine peu \u00e0 peu un \u00ab&nbsp;nous&nbsp;\u00bb. L\u2019\u00e9coutant se met au diapason de l\u2019autre et avance en rythme avec lui. Dans cet espace o\u00f9 les mots circulent librement, les deux s\u2019apprivoisent et s\u2019accordent. Celui qui parle ose risquer de se dire en v\u00e9rit\u00e9. Tandis que celui qui \u00e9coute, lui, se risque \u00e0 entendre et donc \u00e0 \u00eatre d\u00e9stabilis\u00e9 dans ses certitudes par le chemin que l\u2019autre l\u2019invite \u00e0 suivre temporairement.<\/p>\n\n\n\n<p>Entendre et \u00eatre entendu sont deux retomb\u00e9es positives qui d\u00e9coulent de cet art de la conversation. C\u2019est en \u00e9tant entendu que le p\u00e8lerin peut advenir \u00e0 lui-m\u00eame pour continuer sa route avec plus de l\u00e9g\u00e8ret\u00e9. Et c\u2019est en entendant que l\u2019\u00e9coutant ouvre ses horizons et d\u00e9couvre de nouveaux points de vue. Parler et \u00e9couter&nbsp;: un duo duquel peut naitre toute une symphonie!<\/p>\n\n\n\n<div class=\"wp-block-image\"><figure class=\"alignright size-full is-resized\"><img data-recalc-dims=\"1\" loading=\"lazy\" decoding=\"async\" data-attachment-id=\"4389\" data-permalink=\"https:\/\/bottesetvelo.com\/blog\/2021\/03\/15\/marcher-parler-ecouter-lexercice-pelerin\/bottes-et-velo-embleme-2\/\" data-orig-file=\"https:\/\/i0.wp.com\/bottesetvelo.com\/blog\/wp-content\/uploads\/2021\/03\/Bottes-et-Velo-Embleme.jpg?fit=398%2C314&amp;ssl=1\" data-orig-size=\"398,314\" data-comments-opened=\"1\" data-image-meta=\"{&quot;aperture&quot;:&quot;0&quot;,&quot;credit&quot;:&quot;&quot;,&quot;camera&quot;:&quot;&quot;,&quot;caption&quot;:&quot;&quot;,&quot;created_timestamp&quot;:&quot;0&quot;,&quot;copyright&quot;:&quot;&quot;,&quot;focal_length&quot;:&quot;0&quot;,&quot;iso&quot;:&quot;0&quot;,&quot;shutter_speed&quot;:&quot;0&quot;,&quot;title&quot;:&quot;&quot;,&quot;orientation&quot;:&quot;0&quot;}\" data-image-title=\"Bottes et V\u00e9lo &amp;#8211; Embl\u00eame\" data-image-description=\"\" data-image-caption=\"\" data-large-file=\"https:\/\/i0.wp.com\/bottesetvelo.com\/blog\/wp-content\/uploads\/2021\/03\/Bottes-et-Velo-Embleme.jpg?fit=398%2C314&amp;ssl=1\" src=\"https:\/\/i0.wp.com\/bottesetvelo.com\/blog\/wp-content\/uploads\/2021\/03\/Bottes-et-Velo-Embleme.jpg?resize=74%2C58&#038;ssl=1\" alt=\"\" class=\"wp-image-4389\" width=\"74\" height=\"58\"\/><\/figure><\/div>\n\n\n\n<p>Brigitte Harouni<\/p>\n","protected":false},"excerpt":{"rendered":"<p>\u00catre \u00e9cout\u00e9, c&rsquo;est \u00eatre remis au monde, c&rsquo;est exister, c&rsquo;est comme si on vous redonnait toutes les chances d&rsquo;une vie neuve. Christian Bobin On dit bien souvent que le chemin de p\u00e8lerinage est aussi un chemin de parole. Pendant que le ruban des kilom\u00e8tres se d\u00e9roule sous les bottes du p\u00e8lerin, ses pens\u00e9es cherchent des&hellip;<\/p>\n","protected":false},"author":2,"featured_media":4653,"comment_status":"open","ping_status":"open","sticky":false,"template":"","format":"standard","meta":{"jetpack_post_was_ever_published":false,"_jetpack_newsletter_access":"","_jetpack_dont_email_post_to_subs":false,"_jetpack_newsletter_tier_id":0,"_jetpack_memberships_contains_paywalled_content":false,"_jetpack_memberships_contains_paid_content":false,"footnotes":"","jetpack_publicize_message":"\u00c9couter pour entendre\nSavoir #\u00e9couter est un art. Loin d\u2019\u00eatre un acte passif, \u00e9couter invite \u00e0 \u00eatre attentif non pas seulement aux mots dits, mais \u00e0 tout ce qui est exprim\u00e9 par l\u2019autre, et m\u00eame \u00e0 ce qui ne l\u2019est pas!","jetpack_publicize_feature_enabled":true,"jetpack_social_post_already_shared":true,"jetpack_social_options":{"image_generator_settings":{"template":"highway","default_image_id":0,"font":"","enabled":false},"version":2}},"categories":[422,9,39,6,171,3],"tags":[682,478,681,560,549,104],"class_list":["post-4650","post","type-post","status-publish","format-standard","has-post-thumbnail","hentry","category-accompagnement","category-chemins-de-pelerinage","category-croissance-personnelle","category-formations","category-pelerinage","category-reflexions","tag-communication","tag-ecouter","tag-entendre","tag-parler","tag-pelerinage-2","tag-relation"],"jetpack_publicize_connections":[],"jetpack_featured_media_url":"https:\/\/i0.wp.com\/bottesetvelo.com\/blog\/wp-content\/uploads\/2021\/11\/20200824_123250.jpg?fit=4608%2C2240&ssl=1","jetpack_shortlink":"https:\/\/wp.me\/p4eY6z-1d0","jetpack_sharing_enabled":true,"jetpack_likes_enabled":true,"jetpack-related-posts":[],"_links":{"self":[{"href":"https:\/\/bottesetvelo.com\/blog\/wp-json\/wp\/v2\/posts\/4650","targetHints":{"allow":["GET"]}}],"collection":[{"href":"https:\/\/bottesetvelo.com\/blog\/wp-json\/wp\/v2\/posts"}],"about":[{"href":"https:\/\/bottesetvelo.com\/blog\/wp-json\/wp\/v2\/types\/post"}],"author":[{"embeddable":true,"href":"https:\/\/bottesetvelo.com\/blog\/wp-json\/wp\/v2\/users\/2"}],"replies":[{"embeddable":true,"href":"https:\/\/bottesetvelo.com\/blog\/wp-json\/wp\/v2\/comments?post=4650"}],"version-history":[{"count":8,"href":"https:\/\/bottesetvelo.com\/blog\/wp-json\/wp\/v2\/posts\/4650\/revisions"}],"predecessor-version":[{"id":4665,"href":"https:\/\/bottesetvelo.com\/blog\/wp-json\/wp\/v2\/posts\/4650\/revisions\/4665"}],"wp:featuredmedia":[{"embeddable":true,"href":"https:\/\/bottesetvelo.com\/blog\/wp-json\/wp\/v2\/media\/4653"}],"wp:attachment":[{"href":"https:\/\/bottesetvelo.com\/blog\/wp-json\/wp\/v2\/media?parent=4650"}],"wp:term":[{"taxonomy":"category","embeddable":true,"href":"https:\/\/bottesetvelo.com\/blog\/wp-json\/wp\/v2\/categories?post=4650"},{"taxonomy":"post_tag","embeddable":true,"href":"https:\/\/bottesetvelo.com\/blog\/wp-json\/wp\/v2\/tags?post=4650"}],"curies":[{"name":"wp","href":"https:\/\/api.w.org\/{rel}","templated":true}]}}