{"id":4609,"date":"2021-10-08T11:27:22","date_gmt":"2021-10-08T15:27:22","guid":{"rendered":"https:\/\/bottesetvelo.com\/blog\/?p=4609"},"modified":"2021-10-08T11:27:22","modified_gmt":"2021-10-08T15:27:22","slug":"jaurais-du-mecouter","status":"publish","type":"post","link":"https:\/\/bottesetvelo.com\/blog\/2021\/10\/08\/jaurais-du-mecouter\/","title":{"rendered":"J\u2019aurais d\u00fb m\u2019\u00e9couter\u2026"},"content":{"rendered":"\n<blockquote class=\"wp-block-quote is-layout-flow wp-block-quote-is-layout-flow\"><p>Que vos choix soient le reflet de vos espoirs et non de vos peurs.<\/p><cite>Nelson Mandela<\/cite><\/blockquote>\n\n\n\n<div class=\"wp-block-image\"><figure class=\"alignright size-large is-resized\"><img data-recalc-dims=\"1\" loading=\"lazy\" decoding=\"async\" data-attachment-id=\"4611\" data-permalink=\"https:\/\/bottesetvelo.com\/blog\/2021\/10\/08\/jaurais-du-mecouter\/pelerine2\/\" data-orig-file=\"https:\/\/i0.wp.com\/bottesetvelo.com\/blog\/wp-content\/uploads\/2021\/10\/pelerine2-720x620.jpg?fit=720%2C620&amp;ssl=1\" data-orig-size=\"720,620\" data-comments-opened=\"1\" data-image-meta=\"{&quot;aperture&quot;:&quot;0&quot;,&quot;credit&quot;:&quot;&quot;,&quot;camera&quot;:&quot;&quot;,&quot;caption&quot;:&quot;&quot;,&quot;created_timestamp&quot;:&quot;1632738214&quot;,&quot;copyright&quot;:&quot;&quot;,&quot;focal_length&quot;:&quot;0&quot;,&quot;iso&quot;:&quot;0&quot;,&quot;shutter_speed&quot;:&quot;0&quot;,&quot;title&quot;:&quot;&quot;,&quot;orientation&quot;:&quot;1&quot;}\" data-image-title=\"pelerine2\" data-image-description=\"\" data-image-caption=\"\" data-large-file=\"https:\/\/i0.wp.com\/bottesetvelo.com\/blog\/wp-content\/uploads\/2021\/10\/pelerine2-720x620.jpg?fit=720%2C620&amp;ssl=1\" src=\"https:\/\/i0.wp.com\/bottesetvelo.com\/blog\/wp-content\/uploads\/2021\/10\/pelerine2.jpg?resize=250%2C228&#038;ssl=1\" alt=\"\" class=\"wp-image-4611\" width=\"250\" height=\"228\"\/><\/figure><\/div>\n\n\n\n<p class=\"has-drop-cap\">Avec l\u2019ouverture des inscriptions aux p\u00e8lerinages 2022, plusieurs personnes se sentent actuellement tiraill\u00e9es, en qu\u00eate d\u2019une d\u00e9cision. L\u2019annonce est venue s\u00e9duire quelque chose en eux. Une vibration s\u2019est fait sentir. Un appel, qui ne vient pas de la raison, a r\u00e9sonn\u00e9 en eux. Comme l\u2019aimant qui agite l\u2019aiguille du compas pour indiquer le nord, il y a cette voix qui a surgi pour exprimer un d\u00e9sir, un d\u00e9sir qui bien que parfois connu, demeure souvent diffus. C\u2019est ce cri qui alerte le p\u00e8lerin et l\u2019incite \u00e0 s\u2019arr\u00eater, conscient qu\u2019un choix semble se pr\u00e9senter \u00e0 lui. &nbsp;<\/p>\n\n\n\n<p>Ce message, souvent d\u2019ordre \u00e9motif, est automatiquement pris en charge par une partie plus rationnelle de notre \u00eatre. La demande est entendue, mais elle devra passer au conseil de la bonne conscience interne. Ce d\u00e9sir se retrouve alors confront\u00e9 aux obligations, aux peurs et aux \u00ab&nbsp;qu\u2019en dira-t-on&nbsp;\u00bb. Il tente de contrecarrer les arguments qui cherchent \u00e0 le faire taire. Mais la raison a beaucoup d\u2019exp\u00e9rience et de v\u00e9cu. Elle sait articuler sa pens\u00e9e et en d\u00e9battre. Le d\u00e9sir, bien que profond de v\u00e9rit\u00e9, manque de mots pour se faire comprendre. Il ne s\u2019explique pas. Le combat qui s\u2019ensuit entre ces deux instances est bien difficile \u00e0 suivre, car les deux ne parlent pas le m\u00eame langage.<\/p>\n\n\n\n<div class=\"wp-block-image\"><figure class=\"alignright size-large is-resized\"><img data-recalc-dims=\"1\" loading=\"lazy\" decoding=\"async\" data-attachment-id=\"4613\" data-permalink=\"https:\/\/bottesetvelo.com\/blog\/2021\/10\/08\/jaurais-du-mecouter\/capture\/\" data-orig-file=\"https:\/\/i0.wp.com\/bottesetvelo.com\/blog\/wp-content\/uploads\/2021\/10\/Capture.png?fit=361%2C336&amp;ssl=1\" data-orig-size=\"361,336\" data-comments-opened=\"1\" data-image-meta=\"{&quot;aperture&quot;:&quot;0&quot;,&quot;credit&quot;:&quot;&quot;,&quot;camera&quot;:&quot;&quot;,&quot;caption&quot;:&quot;&quot;,&quot;created_timestamp&quot;:&quot;0&quot;,&quot;copyright&quot;:&quot;&quot;,&quot;focal_length&quot;:&quot;0&quot;,&quot;iso&quot;:&quot;0&quot;,&quot;shutter_speed&quot;:&quot;0&quot;,&quot;title&quot;:&quot;&quot;,&quot;orientation&quot;:&quot;0&quot;}\" data-image-title=\"Capture\" data-image-description=\"\" data-image-caption=\"\" data-large-file=\"https:\/\/i0.wp.com\/bottesetvelo.com\/blog\/wp-content\/uploads\/2021\/10\/Capture.png?fit=361%2C336&amp;ssl=1\" src=\"https:\/\/i0.wp.com\/bottesetvelo.com\/blog\/wp-content\/uploads\/2021\/10\/Capture.png?resize=250%2C247&#038;ssl=1\" alt=\"\" class=\"wp-image-4613\" width=\"250\" height=\"247\"\/><\/figure><\/div>\n\n\n\n<p>Des motions int\u00e9rieures, nous en vivons r\u00e9guli\u00e8rement, je dirais m\u00eame, quotidiennement. Tellement qu\u2019on ne prend parfois plus le temps de les questionner. Caprice, lubie, petite folie, nous avons t\u00f4t fait de les classer ou de les tasser sans chercher \u00e0 les comprendre. <em>Comment est-ce que je prends mes d\u00e9cisions? Quels crit\u00e8res ont assur\u00e9ment du poids dans la balance de mon juge?<\/em> Certaines d\u00e9cisions se font rapidement, ou de fa\u00e7on machinale, sans qu\u2019aucun d\u00e9bat int\u00e9rieur ne soit soulev\u00e9, alors qu\u2019il serait peut-\u00eatre n\u00e9cessaire de le faire. Et d\u2019autres nous torturent, nous tenant \u00e9veill\u00e9s durant la nuit, alors que la d\u00e9cision nous est criante. <em>Comment savoir si ma d\u00e9cision sera la bonne? Quelle est cette aiguille sensible qui m\u2019aide \u00e0 maintenir le cap \u00e0 travers les m\u00e9andres de ma vie?<\/em><\/p>\n\n\n\n<p>Si l\u2019esprit est tourment\u00e9 par le d\u00e9sir, la pression de faire un choix se fait sentir. Choisir sous-entend in\u00e9vitablement une dualit\u00e9. Lorsque le choix est difficile, un combat int\u00e9rieur se joue. Deux forces s\u2019affrontent. Chacune fait entendre sa voix. Et tant que la bonne d\u00e9cision ne sera pas prise, la bonne pour soi, ce dossier conflictuel reviendra inlassablement sur le bureau de notre conseil pour qu\u2019il \u00e9coute \u00e0 nouveau et identifie la v\u00e9rit\u00e9 qui cherche \u00e0 se dire.<\/p>\n\n\n\n<p>Lorsque notre d\u00e9cision est prise, il nous arrive parfois de regretter et de dire&nbsp;: \u00ab&nbsp;<em>J\u2019aurais d\u00fb m\u2019\u00e9couter!<\/em>&nbsp;\u00bb<\/p>\n\n\n\n<p><em>Qu\u2019est-ce que je fais quand je m\u2019\u00e9coute? Qu\u2019est-ce que j\u2019\u00e9coute? Et qui est cet autre que j\u2019ai donc choisi d\u2019\u00e9couter?<\/em><\/p>\n\n\n\n<p>On dit bien souvent que le choix nous appartient, car ultimement, c\u2019est nous qui prenons la d\u00e9cision. Malgr\u00e9 cela, nous portons en nous tout un bagage de vie et d\u2019exp\u00e9rience qui vient alourdir le processus d\u00e9cisionnel. Le travail de discernement de notre \u00e9quipe de conseillers internes ne se fait pas sans interf\u00e9rence! Autour de cette table se retrouvent bien des figures influentes de notre vie. Leur regard, leur enseignement, la relation qui nous unit, brouillent et briment notre capacit\u00e9 \u00e0 \u00eatre pleinement libre de choisir.<\/p>\n\n\n\n<div class=\"wp-block-image\"><figure class=\"alignright size-large is-resized\"><img data-recalc-dims=\"1\" loading=\"lazy\" decoding=\"async\" data-attachment-id=\"4615\" data-permalink=\"https:\/\/bottesetvelo.com\/blog\/2021\/10\/08\/jaurais-du-mecouter\/2019-06-08-12-35-10\/\" data-orig-file=\"https:\/\/i0.wp.com\/bottesetvelo.com\/blog\/wp-content\/uploads\/2021\/10\/2019-06-08-12.35.10.jpg?fit=4325%2C2103&amp;ssl=1\" data-orig-size=\"4325,2103\" data-comments-opened=\"1\" data-image-meta=\"{&quot;aperture&quot;:&quot;1.7&quot;,&quot;credit&quot;:&quot;&quot;,&quot;camera&quot;:&quot;SM-A530W&quot;,&quot;caption&quot;:&quot;&quot;,&quot;created_timestamp&quot;:&quot;1559997310&quot;,&quot;copyright&quot;:&quot;&quot;,&quot;focal_length&quot;:&quot;3.93&quot;,&quot;iso&quot;:&quot;40&quot;,&quot;shutter_speed&quot;:&quot;0.00042194092827004&quot;,&quot;title&quot;:&quot;&quot;,&quot;orientation&quot;:&quot;1&quot;}\" data-image-title=\"2019-06-08-12.35.10\" data-image-description=\"\" data-image-caption=\"\" data-large-file=\"https:\/\/i0.wp.com\/bottesetvelo.com\/blog\/wp-content\/uploads\/2021\/10\/2019-06-08-12.35.10.jpg?fit=1024%2C498&amp;ssl=1\" src=\"https:\/\/i0.wp.com\/bottesetvelo.com\/blog\/wp-content\/uploads\/2021\/10\/2019-06-08-12.35.10.jpg?resize=350%2C188&#038;ssl=1\" alt=\"\" class=\"wp-image-4615\" width=\"350\" height=\"188\"\/><\/figure><\/div>\n\n\n\n<p>Dans tout ce brouhaha, comme le p\u00e8lerin d\u00e9sorient\u00e9, il fait bon s\u2019arr\u00eater et se donner du temps. Un temps pour entendre ce que chaque partie exprime. Un temps pour go\u00fbter chacune des propositions. <em>Qu\u2019est-ce qui me fait envie? De quoi ai-je le go\u00fbt?<\/em> Un temps de franchise et de v\u00e9rit\u00e9 envers soi-m\u00eame qui invite \u00e0 prendre une d\u00e9cision qui sera porteuse d\u2019un sentiment de satisfaction et de paix int\u00e9rieure. &nbsp;<\/p>\n\n\n\n<div class=\"wp-block-image\"><figure class=\"alignright size-large is-resized\"><img data-recalc-dims=\"1\" loading=\"lazy\" decoding=\"async\" data-attachment-id=\"4389\" data-permalink=\"https:\/\/bottesetvelo.com\/blog\/2021\/03\/15\/marcher-parler-ecouter-lexercice-pelerin\/bottes-et-velo-embleme-2\/\" data-orig-file=\"https:\/\/i0.wp.com\/bottesetvelo.com\/blog\/wp-content\/uploads\/2021\/03\/Bottes-et-Velo-Embleme.jpg?fit=398%2C314&amp;ssl=1\" data-orig-size=\"398,314\" data-comments-opened=\"1\" data-image-meta=\"{&quot;aperture&quot;:&quot;0&quot;,&quot;credit&quot;:&quot;&quot;,&quot;camera&quot;:&quot;&quot;,&quot;caption&quot;:&quot;&quot;,&quot;created_timestamp&quot;:&quot;0&quot;,&quot;copyright&quot;:&quot;&quot;,&quot;focal_length&quot;:&quot;0&quot;,&quot;iso&quot;:&quot;0&quot;,&quot;shutter_speed&quot;:&quot;0&quot;,&quot;title&quot;:&quot;&quot;,&quot;orientation&quot;:&quot;0&quot;}\" data-image-title=\"Bottes et V\u00e9lo &amp;#8211; Embl\u00eame\" data-image-description=\"\" data-image-caption=\"\" data-large-file=\"https:\/\/i0.wp.com\/bottesetvelo.com\/blog\/wp-content\/uploads\/2021\/03\/Bottes-et-Velo-Embleme.jpg?fit=398%2C314&amp;ssl=1\" src=\"https:\/\/i0.wp.com\/bottesetvelo.com\/blog\/wp-content\/uploads\/2021\/03\/Bottes-et-Velo-Embleme.jpg?resize=68%2C70&#038;ssl=1\" alt=\"\" class=\"wp-image-4389\" width=\"68\" height=\"70\"\/><\/figure><\/div>\n\n\n\n<p>Brigitte Harouni<\/p>\n","protected":false},"excerpt":{"rendered":"<p>Que vos choix soient le reflet de vos espoirs et non de vos peurs. Nelson Mandela Avec l\u2019ouverture des inscriptions aux p\u00e8lerinages 2022, plusieurs personnes se sentent actuellement tiraill\u00e9es, en qu\u00eate d\u2019une d\u00e9cision. L\u2019annonce est venue s\u00e9duire quelque chose en eux. Une vibration s\u2019est fait sentir. Un appel, qui ne vient pas de la raison,&hellip;<\/p>\n","protected":false},"author":2,"featured_media":4615,"comment_status":"open","ping_status":"open","sticky":false,"template":"","format":"standard","meta":{"jetpack_post_was_ever_published":false,"_jetpack_newsletter_access":"","_jetpack_dont_email_post_to_subs":false,"_jetpack_newsletter_tier_id":0,"_jetpack_memberships_contains_paywalled_content":false,"_jetpack_memberships_contains_paid_content":false,"footnotes":"","jetpack_publicize_message":"J\u2019aurais d\u00fb m\u2019\u00e9couter\u2026\nAvec l\u2019ouverture des inscriptions aux p\u00e8lerinages 2022, plusieurs personnes se sentent actuellement tiraill\u00e9es, en qu\u00eate d\u2019une d\u00e9cision. L\u2019annonce est venue s\u00e9duire quelque chose en eux. Une vibration s\u2019est fait sentir.","jetpack_publicize_feature_enabled":true,"jetpack_social_post_already_shared":true,"jetpack_social_options":{"image_generator_settings":{"template":"highway","default_image_id":0,"font":"","enabled":false},"version":2}},"categories":[422,50,380,166,630,3],"tags":[673,338,153,674],"class_list":["post-4609","post","type-post","status-publish","format-standard","has-post-thumbnail","hentry","category-accompagnement","category-art-de-vivre","category-conscientisation","category-demarche-du-pelerin","category-exercice-pelerin","category-reflexions","tag-choisir","tag-decision","tag-desir","tag-pensee-rationnelle"],"jetpack_publicize_connections":[],"jetpack_featured_media_url":"https:\/\/i0.wp.com\/bottesetvelo.com\/blog\/wp-content\/uploads\/2021\/10\/2019-06-08-12.35.10.jpg?fit=4325%2C2103&ssl=1","jetpack_shortlink":"https:\/\/wp.me\/p4eY6z-1cl","jetpack_sharing_enabled":true,"jetpack_likes_enabled":true,"jetpack-related-posts":[],"_links":{"self":[{"href":"https:\/\/bottesetvelo.com\/blog\/wp-json\/wp\/v2\/posts\/4609","targetHints":{"allow":["GET"]}}],"collection":[{"href":"https:\/\/bottesetvelo.com\/blog\/wp-json\/wp\/v2\/posts"}],"about":[{"href":"https:\/\/bottesetvelo.com\/blog\/wp-json\/wp\/v2\/types\/post"}],"author":[{"embeddable":true,"href":"https:\/\/bottesetvelo.com\/blog\/wp-json\/wp\/v2\/users\/2"}],"replies":[{"embeddable":true,"href":"https:\/\/bottesetvelo.com\/blog\/wp-json\/wp\/v2\/comments?post=4609"}],"version-history":[{"count":6,"href":"https:\/\/bottesetvelo.com\/blog\/wp-json\/wp\/v2\/posts\/4609\/revisions"}],"predecessor-version":[{"id":4622,"href":"https:\/\/bottesetvelo.com\/blog\/wp-json\/wp\/v2\/posts\/4609\/revisions\/4622"}],"wp:featuredmedia":[{"embeddable":true,"href":"https:\/\/bottesetvelo.com\/blog\/wp-json\/wp\/v2\/media\/4615"}],"wp:attachment":[{"href":"https:\/\/bottesetvelo.com\/blog\/wp-json\/wp\/v2\/media?parent=4609"}],"wp:term":[{"taxonomy":"category","embeddable":true,"href":"https:\/\/bottesetvelo.com\/blog\/wp-json\/wp\/v2\/categories?post=4609"},{"taxonomy":"post_tag","embeddable":true,"href":"https:\/\/bottesetvelo.com\/blog\/wp-json\/wp\/v2\/tags?post=4609"}],"curies":[{"name":"wp","href":"https:\/\/api.w.org\/{rel}","templated":true}]}}