{"id":4562,"date":"2021-09-10T13:26:49","date_gmt":"2021-09-10T17:26:49","guid":{"rendered":"https:\/\/bottesetvelo.com\/blog\/?p=4562"},"modified":"2021-09-10T13:40:49","modified_gmt":"2021-09-10T17:40:49","slug":"de-touriste-a-pelerine","status":"publish","type":"post","link":"https:\/\/bottesetvelo.com\/blog\/2021\/09\/10\/de-touriste-a-pelerine\/","title":{"rendered":"De touriste \u00e0 p\u00e8lerine"},"content":{"rendered":"\n<blockquote class=\"wp-block-quote is-layout-flow wp-block-quote-is-layout-flow\"><p>\u00ab La marche p\u00e8lerine, c&rsquo;est comme un petit virus\u2026 Il ne s&rsquo;attaque qu&rsquo;aux personnes qui veulent bien le recevoir. \u00bb<\/p><cite>Ginette<\/cite><\/blockquote>\n\n\n\n<div class=\"wp-block-image\"><figure class=\"alignright size-large is-resized\"><img data-recalc-dims=\"1\" decoding=\"async\" data-attachment-id=\"4563\" data-permalink=\"https:\/\/bottesetvelo.com\/blog\/2021\/09\/10\/de-touriste-a-pelerine\/ete-2009-220\/\" data-orig-file=\"https:\/\/i0.wp.com\/bottesetvelo.com\/blog\/wp-content\/uploads\/2021\/09\/Ete-2009-220.jpg?fit=2560%2C1920&amp;ssl=1\" data-orig-size=\"2560,1920\" data-comments-opened=\"1\" data-image-meta=\"{&quot;aperture&quot;:&quot;7&quot;,&quot;credit&quot;:&quot;&quot;,&quot;camera&quot;:&quot;DMC-LZ2&quot;,&quot;caption&quot;:&quot;&quot;,&quot;created_timestamp&quot;:&quot;1249122827&quot;,&quot;copyright&quot;:&quot;&quot;,&quot;focal_length&quot;:&quot;16.1&quot;,&quot;iso&quot;:&quot;80&quot;,&quot;shutter_speed&quot;:&quot;0.004&quot;,&quot;title&quot;:&quot;&quot;,&quot;orientation&quot;:&quot;1&quot;}\" data-image-title=\"Bottes et V\u00e9lo\" data-image-description=\"\" data-image-caption=\"\" data-large-file=\"https:\/\/i0.wp.com\/bottesetvelo.com\/blog\/wp-content\/uploads\/2021\/09\/Ete-2009-220.jpg?fit=1024%2C768&amp;ssl=1\" src=\"https:\/\/i0.wp.com\/bottesetvelo.com\/blog\/wp-content\/uploads\/2021\/09\/Ete-2009-220.jpg?w=350&#038;ssl=1\" alt=\"\" class=\"wp-image-4563\"  srcset=\"https:\/\/i0.wp.com\/bottesetvelo.com\/blog\/wp-content\/uploads\/2021\/09\/Ete-2009-220.jpg?resize=1024%2C768&amp;ssl=1 1024w, https:\/\/i0.wp.com\/bottesetvelo.com\/blog\/wp-content\/uploads\/2021\/09\/Ete-2009-220.jpg?resize=500%2C375&amp;ssl=1 500w, https:\/\/i0.wp.com\/bottesetvelo.com\/blog\/wp-content\/uploads\/2021\/09\/Ete-2009-220.jpg?resize=768%2C576&amp;ssl=1 768w, https:\/\/i0.wp.com\/bottesetvelo.com\/blog\/wp-content\/uploads\/2021\/09\/Ete-2009-220.jpg?resize=1536%2C1152&amp;ssl=1 1536w, https:\/\/i0.wp.com\/bottesetvelo.com\/blog\/wp-content\/uploads\/2021\/09\/Ete-2009-220.jpg?resize=2048%2C1536&amp;ssl=1 2048w, https:\/\/i0.wp.com\/bottesetvelo.com\/blog\/wp-content\/uploads\/2021\/09\/Ete-2009-220.jpg?resize=120%2C90&amp;ssl=1 120w, https:\/\/i0.wp.com\/bottesetvelo.com\/blog\/wp-content\/uploads\/2021\/09\/Ete-2009-220.jpg?w=2340&amp;ssl=1 2340w\" sizes=\"(max-width: 1024px) 100vw, 1024px\" \/><\/figure><\/div>\n\n\n\n<p>La premi\u00e8re fois que je suis all\u00e9e aux \u00celes-de-la-Madeleine, j\u2019\u00e9tais touriste. Voyageant \u00e0 v\u00e9lo avec un minimum d\u2019\u00e9quipement, je sillonnais les chemins avec \u00e9merveillement. Je me suis gav\u00e9e de beaux paysages hauts en couleur, rassasi\u00e9e de plats go\u00fbteux aux saveurs des \u00eeles et je me suis laiss\u00e9 bercer au son du vent, des vagues et de l\u2019accent des Madelinots. Je suis revenue chez moi, remplie de souvenirs, avec mille photos \u00e0 montrer. Repue! D\u00e9j\u00e0, sur mon retour, je planifiais ma prochaine escapade \u00e0 la d\u00e9couverte d\u2019un autre joli coin de pays.<\/p>\n\n\n\n<p>Ma seconde visite aux \u00celes fut diff\u00e9rente. J\u2019y suis devenue p\u00e8lerine. Voyageant encore avec un bagage rudimentaire, j\u2019\u00e9tais \u00e0 pied. En cheminant sur les Sentiers entre Vents et Mar\u00e9es, j\u2019ai d\u00e9couvert les iles sous un angle nouveau. En suivant les petites fl\u00e8ches jaunes trac\u00e9es par un groupe de Madelinots, c\u2019\u00e9tait comme si je marchais dans leurs pas. Sans \u00eatre pr\u00e9sents, ils ont guid\u00e9 mon regard sur les beaut\u00e9s naturelles des \u00celes. Ils m\u2019ont permis, durant cette parenth\u00e8se de voyage, de baigner dans leur r\u00e9alit\u00e9 quotidienne, de partager un court instant leur environnement de vie. Ils m\u2019ont conduite \u00e0 la rencontre de ceux qui font la richesse des lieux par leur g\u00e9n\u00e9rosit\u00e9, leur authenticit\u00e9, leur cr\u00e9ativit\u00e9 et leur joie de vivre. J\u2019ai pris le temps de parler avec chacun d\u2019eux. Une relation s\u2019est \u00e9tablie. Un lien s\u2019est tiss\u00e9. Je me suis laiss\u00e9 toucher. Cette fois-l\u00e0, j\u2019ai quitt\u00e9 les \u00celes avec un gros pincement au c\u0153ur et les yeux rougis. J\u2019avais encore pris bien des photos, mais aucune ne pourra jamais refl\u00e9ter avec justesse ce que je venais de vivre avec les personnes rencontr\u00e9es.<\/p>\n\n\n\n<div class=\"wp-block-image\"><figure class=\"alignright size-large is-resized\"><img data-recalc-dims=\"1\" decoding=\"async\" data-attachment-id=\"4565\" data-permalink=\"https:\/\/bottesetvelo.com\/blog\/2021\/09\/10\/de-touriste-a-pelerine\/2017-07-08-17-06-29\/\" data-orig-file=\"https:\/\/i0.wp.com\/bottesetvelo.com\/blog\/wp-content\/uploads\/2021\/09\/2017-07-08-17.06.29.jpg?fit=3519%2C1991&amp;ssl=1\" data-orig-size=\"3519,1991\" data-comments-opened=\"1\" data-image-meta=\"{&quot;aperture&quot;:&quot;2&quot;,&quot;credit&quot;:&quot;&quot;,&quot;camera&quot;:&quot;SM-A500W&quot;,&quot;caption&quot;:&quot;&quot;,&quot;created_timestamp&quot;:&quot;1499533589&quot;,&quot;copyright&quot;:&quot;&quot;,&quot;focal_length&quot;:&quot;3.69&quot;,&quot;iso&quot;:&quot;50&quot;,&quot;shutter_speed&quot;:&quot;0.008&quot;,&quot;title&quot;:&quot;&quot;,&quot;orientation&quot;:&quot;1&quot;}\" data-image-title=\"2017-07-08-17.06.29\" data-image-description=\"\" data-image-caption=\"\" data-large-file=\"https:\/\/i0.wp.com\/bottesetvelo.com\/blog\/wp-content\/uploads\/2021\/09\/2017-07-08-17.06.29.jpg?fit=1024%2C579&amp;ssl=1\" src=\"https:\/\/i0.wp.com\/bottesetvelo.com\/blog\/wp-content\/uploads\/2021\/09\/2017-07-08-17.06.29.jpg?w=350&#038;ssl=1\" alt=\"\" class=\"wp-image-4565\"  srcset=\"https:\/\/i0.wp.com\/bottesetvelo.com\/blog\/wp-content\/uploads\/2021\/09\/2017-07-08-17.06.29.jpg?resize=1024%2C579&amp;ssl=1 1024w, https:\/\/i0.wp.com\/bottesetvelo.com\/blog\/wp-content\/uploads\/2021\/09\/2017-07-08-17.06.29.jpg?resize=500%2C283&amp;ssl=1 500w, https:\/\/i0.wp.com\/bottesetvelo.com\/blog\/wp-content\/uploads\/2021\/09\/2017-07-08-17.06.29.jpg?resize=768%2C435&amp;ssl=1 768w, https:\/\/i0.wp.com\/bottesetvelo.com\/blog\/wp-content\/uploads\/2021\/09\/2017-07-08-17.06.29.jpg?resize=1536%2C869&amp;ssl=1 1536w, https:\/\/i0.wp.com\/bottesetvelo.com\/blog\/wp-content\/uploads\/2021\/09\/2017-07-08-17.06.29.jpg?resize=2048%2C1159&amp;ssl=1 2048w, https:\/\/i0.wp.com\/bottesetvelo.com\/blog\/wp-content\/uploads\/2021\/09\/2017-07-08-17.06.29.jpg?resize=540%2C304&amp;ssl=1 540w, https:\/\/i0.wp.com\/bottesetvelo.com\/blog\/wp-content\/uploads\/2021\/09\/2017-07-08-17.06.29.jpg?w=2340&amp;ssl=1 2340w, https:\/\/i0.wp.com\/bottesetvelo.com\/blog\/wp-content\/uploads\/2021\/09\/2017-07-08-17.06.29.jpg?w=3510&amp;ssl=1 3510w\" sizes=\"(max-width: 1024px) 100vw, 1024px\" \/><\/figure><\/div>\n\n\n\n<p>Mon voyage, ma marche est devenue p\u00e8lerinage. Ce n\u2019\u00e9tait plus un d\u00e9placement touristique centr\u00e9 sur moi, sur mes envies ou mes besoins, mais un espace de rencontre tourn\u00e9 vers l\u2019autre, port\u00e9 par le d\u00e9sir d\u2019accueillir et de contribuer au plus grand bien commun. De simple cliente qui s\u2019attend \u00e0 recevoir, j\u2019ai senti naitre en moi un \u00e9lan de gratitude pour toutes ces personnes qui illuminaient ma route en \u00e9tant simplement elles-m\u00eames. Malgr\u00e9 les vents et les mar\u00e9es que la vie leur apporte chaque jour, et encore davantage en ces temps postpand\u00e9miques, leur c\u0153ur demeure \u00e0 l\u2019\u00e9coute. Durant ce voyage j\u2019ai vu de la solidarit\u00e9, du partage, de la passion, et du plaisir dans la temp\u00eate! Une belle le\u00e7on de vie!<\/p>\n\n\n\n<div class=\"wp-block-image\"><figure class=\"alignright size-large is-resized\"><img data-recalc-dims=\"1\" loading=\"lazy\" decoding=\"async\" data-attachment-id=\"4571\" data-permalink=\"https:\/\/bottesetvelo.com\/blog\/2021\/09\/10\/de-touriste-a-pelerine\/20190901_123504\/\" data-orig-file=\"https:\/\/i0.wp.com\/bottesetvelo.com\/blog\/wp-content\/uploads\/2021\/09\/20190901_123504-1318x678.jpg?fit=1318%2C678&amp;ssl=1\" data-orig-size=\"1318,678\" data-comments-opened=\"1\" data-image-meta=\"{&quot;aperture&quot;:&quot;1.7&quot;,&quot;credit&quot;:&quot;&quot;,&quot;camera&quot;:&quot;SM-A530W&quot;,&quot;caption&quot;:&quot;&quot;,&quot;created_timestamp&quot;:&quot;1567341304&quot;,&quot;copyright&quot;:&quot;&quot;,&quot;focal_length&quot;:&quot;3.93&quot;,&quot;iso&quot;:&quot;40&quot;,&quot;shutter_speed&quot;:&quot;0.00022999080036799&quot;,&quot;title&quot;:&quot;&quot;,&quot;orientation&quot;:&quot;1&quot;}\" data-image-title=\"20190901_123504\" data-image-description=\"\" data-image-caption=\"\" data-large-file=\"https:\/\/i0.wp.com\/bottesetvelo.com\/blog\/wp-content\/uploads\/2021\/09\/20190901_123504-1318x678.jpg?fit=1024%2C527&amp;ssl=1\" src=\"https:\/\/i0.wp.com\/bottesetvelo.com\/blog\/wp-content\/uploads\/2021\/09\/20190901_123504.jpg?resize=350%2C180&#038;ssl=1\" alt=\"\" class=\"wp-image-4571\" width=\"350\" height=\"180\" srcset=\"https:\/\/i0.wp.com\/bottesetvelo.com\/blog\/wp-content\/uploads\/2021\/09\/20190901_123504-1318x678.jpg?resize=1024%2C527&amp;ssl=1 1024w, https:\/\/i0.wp.com\/bottesetvelo.com\/blog\/wp-content\/uploads\/2021\/09\/20190901_123504-1318x678.jpg?resize=500%2C257&amp;ssl=1 500w, https:\/\/i0.wp.com\/bottesetvelo.com\/blog\/wp-content\/uploads\/2021\/09\/20190901_123504-1318x678.jpg?resize=768%2C395&amp;ssl=1 768w, https:\/\/i0.wp.com\/bottesetvelo.com\/blog\/wp-content\/uploads\/2021\/09\/20190901_123504-1318x678.jpg?resize=1318%2C678&amp;ssl=1 1318w\" sizes=\"auto, (max-width: 350px) 100vw, 350px\" \/><\/figure><\/div>\n\n\n\n<p>Je crois que je ne suis jamais pleinement revenue des \u00celes! Voil\u00e0 maintenant cinq \u00e9t\u00e9s que j\u2019y retourne marcher les Sentiers entre Vents en Mar\u00e9es. D\u00e8s que je pose le pied sur le traversier, j\u2019ai le sentiment d\u2019aller retrouver de la famille. Au-del\u00e0 des falaises rouges, des plages de sable blanc et des maisons color\u00e9es, il y a les gens. Ce sont eux qui donnent toutes leurs vraies couleurs aux \u00celes!<\/p>\n\n\n\n<div class=\"wp-block-image\"><figure class=\"alignright size-large\"><img data-recalc-dims=\"1\" loading=\"lazy\" decoding=\"async\" width=\"100\" height=\"79\" data-attachment-id=\"3248\" data-permalink=\"https:\/\/bottesetvelo.com\/blog\/2018\/03\/30\/comme-un-grand-silence\/bottes-et-velo-embleme-3\/\" data-orig-file=\"https:\/\/i0.wp.com\/bottesetvelo.com\/blog\/wp-content\/uploads\/2018\/03\/Bottes-et-V%C3%A9lo-Embl%C3%AAme-1-e1522416719670.png?fit=100%2C79&amp;ssl=1\" data-orig-size=\"100,79\" data-comments-opened=\"1\" data-image-meta=\"{&quot;aperture&quot;:&quot;0&quot;,&quot;credit&quot;:&quot;&quot;,&quot;camera&quot;:&quot;&quot;,&quot;caption&quot;:&quot;&quot;,&quot;created_timestamp&quot;:&quot;0&quot;,&quot;copyright&quot;:&quot;&quot;,&quot;focal_length&quot;:&quot;0&quot;,&quot;iso&quot;:&quot;0&quot;,&quot;shutter_speed&quot;:&quot;0&quot;,&quot;title&quot;:&quot;&quot;,&quot;orientation&quot;:&quot;0&quot;}\" data-image-title=\"Bottes et V\u00e9lo &amp;#8211; Embl\u00eame\" data-image-description=\"\" data-image-caption=\"\" data-large-file=\"https:\/\/i0.wp.com\/bottesetvelo.com\/blog\/wp-content\/uploads\/2018\/03\/Bottes-et-V%C3%A9lo-Embl%C3%AAme-1-e1522416719670.png?fit=100%2C79&amp;ssl=1\" src=\"https:\/\/i0.wp.com\/bottesetvelo.com\/blog\/wp-content\/uploads\/2018\/03\/Bottes-et-V%C3%A9lo-Embl%C3%AAme-1-e1522416719670.png?resize=100%2C79&#038;ssl=1\" alt=\"\" class=\"wp-image-3248\"\/><\/figure><\/div>\n\n\n\n<p>Brigitte Harouni<\/p>\n","protected":false},"excerpt":{"rendered":"<p>\u00ab La marche p\u00e8lerine, c&rsquo;est comme un petit virus\u2026 Il ne s&rsquo;attaque qu&rsquo;aux personnes qui veulent bien le recevoir. \u00bb Ginette La premi\u00e8re fois que je suis all\u00e9e aux \u00celes-de-la-Madeleine, j\u2019\u00e9tais touriste. Voyageant \u00e0 v\u00e9lo avec un minimum d\u2019\u00e9quipement, je sillonnais les chemins avec \u00e9merveillement. Je me suis gav\u00e9e de beaux paysages hauts en couleur,&hellip;<\/p>\n","protected":false},"author":2,"featured_media":4567,"comment_status":"open","ping_status":"open","sticky":false,"template":"","format":"standard","meta":{"jetpack_post_was_ever_published":false,"_jetpack_newsletter_access":"","_jetpack_dont_email_post_to_subs":false,"_jetpack_newsletter_tier_id":0,"_jetpack_memberships_contains_paywalled_content":false,"_jetpack_memberships_contains_paid_content":false,"footnotes":"","jetpack_publicize_message":"","jetpack_publicize_feature_enabled":true,"jetpack_social_post_already_shared":true,"jetpack_social_options":{"image_generator_settings":{"template":"highway","default_image_id":0,"font":"","enabled":false},"version":2}},"categories":[50,379,9,39,630,230,91,381,390],"tags":[468,664,539,145],"class_list":["post-4562","post","type-post","status-publish","format-standard","has-post-thumbnail","hentry","category-art-de-vivre","category-chemin-de-transformation","category-chemins-de-pelerinage","category-croissance-personnelle","category-exercice-pelerin","category-histoire-de-pelerin","category-sentiers-et-pistes-cyclable","category-transformation","category-voyages-pelerins","tag-iles-de-la-madeleine","tag-pelerine","tag-rencontres","tag-voyage"],"jetpack_publicize_connections":[],"jetpack_featured_media_url":"https:\/\/i0.wp.com\/bottesetvelo.com\/blog\/wp-content\/uploads\/2021\/09\/DSCN3292.jpg?fit=4608%2C3456&ssl=1","jetpack_shortlink":"https:\/\/wp.me\/p4eY6z-1bA","jetpack_sharing_enabled":true,"jetpack_likes_enabled":true,"jetpack-related-posts":[],"_links":{"self":[{"href":"https:\/\/bottesetvelo.com\/blog\/wp-json\/wp\/v2\/posts\/4562","targetHints":{"allow":["GET"]}}],"collection":[{"href":"https:\/\/bottesetvelo.com\/blog\/wp-json\/wp\/v2\/posts"}],"about":[{"href":"https:\/\/bottesetvelo.com\/blog\/wp-json\/wp\/v2\/types\/post"}],"author":[{"embeddable":true,"href":"https:\/\/bottesetvelo.com\/blog\/wp-json\/wp\/v2\/users\/2"}],"replies":[{"embeddable":true,"href":"https:\/\/bottesetvelo.com\/blog\/wp-json\/wp\/v2\/comments?post=4562"}],"version-history":[{"count":4,"href":"https:\/\/bottesetvelo.com\/blog\/wp-json\/wp\/v2\/posts\/4562\/revisions"}],"predecessor-version":[{"id":4574,"href":"https:\/\/bottesetvelo.com\/blog\/wp-json\/wp\/v2\/posts\/4562\/revisions\/4574"}],"wp:featuredmedia":[{"embeddable":true,"href":"https:\/\/bottesetvelo.com\/blog\/wp-json\/wp\/v2\/media\/4567"}],"wp:attachment":[{"href":"https:\/\/bottesetvelo.com\/blog\/wp-json\/wp\/v2\/media?parent=4562"}],"wp:term":[{"taxonomy":"category","embeddable":true,"href":"https:\/\/bottesetvelo.com\/blog\/wp-json\/wp\/v2\/categories?post=4562"},{"taxonomy":"post_tag","embeddable":true,"href":"https:\/\/bottesetvelo.com\/blog\/wp-json\/wp\/v2\/tags?post=4562"}],"curies":[{"name":"wp","href":"https:\/\/api.w.org\/{rel}","templated":true}]}}