{"id":456,"date":"2014-04-06T19:42:24","date_gmt":"2014-04-06T23:42:24","guid":{"rendered":"http:\/\/bottesetvelo.com\/blog\/?p=456"},"modified":"2014-04-06T19:48:28","modified_gmt":"2014-04-06T23:48:28","slug":"3-mai-le-traditionnel-tour-de-lisle-aux-coudres-de-lassociation-du-quebec-a-compostelle","status":"publish","type":"post","link":"https:\/\/bottesetvelo.com\/blog\/2014\/04\/06\/3-mai-le-traditionnel-tour-de-lisle-aux-coudres-de-lassociation-du-quebec-a-compostelle\/","title":{"rendered":"3 mai: Le traditionnel tour de l&rsquo;Isle-aux-Coudres de l&rsquo;Association du Qu\u00e9bec \u00e0 Compostelle"},"content":{"rendered":"<p style=\"text-align: justify;\"><strong>Samedi le 3 mai aura lieu la 14i\u00e8me \u00e9dition du tour de l&rsquo;Isle-aux-Coudres<\/strong> de l&rsquo;Association du Qu\u00e9bec \u00e0 Compostelle. Une marche de 23 km dans un d\u00e9cor magnifique et une ambiance chaleureuse. Pr\u00e8s de 700 marcheurs s&rsquo;y rassemblent chaque ann\u00e9e!<a href=\"https:\/\/i0.wp.com\/bottesetvelo.com\/blog\/wp-content\/uploads\/2014\/04\/2010-Ile-aux-Coudres-4.jpg?ssl=1\"><img data-recalc-dims=\"1\" loading=\"lazy\" decoding=\"async\" data-attachment-id=\"458\" data-permalink=\"https:\/\/bottesetvelo.com\/blog\/2014\/04\/06\/3-mai-le-traditionnel-tour-de-lisle-aux-coudres-de-lassociation-du-quebec-a-compostelle\/2010-ile-aux-coudres-4\/\" data-orig-file=\"https:\/\/i0.wp.com\/bottesetvelo.com\/blog\/wp-content\/uploads\/2014\/04\/2010-Ile-aux-Coudres-4.jpg?fit=3648%2C2736&amp;ssl=1\" data-orig-size=\"3648,2736\" data-comments-opened=\"1\" data-image-meta=\"{&quot;aperture&quot;:&quot;3.2&quot;,&quot;credit&quot;:&quot;&quot;,&quot;camera&quot;:&quot;Canon PowerShot SD890 IS&quot;,&quot;caption&quot;:&quot;&quot;,&quot;created_timestamp&quot;:&quot;1272725632&quot;,&quot;copyright&quot;:&quot;&quot;,&quot;focal_length&quot;:&quot;6.6&quot;,&quot;iso&quot;:&quot;80&quot;,&quot;shutter_speed&quot;:&quot;0.003125&quot;,&quot;title&quot;:&quot;&quot;}\" data-image-title=\"2010 &amp;#8211; Ile aux Coudres (4)\" data-image-description=\"\" data-image-caption=\"\" data-large-file=\"https:\/\/i0.wp.com\/bottesetvelo.com\/blog\/wp-content\/uploads\/2014\/04\/2010-Ile-aux-Coudres-4.jpg?fit=1024%2C768&amp;ssl=1\" class=\"wp-image-458 alignright\" alt=\"2010 - Ile aux Coudres (4)\" src=\"https:\/\/i0.wp.com\/bottesetvelo.com\/blog\/wp-content\/uploads\/2014\/04\/2010-Ile-aux-Coudres-4.jpg?resize=253%2C190&#038;ssl=1\" width=\"253\" height=\"190\" srcset=\"https:\/\/i0.wp.com\/bottesetvelo.com\/blog\/wp-content\/uploads\/2014\/04\/2010-Ile-aux-Coudres-4.jpg?resize=500%2C375&amp;ssl=1 500w, https:\/\/i0.wp.com\/bottesetvelo.com\/blog\/wp-content\/uploads\/2014\/04\/2010-Ile-aux-Coudres-4.jpg?resize=1024%2C768&amp;ssl=1 1024w, https:\/\/i0.wp.com\/bottesetvelo.com\/blog\/wp-content\/uploads\/2014\/04\/2010-Ile-aux-Coudres-4.jpg?resize=624%2C468&amp;ssl=1 624w, https:\/\/i0.wp.com\/bottesetvelo.com\/blog\/wp-content\/uploads\/2014\/04\/2010-Ile-aux-Coudres-4.jpg?w=2340&amp;ssl=1 2340w, https:\/\/i0.wp.com\/bottesetvelo.com\/blog\/wp-content\/uploads\/2014\/04\/2010-Ile-aux-Coudres-4.jpg?w=3510&amp;ssl=1 3510w\" sizes=\"auto, (max-width: 253px) 100vw, 253px\" \/><\/a><\/p>\n<p style=\"text-align: justify;\"><strong>Deux d\u00e9parts<\/strong> auront lieu par le traversier de St-Joseph-de-la-Rive, tout pr\u00e8s de Baie-St-Paul. Le premier se fera \u00e0 <strong>8h30<\/strong> et le deuxi\u00e8me \u00e0 <strong>9h30<\/strong>. L&rsquo;activit\u00e9 est gratuite et l&rsquo;association passera le chapeau \u00e0 la fin pour aider \u00e0 d\u00e9frayer les co\u00fbts de cette grande organisation.<\/p>\n<p style=\"text-align: justify;\">Pour nous aussi, cette activit\u00e9 est devenue une tradition. Depuis 5 ans, nous ne manquons jamais ce rendez-vous! Cette ann\u00e9e, nous serons encore de la partie. <strong>Nous embarquerons sur le d\u00e9part de 8h30.<\/strong> Nous vous invitons donc \u00e0 venir nous rencontrer, \u00e9changer et faire un bout de route avec nous.<\/p>\n<p style=\"text-align: justify;\">Au plaisir de vous rencontrer!<br \/>\nEt merci \u00e0 l&rsquo;Association du Qu\u00e9bec \u00e0 Compostelle d&rsquo;avoir d\u00e9velopp\u00e9 cette belle tradition!<a href=\"https:\/\/i0.wp.com\/bottesetvelo.com\/blog\/wp-content\/uploads\/2014\/01\/Bottes-et-V%C3%A9lo-Embl%C3%AAme.jpg?ssl=1\"><img data-recalc-dims=\"1\" loading=\"lazy\" decoding=\"async\" data-attachment-id=\"14\" data-permalink=\"https:\/\/bottesetvelo.com\/blog\/bottes-et-velo-le-blog\/bottes-et-velo-embleme\/\" data-orig-file=\"https:\/\/i0.wp.com\/bottesetvelo.com\/blog\/wp-content\/uploads\/2014\/01\/Bottes-et-V%C3%A9lo-Embl%C3%AAme-e1454083414631.jpg?fit=100%2C79&amp;ssl=1\" data-orig-size=\"100,79\" data-comments-opened=\"1\" data-image-meta=\"{&quot;aperture&quot;:&quot;0&quot;,&quot;credit&quot;:&quot;&quot;,&quot;camera&quot;:&quot;&quot;,&quot;caption&quot;:&quot;&quot;,&quot;created_timestamp&quot;:&quot;0&quot;,&quot;copyright&quot;:&quot;&quot;,&quot;focal_length&quot;:&quot;0&quot;,&quot;iso&quot;:&quot;0&quot;,&quot;shutter_speed&quot;:&quot;0&quot;,&quot;title&quot;:&quot;&quot;}\" data-image-title=\"Bottes et V\u00e9lo &amp;#8211; Embl\u00eame\" data-image-description=\"\" data-image-caption=\"\" data-large-file=\"https:\/\/i0.wp.com\/bottesetvelo.com\/blog\/wp-content\/uploads\/2014\/01\/Bottes-et-V%C3%A9lo-Embl%C3%AAme-e1454083414631.jpg?fit=100%2C79&amp;ssl=1\" class=\"wp-image-14 alignright\" alt=\"Bottes et V\u00e9lo - Embl\u00eame\" src=\"https:\/\/i0.wp.com\/bottesetvelo.com\/blog\/wp-content\/uploads\/2014\/01\/Bottes-et-V%C3%A9lo-Embl%C3%AAme.jpg?resize=65%2C51&#038;ssl=1\" width=\"65\" height=\"51\" \/><\/a><\/p>\n<p style=\"text-align: justify;\">\u00c9ric et Brigitte<\/p>\n<p style=\"text-align: justify;\">Pour plus de d\u00e9tails, visitez le site de l&rsquo;association: <a title=\"Association du Qu\u00e9bec \u00e0 Compostelle\" href=\"http:\/\/duquebecacompostelle.org\/duquebec.shtml\">duquebecacompostelle.org<\/a><\/p>\n","protected":false},"excerpt":{"rendered":"<p>Samedi le 3 mai aura lieu la 14i\u00e8me \u00e9dition du tour de l&rsquo;Isle-aux-Coudres de l&rsquo;Association du Qu\u00e9bec \u00e0 Compostelle. Une marche de 23 km dans un d\u00e9cor magnifique et une ambiance chaleureuse. Pr\u00e8s de 700 marcheurs s&rsquo;y rassemblent chaque ann\u00e9e! Deux d\u00e9parts auront lieu par le traversier de St-Joseph-de-la-Rive, tout pr\u00e8s de Baie-St-Paul. Le premier&hellip;<\/p>\n","protected":false},"author":1,"featured_media":0,"comment_status":"open","ping_status":"open","sticky":false,"template":"","format":"standard","meta":{"jetpack_post_was_ever_published":false,"_jetpack_newsletter_access":"","_jetpack_dont_email_post_to_subs":false,"_jetpack_newsletter_tier_id":0,"_jetpack_memberships_contains_paywalled_content":false,"_jetpack_memberships_contains_paid_content":false,"footnotes":"","jetpack_publicize_message":"","jetpack_publicize_feature_enabled":true,"jetpack_social_post_already_shared":true,"jetpack_social_options":{"image_generator_settings":{"template":"highway","default_image_id":0,"font":"","enabled":false},"version":2}},"categories":[56],"tags":[33],"class_list":["post-456","post","type-post","status-publish","format-standard","hentry","category-activites","tag-entrainement-physique"],"jetpack_publicize_connections":[],"jetpack_featured_media_url":"","jetpack_shortlink":"https:\/\/wp.me\/p4eY6z-7m","jetpack_sharing_enabled":true,"jetpack_likes_enabled":true,"jetpack-related-posts":[],"_links":{"self":[{"href":"https:\/\/bottesetvelo.com\/blog\/wp-json\/wp\/v2\/posts\/456","targetHints":{"allow":["GET"]}}],"collection":[{"href":"https:\/\/bottesetvelo.com\/blog\/wp-json\/wp\/v2\/posts"}],"about":[{"href":"https:\/\/bottesetvelo.com\/blog\/wp-json\/wp\/v2\/types\/post"}],"author":[{"embeddable":true,"href":"https:\/\/bottesetvelo.com\/blog\/wp-json\/wp\/v2\/users\/1"}],"replies":[{"embeddable":true,"href":"https:\/\/bottesetvelo.com\/blog\/wp-json\/wp\/v2\/comments?post=456"}],"version-history":[{"count":3,"href":"https:\/\/bottesetvelo.com\/blog\/wp-json\/wp\/v2\/posts\/456\/revisions"}],"predecessor-version":[{"id":460,"href":"https:\/\/bottesetvelo.com\/blog\/wp-json\/wp\/v2\/posts\/456\/revisions\/460"}],"wp:attachment":[{"href":"https:\/\/bottesetvelo.com\/blog\/wp-json\/wp\/v2\/media?parent=456"}],"wp:term":[{"taxonomy":"category","embeddable":true,"href":"https:\/\/bottesetvelo.com\/blog\/wp-json\/wp\/v2\/categories?post=456"},{"taxonomy":"post_tag","embeddable":true,"href":"https:\/\/bottesetvelo.com\/blog\/wp-json\/wp\/v2\/tags?post=456"}],"curies":[{"name":"wp","href":"https:\/\/api.w.org\/{rel}","templated":true}]}}