{"id":4545,"date":"2021-08-29T06:14:00","date_gmt":"2021-08-29T10:14:00","guid":{"rendered":"https:\/\/bottesetvelo.com\/blog\/?p=4545"},"modified":"2021-08-29T16:27:00","modified_gmt":"2021-08-29T20:27:00","slug":"jirai-marcher-les-iles","status":"publish","type":"post","link":"https:\/\/bottesetvelo.com\/blog\/2021\/08\/29\/jirai-marcher-les-iles\/","title":{"rendered":"J\u2019irai marcher les \u00celes"},"content":{"rendered":"\n<p class=\"has-medium-font-size\">Le blogue de Bottes et V\u00e9lo est de retour pour une huiti\u00e8me ann\u00e9e. Pour entrer dans cette nouvelle saison, si on parlait des Iles-de-la-Madeleine et du tourisme narcissique.<\/p>\n\n\n\n<p>Depuis 5 ans, Bottes et V\u00e9lo marche les Iles chaque \u00e9t\u00e9 et y a d\u00e9velopp\u00e9 un attachement tout particulier. Comme nous y sommes actuellement, je ne peux passer sous silence cette exp\u00e9rience qui se renouvelle ann\u00e9e apr\u00e8s ann\u00e9e en compagnie de nos amis madelinots et de tous ces p\u00e8lerins qui viennent parcourir les Sentiers entre Vents et Mar\u00e9es.<\/p>\n\n\n\n<div class=\"wp-block-image\"><figure class=\"alignright size-large is-resized\"><img data-recalc-dims=\"1\" loading=\"lazy\" decoding=\"async\" data-attachment-id=\"4549\" data-permalink=\"https:\/\/bottesetvelo.com\/blog\/2021\/08\/29\/jirai-marcher-les-iles\/20210828_0913441\/\" data-orig-file=\"https:\/\/i0.wp.com\/bottesetvelo.com\/blog\/wp-content\/uploads\/2021\/08\/20210828_0913441.jpg?fit=4032%2C2268&amp;ssl=1\" data-orig-size=\"4032,2268\" data-comments-opened=\"1\" data-image-meta=\"{&quot;aperture&quot;:&quot;1.7&quot;,&quot;credit&quot;:&quot;&quot;,&quot;camera&quot;:&quot;SM-G950W&quot;,&quot;caption&quot;:&quot;&quot;,&quot;created_timestamp&quot;:&quot;1630142024&quot;,&quot;copyright&quot;:&quot;&quot;,&quot;focal_length&quot;:&quot;4.25&quot;,&quot;iso&quot;:&quot;50&quot;,&quot;shutter_speed&quot;:&quot;0.00026709401709402&quot;,&quot;title&quot;:&quot;&quot;,&quot;orientation&quot;:&quot;1&quot;}\" data-image-title=\"20210828_0913441\" data-image-description=\"\" data-image-caption=\"\" data-large-file=\"https:\/\/i0.wp.com\/bottesetvelo.com\/blog\/wp-content\/uploads\/2021\/08\/20210828_0913441.jpg?fit=1024%2C576&amp;ssl=1\" src=\"https:\/\/i0.wp.com\/bottesetvelo.com\/blog\/wp-content\/uploads\/2021\/08\/20210828_0913441.jpg?resize=350%2C197&#038;ssl=1\" alt=\"\" class=\"wp-image-4549\" width=\"350\" height=\"197\" srcset=\"https:\/\/i0.wp.com\/bottesetvelo.com\/blog\/wp-content\/uploads\/2021\/08\/20210828_0913441.jpg?resize=1024%2C576&amp;ssl=1 1024w, https:\/\/i0.wp.com\/bottesetvelo.com\/blog\/wp-content\/uploads\/2021\/08\/20210828_0913441.jpg?resize=500%2C281&amp;ssl=1 500w, https:\/\/i0.wp.com\/bottesetvelo.com\/blog\/wp-content\/uploads\/2021\/08\/20210828_0913441.jpg?resize=768%2C432&amp;ssl=1 768w, https:\/\/i0.wp.com\/bottesetvelo.com\/blog\/wp-content\/uploads\/2021\/08\/20210828_0913441.jpg?resize=1536%2C864&amp;ssl=1 1536w, https:\/\/i0.wp.com\/bottesetvelo.com\/blog\/wp-content\/uploads\/2021\/08\/20210828_0913441.jpg?resize=2048%2C1152&amp;ssl=1 2048w, https:\/\/i0.wp.com\/bottesetvelo.com\/blog\/wp-content\/uploads\/2021\/08\/20210828_0913441.jpg?resize=1140%2C641&amp;ssl=1 1140w, https:\/\/i0.wp.com\/bottesetvelo.com\/blog\/wp-content\/uploads\/2021\/08\/20210828_0913441.jpg?resize=540%2C304&amp;ssl=1 540w, https:\/\/i0.wp.com\/bottesetvelo.com\/blog\/wp-content\/uploads\/2021\/08\/20210828_0913441.jpg?w=2340&amp;ssl=1 2340w, https:\/\/i0.wp.com\/bottesetvelo.com\/blog\/wp-content\/uploads\/2021\/08\/20210828_0913441.jpg?w=3510&amp;ssl=1 3510w\" sizes=\"auto, (max-width: 350px) 100vw, 350px\" \/><\/figure><\/div>\n\n\n\n<p>La r\u00e9putation des Iles n\u2019est plus \u00e0 faire&nbsp;et les nombreux attraits de ce joyaux qu\u00e9b\u00e9cois seraient trop long \u00e0 \u00e9num\u00e9rer. Cette ann\u00e9e, je dois cependant vous dire qu\u2019il s\u2019agit d\u2019une ann\u00e9e particuli\u00e8re. Celle-ci bat des records, non pas tant par le nombre de visiteurs qui augmente r\u00e9guli\u00e8rement depuis quelques ann\u00e9es, que par le d\u00e9sagr\u00e9ment occasionn\u00e9 par ces derniers. Est-ce un effet de l\u2019apr\u00e8s-pand\u00e9mie ou celui d\u2019un manque flagrant de savoir-vivre? Fort probablement la conjugaison des deux.<\/p>\n\n\n\n<p>Un archipel est un milieu clos et plusieurs n\u2019ont pas conscience de ce que cela peut impliquer en ce qui concerne\u00a0: l\u2019approvisionnement en eau potable, la gestion des d\u00e9chets ou ne serait-ce que le nombre de voitures qu\u2019un tel milieu peut accueillir. Les moindres changements ont un impact et mettent en p\u00e9ril l\u2019\u00e9quilibre de ce milieu fragile. Mais l\u00e0 n\u2019est pas la seul difficult\u00e9\u00a0! Ce qui devient accablant, voir irritant, c\u2019est la maigre qualit\u00e9 des nombreux touristes qui fr\u00e9quentent les \u00celes depuis quelques temps. Plusieurs se comportent, non pas en visiteurs, mais en consommateurs des lieux laissant aux Madelinots l\u2019impression d\u2019\u00eatre de trop, chez eux.<\/p>\n\n\n\n<div class=\"wp-block-image\"><figure class=\"alignright size-large is-resized\"><img data-recalc-dims=\"1\" loading=\"lazy\" decoding=\"async\" data-attachment-id=\"4548\" data-permalink=\"https:\/\/bottesetvelo.com\/blog\/2021\/08\/29\/jirai-marcher-les-iles\/20210828_0910201\/\" data-orig-file=\"https:\/\/i0.wp.com\/bottesetvelo.com\/blog\/wp-content\/uploads\/2021\/08\/20210828_0910201.jpg?fit=4032%2C2268&amp;ssl=1\" data-orig-size=\"4032,2268\" data-comments-opened=\"1\" data-image-meta=\"{&quot;aperture&quot;:&quot;1.7&quot;,&quot;credit&quot;:&quot;&quot;,&quot;camera&quot;:&quot;SM-G950W&quot;,&quot;caption&quot;:&quot;&quot;,&quot;created_timestamp&quot;:&quot;1630141820&quot;,&quot;copyright&quot;:&quot;&quot;,&quot;focal_length&quot;:&quot;4.25&quot;,&quot;iso&quot;:&quot;50&quot;,&quot;shutter_speed&quot;:&quot;0.00054466230936819&quot;,&quot;title&quot;:&quot;&quot;,&quot;orientation&quot;:&quot;1&quot;}\" data-image-title=\"20210828_0910201\" data-image-description=\"\" data-image-caption=\"\" data-large-file=\"https:\/\/i0.wp.com\/bottesetvelo.com\/blog\/wp-content\/uploads\/2021\/08\/20210828_0910201.jpg?fit=1024%2C576&amp;ssl=1\" src=\"https:\/\/i0.wp.com\/bottesetvelo.com\/blog\/wp-content\/uploads\/2021\/08\/20210828_0910201.jpg?resize=350%2C197&#038;ssl=1\" alt=\"\" class=\"wp-image-4548\" width=\"350\" height=\"197\" srcset=\"https:\/\/i0.wp.com\/bottesetvelo.com\/blog\/wp-content\/uploads\/2021\/08\/20210828_0910201.jpg?resize=1024%2C576&amp;ssl=1 1024w, https:\/\/i0.wp.com\/bottesetvelo.com\/blog\/wp-content\/uploads\/2021\/08\/20210828_0910201.jpg?resize=500%2C281&amp;ssl=1 500w, https:\/\/i0.wp.com\/bottesetvelo.com\/blog\/wp-content\/uploads\/2021\/08\/20210828_0910201.jpg?resize=768%2C432&amp;ssl=1 768w, https:\/\/i0.wp.com\/bottesetvelo.com\/blog\/wp-content\/uploads\/2021\/08\/20210828_0910201.jpg?resize=1536%2C864&amp;ssl=1 1536w, https:\/\/i0.wp.com\/bottesetvelo.com\/blog\/wp-content\/uploads\/2021\/08\/20210828_0910201.jpg?resize=2048%2C1152&amp;ssl=1 2048w, https:\/\/i0.wp.com\/bottesetvelo.com\/blog\/wp-content\/uploads\/2021\/08\/20210828_0910201.jpg?resize=1140%2C641&amp;ssl=1 1140w, https:\/\/i0.wp.com\/bottesetvelo.com\/blog\/wp-content\/uploads\/2021\/08\/20210828_0910201.jpg?resize=540%2C304&amp;ssl=1 540w, https:\/\/i0.wp.com\/bottesetvelo.com\/blog\/wp-content\/uploads\/2021\/08\/20210828_0910201.jpg?w=2340&amp;ssl=1 2340w, https:\/\/i0.wp.com\/bottesetvelo.com\/blog\/wp-content\/uploads\/2021\/08\/20210828_0910201.jpg?w=3510&amp;ssl=1 3510w\" sizes=\"auto, (max-width: 350px) 100vw, 350px\" \/><\/figure><\/div>\n\n\n\n<p>Le touriste narcissique est plus dangereux que l\u2019\u00e9rosion pour les \u00celes. Il passe avec l\u2019arrogance d\u2019un bulldozer sur les lieux qu\u2019il visite. Afin de renverser la vapeur des nombreux d\u00e9rapages occasionn\u00e9s par une affluence touristique qui manque s\u00e9rieusement d\u2019\u00e9thique, il importe de recadrer le tout\u00a0: on n\u2019entre pas aux iles n\u2019importe comment! Il convient d\u2019entrer aux \u00eeles (ou ailleurs) comme on entre dans un sanctuaire, c&rsquo;est-\u00e0-dire avec respect. Vigilance et bienveillance sont alors de mise, face \u00e0 la fragilit\u00e9 de cet \u00e9cosyst\u00e8me, mais aussi par soucis de solidarit\u00e9 envers le peuple magdal\u00e9nien.<\/p>\n\n\n\n<p>Les \u00e9tudes les plus r\u00e9centes sur les pratiques p\u00e8lerines mettent en \u00e9vidence que les milieux p\u00e8lerins subsistent gr\u00e2ce \u00e0 un r\u00e9seau de relations qui se construit sur l\u2019\u00e9change, le partage et le respect mutuel. Si les chemins de p\u00e8lerinage survivent, c\u2019est parce qu&rsquo;ils s&rsquo;appuient sur une coop\u00e9ration entre les diff\u00e9rentes instances qui les composent. Au cours des vingt derni\u00e8res ann\u00e9es, Compostelle a connu de nombreux d\u00e9bordements d\u00e9vastateurs : d\u00e9chets, non-respect des lieux priv\u00e9s, affluence excessive, approche consum\u00e9riste. Pour contrer ces difficult\u00e9s, l\u2019\u00e9laboration d\u2019une \u00e9thique p\u00e8lerine s\u2019est av\u00e9r\u00e9e n\u00e9cessaire. Une telle \u00e9thique passe, bien s\u00fbr, par un soucis de l\u2019environnement mais, plus largement, par un soucis relationnel.\u00a0En effet, l\u2019exp\u00e9rience p\u00e8lerine s\u2019accomplit dans une interaction juste et \u00e9quilibr\u00e9e, non-dominatrice. Lorsqu\u2019il y a accueil r\u00e9ciproque, reconnaissance et respect de part et d\u2019autre, tous les protagonistes peuvent s\u2019\u00e9panouir.<\/p>\n\n\n\n<div class=\"wp-block-image\"><figure class=\"alignright size-large is-resized\"><img data-recalc-dims=\"1\" loading=\"lazy\" decoding=\"async\" data-attachment-id=\"4547\" data-permalink=\"https:\/\/bottesetvelo.com\/blog\/2021\/08\/29\/jirai-marcher-les-iles\/20210828_1307581\/\" data-orig-file=\"https:\/\/i0.wp.com\/bottesetvelo.com\/blog\/wp-content\/uploads\/2021\/08\/20210828_1307581.jpg?fit=4032%2C2268&amp;ssl=1\" data-orig-size=\"4032,2268\" data-comments-opened=\"1\" data-image-meta=\"{&quot;aperture&quot;:&quot;1.7&quot;,&quot;credit&quot;:&quot;&quot;,&quot;camera&quot;:&quot;SM-G950W&quot;,&quot;caption&quot;:&quot;&quot;,&quot;created_timestamp&quot;:&quot;1630156078&quot;,&quot;copyright&quot;:&quot;&quot;,&quot;focal_length&quot;:&quot;4.25&quot;,&quot;iso&quot;:&quot;50&quot;,&quot;shutter_speed&quot;:&quot;0.0001491646778043&quot;,&quot;title&quot;:&quot;&quot;,&quot;orientation&quot;:&quot;1&quot;}\" data-image-title=\"20210828_1307581\" data-image-description=\"\" data-image-caption=\"\" data-large-file=\"https:\/\/i0.wp.com\/bottesetvelo.com\/blog\/wp-content\/uploads\/2021\/08\/20210828_1307581.jpg?fit=1024%2C576&amp;ssl=1\" src=\"https:\/\/i0.wp.com\/bottesetvelo.com\/blog\/wp-content\/uploads\/2021\/08\/20210828_1307581.jpg?resize=350%2C197&#038;ssl=1\" alt=\"\" class=\"wp-image-4547\" width=\"350\" height=\"197\" srcset=\"https:\/\/i0.wp.com\/bottesetvelo.com\/blog\/wp-content\/uploads\/2021\/08\/20210828_1307581.jpg?resize=1024%2C576&amp;ssl=1 1024w, https:\/\/i0.wp.com\/bottesetvelo.com\/blog\/wp-content\/uploads\/2021\/08\/20210828_1307581.jpg?resize=500%2C281&amp;ssl=1 500w, https:\/\/i0.wp.com\/bottesetvelo.com\/blog\/wp-content\/uploads\/2021\/08\/20210828_1307581.jpg?resize=768%2C432&amp;ssl=1 768w, https:\/\/i0.wp.com\/bottesetvelo.com\/blog\/wp-content\/uploads\/2021\/08\/20210828_1307581.jpg?resize=1536%2C864&amp;ssl=1 1536w, https:\/\/i0.wp.com\/bottesetvelo.com\/blog\/wp-content\/uploads\/2021\/08\/20210828_1307581.jpg?resize=2048%2C1152&amp;ssl=1 2048w, https:\/\/i0.wp.com\/bottesetvelo.com\/blog\/wp-content\/uploads\/2021\/08\/20210828_1307581.jpg?resize=1140%2C641&amp;ssl=1 1140w, https:\/\/i0.wp.com\/bottesetvelo.com\/blog\/wp-content\/uploads\/2021\/08\/20210828_1307581.jpg?resize=540%2C304&amp;ssl=1 540w, https:\/\/i0.wp.com\/bottesetvelo.com\/blog\/wp-content\/uploads\/2021\/08\/20210828_1307581.jpg?w=2340&amp;ssl=1 2340w, https:\/\/i0.wp.com\/bottesetvelo.com\/blog\/wp-content\/uploads\/2021\/08\/20210828_1307581.jpg?w=3510&amp;ssl=1 3510w\" sizes=\"auto, (max-width: 350px) 100vw, 350px\" \/><\/figure><\/div>\n\n\n\n<p>En ce moment, l\u2019enjeu est le m\u00eame aux \u00celes. Les m\u00eames d\u00e9bordements sont \u00e0 l\u2019\u0153uvre et ceux-ci se jouent sur l\u2019absence d\u2019une telle \u00ab&nbsp;\u00e9thique du voyageur&nbsp;\u00bb. Par \u00e9gard, mais bien plus par solidarit\u00e9 envers les madelinots, il faut encourager la cr\u00e9ation d\u2019une telle \u00e9thique, en faire la promotion et, surtout, s\u2019en faire d\u2019ardents d\u00e9fenseurs. Il en va de la pr\u00e9servation d\u2019une culture riche, accueillante et talentueuse qui pourrait bien disparaitre au profit d\u2019une insouciance consum\u00e9riste, pour devenir le cirque d\u2019une parodie folklorique.<\/p>\n\n\n\n<p>Dor\u00e9navant allons visiter les \u00eeles, non pas pour les assimiler, mais pour se laisser transformer par l\u2019exp\u00e9rience de cette rencontre. Voyager, c\u2019est se laisser interpeller et en sortir grandit. <\/p>\n\n\n\n<div class=\"wp-block-image\"><figure class=\"alignright size-large\"><img data-recalc-dims=\"1\" loading=\"lazy\" decoding=\"async\" width=\"100\" height=\"79\" data-attachment-id=\"3180\" data-permalink=\"https:\/\/bottesetvelo.com\/blog\/2018\/01\/26\/sortir-de-la-confusion\/bottes-et-velo-embleme-transparent\/\" data-orig-file=\"https:\/\/i0.wp.com\/bottesetvelo.com\/blog\/wp-content\/uploads\/2018\/01\/Bottes-et-V%C3%A9lo-Embl%C3%AAme-transparent-e1522417779346.png?fit=100%2C79&amp;ssl=1\" data-orig-size=\"100,79\" data-comments-opened=\"1\" data-image-meta=\"{&quot;aperture&quot;:&quot;0&quot;,&quot;credit&quot;:&quot;&quot;,&quot;camera&quot;:&quot;&quot;,&quot;caption&quot;:&quot;&quot;,&quot;created_timestamp&quot;:&quot;0&quot;,&quot;copyright&quot;:&quot;&quot;,&quot;focal_length&quot;:&quot;0&quot;,&quot;iso&quot;:&quot;0&quot;,&quot;shutter_speed&quot;:&quot;0&quot;,&quot;title&quot;:&quot;&quot;,&quot;orientation&quot;:&quot;0&quot;}\" data-image-title=\"Bottes et V\u00e9lo &amp;#8211; Embl\u00eame &amp;#8211; transparent\" data-image-description=\"\" data-image-caption=\"\" data-large-file=\"https:\/\/i0.wp.com\/bottesetvelo.com\/blog\/wp-content\/uploads\/2018\/01\/Bottes-et-V%C3%A9lo-Embl%C3%AAme-transparent-e1522417779346.png?fit=100%2C79&amp;ssl=1\" src=\"https:\/\/i0.wp.com\/bottesetvelo.com\/blog\/wp-content\/uploads\/2018\/01\/Bottes-et-V%C3%A9lo-Embl%C3%AAme-transparent-e1522417779346.png?resize=100%2C79&#038;ssl=1\" alt=\"\" class=\"wp-image-3180\"\/><\/figure><\/div>\n\n\n\n<p>\u00c9ric Lalibert\u00e9<\/p>\n","protected":false},"excerpt":{"rendered":"<p>Le blogue de Bottes et V\u00e9lo est de retour pour une huiti\u00e8me ann\u00e9e. Pour entrer dans cette nouvelle saison, si on parlait des Iles-de-la-Madeleine et du tourisme narcissique. Depuis 5 ans, Bottes et V\u00e9lo marche les Iles chaque \u00e9t\u00e9 et y a d\u00e9velopp\u00e9 un attachement tout particulier. Comme nous y sommes actuellement, je ne peux&hellip;<\/p>\n","protected":false},"author":3,"featured_media":4546,"comment_status":"open","ping_status":"open","sticky":false,"template":"","format":"standard","meta":{"jetpack_post_was_ever_published":false,"_jetpack_newsletter_access":"","_jetpack_dont_email_post_to_subs":false,"_jetpack_newsletter_tier_id":0,"_jetpack_memberships_contains_paywalled_content":false,"_jetpack_memberships_contains_paid_content":false,"footnotes":"","jetpack_publicize_message":"J\u2019irai marcher les \u00celes\nLe touriste narcissique est plus dangereux que l\u2019\u00e9rosion pour les \u00celes. Il passe avec l\u2019arrogance d\u2019un bulldozer sur les lieux qu\u2019il visite. #ilesdelamadeleine","jetpack_publicize_feature_enabled":true,"jetpack_social_post_already_shared":true,"jetpack_social_options":{"image_generator_settings":{"template":"highway","default_image_id":0,"font":"","enabled":false},"version":2}},"categories":[380,345,628,630,3],"tags":[80,435,663,468,469],"class_list":["post-4545","post","type-post","status-publish","format-standard","has-post-thumbnail","hentry","category-conscientisation","category-culture-de-consommation","category-etudes-pelerines","category-exercice-pelerin","category-reflexions","tag-compostelle","tag-culture-de-consommation","tag-ethique-du-voyageur","tag-iles-de-la-madeleine","tag-sentiers-entre-vents-et-marees"],"jetpack_publicize_connections":[],"jetpack_featured_media_url":"https:\/\/i0.wp.com\/bottesetvelo.com\/blog\/wp-content\/uploads\/2021\/08\/20210828_0927361.jpg?fit=4032%2C2268&ssl=1","jetpack_shortlink":"https:\/\/wp.me\/p4eY6z-1bj","jetpack_sharing_enabled":true,"jetpack_likes_enabled":true,"jetpack-related-posts":[],"_links":{"self":[{"href":"https:\/\/bottesetvelo.com\/blog\/wp-json\/wp\/v2\/posts\/4545","targetHints":{"allow":["GET"]}}],"collection":[{"href":"https:\/\/bottesetvelo.com\/blog\/wp-json\/wp\/v2\/posts"}],"about":[{"href":"https:\/\/bottesetvelo.com\/blog\/wp-json\/wp\/v2\/types\/post"}],"author":[{"embeddable":true,"href":"https:\/\/bottesetvelo.com\/blog\/wp-json\/wp\/v2\/users\/3"}],"replies":[{"embeddable":true,"href":"https:\/\/bottesetvelo.com\/blog\/wp-json\/wp\/v2\/comments?post=4545"}],"version-history":[{"count":6,"href":"https:\/\/bottesetvelo.com\/blog\/wp-json\/wp\/v2\/posts\/4545\/revisions"}],"predecessor-version":[{"id":4556,"href":"https:\/\/bottesetvelo.com\/blog\/wp-json\/wp\/v2\/posts\/4545\/revisions\/4556"}],"wp:featuredmedia":[{"embeddable":true,"href":"https:\/\/bottesetvelo.com\/blog\/wp-json\/wp\/v2\/media\/4546"}],"wp:attachment":[{"href":"https:\/\/bottesetvelo.com\/blog\/wp-json\/wp\/v2\/media?parent=4545"}],"wp:term":[{"taxonomy":"category","embeddable":true,"href":"https:\/\/bottesetvelo.com\/blog\/wp-json\/wp\/v2\/categories?post=4545"},{"taxonomy":"post_tag","embeddable":true,"href":"https:\/\/bottesetvelo.com\/blog\/wp-json\/wp\/v2\/tags?post=4545"}],"curies":[{"name":"wp","href":"https:\/\/api.w.org\/{rel}","templated":true}]}}