{"id":4521,"date":"2021-06-16T16:56:20","date_gmt":"2021-06-16T20:56:20","guid":{"rendered":"https:\/\/bottesetvelo.com\/blog\/?p=4521"},"modified":"2021-06-16T16:56:20","modified_gmt":"2021-06-16T20:56:20","slug":"la-diversite-pelerine","status":"publish","type":"post","link":"https:\/\/bottesetvelo.com\/blog\/2021\/06\/16\/la-diversite-pelerine\/","title":{"rendered":"La diversit\u00e9 p\u00e8lerine"},"content":{"rendered":"\n<h3 class=\"wp-block-heading\">D\u00e8s demain, Bottes et V\u00e9lo entreprendra un p\u00e8lerinage \u00e0 v\u00e9lo \u00e0 travers tout le sud de la province. Pendant ce p\u00e9riple, nous vous proposerons des capsules vid\u00e9o cherchant \u00e0 r\u00e9fl\u00e9chir sur la diversit\u00e9 p\u00e8lerine. La conception du p\u00e8lerinage ayant \u00e9volu\u00e9 au cours des derni\u00e8res d\u00e9cennies, l\u2019exp\u00e9rience p\u00e8lerine semble se manifester de mani\u00e8re inusit\u00e9e en d\u00e9passant le lieu, les bottes et le sac \u00e0 dos. Allons \u00e0 sa rencontre!<\/h3>\n\n\n\n<blockquote class=\"wp-block-quote has-text-align-right is-layout-flow wp-block-quote-is-layout-flow\"><p>Les gens cherchent sans rel\u00e2che une \u00ab\u00a0ville du bonheur\u00a0\u00bb &#8211; sans se rendre compte qu&rsquo;elle ne pouvait \u00eatre trouv\u00e9e que dans un \u00ab\u00a0\u00e9tat d&rsquo;esprit\u00a0\u00bb. <\/p><cite>Rabbi Avraham Pam<\/cite><\/blockquote>\n\n\n\n<div class=\"wp-block-image\"><figure class=\"alignright size-large is-resized\"><img data-recalc-dims=\"1\" loading=\"lazy\" decoding=\"async\" data-attachment-id=\"4522\" data-permalink=\"https:\/\/bottesetvelo.com\/blog\/2021\/06\/16\/la-diversite-pelerine\/phone-2612507\/\" data-orig-file=\"https:\/\/i0.wp.com\/bottesetvelo.com\/blog\/wp-content\/uploads\/2021\/06\/phone-2612507-2078x1390.jpg?fit=2078%2C1390&amp;ssl=1\" data-orig-size=\"2078,1390\" data-comments-opened=\"1\" data-image-meta=\"{&quot;aperture&quot;:&quot;2.8&quot;,&quot;credit&quot;:&quot;&quot;,&quot;camera&quot;:&quot;Canon EOS D30&quot;,&quot;caption&quot;:&quot;&quot;,&quot;created_timestamp&quot;:&quot;0&quot;,&quot;copyright&quot;:&quot;&quot;,&quot;focal_length&quot;:&quot;17&quot;,&quot;iso&quot;:&quot;800&quot;,&quot;shutter_speed&quot;:&quot;0.125&quot;,&quot;title&quot;:&quot;&quot;,&quot;orientation&quot;:&quot;0&quot;}\" data-image-title=\"phone-2612507\" data-image-description=\"\" data-image-caption=\"\" data-large-file=\"https:\/\/i0.wp.com\/bottesetvelo.com\/blog\/wp-content\/uploads\/2021\/06\/phone-2612507-2078x1390.jpg?fit=1024%2C685&amp;ssl=1\" src=\"https:\/\/i0.wp.com\/bottesetvelo.com\/blog\/wp-content\/uploads\/2021\/06\/phone-2612507.jpg?resize=512%2C343&#038;ssl=1\" alt=\"\" class=\"wp-image-4522\" width=\"512\" height=\"343\" srcset=\"https:\/\/i0.wp.com\/bottesetvelo.com\/blog\/wp-content\/uploads\/2021\/06\/phone-2612507-2078x1390.jpg?resize=1024%2C685&amp;ssl=1 1024w, https:\/\/i0.wp.com\/bottesetvelo.com\/blog\/wp-content\/uploads\/2021\/06\/phone-2612507-2078x1390.jpg?resize=500%2C334&amp;ssl=1 500w, https:\/\/i0.wp.com\/bottesetvelo.com\/blog\/wp-content\/uploads\/2021\/06\/phone-2612507-2078x1390.jpg?resize=768%2C514&amp;ssl=1 768w, https:\/\/i0.wp.com\/bottesetvelo.com\/blog\/wp-content\/uploads\/2021\/06\/phone-2612507-2078x1390.jpg?resize=1536%2C1027&amp;ssl=1 1536w, https:\/\/i0.wp.com\/bottesetvelo.com\/blog\/wp-content\/uploads\/2021\/06\/phone-2612507-2078x1390.jpg?resize=2048%2C1370&amp;ssl=1 2048w\" sizes=\"auto, (max-width: 512px) 100vw, 512px\" \/><\/figure><\/div>\n\n\n\n<p>Le t\u00e9l\u00e9phone que nous connaissons aujourd\u2019hui a bien chang\u00e9 depuis l\u2019\u00e9poque de nos grands-parents. Mais quelle que soit sa forme, on lui a permis de conserver son nom d\u2019origine. Le mot \u00ab&nbsp;t\u00e9l\u00e9phone&nbsp;\u00bb a travers\u00e9 le temps. On lui a simplement ajout\u00e9 un qualificatif pour le sp\u00e9cifier&nbsp;: manuel, automatique, mobile, cellulaire\u2026<\/p>\n\n\n\n<p>Il en va de m\u00eame pour la voiture. Si les premi\u00e8res \u00e9taient tir\u00e9es par des chevaux, elles ont rapidement \u00e9t\u00e9 d\u00e9pass\u00e9es par le moteur \u00e0 vapeur, celui \u00e0 explosion, puis le moteur \u00e9lectrique. De nos jours, une voiture comprend des conforts qui n\u2019existaient pas autrefois. Et malgr\u00e9 toutes ces modifications, on continue d\u2019utiliser le mot \u00ab&nbsp;voiture&nbsp;\u00bb. Ainsi, ici encore, on a su pr\u00e9server le nom de l\u2019objet, lui apposant au besoin un groupe de mots pour pr\u00e9ciser le type de voiture&nbsp;: familiale, sport, d\u00e9capotable, de course\u2026<\/p>\n\n\n\n<div class=\"wp-block-image\"><figure class=\"alignright size-large is-resized\"><img data-recalc-dims=\"1\" loading=\"lazy\" decoding=\"async\" data-attachment-id=\"4523\" data-permalink=\"https:\/\/bottesetvelo.com\/blog\/2021\/06\/16\/la-diversite-pelerine\/oxcart-1559717\/\" data-orig-file=\"https:\/\/i0.wp.com\/bottesetvelo.com\/blog\/wp-content\/uploads\/2021\/06\/oxcart-1559717.jpg?fit=5184%2C3456&amp;ssl=1\" data-orig-size=\"5184,3456\" data-comments-opened=\"1\" data-image-meta=\"{&quot;aperture&quot;:&quot;5.6&quot;,&quot;credit&quot;:&quot;&quot;,&quot;camera&quot;:&quot;Canon EOS 60D&quot;,&quot;caption&quot;:&quot;&quot;,&quot;created_timestamp&quot;:&quot;0&quot;,&quot;copyright&quot;:&quot;&quot;,&quot;focal_length&quot;:&quot;135&quot;,&quot;iso&quot;:&quot;250&quot;,&quot;shutter_speed&quot;:&quot;0.004&quot;,&quot;title&quot;:&quot;&quot;,&quot;orientation&quot;:&quot;0&quot;}\" data-image-title=\"oxcart-1559717\" data-image-description=\"\" data-image-caption=\"\" data-large-file=\"https:\/\/i0.wp.com\/bottesetvelo.com\/blog\/wp-content\/uploads\/2021\/06\/oxcart-1559717.jpg?fit=1024%2C683&amp;ssl=1\" src=\"https:\/\/i0.wp.com\/bottesetvelo.com\/blog\/wp-content\/uploads\/2021\/06\/oxcart-1559717.jpg?resize=512%2C342&#038;ssl=1\" alt=\"\" class=\"wp-image-4523\" width=\"512\" height=\"342\" srcset=\"https:\/\/i0.wp.com\/bottesetvelo.com\/blog\/wp-content\/uploads\/2021\/06\/oxcart-1559717.jpg?resize=1024%2C683&amp;ssl=1 1024w, https:\/\/i0.wp.com\/bottesetvelo.com\/blog\/wp-content\/uploads\/2021\/06\/oxcart-1559717.jpg?resize=500%2C333&amp;ssl=1 500w, https:\/\/i0.wp.com\/bottesetvelo.com\/blog\/wp-content\/uploads\/2021\/06\/oxcart-1559717.jpg?resize=768%2C512&amp;ssl=1 768w, https:\/\/i0.wp.com\/bottesetvelo.com\/blog\/wp-content\/uploads\/2021\/06\/oxcart-1559717.jpg?resize=1536%2C1024&amp;ssl=1 1536w, https:\/\/i0.wp.com\/bottesetvelo.com\/blog\/wp-content\/uploads\/2021\/06\/oxcart-1559717.jpg?resize=2048%2C1365&amp;ssl=1 2048w, https:\/\/i0.wp.com\/bottesetvelo.com\/blog\/wp-content\/uploads\/2021\/06\/oxcart-1559717.jpg?w=2340&amp;ssl=1 2340w, https:\/\/i0.wp.com\/bottesetvelo.com\/blog\/wp-content\/uploads\/2021\/06\/oxcart-1559717.jpg?w=3510&amp;ssl=1 3510w\" sizes=\"auto, (max-width: 512px) 100vw, 512px\" \/><\/figure><\/div>\n\n\n\n<p>Alors qu\u2019en est-il du mot p\u00e8lerinage?<\/p>\n\n\n\n<p>Les premiers p\u00e8lerinages remontent \u00e0 la pr\u00e9histoire. Des p\u00e8lerinages avaient \u00e9galement lieu durant la Gr\u00e8ce Antique et durant l\u2019\u00e9poque Romaine. In\u00e9vitablement, le p\u00e8lerinage a connu bien des transformations depuis ces temps-l\u00e0! Le p\u00e8lerinage des anciens temps diff\u00e8re en plusieurs points de celui des ann\u00e9es 2000. \u00c0 travers les ann\u00e9es, des p\u00e8lerinages se sont faits en bateau, \u00e0 pied, \u00e0 cheval, vers des grottes, des cath\u00e9drales, des lieux saints, mais aussi en voiture, en autobus, \u00e0 v\u00e9lo, dans les pas de personnages c\u00e9l\u00e8bres, sur la tombe de personnalit\u00e9s marquantes, sur des chemins historiques. Limiter le p\u00e8lerinage \u00e0 son caract\u00e8re religieux serait l\u2019enfermer dans le temps, le freiner alors qu\u2019il est mouvement. Ainsi, malgr\u00e9 les multiples modifications, tout comme pour le t\u00e9l\u00e9phone et la voiture, certains aspects demeurent, qui permettent de qualifier l\u2019exp\u00e9rience de \u00ab&nbsp;p\u00e8lerinage&nbsp;\u00bb. Cette pratique a voyag\u00e9 avec le temps et cherche encore \u00e0 rendre compte d\u2019une exp\u00e9rience v\u00e9cue.<\/p>\n\n\n\n<div class=\"wp-block-image\"><figure class=\"alignright size-large is-resized\"><img data-recalc-dims=\"1\" loading=\"lazy\" decoding=\"async\" data-attachment-id=\"4524\" data-permalink=\"https:\/\/bottesetvelo.com\/blog\/2021\/06\/16\/la-diversite-pelerine\/man-3744997\/\" data-orig-file=\"https:\/\/i0.wp.com\/bottesetvelo.com\/blog\/wp-content\/uploads\/2021\/06\/man-3744997.jpg?fit=5472%2C3648&amp;ssl=1\" data-orig-size=\"5472,3648\" data-comments-opened=\"1\" data-image-meta=\"{&quot;aperture&quot;:&quot;5.6&quot;,&quot;credit&quot;:&quot;&quot;,&quot;camera&quot;:&quot;Canon PowerShot G3 X&quot;,&quot;caption&quot;:&quot;&quot;,&quot;created_timestamp&quot;:&quot;0&quot;,&quot;copyright&quot;:&quot;&quot;,&quot;focal_length&quot;:&quot;220&quot;,&quot;iso&quot;:&quot;125&quot;,&quot;shutter_speed&quot;:&quot;0.0025&quot;,&quot;title&quot;:&quot;&quot;,&quot;orientation&quot;:&quot;0&quot;}\" data-image-title=\"man-3744997\" data-image-description=\"\" data-image-caption=\"\" data-large-file=\"https:\/\/i0.wp.com\/bottesetvelo.com\/blog\/wp-content\/uploads\/2021\/06\/man-3744997.jpg?fit=1024%2C683&amp;ssl=1\" src=\"https:\/\/i0.wp.com\/bottesetvelo.com\/blog\/wp-content\/uploads\/2021\/06\/man-3744997.jpg?resize=512%2C342&#038;ssl=1\" alt=\"\" class=\"wp-image-4524\" width=\"512\" height=\"342\" srcset=\"https:\/\/i0.wp.com\/bottesetvelo.com\/blog\/wp-content\/uploads\/2021\/06\/man-3744997.jpg?resize=1024%2C683&amp;ssl=1 1024w, https:\/\/i0.wp.com\/bottesetvelo.com\/blog\/wp-content\/uploads\/2021\/06\/man-3744997.jpg?resize=500%2C333&amp;ssl=1 500w, https:\/\/i0.wp.com\/bottesetvelo.com\/blog\/wp-content\/uploads\/2021\/06\/man-3744997.jpg?resize=768%2C512&amp;ssl=1 768w, https:\/\/i0.wp.com\/bottesetvelo.com\/blog\/wp-content\/uploads\/2021\/06\/man-3744997.jpg?resize=1536%2C1024&amp;ssl=1 1536w, https:\/\/i0.wp.com\/bottesetvelo.com\/blog\/wp-content\/uploads\/2021\/06\/man-3744997.jpg?resize=2048%2C1365&amp;ssl=1 2048w, https:\/\/i0.wp.com\/bottesetvelo.com\/blog\/wp-content\/uploads\/2021\/06\/man-3744997.jpg?w=2340&amp;ssl=1 2340w, https:\/\/i0.wp.com\/bottesetvelo.com\/blog\/wp-content\/uploads\/2021\/06\/man-3744997.jpg?w=3510&amp;ssl=1 3510w\" sizes=\"auto, (max-width: 512px) 100vw, 512px\" \/><\/figure><\/div>\n\n\n\n<p>De tous les temps, le p\u00e8lerinage a consist\u00e9 en un grand d\u00e9placement physique, un voyage vers un lieu pr\u00e9cis, une destination choisie pour sa signification. Pour reprendre les mots d\u2019Alan Morinis, tout d\u00e9placement en qu\u00eate d\u2019un id\u00e9al est un p\u00e8lerinage. Le p\u00e8lerinage est ce que vit la personne, une certaine exp\u00e9rience du d\u00e9placement, du voyage, int\u00e9rieur ou autre. Il est cette exp\u00e9rience transformatrice puis\u00e9e \u00e0 m\u00eame l\u2019exercice.<\/p>\n\n\n\n<p>Alors lorsque l\u2019on parle de marche de longue dur\u00e9e ou de marche p\u00e8lerine, nous sommes en train de qualifier un type de marche, de dire ce qu\u2019elle fait vivre. Il en va de m\u00eame lorsqu\u2019on parle de marche afghane ou de marche nordique, de marche rapide, ou de marche de plaisance. Nulle mention ici de l\u2019exp\u00e9rience v\u00e9cue. Et pourtant, c\u2019est bien l\u00e0 tout l\u2019attrait! L\u2019envo\u00fbtement des chemins de Compostelle&nbsp;est dans l\u2019exp\u00e9rience. Bien plus qu\u2019une simple marche, il y a ce \u00ab&nbsp;je-ne-sais-quoi&nbsp;\u00bb qui vient toucher l\u2019\u00e2me de celui ou celle qui s\u2019y adonne. Il est l\u00e0 le p\u00e8lerinage! Et il est bien plus que la seule marche.<\/p>\n\n\n\n<div class=\"wp-block-image\"><figure class=\"alignright size-large is-resized\"><img data-recalc-dims=\"1\" loading=\"lazy\" decoding=\"async\" data-attachment-id=\"4525\" data-permalink=\"https:\/\/bottesetvelo.com\/blog\/2021\/06\/16\/la-diversite-pelerine\/tourism-4412701\/\" data-orig-file=\"https:\/\/i0.wp.com\/bottesetvelo.com\/blog\/wp-content\/uploads\/2021\/06\/tourism-4412701.jpg?fit=5406%2C3604&amp;ssl=1\" data-orig-size=\"5406,3604\" data-comments-opened=\"1\" data-image-meta=\"{&quot;aperture&quot;:&quot;2.8&quot;,&quot;credit&quot;:&quot;&quot;,&quot;camera&quot;:&quot;NIKON D7100&quot;,&quot;caption&quot;:&quot;&quot;,&quot;created_timestamp&quot;:&quot;0&quot;,&quot;copyright&quot;:&quot;&quot;,&quot;focal_length&quot;:&quot;34&quot;,&quot;iso&quot;:&quot;100&quot;,&quot;shutter_speed&quot;:&quot;0.0004&quot;,&quot;title&quot;:&quot;&quot;,&quot;orientation&quot;:&quot;0&quot;}\" data-image-title=\"tourism-4412701\" data-image-description=\"\" data-image-caption=\"\" data-large-file=\"https:\/\/i0.wp.com\/bottesetvelo.com\/blog\/wp-content\/uploads\/2021\/06\/tourism-4412701.jpg?fit=1024%2C683&amp;ssl=1\" src=\"https:\/\/i0.wp.com\/bottesetvelo.com\/blog\/wp-content\/uploads\/2021\/06\/tourism-4412701.jpg?resize=512%2C342&#038;ssl=1\" alt=\"\" class=\"wp-image-4525\" width=\"512\" height=\"342\" srcset=\"https:\/\/i0.wp.com\/bottesetvelo.com\/blog\/wp-content\/uploads\/2021\/06\/tourism-4412701.jpg?resize=1024%2C683&amp;ssl=1 1024w, https:\/\/i0.wp.com\/bottesetvelo.com\/blog\/wp-content\/uploads\/2021\/06\/tourism-4412701.jpg?resize=500%2C333&amp;ssl=1 500w, https:\/\/i0.wp.com\/bottesetvelo.com\/blog\/wp-content\/uploads\/2021\/06\/tourism-4412701.jpg?resize=768%2C512&amp;ssl=1 768w, https:\/\/i0.wp.com\/bottesetvelo.com\/blog\/wp-content\/uploads\/2021\/06\/tourism-4412701.jpg?resize=1536%2C1024&amp;ssl=1 1536w, https:\/\/i0.wp.com\/bottesetvelo.com\/blog\/wp-content\/uploads\/2021\/06\/tourism-4412701.jpg?resize=2048%2C1365&amp;ssl=1 2048w, https:\/\/i0.wp.com\/bottesetvelo.com\/blog\/wp-content\/uploads\/2021\/06\/tourism-4412701.jpg?w=2340&amp;ssl=1 2340w, https:\/\/i0.wp.com\/bottesetvelo.com\/blog\/wp-content\/uploads\/2021\/06\/tourism-4412701.jpg?w=3510&amp;ssl=1 3510w\" sizes=\"auto, (max-width: 512px) 100vw, 512px\" \/><\/figure><\/div>\n\n\n\n<p>Le p\u00e8lerinage \u00e9tant une exp\u00e9rience de cheminement, les formes qu\u2019il peut rev\u00eatir sont multiples. Selon Alun D. Morgan, on appelle p\u00e8lerinage toute pratique favorisant la croissance int\u00e9rieure, toute pratique mise en place dans l\u2019espoir d\u2019un changement am\u00e9liorant la qualit\u00e9 de la vie. Or, quelle que soit la pratique utilis\u00e9e, celle-ci implique in\u00e9vitablement la r\u00e9p\u00e9tition d\u2019un exercice. Cons\u00e9quemment, la pratique d\u2019un exercice (musculation, piano, yoga) est transformatrice et sous-entend une dur\u00e9e dans le temps. L\u2019exercice n\u2019op\u00e8re pas de mani\u00e8re instantan\u00e9e.<\/p>\n\n\n\n<p>Le p\u00e8lerinage est donc un espace d\u2019apprentissage en soi, un voyage transformateur qui invite la personne \u00e0 revisiter son chemin de vie afin de lui donner une orientation qui lui soit plus ajust\u00e9e. Pour favoriser le d\u00e9veloppement de cet art de vivre en coh\u00e9rence, Alun D. Morgan propose les \u00e9l\u00e9ments suivants qui, selon lui, constituent un contexte favorable aux apprentissages transformateurs&nbsp;:<\/p>\n\n\n\n<div class=\"wp-block-image\"><figure class=\"alignright size-large is-resized\"><img data-recalc-dims=\"1\" loading=\"lazy\" decoding=\"async\" data-attachment-id=\"4526\" data-permalink=\"https:\/\/bottesetvelo.com\/blog\/2021\/06\/16\/la-diversite-pelerine\/apples-634572_1920\/\" data-orig-file=\"https:\/\/i0.wp.com\/bottesetvelo.com\/blog\/wp-content\/uploads\/2021\/06\/apples-634572_1920-1280x1920.jpg?fit=1280%2C1920&amp;ssl=1\" data-orig-size=\"1280,1920\" data-comments-opened=\"1\" data-image-meta=\"{&quot;aperture&quot;:&quot;0&quot;,&quot;credit&quot;:&quot;&quot;,&quot;camera&quot;:&quot;&quot;,&quot;caption&quot;:&quot;&quot;,&quot;created_timestamp&quot;:&quot;0&quot;,&quot;copyright&quot;:&quot;&quot;,&quot;focal_length&quot;:&quot;0&quot;,&quot;iso&quot;:&quot;0&quot;,&quot;shutter_speed&quot;:&quot;0&quot;,&quot;title&quot;:&quot;&quot;,&quot;orientation&quot;:&quot;0&quot;}\" data-image-title=\"apples-634572_1920\" data-image-description=\"\" data-image-caption=\"\" data-large-file=\"https:\/\/i0.wp.com\/bottesetvelo.com\/blog\/wp-content\/uploads\/2021\/06\/apples-634572_1920-1280x1920.jpg?fit=683%2C1024&amp;ssl=1\" src=\"https:\/\/i0.wp.com\/bottesetvelo.com\/blog\/wp-content\/uploads\/2021\/06\/apples-634572_1920.jpg?resize=342%2C512&#038;ssl=1\" alt=\"\" class=\"wp-image-4526\" width=\"342\" height=\"512\" srcset=\"https:\/\/i0.wp.com\/bottesetvelo.com\/blog\/wp-content\/uploads\/2021\/06\/apples-634572_1920-1280x1920.jpg?resize=683%2C1024&amp;ssl=1 683w, https:\/\/i0.wp.com\/bottesetvelo.com\/blog\/wp-content\/uploads\/2021\/06\/apples-634572_1920-1280x1920.jpg?resize=333%2C500&amp;ssl=1 333w, https:\/\/i0.wp.com\/bottesetvelo.com\/blog\/wp-content\/uploads\/2021\/06\/apples-634572_1920-1280x1920.jpg?resize=768%2C1152&amp;ssl=1 768w, https:\/\/i0.wp.com\/bottesetvelo.com\/blog\/wp-content\/uploads\/2021\/06\/apples-634572_1920-1280x1920.jpg?resize=1024%2C1536&amp;ssl=1 1024w, https:\/\/i0.wp.com\/bottesetvelo.com\/blog\/wp-content\/uploads\/2021\/06\/apples-634572_1920-1280x1920.jpg?resize=1280%2C1920&amp;ssl=1 1280w\" sizes=\"auto, (max-width: 342px) 100vw, 342px\" \/><\/figure><\/div>\n\n\n\n<ol class=\"wp-block-list\" type=\"1\"><li>Un lieu inspirant.<\/li><li>Le contact avec la nature.<\/li><li>Le dialogue interculturel.<\/li><li>Des interactions favorisant l\u2019esprit communautaire.<\/li><li>Des opportunit\u00e9s de solitudes.<\/li><li>Des opportunit\u00e9s de services et d\u2019entraide<\/li><\/ol>\n\n\n\n<p>La pomme, qu\u2019elle soit rouge ou jaune, grosse, ou petite, juteuse ou p\u00e2teuse, demeure une pomme. Ce qui fait la pomme c\u2019est son go\u00fbt. Alors, la seule vraie fa\u00e7on de la reconnaitre, est d\u2019y go\u00fbter. Seul celui qui go\u00fbte saura l\u2019identifier. Le p\u00e8lerinage n\u2019est pas dans les bottes, le sac, le v\u00e9lo, la cath\u00e9drale, ni sous le soleil d\u2019Espagne. Vous seul pouvez le trouver.<\/p>\n\n\n\n<p>Alors, qu\u2019avez-vous v\u00e9cu durant votre grand d\u00e9placement? Qu\u2019est-ce qui a laiss\u00e9 une trace, vous a transform\u00e9, vous a amen\u00e9 \u00e0 porter un nouveau regard sur votre vie? Dans quoi avez-vous croqu\u00e9 pour trouver ce bon go\u00fbt?<\/p>\n\n\n\n<p>Au cours des prochaines semaines, que vous soyez de Qu\u00e9bec, St-Georges, M\u00e9gantic, Magog, Frelishburg, Montr\u00e9al, Gatineau, St-J\u00e9r\u00f4me ou Trois-Rivi\u00e8res, venez nous raconter votre p\u00e8lerin\u00e9!<\/p>\n\n\n\n<div class=\"wp-block-image\"><figure class=\"alignright size-large\"><img data-recalc-dims=\"1\" loading=\"lazy\" decoding=\"async\" width=\"100\" height=\"79\" data-attachment-id=\"3248\" data-permalink=\"https:\/\/bottesetvelo.com\/blog\/2018\/03\/30\/comme-un-grand-silence\/bottes-et-velo-embleme-3\/\" data-orig-file=\"https:\/\/i0.wp.com\/bottesetvelo.com\/blog\/wp-content\/uploads\/2018\/03\/Bottes-et-V%C3%A9lo-Embl%C3%AAme-1-e1522416719670.png?fit=100%2C79&amp;ssl=1\" data-orig-size=\"100,79\" data-comments-opened=\"1\" data-image-meta=\"{&quot;aperture&quot;:&quot;0&quot;,&quot;credit&quot;:&quot;&quot;,&quot;camera&quot;:&quot;&quot;,&quot;caption&quot;:&quot;&quot;,&quot;created_timestamp&quot;:&quot;0&quot;,&quot;copyright&quot;:&quot;&quot;,&quot;focal_length&quot;:&quot;0&quot;,&quot;iso&quot;:&quot;0&quot;,&quot;shutter_speed&quot;:&quot;0&quot;,&quot;title&quot;:&quot;&quot;,&quot;orientation&quot;:&quot;0&quot;}\" data-image-title=\"Bottes et V\u00e9lo &amp;#8211; Embl\u00eame\" data-image-description=\"\" data-image-caption=\"\" data-large-file=\"https:\/\/i0.wp.com\/bottesetvelo.com\/blog\/wp-content\/uploads\/2018\/03\/Bottes-et-V%C3%A9lo-Embl%C3%AAme-1-e1522416719670.png?fit=100%2C79&amp;ssl=1\" src=\"https:\/\/i0.wp.com\/bottesetvelo.com\/blog\/wp-content\/uploads\/2018\/03\/Bottes-et-V%C3%A9lo-Embl%C3%AAme-1-e1522416719670.png?resize=100%2C79&#038;ssl=1\" alt=\"\" class=\"wp-image-3248\"\/><\/figure><\/div>\n\n\n\n<p>Brigitte Harouni et \u00c9ric Lalibert\u00e9<\/p>\n","protected":false},"excerpt":{"rendered":"<p>D\u00e8s demain, Bottes et V\u00e9lo entreprendra un p\u00e8lerinage \u00e0 v\u00e9lo \u00e0 travers tout le sud de la province. Pendant ce p\u00e9riple, nous vous proposerons des capsules vid\u00e9o cherchant \u00e0 r\u00e9fl\u00e9chir sur la diversit\u00e9 p\u00e8lerine. La conception du p\u00e8lerinage ayant \u00e9volu\u00e9 au cours des derni\u00e8res d\u00e9cennies, l\u2019exp\u00e9rience p\u00e8lerine semble se manifester de mani\u00e8re inusit\u00e9e en d\u00e9passant&hellip;<\/p>\n","protected":false},"author":1,"featured_media":4527,"comment_status":"open","ping_status":"open","sticky":false,"template":"","format":"standard","meta":{"jetpack_post_was_ever_published":false,"_jetpack_newsletter_access":"","_jetpack_dont_email_post_to_subs":false,"_jetpack_newsletter_tier_id":0,"_jetpack_memberships_contains_paywalled_content":false,"_jetpack_memberships_contains_paid_content":false,"footnotes":"","jetpack_publicize_message":"La diversit\u00e9 p\u00e8lerine\nD\u00e8s demain, Bottes et V\u00e9lo entreprendra un #p\u00e8lerinage \u00e0 #v\u00e9lo \u00e0 travers tout le sud de la province. Pendant ce p\u00e9riple, nous vous proposerons des capsules vid\u00e9o cherchant \u00e0 r\u00e9fl\u00e9chir sur la diversit\u00e9 p\u00e8lerine. #Compostelle","jetpack_publicize_feature_enabled":true,"jetpack_social_post_already_shared":true,"jetpack_social_options":{"image_generator_settings":{"template":"highway","default_image_id":0,"font":"","enabled":false},"version":2}},"categories":[630,629],"tags":[662,426],"class_list":["post-4521","post","type-post","status-publish","format-standard","has-post-thumbnail","hentry","category-exercice-pelerin","category-phenomene-pelerin","tag-diveriste-pelerine","tag-experience-pelerine"],"jetpack_publicize_connections":[],"jetpack_featured_media_url":"https:\/\/i0.wp.com\/bottesetvelo.com\/blog\/wp-content\/uploads\/2021\/06\/hiking-3681880.jpg?fit=4752%2C3168&ssl=1","jetpack_shortlink":"https:\/\/wp.me\/p4eY6z-1aV","jetpack_sharing_enabled":true,"jetpack_likes_enabled":true,"jetpack-related-posts":[],"_links":{"self":[{"href":"https:\/\/bottesetvelo.com\/blog\/wp-json\/wp\/v2\/posts\/4521","targetHints":{"allow":["GET"]}}],"collection":[{"href":"https:\/\/bottesetvelo.com\/blog\/wp-json\/wp\/v2\/posts"}],"about":[{"href":"https:\/\/bottesetvelo.com\/blog\/wp-json\/wp\/v2\/types\/post"}],"author":[{"embeddable":true,"href":"https:\/\/bottesetvelo.com\/blog\/wp-json\/wp\/v2\/users\/1"}],"replies":[{"embeddable":true,"href":"https:\/\/bottesetvelo.com\/blog\/wp-json\/wp\/v2\/comments?post=4521"}],"version-history":[{"count":4,"href":"https:\/\/bottesetvelo.com\/blog\/wp-json\/wp\/v2\/posts\/4521\/revisions"}],"predecessor-version":[{"id":4531,"href":"https:\/\/bottesetvelo.com\/blog\/wp-json\/wp\/v2\/posts\/4521\/revisions\/4531"}],"wp:featuredmedia":[{"embeddable":true,"href":"https:\/\/bottesetvelo.com\/blog\/wp-json\/wp\/v2\/media\/4527"}],"wp:attachment":[{"href":"https:\/\/bottesetvelo.com\/blog\/wp-json\/wp\/v2\/media?parent=4521"}],"wp:term":[{"taxonomy":"category","embeddable":true,"href":"https:\/\/bottesetvelo.com\/blog\/wp-json\/wp\/v2\/categories?post=4521"},{"taxonomy":"post_tag","embeddable":true,"href":"https:\/\/bottesetvelo.com\/blog\/wp-json\/wp\/v2\/tags?post=4521"}],"curies":[{"name":"wp","href":"https:\/\/api.w.org\/{rel}","templated":true}]}}