{"id":4496,"date":"2021-05-28T12:35:29","date_gmt":"2021-05-28T16:35:29","guid":{"rendered":"https:\/\/bottesetvelo.com\/blog\/?p=4496"},"modified":"2021-05-28T17:13:02","modified_gmt":"2021-05-28T21:13:02","slug":"retrouver-lespace-de-vivre","status":"publish","type":"post","link":"https:\/\/bottesetvelo.com\/blog\/2021\/05\/28\/retrouver-lespace-de-vivre\/","title":{"rendered":"Retrouver l\u2019espace de vivre"},"content":{"rendered":"\n<p class=\"has-drop-cap\">La bouff\u00e9e d\u2019air que nous allons retrouver aujourd\u2019hui sera des plus b\u00e9n\u00e9fique. Apr\u00e8s tous ces mois de r\u00e9clusion, de vie dans un bocal, il convient de reprendre le \u00ab\u00a0cours de la vie\u00a0\u00bb. Sortons de nos aquariums et allons retrouver le lit de nos rivi\u00e8res. Laissons-nous prendre par la vie vivante! Nous avons besoin de retrouver cet espace, de redonner du mouvement \u00e0 nos vies, de sentir le vent sur notre peau. Et l\u2019expression le dit bien \u00ab\u00a0la vie suit son cours\u00a0\u00bb! N\u2019oublions pas que nous sommes des enfants de la Vie et que, nous aussi, nous sommes fait de ce mouvement.<\/p>\n\n\n\n<div class=\"wp-block-image\"><figure class=\"alignright size-large is-resized\"><img data-recalc-dims=\"1\" loading=\"lazy\" decoding=\"async\" data-attachment-id=\"4497\" data-permalink=\"https:\/\/bottesetvelo.com\/blog\/2021\/05\/28\/retrouver-lespace-de-vivre\/dead-end-1529593\/\" data-orig-file=\"https:\/\/i0.wp.com\/bottesetvelo.com\/blog\/wp-content\/uploads\/2021\/05\/dead-end-1529593.jpg?fit=7360%2C4912&amp;ssl=1\" data-orig-size=\"7360,4912\" data-comments-opened=\"1\" data-image-meta=\"{&quot;aperture&quot;:&quot;11&quot;,&quot;credit&quot;:&quot;&quot;,&quot;camera&quot;:&quot;NIKON D800&quot;,&quot;caption&quot;:&quot;&quot;,&quot;created_timestamp&quot;:&quot;0&quot;,&quot;copyright&quot;:&quot;&quot;,&quot;focal_length&quot;:&quot;35&quot;,&quot;iso&quot;:&quot;200&quot;,&quot;shutter_speed&quot;:&quot;0.004&quot;,&quot;title&quot;:&quot;&quot;,&quot;orientation&quot;:&quot;0&quot;}\" data-image-title=\"dead-end-1529593\" data-image-description=\"\" data-image-caption=\"\" data-large-file=\"https:\/\/i0.wp.com\/bottesetvelo.com\/blog\/wp-content\/uploads\/2021\/05\/dead-end-1529593.jpg?fit=1024%2C683&amp;ssl=1\" src=\"https:\/\/i0.wp.com\/bottesetvelo.com\/blog\/wp-content\/uploads\/2021\/05\/dead-end-1529593.jpg?resize=350%2C233&#038;ssl=1\" alt=\"\" class=\"wp-image-4497\" width=\"350\" height=\"233\" srcset=\"https:\/\/i0.wp.com\/bottesetvelo.com\/blog\/wp-content\/uploads\/2021\/05\/dead-end-1529593.jpg?resize=1024%2C683&amp;ssl=1 1024w, https:\/\/i0.wp.com\/bottesetvelo.com\/blog\/wp-content\/uploads\/2021\/05\/dead-end-1529593.jpg?resize=500%2C334&amp;ssl=1 500w, https:\/\/i0.wp.com\/bottesetvelo.com\/blog\/wp-content\/uploads\/2021\/05\/dead-end-1529593.jpg?resize=768%2C513&amp;ssl=1 768w, https:\/\/i0.wp.com\/bottesetvelo.com\/blog\/wp-content\/uploads\/2021\/05\/dead-end-1529593.jpg?resize=1536%2C1025&amp;ssl=1 1536w, https:\/\/i0.wp.com\/bottesetvelo.com\/blog\/wp-content\/uploads\/2021\/05\/dead-end-1529593.jpg?resize=2048%2C1367&amp;ssl=1 2048w, https:\/\/i0.wp.com\/bottesetvelo.com\/blog\/wp-content\/uploads\/2021\/05\/dead-end-1529593.jpg?w=2340&amp;ssl=1 2340w, https:\/\/i0.wp.com\/bottesetvelo.com\/blog\/wp-content\/uploads\/2021\/05\/dead-end-1529593.jpg?w=3510&amp;ssl=1 3510w\" sizes=\"auto, (max-width: 350px) 100vw, 350px\" \/><\/figure><\/div>\n\n\n\n<p>Bien entendu, il arrive parfois que nous ayons l\u2019impression de passer \u00e0 c\u00f4t\u00e9. Des moments, comme les mois qui viennent de s\u2019\u00e9couler, nous en avons connu dans nos vies! Ils donnent le sentiment d\u2019\u00eatre coinc\u00e9, de se retrouver sur une voie sans issu, que \u00e7a ne bouge plus!<\/p>\n\n\n\n<p>Sans crier gare, nos vies se sont engorg\u00e9es. La t\u00e2che a pris le dessus et la productivit\u00e9 s\u2019est impos\u00e9 au d\u00e9triment d\u2019un art de vivre. L\u2019excessivit\u00e9 l\u2019a emport\u00e9 et l\u2019ego s\u2019est noy\u00e9 dans son propre d\u00e9lire. \u00c0 ce rythme, vient un temps o\u00f9 il n\u2019y a plus de place pour la vie elle-m\u00eame. Et quand il n\u2019y a plus de place pour vivre&nbsp;: la vie s\u2019\u00e9teint. Lentement, on perd de sa vitalit\u00e9. L\u2019\u00e9nergie n\u2019y est plus.<\/p>\n\n\n\n<p>Pour aviver les braises avant qu\u2019elles ne s\u2019\u00e9teignent, il devient urgent de retrouver l\u2019espace de vivre, d\u2019en d\u00e9gager ses all\u00e9es et de lui redonner du souffle. La vie a besoin d\u2019espace pour respirer. Comme une grande bouff\u00e9e d\u2019air apr\u00e8s avoir \u00e9t\u00e9 trop longtemps sous l\u2019eau, il faut savoir \u00e9merger de ses encombrements.<\/p>\n\n\n\n<div class=\"wp-block-image\"><figure class=\"alignright size-large is-resized\"><img data-recalc-dims=\"1\" loading=\"lazy\" decoding=\"async\" data-attachment-id=\"4501\" data-permalink=\"https:\/\/bottesetvelo.com\/blog\/2021\/05\/28\/retrouver-lespace-de-vivre\/sunset-5033708\/\" data-orig-file=\"https:\/\/i0.wp.com\/bottesetvelo.com\/blog\/wp-content\/uploads\/2021\/05\/sunset-5033708.jpg?fit=5974%2C3650&amp;ssl=1\" data-orig-size=\"5974,3650\" data-comments-opened=\"1\" data-image-meta=\"{&quot;aperture&quot;:&quot;0&quot;,&quot;credit&quot;:&quot;&quot;,&quot;camera&quot;:&quot;&quot;,&quot;caption&quot;:&quot;&quot;,&quot;created_timestamp&quot;:&quot;0&quot;,&quot;copyright&quot;:&quot;&quot;,&quot;focal_length&quot;:&quot;0&quot;,&quot;iso&quot;:&quot;0&quot;,&quot;shutter_speed&quot;:&quot;0&quot;,&quot;title&quot;:&quot;&quot;,&quot;orientation&quot;:&quot;0&quot;}\" data-image-title=\"sunset-5033708\" data-image-description=\"\" data-image-caption=\"\" data-large-file=\"https:\/\/i0.wp.com\/bottesetvelo.com\/blog\/wp-content\/uploads\/2021\/05\/sunset-5033708.jpg?fit=1024%2C626&amp;ssl=1\" src=\"https:\/\/i0.wp.com\/bottesetvelo.com\/blog\/wp-content\/uploads\/2021\/05\/sunset-5033708.jpg?resize=350%2C212&#038;ssl=1\" alt=\"\" class=\"wp-image-4501\" width=\"350\" height=\"212\"\/><\/figure><\/div>\n\n\n\n<p>La vie engendre la vie et si parfois elle semble absente, c\u2019est qu\u2019elle couve quelque chose et qu\u2019il y aura plus de vie. Des temps d\u2019hibernation, de cocons, de dormances sont souvent n\u00e9cessaires pour que la vie reprenne avec vigueur. Mais comment discerner si ces temps sont b\u00e9n\u00e9fiques? Comment entendre ces besoins de repos et de silence?&nbsp;Quels sont ces signes qui disent que ma vie s\u2019aligne sur un mieux-\u00eatre, qu\u2019elle engendre du meilleur autour d\u2019elle? Qu\u2019elle se situe dans ce que certains psychologues appellent le \u00ab&nbsp;flow&nbsp;\u00bb&nbsp;: cette zone de satisfaction, de joie spontan\u00e9e et durable? Comment discerner cet espace \u00e0 vivre qui donne du souffle et de la vigueur?<\/p>\n\n\n\n<p>Le discernement! Quel mot! Pourtant si on s\u2019y arr\u00eate il dit clairement ce qui est \u00e0 faire&nbsp;: dis-cerner. Avant de cerner, de mettre le doigt sur le bobo, il faut dis-cerner, c\u2019est-\u00e0-dire sortir de nos cloisonnements et observer la situation en v\u00e9rit\u00e9&nbsp;: dans \u00ab&nbsp;toute&nbsp;\u00bb sa v\u00e9rit\u00e9. Discerner invite ainsi \u00e0 s\u2019arr\u00eater pour regarder l\u2019ensemble de ce qui pr\u00e9sente \u00e0 soi, pour ensuite cerner ce qui entrave le mouvement de la vie, puis cerner ce qui donnera l\u2019espace de vivre. Une fois ce travail de r\u00e9flexion accompli, il y aura n\u00e9cessairement des choix \u00e0 faire&#8230;<\/p>\n\n\n\n<blockquote class=\"wp-block-quote has-text-align-right is-layout-flow wp-block-quote-is-layout-flow\"><p>L\u2019excessif cherche \u00e0 contr\u00f4ler le cours du ruisseau; alors que le ruisseau, dans le mouvement de la vie, est mall\u00e9able et s\u2019adapte \u00e0 son environnement.<\/p><\/blockquote>\n\n\n\n<div class=\"wp-block-image\"><figure class=\"alignright size-large is-resized\"><img data-recalc-dims=\"1\" loading=\"lazy\" decoding=\"async\" data-attachment-id=\"4502\" data-permalink=\"https:\/\/bottesetvelo.com\/blog\/2021\/05\/28\/retrouver-lespace-de-vivre\/shelf-3190116\/\" data-orig-file=\"https:\/\/i0.wp.com\/bottesetvelo.com\/blog\/wp-content\/uploads\/2021\/05\/shelf-3190116.jpg?fit=3968%2C2848&amp;ssl=1\" data-orig-size=\"3968,2848\" data-comments-opened=\"1\" data-image-meta=\"{&quot;aperture&quot;:&quot;8&quot;,&quot;credit&quot;:&quot;&quot;,&quot;camera&quot;:&quot;NIKON D5000&quot;,&quot;caption&quot;:&quot;&quot;,&quot;created_timestamp&quot;:&quot;0&quot;,&quot;copyright&quot;:&quot;&quot;,&quot;focal_length&quot;:&quot;24&quot;,&quot;iso&quot;:&quot;100&quot;,&quot;shutter_speed&quot;:&quot;0.80645161290323&quot;,&quot;title&quot;:&quot;&quot;,&quot;orientation&quot;:&quot;0&quot;}\" data-image-title=\"shelf-3190116\" data-image-description=\"\" data-image-caption=\"\" data-large-file=\"https:\/\/i0.wp.com\/bottesetvelo.com\/blog\/wp-content\/uploads\/2021\/05\/shelf-3190116.jpg?fit=1024%2C735&amp;ssl=1\" src=\"https:\/\/i0.wp.com\/bottesetvelo.com\/blog\/wp-content\/uploads\/2021\/05\/shelf-3190116.jpg?resize=350%2C252&#038;ssl=1\" alt=\"\" class=\"wp-image-4502\" width=\"350\" height=\"252\" srcset=\"https:\/\/i0.wp.com\/bottesetvelo.com\/blog\/wp-content\/uploads\/2021\/05\/shelf-3190116.jpg?resize=1024%2C735&amp;ssl=1 1024w, https:\/\/i0.wp.com\/bottesetvelo.com\/blog\/wp-content\/uploads\/2021\/05\/shelf-3190116.jpg?resize=500%2C359&amp;ssl=1 500w, https:\/\/i0.wp.com\/bottesetvelo.com\/blog\/wp-content\/uploads\/2021\/05\/shelf-3190116.jpg?resize=768%2C551&amp;ssl=1 768w, https:\/\/i0.wp.com\/bottesetvelo.com\/blog\/wp-content\/uploads\/2021\/05\/shelf-3190116.jpg?resize=1536%2C1102&amp;ssl=1 1536w, https:\/\/i0.wp.com\/bottesetvelo.com\/blog\/wp-content\/uploads\/2021\/05\/shelf-3190116.jpg?resize=2048%2C1470&amp;ssl=1 2048w, https:\/\/i0.wp.com\/bottesetvelo.com\/blog\/wp-content\/uploads\/2021\/05\/shelf-3190116.jpg?w=2340&amp;ssl=1 2340w, https:\/\/i0.wp.com\/bottesetvelo.com\/blog\/wp-content\/uploads\/2021\/05\/shelf-3190116.jpg?w=3510&amp;ssl=1 3510w\" sizes=\"auto, (max-width: 350px) 100vw, 350px\" \/><\/figure><\/div>\n\n\n\n<p>Dis-cerner consiste alors \u00e0 faire l\u2019inventaire de ce qui engorge ma vie. Il s\u2019agit de mettre sur la table toutes ces accumulations faites au fil du temps (autant mat\u00e9riel que psychique), afin de cerner ce qui est n\u00e9cessaire, vitale. Discerner implique donc de faire des choix, des choix \u00ab&nbsp;sentis&nbsp;\u00bb. Tout mon corps me parle de ces choix, de ces bons choix. Ceux qui donnent du souffle. Je dois cependant prendre gare aux \u00e9lans qui cherchent \u00e0 satisfaire mon ego et retrouver la source de ces choix qui s\u2019effectuent en v\u00e9rit\u00e9. Car ce choix en v\u00e9rit\u00e9 ne vient pas de moi, il me d\u00e9passe et je ne peux que go\u00fbter le bon go\u00fbt de sa justesse. C\u2019est dans ce bon go\u00fbt que r\u00e9side sa v\u00e9rit\u00e9.<\/p>\n\n\n\n<p>De lui-m\u00eame, le d\u00e9sencombrement de l\u2019exp\u00e9rience p\u00e8lerine, qui s&rsquo;apparente \u00e0 confinement, suscite cet espace. Il ouvre la porte de nos encombrements et nous en lib\u00e8re\u2026 \u00e0 tout le moins il effectue le travail de surface, pour un temps. Il faudra \u00eatre lucide pour la suite. Il y aura un effort de franchise \u00e0 faire pour que le reste s\u2019accomplisse. L\u2019exercice p\u00e8lerin invite alors \u00e0 savourer les bienfaits de cet espace pour les go\u00fbter pleinement et en prendre conscience. Il invite \u00e0 relire sa vie&nbsp;: de quoi \u00e9tait-elle engorg\u00e9e? Lentement des \u00e9l\u00e9ments commencent \u00e0 se pr\u00e9ciser et le discernement peut s\u2019accomplir. Il devient alors possible de cerner le juste choix, celui qui fera en sorte de d\u00e9gager l\u2019espace de sa vie.<\/p>\n\n\n\n<div class=\"wp-block-image\"><figure class=\"alignright size-large is-resized\"><img data-recalc-dims=\"1\" loading=\"lazy\" decoding=\"async\" data-attachment-id=\"4503\" data-permalink=\"https:\/\/bottesetvelo.com\/blog\/2021\/05\/28\/retrouver-lespace-de-vivre\/opening-218074\/\" data-orig-file=\"https:\/\/i0.wp.com\/bottesetvelo.com\/blog\/wp-content\/uploads\/2021\/05\/opening-218074.jpg?fit=2848%2C2136&amp;ssl=1\" data-orig-size=\"2848,2136\" data-comments-opened=\"1\" data-image-meta=\"{&quot;aperture&quot;:&quot;3.1&quot;,&quot;credit&quot;:&quot;&quot;,&quot;camera&quot;:&quot;FinePix S7000&quot;,&quot;caption&quot;:&quot;&quot;,&quot;created_timestamp&quot;:&quot;0&quot;,&quot;copyright&quot;:&quot;&quot;,&quot;focal_length&quot;:&quot;37.99&quot;,&quot;iso&quot;:&quot;400&quot;,&quot;shutter_speed&quot;:&quot;0.0083333333333333&quot;,&quot;title&quot;:&quot;&quot;,&quot;orientation&quot;:&quot;0&quot;}\" data-image-title=\"opening-218074\" data-image-description=\"\" data-image-caption=\"\" data-large-file=\"https:\/\/i0.wp.com\/bottesetvelo.com\/blog\/wp-content\/uploads\/2021\/05\/opening-218074.jpg?fit=1024%2C768&amp;ssl=1\" src=\"https:\/\/i0.wp.com\/bottesetvelo.com\/blog\/wp-content\/uploads\/2021\/05\/opening-218074.jpg?resize=350%2C264&#038;ssl=1\" alt=\"\" class=\"wp-image-4503\" width=\"350\" height=\"264\" srcset=\"https:\/\/i0.wp.com\/bottesetvelo.com\/blog\/wp-content\/uploads\/2021\/05\/opening-218074.jpg?resize=1024%2C768&amp;ssl=1 1024w, https:\/\/i0.wp.com\/bottesetvelo.com\/blog\/wp-content\/uploads\/2021\/05\/opening-218074.jpg?resize=500%2C375&amp;ssl=1 500w, https:\/\/i0.wp.com\/bottesetvelo.com\/blog\/wp-content\/uploads\/2021\/05\/opening-218074.jpg?resize=768%2C576&amp;ssl=1 768w, https:\/\/i0.wp.com\/bottesetvelo.com\/blog\/wp-content\/uploads\/2021\/05\/opening-218074.jpg?resize=1536%2C1152&amp;ssl=1 1536w, https:\/\/i0.wp.com\/bottesetvelo.com\/blog\/wp-content\/uploads\/2021\/05\/opening-218074.jpg?resize=2048%2C1536&amp;ssl=1 2048w, https:\/\/i0.wp.com\/bottesetvelo.com\/blog\/wp-content\/uploads\/2021\/05\/opening-218074.jpg?resize=120%2C90&amp;ssl=1 120w, https:\/\/i0.wp.com\/bottesetvelo.com\/blog\/wp-content\/uploads\/2021\/05\/opening-218074.jpg?w=2340&amp;ssl=1 2340w\" sizes=\"auto, (max-width: 350px) 100vw, 350px\" \/><\/figure><\/div>\n\n\n\n<p>Songeons alors \u00e0 d\u00e9gager des ouvertures. Faisons de nos vies les plus belles dentelles bretonnes!&nbsp;Ouvrons portes et fen\u00eatres. Am\u00e9nageons des trous dans nos horaires et nos agendas. Laissons la vie entrer \u00e0 plein! Lorsque l\u2019espace est d\u00e9gag\u00e9, il est possible de circuler et des liens peuvent se cr\u00e9er.<\/p>\n\n\n\n<p>Au cours des jours qui viennent, alors que le temps de d\u00e9confinement qui d\u00e9bute semble annoncer plusieurs ouvertures, il faudra cependant \u00eatre vigilant et faire appel au discernement: est-ce que ces ouvertures annoncent plus de vie ou rel\u00e8vent-elles tout simplement de l&rsquo;encombrement?<\/p>\n\n\n\n<p>Ainsi, p\u00e8lerin et p\u00e8lerine ne multiplient pas les t\u00e2ches et les activit\u00e9s, ils se concentrent sur l&rsquo;espace du vivre&nbsp;: celui qui s\u2019ex\u00e9cute en chacun de leurs pas. Comme le ruisseau, ils habitent le mouvement de la vie et y trouvent leur accomplissement.<\/p>\n\n\n\n<div class=\"wp-block-image\"><figure class=\"alignright size-large\"><img data-recalc-dims=\"1\" loading=\"lazy\" decoding=\"async\" width=\"100\" height=\"79\" data-attachment-id=\"3248\" data-permalink=\"https:\/\/bottesetvelo.com\/blog\/2018\/03\/30\/comme-un-grand-silence\/bottes-et-velo-embleme-3\/\" data-orig-file=\"https:\/\/i0.wp.com\/bottesetvelo.com\/blog\/wp-content\/uploads\/2018\/03\/Bottes-et-V%C3%A9lo-Embl%C3%AAme-1-e1522416719670.png?fit=100%2C79&amp;ssl=1\" data-orig-size=\"100,79\" data-comments-opened=\"1\" data-image-meta=\"{&quot;aperture&quot;:&quot;0&quot;,&quot;credit&quot;:&quot;&quot;,&quot;camera&quot;:&quot;&quot;,&quot;caption&quot;:&quot;&quot;,&quot;created_timestamp&quot;:&quot;0&quot;,&quot;copyright&quot;:&quot;&quot;,&quot;focal_length&quot;:&quot;0&quot;,&quot;iso&quot;:&quot;0&quot;,&quot;shutter_speed&quot;:&quot;0&quot;,&quot;title&quot;:&quot;&quot;,&quot;orientation&quot;:&quot;0&quot;}\" data-image-title=\"Bottes et V\u00e9lo &amp;#8211; Embl\u00eame\" data-image-description=\"\" data-image-caption=\"\" data-large-file=\"https:\/\/i0.wp.com\/bottesetvelo.com\/blog\/wp-content\/uploads\/2018\/03\/Bottes-et-V%C3%A9lo-Embl%C3%AAme-1-e1522416719670.png?fit=100%2C79&amp;ssl=1\" src=\"https:\/\/i0.wp.com\/bottesetvelo.com\/blog\/wp-content\/uploads\/2018\/03\/Bottes-et-V%C3%A9lo-Embl%C3%AAme-1-e1522416719670.png?resize=100%2C79&#038;ssl=1\" alt=\"\" class=\"wp-image-3248\"\/><\/figure><\/div>\n\n\n\n<p>\u00c9ric Lalibert\u00e9<\/p>\n","protected":false},"excerpt":{"rendered":"<p>La bouff\u00e9e d\u2019air que nous allons retrouver aujourd\u2019hui sera des plus b\u00e9n\u00e9fique. Apr\u00e8s tous ces mois de r\u00e9clusion, de vie dans un bocal, il convient de reprendre le \u00ab\u00a0cours de la vie\u00a0\u00bb. Sortons de nos aquariums et allons retrouver le lit de nos rivi\u00e8res. Laissons-nous prendre par la vie vivante! Nous avons besoin de retrouver&hellip;<\/p>\n","protected":false},"author":3,"featured_media":4500,"comment_status":"open","ping_status":"open","sticky":false,"template":"","format":"standard","meta":{"jetpack_post_was_ever_published":false,"_jetpack_newsletter_access":"","_jetpack_dont_email_post_to_subs":false,"_jetpack_newsletter_tier_id":0,"_jetpack_memberships_contains_paywalled_content":false,"_jetpack_memberships_contains_paid_content":false,"footnotes":"","jetpack_publicize_message":"Retrouver l\u2019espace de vivre\nLa bouff\u00e9e d\u2019air que nous allons retrouver aujourd\u2019hui sera des plus b\u00e9n\u00e9fique. Apr\u00e8s tous ces mois de r\u00e9clusions, de vie dans un bocal, il convient de reprendre le \u00ab cours de la vie \u00bb.\n#d\u00e9confinement #discernement #vivre","jetpack_publicize_feature_enabled":true,"jetpack_social_post_already_shared":true,"jetpack_social_options":{"image_generator_settings":{"template":"highway","default_image_id":0,"font":"","enabled":false},"version":2}},"categories":[453,166,630],"tags":[661,660,322,372,200],"class_list":["post-4496","post","type-post","status-publish","format-standard","has-post-thumbnail","hentry","category-actualite","category-demarche-du-pelerin","category-exercice-pelerin","tag-choix","tag-deconfinement","tag-discernement","tag-espace","tag-vivre"],"jetpack_publicize_connections":[],"jetpack_featured_media_url":"https:\/\/i0.wp.com\/bottesetvelo.com\/blog\/wp-content\/uploads\/2021\/05\/children-1822662.jpg?fit=5000%2C3337&ssl=1","jetpack_shortlink":"https:\/\/wp.me\/p4eY6z-1aw","jetpack_sharing_enabled":true,"jetpack_likes_enabled":true,"jetpack-related-posts":[],"_links":{"self":[{"href":"https:\/\/bottesetvelo.com\/blog\/wp-json\/wp\/v2\/posts\/4496","targetHints":{"allow":["GET"]}}],"collection":[{"href":"https:\/\/bottesetvelo.com\/blog\/wp-json\/wp\/v2\/posts"}],"about":[{"href":"https:\/\/bottesetvelo.com\/blog\/wp-json\/wp\/v2\/types\/post"}],"author":[{"embeddable":true,"href":"https:\/\/bottesetvelo.com\/blog\/wp-json\/wp\/v2\/users\/3"}],"replies":[{"embeddable":true,"href":"https:\/\/bottesetvelo.com\/blog\/wp-json\/wp\/v2\/comments?post=4496"}],"version-history":[{"count":6,"href":"https:\/\/bottesetvelo.com\/blog\/wp-json\/wp\/v2\/posts\/4496\/revisions"}],"predecessor-version":[{"id":4511,"href":"https:\/\/bottesetvelo.com\/blog\/wp-json\/wp\/v2\/posts\/4496\/revisions\/4511"}],"wp:featuredmedia":[{"embeddable":true,"href":"https:\/\/bottesetvelo.com\/blog\/wp-json\/wp\/v2\/media\/4500"}],"wp:attachment":[{"href":"https:\/\/bottesetvelo.com\/blog\/wp-json\/wp\/v2\/media?parent=4496"}],"wp:term":[{"taxonomy":"category","embeddable":true,"href":"https:\/\/bottesetvelo.com\/blog\/wp-json\/wp\/v2\/categories?post=4496"},{"taxonomy":"post_tag","embeddable":true,"href":"https:\/\/bottesetvelo.com\/blog\/wp-json\/wp\/v2\/tags?post=4496"}],"curies":[{"name":"wp","href":"https:\/\/api.w.org\/{rel}","templated":true}]}}