{"id":4491,"date":"2021-05-21T17:45:10","date_gmt":"2021-05-21T21:45:10","guid":{"rendered":"https:\/\/bottesetvelo.com\/blog\/?p=4491"},"modified":"2021-05-21T17:48:37","modified_gmt":"2021-05-21T21:48:37","slug":"forillon-gaspe-perce","status":"publish","type":"post","link":"https:\/\/bottesetvelo.com\/blog\/2021\/05\/21\/forillon-gaspe-perce\/","title":{"rendered":"FORILLON-GASP\u00c9-PERC\u00c9"},"content":{"rendered":"\n<h2 class=\"wp-block-heading\">Nous sommes tr\u00e8s heureux de vous annoncer que nous nous marcherons un autre secteur de la Voie du St-Laurent cette ann\u00e9e. <\/h2>\n\n\n\n<h3 class=\"wp-block-heading\">La situation \u00e9voluant de mani\u00e8re favorable, nous sommes en mesure de confirmer tous les h\u00e9bergements et repas pour un s\u00e9jour p\u00e8lerin entre Forillon, Gasp\u00e9 et Perc\u00e9, un parcours que nous n&rsquo;avions pas fait depuis quelques ann\u00e9es. Quel bonheur d&rsquo;y retourner!<\/h3>\n\n\n\n<h5 class=\"wp-block-heading\"><strong>En r\u00e9sum\u00e9 voici le projet: <br><\/strong>Il s&rsquo;agit d&rsquo;une marche de 130 km, pour une dur\u00e9e de 8 jours. Celle-ci effectuera le pointe de Forillon, la Baie de Gasp\u00e9 et traversera au Barachois pour marcher la dune en direction du Coin du Banc, pour ensuite monter vers Perc\u00e9. Le tout animer par des ateliers \u00e0 saveurs p\u00e8lerines soutenant la r\u00e9flexion de ces longues marches.<\/h5>\n\n\n\n<h5 class=\"wp-block-heading\">Tarif: (1470)$\/personne, incluant l\u2019h\u00e9bergement, petits-d\u00e9jeuners et soupers, transport de retour vers votre v\u00e9hicule, le tout dans un processus p\u00e8lerin soutenu par des ateliers et encadr\u00e9 par des accompagnateurs comp\u00e9tents.<\/h5>\n\n\n\n<h4 class=\"wp-block-heading\"><strong>Pour plus de d\u00e9tails, visitez notre site: <a href=\"http:\/\/bottesetvelo.com\/index.php\/forillon-gaspe-perce\/\">Bottes et V\u00e9lo section Voyages P\u00e8lerins<\/a><\/strong><\/h4>\n\n\n\n<figure class=\"wp-block-embed is-type-video is-provider-youtube wp-block-embed-youtube wp-embed-aspect-16-9 wp-has-aspect-ratio\"><div class=\"wp-block-embed__wrapper\">\n<span class=\"embed-youtube\" style=\"text-align:center; display: block;\"><iframe loading=\"lazy\" class=\"youtube-player\" width=\"1170\" height=\"659\" src=\"https:\/\/www.youtube.com\/embed\/IbdLyAzHGTU?version=3&#038;rel=1&#038;showsearch=0&#038;showinfo=1&#038;iv_load_policy=1&#038;fs=1&#038;hl=fr-FR&#038;autohide=2&#038;wmode=transparent\" allowfullscreen=\"true\" style=\"border:0;\" sandbox=\"allow-scripts allow-same-origin allow-popups allow-presentation allow-popups-to-escape-sandbox\"><\/iframe><\/span>\n<\/div><\/figure>\n","protected":false},"excerpt":{"rendered":"<p>Nous sommes tr\u00e8s heureux de vous annoncer que nous nous marcherons un autre secteur de la Voie du St-Laurent cette ann\u00e9e. La situation \u00e9voluant de mani\u00e8re favorable, nous sommes en mesure de confirmer tous les h\u00e9bergements et repas pour un s\u00e9jour p\u00e8lerin entre Forillon, Gasp\u00e9 et Perc\u00e9, un parcours que nous n&rsquo;avions pas fait depuis&hellip;<\/p>\n","protected":false},"author":1,"featured_media":4492,"comment_status":"open","ping_status":"open","sticky":false,"template":"","format":"standard","meta":{"jetpack_post_was_ever_published":false,"_jetpack_newsletter_access":"","_jetpack_dont_email_post_to_subs":false,"_jetpack_newsletter_tier_id":0,"_jetpack_memberships_contains_paywalled_content":false,"_jetpack_memberships_contains_paid_content":false,"footnotes":"","jetpack_publicize_message":"FORILLON-GASP\u00c9-PERC\u00c9\nLa situation \u00e9voluant de mani\u00e8re favorable, nous sommes en mesure de confirmer tous les h\u00e9bergements et repas pour un s\u00e9jour p\u00e8lerin entre Forillon, Gasp\u00e9 et Perc\u00e9. #randonn\u00e9e #Gasp\u00e9siejetaime #Forillon #Perc\u00e9","jetpack_publicize_feature_enabled":true,"jetpack_social_post_already_shared":true,"jetpack_social_options":{"image_generator_settings":{"template":"highway","default_image_id":0,"font":"","enabled":false},"version":2}},"categories":[74,390],"tags":[83,520,521],"class_list":["post-4491","post","type-post","status-publish","format-standard","has-post-thumbnail","hentry","category-la-voie-du-st-laurent","category-voyages-pelerins","tag-gaspesie","tag-randonnee-2","tag-spiritualite-3"],"jetpack_publicize_connections":[],"jetpack_featured_media_url":"https:\/\/i0.wp.com\/bottesetvelo.com\/blog\/wp-content\/uploads\/2021\/05\/2014-08-10-14.43.05-Copy.jpg?fit=3253%2C2078&ssl=1","jetpack_shortlink":"https:\/\/wp.me\/p4eY6z-1ar","jetpack_sharing_enabled":true,"jetpack_likes_enabled":true,"jetpack-related-posts":[],"_links":{"self":[{"href":"https:\/\/bottesetvelo.com\/blog\/wp-json\/wp\/v2\/posts\/4491","targetHints":{"allow":["GET"]}}],"collection":[{"href":"https:\/\/bottesetvelo.com\/blog\/wp-json\/wp\/v2\/posts"}],"about":[{"href":"https:\/\/bottesetvelo.com\/blog\/wp-json\/wp\/v2\/types\/post"}],"author":[{"embeddable":true,"href":"https:\/\/bottesetvelo.com\/blog\/wp-json\/wp\/v2\/users\/1"}],"replies":[{"embeddable":true,"href":"https:\/\/bottesetvelo.com\/blog\/wp-json\/wp\/v2\/comments?post=4491"}],"version-history":[{"count":2,"href":"https:\/\/bottesetvelo.com\/blog\/wp-json\/wp\/v2\/posts\/4491\/revisions"}],"predecessor-version":[{"id":4495,"href":"https:\/\/bottesetvelo.com\/blog\/wp-json\/wp\/v2\/posts\/4491\/revisions\/4495"}],"wp:featuredmedia":[{"embeddable":true,"href":"https:\/\/bottesetvelo.com\/blog\/wp-json\/wp\/v2\/media\/4492"}],"wp:attachment":[{"href":"https:\/\/bottesetvelo.com\/blog\/wp-json\/wp\/v2\/media?parent=4491"}],"wp:term":[{"taxonomy":"category","embeddable":true,"href":"https:\/\/bottesetvelo.com\/blog\/wp-json\/wp\/v2\/categories?post=4491"},{"taxonomy":"post_tag","embeddable":true,"href":"https:\/\/bottesetvelo.com\/blog\/wp-json\/wp\/v2\/tags?post=4491"}],"curies":[{"name":"wp","href":"https:\/\/api.w.org\/{rel}","templated":true}]}}