{"id":4433,"date":"2021-04-23T13:04:34","date_gmt":"2021-04-23T17:04:34","guid":{"rendered":"https:\/\/bottesetvelo.com\/blog\/?p=4433"},"modified":"2021-04-23T13:04:34","modified_gmt":"2021-04-23T17:04:34","slug":"faire-lexperience-du-chemin","status":"publish","type":"post","link":"https:\/\/bottesetvelo.com\/blog\/2021\/04\/23\/faire-lexperience-du-chemin\/","title":{"rendered":"Faire l&rsquo;exp\u00e9rience du chemin"},"content":{"rendered":"\n<div class=\"wp-block-image\"><figure class=\"alignright size-large is-resized\"><img data-recalc-dims=\"1\" loading=\"lazy\" decoding=\"async\" data-attachment-id=\"3941\" data-permalink=\"https:\/\/bottesetvelo.com\/blog\/2020\/02\/07\/dis-moi-comment-tu-marches-je-te-dirai-qui-tu-es\/dscn2893\/\" data-orig-file=\"https:\/\/i0.wp.com\/bottesetvelo.com\/blog\/wp-content\/uploads\/2020\/02\/DSCN2893.jpg?fit=2471%2C1538&amp;ssl=1\" data-orig-size=\"2471,1538\" data-comments-opened=\"1\" data-image-meta=\"{&quot;aperture&quot;:&quot;5.6&quot;,&quot;credit&quot;:&quot;&quot;,&quot;camera&quot;:&quot;COOLPIX S9900&quot;,&quot;caption&quot;:&quot;&quot;,&quot;created_timestamp&quot;:&quot;1499251027&quot;,&quot;copyright&quot;:&quot;&quot;,&quot;focal_length&quot;:&quot;20.9&quot;,&quot;iso&quot;:&quot;125&quot;,&quot;shutter_speed&quot;:&quot;0.00125&quot;,&quot;title&quot;:&quot;&quot;,&quot;orientation&quot;:&quot;1&quot;}\" data-image-title=\"DSCN2893\" data-image-description=\"\" data-image-caption=\"\" data-large-file=\"https:\/\/i0.wp.com\/bottesetvelo.com\/blog\/wp-content\/uploads\/2020\/02\/DSCN2893.jpg?fit=1024%2C637&amp;ssl=1\" src=\"https:\/\/i0.wp.com\/bottesetvelo.com\/blog\/wp-content\/uploads\/2020\/02\/DSCN2893.jpg?resize=350%2C217&#038;ssl=1\" alt=\"\" class=\"wp-image-3941\" width=\"350\" height=\"217\" srcset=\"https:\/\/i0.wp.com\/bottesetvelo.com\/blog\/wp-content\/uploads\/2020\/02\/DSCN2893.jpg?resize=1024%2C637&amp;ssl=1 1024w, https:\/\/i0.wp.com\/bottesetvelo.com\/blog\/wp-content\/uploads\/2020\/02\/DSCN2893.jpg?resize=500%2C311&amp;ssl=1 500w, https:\/\/i0.wp.com\/bottesetvelo.com\/blog\/wp-content\/uploads\/2020\/02\/DSCN2893.jpg?resize=768%2C478&amp;ssl=1 768w, https:\/\/i0.wp.com\/bottesetvelo.com\/blog\/wp-content\/uploads\/2020\/02\/DSCN2893.jpg?w=2340&amp;ssl=1 2340w\" sizes=\"auto, (max-width: 350px) 100vw, 350px\" \/><\/figure><\/div>\n\n\n\n<p class=\"has-drop-cap\">Quand je pense \u00e0 ces longues marches et tous ces chemins que j\u2019ai pu fr\u00e9quenter au cours des vingt derni\u00e8res ann\u00e9es, il me revient des sc\u00e8nes, des visages, des \u00e9motions, des odeurs et des saveurs qui ne cessent de nourrir mon go\u00fbt de vivre. Mon exp\u00e9rience du chemin est faite non seulement de paysages et de d\u00e9couvertes, mais aussi de sourires, de rires, de difficult\u00e9s, de d\u00e9couragements et de fiert\u00e9. Ce que j\u2019en retiens cependant, c\u2019est que cette exp\u00e9rience, dans l\u2019innocence du moment, m\u2019aura surtout appris que \u00e7a go\u00fbte bon d\u2019\u00eatre en chemin!<\/p>\n\n\n\n<div class=\"wp-block-image\"><figure class=\"alignright size-large is-resized\"><img data-recalc-dims=\"1\" loading=\"lazy\" decoding=\"async\" data-attachment-id=\"2511\" data-permalink=\"https:\/\/bottesetvelo.com\/blog\/2016\/04\/08\/le-vrai-pelerin\/2009-compostelle-et-barcelone-037-3\/\" data-orig-file=\"https:\/\/i0.wp.com\/bottesetvelo.com\/blog\/wp-content\/uploads\/2016\/04\/2009-Compostelle-et-Barcelone-037.jpg?fit=3648%2C2736&amp;ssl=1\" data-orig-size=\"3648,2736\" data-comments-opened=\"1\" data-image-meta=\"{&quot;aperture&quot;:&quot;3.5&quot;,&quot;credit&quot;:&quot;&quot;,&quot;camera&quot;:&quot;Canon PowerShot SD890 IS&quot;,&quot;caption&quot;:&quot;&quot;,&quot;created_timestamp&quot;:&quot;1251115007&quot;,&quot;copyright&quot;:&quot;&quot;,&quot;focal_length&quot;:&quot;8.96&quot;,&quot;iso&quot;:&quot;80&quot;,&quot;shutter_speed&quot;:&quot;0.005&quot;,&quot;title&quot;:&quot;&quot;,&quot;orientation&quot;:&quot;1&quot;}\" data-image-title=\"2009 &amp;#8211; Compostelle et Barcelone 037\" data-image-description=\"\" data-image-caption=\"\" data-large-file=\"https:\/\/i0.wp.com\/bottesetvelo.com\/blog\/wp-content\/uploads\/2016\/04\/2009-Compostelle-et-Barcelone-037.jpg?fit=1024%2C768&amp;ssl=1\" src=\"https:\/\/i0.wp.com\/bottesetvelo.com\/blog\/wp-content\/uploads\/2016\/04\/2009-Compostelle-et-Barcelone-037.jpg?resize=351%2C264&#038;ssl=1\" alt=\"\" class=\"wp-image-2511\" width=\"351\" height=\"264\" srcset=\"https:\/\/i0.wp.com\/bottesetvelo.com\/blog\/wp-content\/uploads\/2016\/04\/2009-Compostelle-et-Barcelone-037.jpg?resize=1024%2C768&amp;ssl=1 1024w, https:\/\/i0.wp.com\/bottesetvelo.com\/blog\/wp-content\/uploads\/2016\/04\/2009-Compostelle-et-Barcelone-037.jpg?resize=500%2C375&amp;ssl=1 500w, https:\/\/i0.wp.com\/bottesetvelo.com\/blog\/wp-content\/uploads\/2016\/04\/2009-Compostelle-et-Barcelone-037.jpg?resize=768%2C576&amp;ssl=1 768w, https:\/\/i0.wp.com\/bottesetvelo.com\/blog\/wp-content\/uploads\/2016\/04\/2009-Compostelle-et-Barcelone-037.jpg?w=2340&amp;ssl=1 2340w, https:\/\/i0.wp.com\/bottesetvelo.com\/blog\/wp-content\/uploads\/2016\/04\/2009-Compostelle-et-Barcelone-037.jpg?w=3510&amp;ssl=1 3510w\" sizes=\"auto, (max-width: 351px) 100vw, 351px\" \/><\/figure><\/div>\n\n\n\n<p>Sur les routes p\u00e8lerines, j\u2019ai exp\u00e9riment\u00e9 la s\u00e9r\u00e9nit\u00e9 d\u2019une plage d\u00e9serte aux \u00celes-de-la-Madeleine; le r\u00e9confort de cette descente vers Conques, o\u00f9 apr\u00e8s 30 km de marche sous un soleil de plomb, \u00e9puis\u00e9, des amis p\u00e8lerins attabl\u00e9s dans un caf\u00e9 m\u2019ont accueilli avec des cris de joie et des applaudissements. Il y&nbsp; aussi cette f\u00eate, dans un h\u00f4tel de Cap St- Yvon, o\u00f9 au terme de notre marche des p\u00e8lerines gasp\u00e9siennes nous ont fait danser et chanter toute la soir\u00e9e. Je me rappelle ce ruisseau, juste avant Zubiri, o\u00f9 j\u2019ai tremp\u00e9 mes pieds qui n\u2019en pouvaient plus. Il y a cet oisillon qui s\u2019est pos\u00e9 sur mon \u00e9paule pour se reposer. La petite Colombe, 9 ans, en charge de guider l\u2019\u00e2ne qui portait les bagages de toute la famille et qui en avait marre que tout le monde lui dise qu\u2019elle \u00e9tait belle. Il y a le sourire de Christiane qui me rappelait de lui laisser les figues du bas. Il y a Francis qui pensait toujours \u00e0 me demander si je voulais qu\u2019il me r\u00e9serve un lit dans le prochain village. Il y a cet espagnol que je ne connaissais pas qui m\u2019a offert une bi\u00e8re apr\u00e8s avoir travers\u00e9 la Meseta. Il y a ce moment o\u00f9, \u00e0 la suite de blessures aux pieds, j\u2019ai pris conscience que mon pas \u00e9tait celui de la performance et non celui qui s\u2019harmonise \u00e0 la vie. Il y a toutes ces rencontres qui m\u2019ont mis face \u00e0 mes difficult\u00e9s relationnelles et m\u2019ont incit\u00e9 \u00e0 changer d\u2019attitude, \u00e0 me faire proche&nbsp;: \u00e9tranger parmi les \u00e9trangers.<\/p>\n\n\n\n<div class=\"wp-block-image\"><figure class=\"alignright size-large is-resized\"><img data-recalc-dims=\"1\" loading=\"lazy\" decoding=\"async\" data-attachment-id=\"939\" data-permalink=\"https:\/\/bottesetvelo.com\/blog\/2014\/10\/24\/marcher-vers-sa-verite-marcher-a-la-rencontre-de-soi\/2009-compostelle-et-barcelone-065\/\" data-orig-file=\"https:\/\/i0.wp.com\/bottesetvelo.com\/blog\/wp-content\/uploads\/2014\/10\/2009-Compostelle-et-Barcelone-065.jpg?fit=3648%2C2736&amp;ssl=1\" data-orig-size=\"3648,2736\" data-comments-opened=\"1\" data-image-meta=\"{&quot;aperture&quot;:&quot;3.2&quot;,&quot;credit&quot;:&quot;&quot;,&quot;camera&quot;:&quot;Canon PowerShot SD890 IS&quot;,&quot;caption&quot;:&quot;&quot;,&quot;created_timestamp&quot;:&quot;1251293761&quot;,&quot;copyright&quot;:&quot;&quot;,&quot;focal_length&quot;:&quot;6.6&quot;,&quot;iso&quot;:&quot;80&quot;,&quot;shutter_speed&quot;:&quot;0.0025&quot;,&quot;title&quot;:&quot;&quot;,&quot;orientation&quot;:&quot;1&quot;}\" data-image-title=\"2009 &amp;#8211; Compostelle et Barcelone 065\" data-image-description=\"\" data-image-caption=\"\" data-large-file=\"https:\/\/i0.wp.com\/bottesetvelo.com\/blog\/wp-content\/uploads\/2014\/10\/2009-Compostelle-et-Barcelone-065.jpg?fit=1024%2C768&amp;ssl=1\" src=\"https:\/\/i0.wp.com\/bottesetvelo.com\/blog\/wp-content\/uploads\/2014\/10\/2009-Compostelle-et-Barcelone-065.jpg?resize=350%2C265&#038;ssl=1\" alt=\"\" class=\"wp-image-939\" width=\"350\" height=\"265\"\/><\/figure><\/div>\n\n\n\n<p>Ainsi, certains disent que l\u2019exp\u00e9rience du chemin consiste \u00e0 croire par les pieds. Mais, croire en quoi exactement? Mon exp\u00e9rience me dit qu\u2019il s\u2019agit de croire que mes pieds peuvent me renseigner sur ce que la vie a de bon dans leur lecture de ce voyage sur terre. Ils sont ce contact direct avec le sol qui parle du voyage, une mise en relation qui pointe vers un horizon et conduit vers un ailleurs, mais ils transmettent aussi \u00e0 la verticale. Ce sont eux qui parlent au coeur et \u00e0 la t\u00eate du ressenti de l\u2019exp\u00e9rience&nbsp;: ils nourrissent l\u2019esprit de la marche. Non seulement mes pieds apprennent-ils de ce p\u00e8lerinage, mais ma t\u00eate et mon c\u0153ur en sont boulevers\u00e9s. Croire par les pieds autorise la t\u00eate et le c\u0153ur \u00e0 entendre ce que ses pieds ont \u00e0 dire&nbsp;: comment parlent-ils de la vie, qu\u2019en r\u00e9v\u00e8lent-ils? Point de jonction entre l\u2019horizontalit\u00e9 de notre humanit\u00e9 et la verticalit\u00e9 de notre spiritualit\u00e9, faire l\u2019exp\u00e9rience du chemin passe en bonne partie par les pieds. &nbsp;<\/p>\n\n\n\n<p>Tous ces souvenirs, tout ce v\u00e9cu sensible, constituent ainsi mon exp\u00e9rience du chemin. Celle-ci m\u2019invite \u00e0 renoncer aux barricades personnelles, \u00e0 me laisser toucher et \u00e9prouver le chemin dans tout mon \u00eatre, dans toute sa saveur. Non seulement le chemin, mais tout ce que cela implique. En cela, l\u2019exp\u00e9rience est concr\u00e8te. Elle permet d\u2019acqu\u00e9rir une connaissance pratique de la vie&nbsp;: j\u2019y ai appris \u00e0 marcher, \u00e0 tendre la main, \u00e0 go\u00fbter la vie, \u00e0 trouver l\u2019amour en toute chose. Rien ne saurait faire taire le fruit de cette exp\u00e9rience!<\/p>\n\n\n\n<div class=\"wp-block-image\"><figure class=\"alignright size-large\"><img data-recalc-dims=\"1\" loading=\"lazy\" decoding=\"async\" width=\"100\" height=\"79\" data-attachment-id=\"3248\" data-permalink=\"https:\/\/bottesetvelo.com\/blog\/2018\/03\/30\/comme-un-grand-silence\/bottes-et-velo-embleme-3\/\" data-orig-file=\"https:\/\/i0.wp.com\/bottesetvelo.com\/blog\/wp-content\/uploads\/2018\/03\/Bottes-et-V%C3%A9lo-Embl%C3%AAme-1-e1522416719670.png?fit=100%2C79&amp;ssl=1\" data-orig-size=\"100,79\" data-comments-opened=\"1\" data-image-meta=\"{&quot;aperture&quot;:&quot;0&quot;,&quot;credit&quot;:&quot;&quot;,&quot;camera&quot;:&quot;&quot;,&quot;caption&quot;:&quot;&quot;,&quot;created_timestamp&quot;:&quot;0&quot;,&quot;copyright&quot;:&quot;&quot;,&quot;focal_length&quot;:&quot;0&quot;,&quot;iso&quot;:&quot;0&quot;,&quot;shutter_speed&quot;:&quot;0&quot;,&quot;title&quot;:&quot;&quot;,&quot;orientation&quot;:&quot;0&quot;}\" data-image-title=\"Bottes et V\u00e9lo &amp;#8211; Embl\u00eame\" data-image-description=\"\" data-image-caption=\"\" data-large-file=\"https:\/\/i0.wp.com\/bottesetvelo.com\/blog\/wp-content\/uploads\/2018\/03\/Bottes-et-V%C3%A9lo-Embl%C3%AAme-1-e1522416719670.png?fit=100%2C79&amp;ssl=1\" src=\"https:\/\/i0.wp.com\/bottesetvelo.com\/blog\/wp-content\/uploads\/2018\/03\/Bottes-et-V%C3%A9lo-Embl%C3%AAme-1-e1522416719670.png?resize=100%2C79&#038;ssl=1\" alt=\"\" class=\"wp-image-3248\"\/><\/figure><\/div>\n\n\n\n<p>\u00c9ric Lalibert\u00e9<\/p>\n","protected":false},"excerpt":{"rendered":"<p>Quand je pense \u00e0 ces longues marches et tous ces chemins que j\u2019ai pu fr\u00e9quenter au cours des vingt derni\u00e8res ann\u00e9es, il me revient des sc\u00e8nes, des visages, des \u00e9motions, des odeurs et des saveurs qui ne cessent de nourrir mon go\u00fbt de vivre. Mon exp\u00e9rience du chemin est faite non seulement de paysages et&hellip;<\/p>\n","protected":false},"author":3,"featured_media":3391,"comment_status":"open","ping_status":"open","sticky":false,"template":"","format":"standard","meta":{"jetpack_post_was_ever_published":false,"_jetpack_newsletter_access":"","_jetpack_dont_email_post_to_subs":false,"_jetpack_newsletter_tier_id":0,"_jetpack_memberships_contains_paywalled_content":false,"_jetpack_memberships_contains_paid_content":false,"footnotes":"","jetpack_publicize_message":"Faire l'exp\u00e9rience du #chemin\nQuand je pense \u00e0 ces longues #marches, il me revient mille sc\u00e8nes. Ce que j\u2019en retiens cependant, c\u2019est que cette #exp\u00e9rience m\u2019aura surtout appris que \u00e7a go\u00fbte bon d\u2019\u00eatre en chemin! #Compostelle","jetpack_publicize_feature_enabled":true,"jetpack_social_post_already_shared":true,"jetpack_social_options":{"image_generator_settings":{"template":"highway","default_image_id":0,"font":"","enabled":false},"version":2}},"categories":[630,171,3,37],"tags":[203,399,272,254,549,654],"class_list":["post-4433","post","type-post","status-publish","format-standard","has-post-thumbnail","hentry","category-exercice-pelerin","category-pelerinage","category-reflexions","category-spiritualite-2","tag-chemin","tag-experience","tag-experience-des-sens","tag-marcher","tag-pelerinage-2","tag-pieds"],"jetpack_publicize_connections":[],"jetpack_featured_media_url":"https:\/\/i0.wp.com\/bottesetvelo.com\/blog\/wp-content\/uploads\/2018\/09\/20180708_084353.jpg?fit=3185%2C1445&ssl=1","jetpack_shortlink":"https:\/\/wp.me\/p4eY6z-19v","jetpack_sharing_enabled":true,"jetpack_likes_enabled":true,"jetpack-related-posts":[],"_links":{"self":[{"href":"https:\/\/bottesetvelo.com\/blog\/wp-json\/wp\/v2\/posts\/4433","targetHints":{"allow":["GET"]}}],"collection":[{"href":"https:\/\/bottesetvelo.com\/blog\/wp-json\/wp\/v2\/posts"}],"about":[{"href":"https:\/\/bottesetvelo.com\/blog\/wp-json\/wp\/v2\/types\/post"}],"author":[{"embeddable":true,"href":"https:\/\/bottesetvelo.com\/blog\/wp-json\/wp\/v2\/users\/3"}],"replies":[{"embeddable":true,"href":"https:\/\/bottesetvelo.com\/blog\/wp-json\/wp\/v2\/comments?post=4433"}],"version-history":[{"count":7,"href":"https:\/\/bottesetvelo.com\/blog\/wp-json\/wp\/v2\/posts\/4433\/revisions"}],"predecessor-version":[{"id":4469,"href":"https:\/\/bottesetvelo.com\/blog\/wp-json\/wp\/v2\/posts\/4433\/revisions\/4469"}],"wp:featuredmedia":[{"embeddable":true,"href":"https:\/\/bottesetvelo.com\/blog\/wp-json\/wp\/v2\/media\/3391"}],"wp:attachment":[{"href":"https:\/\/bottesetvelo.com\/blog\/wp-json\/wp\/v2\/media?parent=4433"}],"wp:term":[{"taxonomy":"category","embeddable":true,"href":"https:\/\/bottesetvelo.com\/blog\/wp-json\/wp\/v2\/categories?post=4433"},{"taxonomy":"post_tag","embeddable":true,"href":"https:\/\/bottesetvelo.com\/blog\/wp-json\/wp\/v2\/tags?post=4433"}],"curies":[{"name":"wp","href":"https:\/\/api.w.org\/{rel}","templated":true}]}}