{"id":4411,"date":"2021-04-09T19:16:40","date_gmt":"2021-04-09T23:16:40","guid":{"rendered":"https:\/\/bottesetvelo.com\/blog\/?p=4411"},"modified":"2021-04-09T19:16:40","modified_gmt":"2021-04-09T23:16:40","slug":"pelerin-pourquoi-marches-tu","status":"publish","type":"post","link":"https:\/\/bottesetvelo.com\/blog\/2021\/04\/09\/pelerin-pourquoi-marches-tu\/","title":{"rendered":"P\u00e8lerin, pourquoi marches-tu?"},"content":{"rendered":"\n<blockquote class=\"wp-block-quote is-layout-flow wp-block-quote-is-layout-flow\"><p>On ne peut rien r\u00e9ussir dans la vie si on ne prend pas de plaisir. <\/p><cite>Olivier de Kersauson<\/cite><\/blockquote>\n\n\n\n<p class=\"has-drop-cap\">Je ne sais pas si vous \u00eates comme moi, mais quand je pense \u00e0 aller marcher, il me faut me donner une intention de marche. Je vais rarement marcher sans but, si simple et modeste que soit ce but. Parfois, je choisis une destination ou un lieu sp\u00e9cifique qui m\u2019attire tout particuli\u00e8rement \u00e0 ce moment-l\u00e0. D\u2019autres fois, je me fixe une distance \u00e0 parcourir pour garder la forme. Tout d\u00e9pend de ce que j\u2019ai le go\u00fbt de vivre par ma marche. Ainsi, je peux aller faire une marche le long du fleuve sur la piste cyclable, tout comme je peux sillonner les rues de la vieille ville, ou faire un sentier en for\u00eat. Et, je peux aussi d\u00e9cider de marcher un certain nombre de kilom\u00e8tres pour me rendre dans un petit bistro, \u00e0 une cr\u00e8merie, \u00e0 un point d\u2019observation, ou chez une amie. Ou encore, je peux tout simplement partir marcher pour profiter du soleil et du ciel bleu, histoire de me d\u00e9gourdir l\u2019esprit. Marcher n\u2019est \u00e0 la base qu\u2019un moyen de d\u00e9placement, un outil qui me permet de vivre une exp\u00e9rience particuli\u00e8re. Marcher devient un plaisir lorsque je le combine \u00e0 un autre \u00e9l\u00e9ment qui a du go\u00fbt pour moi. C\u2019est seulement alors que ma marche devient significative et savoureuse. &nbsp;&nbsp;&nbsp;&nbsp;<\/p>\n\n\n\n<div class=\"wp-block-image\"><figure class=\"alignright size-large is-resized\"><img data-recalc-dims=\"1\" loading=\"lazy\" decoding=\"async\" data-attachment-id=\"4352\" data-permalink=\"https:\/\/bottesetvelo.com\/blog\/2021\/02\/26\/tout-commence-par-un-desir\/mountaineers-5649828\/\" data-orig-file=\"https:\/\/i0.wp.com\/bottesetvelo.com\/blog\/wp-content\/uploads\/2021\/02\/mountaineers-5649828.jpg?fit=4870%2C3247&amp;ssl=1\" data-orig-size=\"4870,3247\" data-comments-opened=\"1\" data-image-meta=\"{&quot;aperture&quot;:&quot;0&quot;,&quot;credit&quot;:&quot;&quot;,&quot;camera&quot;:&quot;&quot;,&quot;caption&quot;:&quot;&quot;,&quot;created_timestamp&quot;:&quot;0&quot;,&quot;copyright&quot;:&quot;Steven Weirather&quot;,&quot;focal_length&quot;:&quot;0&quot;,&quot;iso&quot;:&quot;0&quot;,&quot;shutter_speed&quot;:&quot;0&quot;,&quot;title&quot;:&quot;&quot;,&quot;orientation&quot;:&quot;0&quot;}\" data-image-title=\"mountaineers-5649828\" data-image-description=\"\" data-image-caption=\"\" data-large-file=\"https:\/\/i0.wp.com\/bottesetvelo.com\/blog\/wp-content\/uploads\/2021\/02\/mountaineers-5649828.jpg?fit=1024%2C683&amp;ssl=1\" src=\"https:\/\/i0.wp.com\/bottesetvelo.com\/blog\/wp-content\/uploads\/2021\/02\/mountaineers-5649828.jpg?resize=351%2C233&#038;ssl=1\" alt=\"\" class=\"wp-image-4352\" width=\"351\" height=\"233\" srcset=\"https:\/\/i0.wp.com\/bottesetvelo.com\/blog\/wp-content\/uploads\/2021\/02\/mountaineers-5649828.jpg?resize=1024%2C683&amp;ssl=1 1024w, https:\/\/i0.wp.com\/bottesetvelo.com\/blog\/wp-content\/uploads\/2021\/02\/mountaineers-5649828.jpg?resize=500%2C333&amp;ssl=1 500w, https:\/\/i0.wp.com\/bottesetvelo.com\/blog\/wp-content\/uploads\/2021\/02\/mountaineers-5649828.jpg?resize=768%2C512&amp;ssl=1 768w, https:\/\/i0.wp.com\/bottesetvelo.com\/blog\/wp-content\/uploads\/2021\/02\/mountaineers-5649828.jpg?resize=1536%2C1024&amp;ssl=1 1536w, https:\/\/i0.wp.com\/bottesetvelo.com\/blog\/wp-content\/uploads\/2021\/02\/mountaineers-5649828.jpg?resize=2048%2C1365&amp;ssl=1 2048w, https:\/\/i0.wp.com\/bottesetvelo.com\/blog\/wp-content\/uploads\/2021\/02\/mountaineers-5649828.jpg?w=2340&amp;ssl=1 2340w, https:\/\/i0.wp.com\/bottesetvelo.com\/blog\/wp-content\/uploads\/2021\/02\/mountaineers-5649828.jpg?w=3510&amp;ssl=1 3510w\" sizes=\"auto, (max-width: 351px) 100vw, 351px\" \/><\/figure><\/div>\n\n\n\n<p>En p\u00e8lerinage, j\u2019aborde mes journ\u00e9es de la m\u00eame fa\u00e7on. Chaque matin, je prends le temps de me donner une intention de marche. Je pr\u00e9vois m\u2019arr\u00eater dans tel village pour un premier caf\u00e9, diner au bord de la rivi\u00e8re, trouver un coin au sommet de la montagne pour faire une pause, ou visiter la boutique d\u2019artisanat recommand\u00e9e dans le guide. Cela donne de l\u2019\u00e9lan \u00e0 mes pas, motive ma marche. Et si je suis fatigu\u00e9e, je me planifie de plus longues pauses. Si la journ\u00e9e s\u2019annonce difficile, je me permets d\u2019\u00e9courter la distance pr\u00e9vue. J\u2019am\u00e9nage mon horaire pour que ma marche, mon d\u00e9placement, soit agr\u00e9able. Car en p\u00e8lerinage, marcher demeure pour moi un moyen de transport. Ce n\u2019est pas le c\u0153ur de l\u2019exp\u00e9rience. Tout comme dans un road trip la voiture, tout en \u00e9tant essentielle, n\u2019est pas le voyage, la marche n\u2019est pas le p\u00e8lerinage. Elle le permet. Il importe donc que la m\u00e9canique soit en bon \u00e9tat si l\u2019on veut pouvoir jouir de la route. C\u2019est ce que mon intention de marche me permet de faire&nbsp;: prendre soin de moi. En prenant chaque jour un temps d\u2019arr\u00eat pour discerner ce que je d\u00e9sire vivre de ma journ\u00e9e, je me mets \u00e0 l\u2019\u00e9coute de ce qui m\u2019habite, tant au niveau physique qu\u2019au niveau \u00e9motif. Mon intention de marche cherche \u00e0 convenir \u00e0 ce que je ressens afin que ma journ\u00e9e p\u00e8lerine me procure le plus grand plaisir possible, consid\u00e9rant la situation du moment.<\/p>\n\n\n\n<div class=\"wp-block-image\"><figure class=\"alignright size-large is-resized\"><img data-recalc-dims=\"1\" loading=\"lazy\" decoding=\"async\" data-attachment-id=\"4146\" data-permalink=\"https:\/\/bottesetvelo.com\/blog\/2020\/09\/11\/pour-le-plus-grand-bien-commun\/2018-07-09-14-03-23\/\" data-orig-file=\"https:\/\/i0.wp.com\/bottesetvelo.com\/blog\/wp-content\/uploads\/2020\/09\/2018-07-09-14.03.23-scaled.jpg?fit=2560%2C1244&amp;ssl=1\" data-orig-size=\"2560,1244\" data-comments-opened=\"1\" data-image-meta=\"{&quot;aperture&quot;:&quot;1.7&quot;,&quot;credit&quot;:&quot;&quot;,&quot;camera&quot;:&quot;SM-A530W&quot;,&quot;caption&quot;:&quot;&quot;,&quot;created_timestamp&quot;:&quot;1531145003&quot;,&quot;copyright&quot;:&quot;&quot;,&quot;focal_length&quot;:&quot;3.93&quot;,&quot;iso&quot;:&quot;40&quot;,&quot;shutter_speed&quot;:&quot;0.000521104742053&quot;,&quot;title&quot;:&quot;&quot;,&quot;orientation&quot;:&quot;1&quot;}\" data-image-title=\"2018-07-09-14.03.23\" data-image-description=\"\" data-image-caption=\"\" data-large-file=\"https:\/\/i0.wp.com\/bottesetvelo.com\/blog\/wp-content\/uploads\/2020\/09\/2018-07-09-14.03.23-scaled.jpg?fit=1024%2C498&amp;ssl=1\" src=\"https:\/\/i0.wp.com\/bottesetvelo.com\/blog\/wp-content\/uploads\/2020\/09\/2018-07-09-14.03.23.jpg?resize=350%2C170&#038;ssl=1\" alt=\"\" class=\"wp-image-4146\" width=\"350\" height=\"170\" srcset=\"https:\/\/i0.wp.com\/bottesetvelo.com\/blog\/wp-content\/uploads\/2020\/09\/2018-07-09-14.03.23-scaled.jpg?resize=1024%2C498&amp;ssl=1 1024w, https:\/\/i0.wp.com\/bottesetvelo.com\/blog\/wp-content\/uploads\/2020\/09\/2018-07-09-14.03.23-scaled.jpg?resize=500%2C243&amp;ssl=1 500w, https:\/\/i0.wp.com\/bottesetvelo.com\/blog\/wp-content\/uploads\/2020\/09\/2018-07-09-14.03.23-scaled.jpg?resize=768%2C373&amp;ssl=1 768w, https:\/\/i0.wp.com\/bottesetvelo.com\/blog\/wp-content\/uploads\/2020\/09\/2018-07-09-14.03.23-scaled.jpg?resize=1536%2C747&amp;ssl=1 1536w, https:\/\/i0.wp.com\/bottesetvelo.com\/blog\/wp-content\/uploads\/2020\/09\/2018-07-09-14.03.23-scaled.jpg?resize=2048%2C996&amp;ssl=1 2048w, https:\/\/i0.wp.com\/bottesetvelo.com\/blog\/wp-content\/uploads\/2020\/09\/2018-07-09-14.03.23-scaled.jpg?w=2340&amp;ssl=1 2340w\" sizes=\"auto, (max-width: 350px) 100vw, 350px\" \/><\/figure><\/div>\n\n\n\n<p>Puis, apr\u00e8s plusieurs jours de marche, vient un matin o\u00f9, le corps maintenant rod\u00e9 et endurci, le d\u00e9sir de prendre la route devient intrins\u00e8que, comme inn\u00e9. Reprendre mon sac \u00e0 dos pour aller d\u00e9couvrir l\u2019inconnu du chemin ne demande plus aucune motivation. Tant de kilom\u00e8tres \u00e0 savourer le plaisir du d\u00e9placement p\u00e8lerin qu\u2019aujourd\u2019hui tout mon \u00eatre en redemande. M\u00eame apr\u00e8s une bonne journ\u00e9e pass\u00e9e sur le chemin, je me surprends \u00e0 aller prendre une marche dans les rues avoisinantes de mon auberge. Si l\u2019app\u00e9tit vient en mangeant, alors le plaisir de p\u00e8leriner vient en marchant. De marcheuse, je suis devenue p\u00e8lerine. Marcher est devenu une seconde nature qui fait d\u00e9sormais partie de mon nouveau mode de vie.<\/p>\n\n\n\n<p>Toute personne qui a fait un long p\u00e8lerinage se rappellera, comme moi, s\u2019\u00eatre demand\u00e9 \u00e0 un moment ou \u00e0 un autre de sa marche&nbsp;: \u00ab&nbsp;<em>Mais pourquoi je me donne toute cette mis\u00e8re?<\/em> \u00bb Marcher n\u2019est pas le but. Et marcher sans but n\u2019a pas de sens, donc pas de go\u00fbt, ni de plaisir. Alors qu\u2019est-ce qui donne si bon go\u00fbt \u00e0 l\u2019exp\u00e9rience du p\u00e8lerinage au point de nous faire oublier tout ce que le corps \u00e0 souffert en marchant?<\/p>\n\n\n\n<div class=\"wp-block-image\"><figure class=\"alignright size-large is-resized\"><img data-recalc-dims=\"1\" loading=\"lazy\" decoding=\"async\" data-attachment-id=\"4389\" data-permalink=\"https:\/\/bottesetvelo.com\/blog\/2021\/03\/15\/marcher-parler-ecouter-lexercice-pelerin\/bottes-et-velo-embleme-2\/\" data-orig-file=\"https:\/\/i0.wp.com\/bottesetvelo.com\/blog\/wp-content\/uploads\/2021\/03\/Bottes-et-Velo-Embleme.jpg?fit=398%2C314&amp;ssl=1\" data-orig-size=\"398,314\" data-comments-opened=\"1\" data-image-meta=\"{&quot;aperture&quot;:&quot;0&quot;,&quot;credit&quot;:&quot;&quot;,&quot;camera&quot;:&quot;&quot;,&quot;caption&quot;:&quot;&quot;,&quot;created_timestamp&quot;:&quot;0&quot;,&quot;copyright&quot;:&quot;&quot;,&quot;focal_length&quot;:&quot;0&quot;,&quot;iso&quot;:&quot;0&quot;,&quot;shutter_speed&quot;:&quot;0&quot;,&quot;title&quot;:&quot;&quot;,&quot;orientation&quot;:&quot;0&quot;}\" data-image-title=\"Bottes et V\u00e9lo &amp;#8211; Embl\u00eame\" data-image-description=\"\" data-image-caption=\"\" data-large-file=\"https:\/\/i0.wp.com\/bottesetvelo.com\/blog\/wp-content\/uploads\/2021\/03\/Bottes-et-Velo-Embleme.jpg?fit=398%2C314&amp;ssl=1\" src=\"https:\/\/i0.wp.com\/bottesetvelo.com\/blog\/wp-content\/uploads\/2021\/03\/Bottes-et-Velo-Embleme.jpg?resize=75%2C59&#038;ssl=1\" alt=\"\" class=\"wp-image-4389\" width=\"75\" height=\"59\"\/><\/figure><\/div>\n\n\n\n<p>Brigitte Harouni<\/p>\n","protected":false},"excerpt":{"rendered":"<p>On ne peut rien r\u00e9ussir dans la vie si on ne prend pas de plaisir. Olivier de Kersauson Je ne sais pas si vous \u00eates comme moi, mais quand je pense \u00e0 aller marcher, il me faut me donner une intention de marche. Je vais rarement marcher sans but, si simple et modeste que soit&hellip;<\/p>\n","protected":false},"author":2,"featured_media":3852,"comment_status":"open","ping_status":"open","sticky":false,"template":"","format":"standard","meta":{"jetpack_post_was_ever_published":false,"_jetpack_newsletter_access":"","_jetpack_dont_email_post_to_subs":false,"_jetpack_newsletter_tier_id":0,"_jetpack_memberships_contains_paywalled_content":false,"_jetpack_memberships_contains_paid_content":false,"footnotes":"","jetpack_publicize_message":"P\u00e8lerin, pourquoi marches-tu?\nJe ne sais pas si vous \u00eates comme moi, mais quand je pense \u00e0 aller marcher, il me faut me donner une intention de marche. Je vais rarement marcher sans but, si simple et modeste que soit ce but. \n#Compostelle","jetpack_publicize_feature_enabled":true,"jetpack_social_post_already_shared":true,"jetpack_social_options":{"image_generator_settings":{"template":"highway","default_image_id":0,"font":"","enabled":false},"version":2}},"categories":[50,9,166,630,171,3],"tags":[322,653,637,254,296],"class_list":["post-4411","post","type-post","status-publish","format-standard","has-post-thumbnail","hentry","category-art-de-vivre","category-chemins-de-pelerinage","category-demarche-du-pelerin","category-exercice-pelerin","category-pelerinage","category-reflexions","tag-discernement","tag-intention","tag-marche-pelerine","tag-marcher","tag-pelerin"],"jetpack_publicize_connections":[],"jetpack_featured_media_url":"https:\/\/i0.wp.com\/bottesetvelo.com\/blog\/wp-content\/uploads\/2019\/11\/20180713_111744.jpg?fit=4608%2C2240&ssl=1","jetpack_shortlink":"https:\/\/wp.me\/p4eY6z-199","jetpack_sharing_enabled":true,"jetpack_likes_enabled":true,"jetpack-related-posts":[],"_links":{"self":[{"href":"https:\/\/bottesetvelo.com\/blog\/wp-json\/wp\/v2\/posts\/4411","targetHints":{"allow":["GET"]}}],"collection":[{"href":"https:\/\/bottesetvelo.com\/blog\/wp-json\/wp\/v2\/posts"}],"about":[{"href":"https:\/\/bottesetvelo.com\/blog\/wp-json\/wp\/v2\/types\/post"}],"author":[{"embeddable":true,"href":"https:\/\/bottesetvelo.com\/blog\/wp-json\/wp\/v2\/users\/2"}],"replies":[{"embeddable":true,"href":"https:\/\/bottesetvelo.com\/blog\/wp-json\/wp\/v2\/comments?post=4411"}],"version-history":[{"count":3,"href":"https:\/\/bottesetvelo.com\/blog\/wp-json\/wp\/v2\/posts\/4411\/revisions"}],"predecessor-version":[{"id":4427,"href":"https:\/\/bottesetvelo.com\/blog\/wp-json\/wp\/v2\/posts\/4411\/revisions\/4427"}],"wp:featuredmedia":[{"embeddable":true,"href":"https:\/\/bottesetvelo.com\/blog\/wp-json\/wp\/v2\/media\/3852"}],"wp:attachment":[{"href":"https:\/\/bottesetvelo.com\/blog\/wp-json\/wp\/v2\/media?parent=4411"}],"wp:term":[{"taxonomy":"category","embeddable":true,"href":"https:\/\/bottesetvelo.com\/blog\/wp-json\/wp\/v2\/categories?post=4411"},{"taxonomy":"post_tag","embeddable":true,"href":"https:\/\/bottesetvelo.com\/blog\/wp-json\/wp\/v2\/tags?post=4411"}],"curies":[{"name":"wp","href":"https:\/\/api.w.org\/{rel}","templated":true}]}}