{"id":4388,"date":"2021-03-15T17:55:00","date_gmt":"2021-03-15T21:55:00","guid":{"rendered":"http:\/\/bottesetvelo.com\/blog\/?p=4388"},"modified":"2021-03-15T21:21:27","modified_gmt":"2021-03-16T01:21:27","slug":"marcher-parler-ecouter-lexercice-pelerin","status":"publish","type":"post","link":"https:\/\/bottesetvelo.com\/blog\/2021\/03\/15\/marcher-parler-ecouter-lexercice-pelerin\/","title":{"rendered":"Marcher, parler, \u00e9couter. L&rsquo;exercice p\u00e8lerin."},"content":{"rendered":"\n<p class=\"has-drop-cap\">Apr\u00e8s 7 ans de marche et de d\u00e9marche, apr\u00e8s 7 ans d&rsquo;observations, d&rsquo;analyses et de r\u00e9flexions sur l&rsquo;exercice p\u00e8lerin, Bottes et V\u00e9lo est heureux de vous annoncer la sortie de ce tout premier livre cherchant \u00e0 discerner ce qui se cache derri\u00e8res ces pratiques p\u00e8lerines que Compostelle a inspir\u00e9. <em>\u00ab\u00a0Marcher, parler, \u00e9couter. L&rsquo;exercice p\u00e8lerin.<\/em>\u00a0\u00bb est le r\u00e9sultat de milliers de kilom\u00e8tres partag\u00e9s dans la joie, la souffrance et, surtout, le plaisir de faire route ensemble.<\/p>\n\n\n\n<h3 class=\"wp-block-heading\">En 4e de couverture<\/h3>\n\n\n\n<div class=\"wp-block-image\"><figure class=\"alignright size-large\"><img data-recalc-dims=\"1\" loading=\"lazy\" decoding=\"async\" width=\"336\" height=\"480\" data-attachment-id=\"4390\" data-permalink=\"https:\/\/bottesetvelo.com\/blog\/2021\/03\/15\/marcher-parler-ecouter-lexercice-pelerin\/marcherparlerecouter-couverture\/\" data-orig-file=\"https:\/\/i0.wp.com\/bottesetvelo.com\/blog\/wp-content\/uploads\/2021\/03\/MarcherParlerEcouter-Couverture.png?fit=336%2C480&amp;ssl=1\" data-orig-size=\"336,480\" data-comments-opened=\"1\" data-image-meta=\"{&quot;aperture&quot;:&quot;0&quot;,&quot;credit&quot;:&quot;&quot;,&quot;camera&quot;:&quot;&quot;,&quot;caption&quot;:&quot;&quot;,&quot;created_timestamp&quot;:&quot;0&quot;,&quot;copyright&quot;:&quot;&quot;,&quot;focal_length&quot;:&quot;0&quot;,&quot;iso&quot;:&quot;0&quot;,&quot;shutter_speed&quot;:&quot;0&quot;,&quot;title&quot;:&quot;&quot;,&quot;orientation&quot;:&quot;0&quot;}\" data-image-title=\"MarcherParlerEcouter-Couverture\" data-image-description=\"\" data-image-caption=\"\" data-large-file=\"https:\/\/i0.wp.com\/bottesetvelo.com\/blog\/wp-content\/uploads\/2021\/03\/MarcherParlerEcouter-Couverture.png?fit=336%2C480&amp;ssl=1\" src=\"https:\/\/i0.wp.com\/bottesetvelo.com\/blog\/wp-content\/uploads\/2021\/03\/MarcherParlerEcouter-Couverture.png?resize=336%2C480&#038;ssl=1\" alt=\"\" class=\"wp-image-4390\"\/><\/figure><\/div>\n\n\n\n<p><strong>Un regard complet sur une pratique \u00e0 la mode<\/strong><\/p>\n\n\n\n<p>De plus en plus de gens se lancent sur les routes du Qu\u00e9bec et du monde pour effectuer des p\u00e8lerinages. Souvent \u00e9quip\u00e9s de leur seul sac \u00e0 dos, ils passent de villes en village, poursuivant leur route sans rel\u00e2che, vers un lieu que parfois eux seuls connaissent. Mais, au fait, qu\u2019est-ce qui fait d\u2019un p\u00e8lerinage plus qu\u2019une longue marche ? Et que cherchent tous ces p\u00e8lerins?<\/p>\n\n\n\n<p>Avec clart\u00e9 et po\u00e9sie, Brigitte Harouni et \u00c9ric Lalibert\u00e9 offrent aux lecteurs et lectrices les cl\u00e9s pour comprendre ce que signifie faire un p\u00e8lerinage de nos jours. Soucieux de parler autant au coeur qu\u2019\u00e0 la raison, les auteurs pr\u00e9sentent des r\u00e9flexions savantes et inspirantes qui aideront les p\u00e8lerins \u00e0 comprendre ce qu\u2019ils vivent et ce qu\u2019ils recherchent. Il ne leur restera plus qu\u2019\u00e0 enfiler leurs bottes et \u00e0 se mettre en route. Apr\u00e8s tout, la vie n\u2019est-elle pas un long p\u00e8lerinage ?<\/p>\n\n\n\n<p><em>Les pas du p\u00e8lerin sont comme le doigt du lecteur : ils suivent un parcours qui relie des \u00e9l\u00e9ments cr\u00e9ant un chemin porteur de sens. [\u2026] Tout comme la lecture d\u2019un roman \u00e9veille l\u2019esprit, engendre des images, ranime des souvenirs, d\u00e9clenche des id\u00e9es nouvelles et fait r\u00e9fl\u00e9chir ; la lecture du chemin \u00e9veille le p\u00e8lerin et le d\u00e9place autant physiquement que spirituellement.<\/em><\/p>\n\n\n\n<div class=\"wp-block-image\"><figure class=\"alignright size-large is-resized\"><img data-recalc-dims=\"1\" loading=\"lazy\" decoding=\"async\" data-attachment-id=\"4389\" data-permalink=\"https:\/\/bottesetvelo.com\/blog\/2021\/03\/15\/marcher-parler-ecouter-lexercice-pelerin\/bottes-et-velo-embleme-2\/\" data-orig-file=\"https:\/\/i0.wp.com\/bottesetvelo.com\/blog\/wp-content\/uploads\/2021\/03\/Bottes-et-Velo-Embleme.jpg?fit=398%2C314&amp;ssl=1\" data-orig-size=\"398,314\" data-comments-opened=\"1\" data-image-meta=\"{&quot;aperture&quot;:&quot;0&quot;,&quot;credit&quot;:&quot;&quot;,&quot;camera&quot;:&quot;&quot;,&quot;caption&quot;:&quot;&quot;,&quot;created_timestamp&quot;:&quot;0&quot;,&quot;copyright&quot;:&quot;&quot;,&quot;focal_length&quot;:&quot;0&quot;,&quot;iso&quot;:&quot;0&quot;,&quot;shutter_speed&quot;:&quot;0&quot;,&quot;title&quot;:&quot;&quot;,&quot;orientation&quot;:&quot;0&quot;}\" data-image-title=\"Bottes et V\u00e9lo &amp;#8211; Embl\u00eame\" data-image-description=\"\" data-image-caption=\"\" data-large-file=\"https:\/\/i0.wp.com\/bottesetvelo.com\/blog\/wp-content\/uploads\/2021\/03\/Bottes-et-Velo-Embleme.jpg?fit=398%2C314&amp;ssl=1\" src=\"https:\/\/i0.wp.com\/bottesetvelo.com\/blog\/wp-content\/uploads\/2021\/03\/Bottes-et-Velo-Embleme.jpg?resize=135%2C106&#038;ssl=1\" alt=\"\" class=\"wp-image-4389\" width=\"135\" height=\"106\"\/><\/figure><\/div>\n\n\n\n<p>Brigitte Harouni et \u00c9ric Lalibert\u00e9<\/p>\n","protected":false},"excerpt":{"rendered":"<p>Apr\u00e8s 7 ans de marche et de d\u00e9marche, apr\u00e8s 7 ans d&rsquo;observations, d&rsquo;analyses et de r\u00e9flexions sur l&rsquo;exercice p\u00e8lerin, Bottes et V\u00e9lo est heureux de vous annoncer la sortie de ce tout premier livre cherchant \u00e0 discerner ce qui se cache derri\u00e8res ces pratiques p\u00e8lerines que Compostelle a inspir\u00e9. \u00ab\u00a0Marcher, parler, \u00e9couter. L&rsquo;exercice p\u00e8lerin.\u00a0\u00bb est&hellip;<\/p>\n","protected":false},"author":1,"featured_media":4390,"comment_status":"open","ping_status":"open","sticky":false,"template":"","format":"standard","meta":{"jetpack_post_was_ever_published":false,"_jetpack_newsletter_access":"","_jetpack_dont_email_post_to_subs":false,"_jetpack_newsletter_tier_id":0,"_jetpack_memberships_contains_paywalled_content":false,"_jetpack_memberships_contains_paid_content":false,"footnotes":"","jetpack_publicize_message":"Marcher, parler, \u00e9couter. L'exercice p\u00e8lerin.\nApr\u00e8s 7 ans de marche et de d\u00e9marche, Bottes et V\u00e9lo est heureux de vous annoncer la sortie de ce livre cherchant \u00e0 discerner ce qui se cachent derri\u00e8res ces pratiques p\u00e8lerines inspir\u00e9es par #Compostelle. ","jetpack_publicize_feature_enabled":true,"jetpack_social_post_already_shared":true,"jetpack_social_options":{"image_generator_settings":{"template":"highway","default_image_id":0,"font":"","enabled":false},"version":2}},"categories":[7],"tags":[588,35,14],"class_list":["post-4388","post","type-post","status-publish","format-standard","has-post-thumbnail","hentry","category-publications","tag-exercice-pelerin","tag-livre","tag-marche"],"jetpack_publicize_connections":[],"jetpack_featured_media_url":"https:\/\/i0.wp.com\/bottesetvelo.com\/blog\/wp-content\/uploads\/2021\/03\/MarcherParlerEcouter-Couverture.png?fit=336%2C480&ssl=1","jetpack_shortlink":"https:\/\/wp.me\/p4eY6z-18M","jetpack_sharing_enabled":true,"jetpack_likes_enabled":true,"jetpack-related-posts":[],"_links":{"self":[{"href":"https:\/\/bottesetvelo.com\/blog\/wp-json\/wp\/v2\/posts\/4388","targetHints":{"allow":["GET"]}}],"collection":[{"href":"https:\/\/bottesetvelo.com\/blog\/wp-json\/wp\/v2\/posts"}],"about":[{"href":"https:\/\/bottesetvelo.com\/blog\/wp-json\/wp\/v2\/types\/post"}],"author":[{"embeddable":true,"href":"https:\/\/bottesetvelo.com\/blog\/wp-json\/wp\/v2\/users\/1"}],"replies":[{"embeddable":true,"href":"https:\/\/bottesetvelo.com\/blog\/wp-json\/wp\/v2\/comments?post=4388"}],"version-history":[{"count":4,"href":"https:\/\/bottesetvelo.com\/blog\/wp-json\/wp\/v2\/posts\/4388\/revisions"}],"predecessor-version":[{"id":4394,"href":"https:\/\/bottesetvelo.com\/blog\/wp-json\/wp\/v2\/posts\/4388\/revisions\/4394"}],"wp:featuredmedia":[{"embeddable":true,"href":"https:\/\/bottesetvelo.com\/blog\/wp-json\/wp\/v2\/media\/4390"}],"wp:attachment":[{"href":"https:\/\/bottesetvelo.com\/blog\/wp-json\/wp\/v2\/media?parent=4388"}],"wp:term":[{"taxonomy":"category","embeddable":true,"href":"https:\/\/bottesetvelo.com\/blog\/wp-json\/wp\/v2\/categories?post=4388"},{"taxonomy":"post_tag","embeddable":true,"href":"https:\/\/bottesetvelo.com\/blog\/wp-json\/wp\/v2\/tags?post=4388"}],"curies":[{"name":"wp","href":"https:\/\/api.w.org\/{rel}","templated":true}]}}