{"id":4351,"date":"2021-02-26T07:00:00","date_gmt":"2021-02-26T12:00:00","guid":{"rendered":"http:\/\/bottesetvelo.com\/blog\/?p=4351"},"modified":"2021-02-27T09:04:23","modified_gmt":"2021-02-27T14:04:23","slug":"tout-commence-par-un-desir","status":"publish","type":"post","link":"https:\/\/bottesetvelo.com\/blog\/2021\/02\/26\/tout-commence-par-un-desir\/","title":{"rendered":"Tout commence par un d\u00e9sir"},"content":{"rendered":"\n<blockquote class=\"wp-block-quote has-text-align-right is-layout-flow wp-block-quote-is-layout-flow\"><p>On perd son \u00e2me d\u00e8s lors que l\u2019on ne peut pas faire le r\u00e9cit de ce qui a pu nous arriver.<\/p><cite>Rabbin Cha\u00efm Potok<\/cite><\/blockquote>\n\n\n\n<p class=\"has-drop-cap\">Tout commence par un d\u00e9sir, celui de se raconter. Un d\u00e9sir apparemment tr\u00e8s fr\u00e9quent chez les p\u00e8lerins, si l\u2019on en croit les chiffres rapport\u00e9s par Christophe Alcantara. Alacantara est chercheur \u00e0 l&rsquo;Universit\u00e9 de Bordeaux et il a recens\u00e9 plus de 690\u00a0000 blogues \u2013 en France seulement \u2013 \u00e0 propos de Compostelle<a href=\"#_ftn1\">[1]<\/a>. Livres, conf\u00e9rences, soir\u00e9es jacquaires sont parmi les nombreuses tribunes offertes aux p\u00e8lerins en mal de se raconter. In\u00e9vitablement, quelque chose se joue \u00e0 travers tous ces r\u00e9cits!<\/p>\n\n\n\n<div class=\"wp-block-image\"><figure class=\"alignright size-large is-resized\"><img data-recalc-dims=\"1\" loading=\"lazy\" decoding=\"async\" data-attachment-id=\"4352\" data-permalink=\"https:\/\/bottesetvelo.com\/blog\/2021\/02\/26\/tout-commence-par-un-desir\/mountaineers-5649828\/\" data-orig-file=\"https:\/\/i0.wp.com\/bottesetvelo.com\/blog\/wp-content\/uploads\/2021\/02\/mountaineers-5649828.jpg?fit=4870%2C3247&amp;ssl=1\" data-orig-size=\"4870,3247\" data-comments-opened=\"1\" data-image-meta=\"{&quot;aperture&quot;:&quot;0&quot;,&quot;credit&quot;:&quot;&quot;,&quot;camera&quot;:&quot;&quot;,&quot;caption&quot;:&quot;&quot;,&quot;created_timestamp&quot;:&quot;0&quot;,&quot;copyright&quot;:&quot;Steven Weirather&quot;,&quot;focal_length&quot;:&quot;0&quot;,&quot;iso&quot;:&quot;0&quot;,&quot;shutter_speed&quot;:&quot;0&quot;,&quot;title&quot;:&quot;&quot;,&quot;orientation&quot;:&quot;0&quot;}\" data-image-title=\"mountaineers-5649828\" data-image-description=\"\" data-image-caption=\"\" data-large-file=\"https:\/\/i0.wp.com\/bottesetvelo.com\/blog\/wp-content\/uploads\/2021\/02\/mountaineers-5649828.jpg?fit=1024%2C683&amp;ssl=1\" src=\"https:\/\/i0.wp.com\/bottesetvelo.com\/blog\/wp-content\/uploads\/2021\/02\/mountaineers-5649828.jpg?resize=350%2C233&#038;ssl=1\" alt=\"\" class=\"wp-image-4352\" width=\"350\" height=\"233\" srcset=\"https:\/\/i0.wp.com\/bottesetvelo.com\/blog\/wp-content\/uploads\/2021\/02\/mountaineers-5649828.jpg?resize=1024%2C683&amp;ssl=1 1024w, https:\/\/i0.wp.com\/bottesetvelo.com\/blog\/wp-content\/uploads\/2021\/02\/mountaineers-5649828.jpg?resize=500%2C333&amp;ssl=1 500w, https:\/\/i0.wp.com\/bottesetvelo.com\/blog\/wp-content\/uploads\/2021\/02\/mountaineers-5649828.jpg?resize=768%2C512&amp;ssl=1 768w, https:\/\/i0.wp.com\/bottesetvelo.com\/blog\/wp-content\/uploads\/2021\/02\/mountaineers-5649828.jpg?resize=1536%2C1024&amp;ssl=1 1536w, https:\/\/i0.wp.com\/bottesetvelo.com\/blog\/wp-content\/uploads\/2021\/02\/mountaineers-5649828.jpg?resize=2048%2C1365&amp;ssl=1 2048w, https:\/\/i0.wp.com\/bottesetvelo.com\/blog\/wp-content\/uploads\/2021\/02\/mountaineers-5649828.jpg?w=2340&amp;ssl=1 2340w, https:\/\/i0.wp.com\/bottesetvelo.com\/blog\/wp-content\/uploads\/2021\/02\/mountaineers-5649828.jpg?w=3510&amp;ssl=1 3510w\" sizes=\"auto, (max-width: 350px) 100vw, 350px\" \/><\/figure><\/div>\n\n\n\n<p>Le r\u00e9cit apparait comme une n\u00e9cessit\u00e9 permettant de mat\u00e9rialiser l\u2019exp\u00e9rience p\u00e8lerine. \u00c0 travers ces r\u00e9cits, les marcheurs donnent une consistance \u00e0 un v\u00e9cu qui, ils le sentent bien, d\u00e9passe le seul mouvement du corps. Sans eux, quelque chose se perd.<\/p>\n\n\n\n<p>Il est aujourd\u2019hui \u00e9vident que l\u2019humain qui entre en phase de p\u00e8lerinage est d\u00e9plac\u00e9 au-del\u00e0 de la seule mat\u00e9rialit\u00e9 de l\u2019exercice. Dans le milieu des \u00e9tudes p\u00e8lerines, le ph\u00e9nom\u00e8ne s\u2019explique par du \u00ab&nbsp;m\u00e9ta-mouvement&nbsp;\u00bb. Le m\u00e9ta-mouvement est une mani\u00e8re de dire qu\u2019il y a du \u00ab\u00a0mouvement dans le mouvement\u00a0\u00bb et que \u00ab\u00a0\u00e7a bouge\u00a0\u00bb \u00e0 diff\u00e9rents niveaux&nbsp;: spatial (d\u00e9placement dans l\u2019espace), introspectif (d\u00e9placement int\u00e9rieur) et s\u00e9mantique (d\u00e9placement dans le langage ou dans la mani\u00e8re de dire). Or, si le premier d\u00e9placement est \u00e9vident, le second l\u2019est moins et pour lui donner chair, il doit faire appel au troisi\u00e8me. Sans cette mise en langage, comment rendre compte de ce qui m\u2019habite et me d\u00e9sarme au point de me transformer?<\/p>\n\n\n\n<div class=\"wp-block-image\"><figure class=\"alignright size-large is-resized\"><img data-recalc-dims=\"1\" loading=\"lazy\" decoding=\"async\" data-attachment-id=\"4353\" data-permalink=\"https:\/\/bottesetvelo.com\/blog\/2021\/02\/26\/tout-commence-par-un-desir\/typewriter-4923111\/\" data-orig-file=\"https:\/\/i0.wp.com\/bottesetvelo.com\/blog\/wp-content\/uploads\/2021\/02\/typewriter-4923111.jpg?fit=5000%2C3327&amp;ssl=1\" data-orig-size=\"5000,3327\" data-comments-opened=\"1\" data-image-meta=\"{&quot;aperture&quot;:&quot;0&quot;,&quot;credit&quot;:&quot;&quot;,&quot;camera&quot;:&quot;&quot;,&quot;caption&quot;:&quot;&quot;,&quot;created_timestamp&quot;:&quot;0&quot;,&quot;copyright&quot;:&quot;&quot;,&quot;focal_length&quot;:&quot;0&quot;,&quot;iso&quot;:&quot;0&quot;,&quot;shutter_speed&quot;:&quot;0&quot;,&quot;title&quot;:&quot;&quot;,&quot;orientation&quot;:&quot;0&quot;}\" data-image-title=\"typewriter-4923111\" data-image-description=\"\" data-image-caption=\"\" data-large-file=\"https:\/\/i0.wp.com\/bottesetvelo.com\/blog\/wp-content\/uploads\/2021\/02\/typewriter-4923111.jpg?fit=1024%2C681&amp;ssl=1\" src=\"https:\/\/i0.wp.com\/bottesetvelo.com\/blog\/wp-content\/uploads\/2021\/02\/typewriter-4923111.jpg?resize=350%2C232&#038;ssl=1\" alt=\"\" class=\"wp-image-4353\" width=\"350\" height=\"232\" srcset=\"https:\/\/i0.wp.com\/bottesetvelo.com\/blog\/wp-content\/uploads\/2021\/02\/typewriter-4923111.jpg?resize=1024%2C681&amp;ssl=1 1024w, https:\/\/i0.wp.com\/bottesetvelo.com\/blog\/wp-content\/uploads\/2021\/02\/typewriter-4923111.jpg?resize=500%2C333&amp;ssl=1 500w, https:\/\/i0.wp.com\/bottesetvelo.com\/blog\/wp-content\/uploads\/2021\/02\/typewriter-4923111.jpg?resize=768%2C511&amp;ssl=1 768w, https:\/\/i0.wp.com\/bottesetvelo.com\/blog\/wp-content\/uploads\/2021\/02\/typewriter-4923111.jpg?resize=1536%2C1022&amp;ssl=1 1536w, https:\/\/i0.wp.com\/bottesetvelo.com\/blog\/wp-content\/uploads\/2021\/02\/typewriter-4923111.jpg?resize=2048%2C1363&amp;ssl=1 2048w, https:\/\/i0.wp.com\/bottesetvelo.com\/blog\/wp-content\/uploads\/2021\/02\/typewriter-4923111.jpg?w=2340&amp;ssl=1 2340w, https:\/\/i0.wp.com\/bottesetvelo.com\/blog\/wp-content\/uploads\/2021\/02\/typewriter-4923111.jpg?w=3510&amp;ssl=1 3510w\" sizes=\"auto, (max-width: 350px) 100vw, 350px\" \/><\/figure><\/div>\n\n\n\n<p>\u00c0 travers ces r\u00e9cits cherchent \u00e0 se dire les effets du chemin. Provoqu\u00e9 par une activit\u00e9 intense et durable, ceux-ci ont besoin d\u2019\u00eatre nomm\u00e9s pour en saisir l\u2019impact sur nos vies sinon, ils filent entre les doigts et ce qui a \u00e9t\u00e9 exp\u00e9riment\u00e9, ressenti, disparait avec ce non-dit. Fran\u00e7oise Dolto l\u2019a maintes fois r\u00e9p\u00e9t\u00e9, nous sommes des \u00eatres de langage et ce qui n\u2019est pas dit s\u2019inscrit en blessure dans le corps. L\u2019entr\u00e9e en phase p\u00e8lerine constitue donc une occasion de faire remonter ces non-dits et de leur donner une tribune qui lib\u00e8re des tensions emmagasin\u00e9es.<\/p>\n\n\n\n<p>Le corps humain est semblable \u00e0 une fl\u00fbte&nbsp;: il est continuellement travers\u00e9 d\u2019un souffle, mais aussi d\u2019exp\u00e9riences multiples. Tout son \u00eatre est un filtre \u00e0 sensation. Or, si je bouche les trous de la fl\u00fbte tout en soufflant dedans, rien ne peut se produire. La fl\u00fbte est emp\u00each\u00e9e de se dire et aucune musique ne peut se jouer. Avec le temps, la pression s\u2019accumulant, la fl\u00fbte risque m\u00eame d\u2019exploser. Mais si soudainement j&rsquo;en rel\u00e2che les ouvertures, le son qui jaillira sera comme un cri strident de lib\u00e9ration. En revanche, si le souffle traverse librement la fl\u00fbte et que j\u2019apprends \u00e0 jouer de ses ouvertures, il sera alors possible d\u2019en tirer un langage qui rendra compte de l\u2019exp\u00e9rience qui traverse la fl\u00fbte&nbsp;: la musique se joue. \u00c0 travers ces m\u00e9lodies, nous pouvons dire que \u00ab&nbsp;l\u2019exp\u00e9rience prend chair&nbsp;\u00bb et qu\u2019elle parvient \u00e0 se dire.<\/p>\n\n\n\n<div class=\"wp-block-image\"><figure class=\"alignright size-large is-resized\"><img data-recalc-dims=\"1\" loading=\"lazy\" decoding=\"async\" data-attachment-id=\"4354\" data-permalink=\"https:\/\/bottesetvelo.com\/blog\/2021\/02\/26\/tout-commence-par-un-desir\/flute-512694\/\" data-orig-file=\"https:\/\/i0.wp.com\/bottesetvelo.com\/blog\/wp-content\/uploads\/2021\/02\/flute-512694.jpg?fit=4608%2C3072&amp;ssl=1\" data-orig-size=\"4608,3072\" data-comments-opened=\"1\" data-image-meta=\"{&quot;aperture&quot;:&quot;2.8&quot;,&quot;credit&quot;:&quot;&quot;,&quot;camera&quot;:&quot;E-M1&quot;,&quot;caption&quot;:&quot;&quot;,&quot;created_timestamp&quot;:&quot;0&quot;,&quot;copyright&quot;:&quot;&quot;,&quot;focal_length&quot;:&quot;17&quot;,&quot;iso&quot;:&quot;200&quot;,&quot;shutter_speed&quot;:&quot;0.0025&quot;,&quot;title&quot;:&quot;&quot;,&quot;orientation&quot;:&quot;0&quot;}\" data-image-title=\"flute-512694\" data-image-description=\"\" data-image-caption=\"\" data-large-file=\"https:\/\/i0.wp.com\/bottesetvelo.com\/blog\/wp-content\/uploads\/2021\/02\/flute-512694.jpg?fit=1024%2C683&amp;ssl=1\" src=\"https:\/\/i0.wp.com\/bottesetvelo.com\/blog\/wp-content\/uploads\/2021\/02\/flute-512694.jpg?resize=350%2C233&#038;ssl=1\" alt=\"\" class=\"wp-image-4354\" width=\"350\" height=\"233\" srcset=\"https:\/\/i0.wp.com\/bottesetvelo.com\/blog\/wp-content\/uploads\/2021\/02\/flute-512694.jpg?resize=1024%2C683&amp;ssl=1 1024w, https:\/\/i0.wp.com\/bottesetvelo.com\/blog\/wp-content\/uploads\/2021\/02\/flute-512694.jpg?resize=500%2C333&amp;ssl=1 500w, https:\/\/i0.wp.com\/bottesetvelo.com\/blog\/wp-content\/uploads\/2021\/02\/flute-512694.jpg?resize=768%2C512&amp;ssl=1 768w, https:\/\/i0.wp.com\/bottesetvelo.com\/blog\/wp-content\/uploads\/2021\/02\/flute-512694.jpg?resize=1536%2C1024&amp;ssl=1 1536w, https:\/\/i0.wp.com\/bottesetvelo.com\/blog\/wp-content\/uploads\/2021\/02\/flute-512694.jpg?resize=2048%2C1365&amp;ssl=1 2048w, https:\/\/i0.wp.com\/bottesetvelo.com\/blog\/wp-content\/uploads\/2021\/02\/flute-512694.jpg?w=2340&amp;ssl=1 2340w, https:\/\/i0.wp.com\/bottesetvelo.com\/blog\/wp-content\/uploads\/2021\/02\/flute-512694.jpg?w=3510&amp;ssl=1 3510w\" sizes=\"auto, (max-width: 350px) 100vw, 350px\" \/><\/figure><\/div>\n\n\n\n<p>Chaque jour, tout mon \u00eatre est visit\u00e9 de la m\u00eame mani\u00e8re que cette fl\u00fbte. Les exp\u00e9riences entrent en moi et suscitent des effets de toutes sortes&nbsp;: joie, col\u00e8re, tendresse, stupeur. Si elles sont contenues \u2013 c\u2019est-\u00e0-dire non dites, elles risquent d\u2019exploser en exc\u00e8s. Au contraire, si j\u2019apprends \u00e0 me laisser traverser et \u00e0 rendre compte de ces exp\u00e9riences, si j\u2019apprends \u00e0 en jouer, il en \u00e9merge des r\u00e9cits porteurs de sens qui transforment ma mani\u00e8re d\u2019\u00eatre \u00e0 la vie. Plut\u00f4t que d\u2019emprisonn\u00e9e l\u2019exp\u00e9rience en moi, je la laisse me traverser et tout mon \u00eatre devient un instrument lui offrant la possibilit\u00e9 d\u2019un langage pour se dire. Ce faisant, je suis alors transport\u00e9.<\/p>\n\n\n\n<div class=\"wp-block-image\"><figure class=\"alignright size-large\"><img data-recalc-dims=\"1\" loading=\"lazy\" decoding=\"async\" width=\"100\" height=\"79\" data-attachment-id=\"3248\" data-permalink=\"https:\/\/bottesetvelo.com\/blog\/2018\/03\/30\/comme-un-grand-silence\/bottes-et-velo-embleme-3\/\" data-orig-file=\"https:\/\/i0.wp.com\/bottesetvelo.com\/blog\/wp-content\/uploads\/2018\/03\/Bottes-et-V%C3%A9lo-Embl%C3%AAme-1-e1522416719670.png?fit=100%2C79&amp;ssl=1\" data-orig-size=\"100,79\" data-comments-opened=\"1\" data-image-meta=\"{&quot;aperture&quot;:&quot;0&quot;,&quot;credit&quot;:&quot;&quot;,&quot;camera&quot;:&quot;&quot;,&quot;caption&quot;:&quot;&quot;,&quot;created_timestamp&quot;:&quot;0&quot;,&quot;copyright&quot;:&quot;&quot;,&quot;focal_length&quot;:&quot;0&quot;,&quot;iso&quot;:&quot;0&quot;,&quot;shutter_speed&quot;:&quot;0&quot;,&quot;title&quot;:&quot;&quot;,&quot;orientation&quot;:&quot;0&quot;}\" data-image-title=\"Bottes et V\u00e9lo &amp;#8211; Embl\u00eame\" data-image-description=\"\" data-image-caption=\"\" data-large-file=\"https:\/\/i0.wp.com\/bottesetvelo.com\/blog\/wp-content\/uploads\/2018\/03\/Bottes-et-V%C3%A9lo-Embl%C3%AAme-1-e1522416719670.png?fit=100%2C79&amp;ssl=1\" src=\"https:\/\/i0.wp.com\/bottesetvelo.com\/blog\/wp-content\/uploads\/2018\/03\/Bottes-et-V%C3%A9lo-Embl%C3%AAme-1-e1522416719670.png?resize=100%2C79&#038;ssl=1\" alt=\"\" class=\"wp-image-3248\"\/><\/figure><\/div>\n\n\n\n<p>\u00c9ric Lalibert\u00e9<\/p>\n\n\n\n<hr class=\"wp-block-separator\"\/>\n\n\n\n<p><a href=\"#_ftnref1\">[1]<\/a> Christophe Alcantara s\u2019int\u00e9resse aux traces num\u00e9riques du p\u00e8lerin de Compostelle (Alcantara 2019).<\/p>\n","protected":false},"excerpt":{"rendered":"<p>On perd son \u00e2me d\u00e8s lors que l\u2019on ne peut pas faire le r\u00e9cit de ce qui a pu nous arriver. Rabbin Cha\u00efm Potok Tout commence par un d\u00e9sir, celui de se raconter. Un d\u00e9sir apparemment tr\u00e8s fr\u00e9quent chez les p\u00e8lerins, si l\u2019on en croit les chiffres rapport\u00e9s par Christophe Alcantara. Alacantara est chercheur \u00e0&hellip;<\/p>\n","protected":false},"author":3,"featured_media":4357,"comment_status":"open","ping_status":"open","sticky":false,"template":"","format":"standard","meta":{"jetpack_post_was_ever_published":false,"_jetpack_newsletter_access":"","_jetpack_dont_email_post_to_subs":false,"_jetpack_newsletter_tier_id":0,"_jetpack_memberships_contains_paywalled_content":false,"_jetpack_memberships_contains_paid_content":false,"footnotes":"","jetpack_publicize_message":"Tout commence par un d\u00e9sir\nTout commence par un d\u00e9sir, celui de se #raconter. Un #d\u00e9sir apparemment tr\u00e8s fr\u00e9quent chez les #p\u00e8lerins si l\u2019on en croit Christophe Alcantara qui a recens\u00e9 plus de 690 000 #blogues \u00e0 propos de #Compostelle.","jetpack_publicize_feature_enabled":true,"jetpack_social_post_already_shared":true,"jetpack_social_options":{"image_generator_settings":{"template":"highway","default_image_id":0,"font":"","enabled":false},"version":2}},"categories":[422,630,171,3,381],"tags":[153,448,647,399,547,648],"class_list":["post-4351","post","type-post","status-publish","format-standard","has-post-thumbnail","hentry","category-accompagnement","category-exercice-pelerin","category-pelerinage","category-reflexions","category-transformation","tag-desir","tag-desir-de-vivre","tag-dire","tag-experience","tag-raconter","tag-recit-pelerin"],"jetpack_publicize_connections":[],"jetpack_featured_media_url":"https:\/\/i0.wp.com\/bottesetvelo.com\/blog\/wp-content\/uploads\/2021\/02\/loneliness-4401035.jpg?fit=5082%2C3388&ssl=1","jetpack_shortlink":"https:\/\/wp.me\/p4eY6z-18b","jetpack_sharing_enabled":true,"jetpack_likes_enabled":true,"jetpack-related-posts":[],"_links":{"self":[{"href":"https:\/\/bottesetvelo.com\/blog\/wp-json\/wp\/v2\/posts\/4351","targetHints":{"allow":["GET"]}}],"collection":[{"href":"https:\/\/bottesetvelo.com\/blog\/wp-json\/wp\/v2\/posts"}],"about":[{"href":"https:\/\/bottesetvelo.com\/blog\/wp-json\/wp\/v2\/types\/post"}],"author":[{"embeddable":true,"href":"https:\/\/bottesetvelo.com\/blog\/wp-json\/wp\/v2\/users\/3"}],"replies":[{"embeddable":true,"href":"https:\/\/bottesetvelo.com\/blog\/wp-json\/wp\/v2\/comments?post=4351"}],"version-history":[{"count":7,"href":"https:\/\/bottesetvelo.com\/blog\/wp-json\/wp\/v2\/posts\/4351\/revisions"}],"predecessor-version":[{"id":4371,"href":"https:\/\/bottesetvelo.com\/blog\/wp-json\/wp\/v2\/posts\/4351\/revisions\/4371"}],"wp:featuredmedia":[{"embeddable":true,"href":"https:\/\/bottesetvelo.com\/blog\/wp-json\/wp\/v2\/media\/4357"}],"wp:attachment":[{"href":"https:\/\/bottesetvelo.com\/blog\/wp-json\/wp\/v2\/media?parent=4351"}],"wp:term":[{"taxonomy":"category","embeddable":true,"href":"https:\/\/bottesetvelo.com\/blog\/wp-json\/wp\/v2\/categories?post=4351"},{"taxonomy":"post_tag","embeddable":true,"href":"https:\/\/bottesetvelo.com\/blog\/wp-json\/wp\/v2\/tags?post=4351"}],"curies":[{"name":"wp","href":"https:\/\/api.w.org\/{rel}","templated":true}]}}