{"id":4343,"date":"2021-02-12T19:31:41","date_gmt":"2021-02-13T00:31:41","guid":{"rendered":"http:\/\/bottesetvelo.com\/blog\/?p=4343"},"modified":"2021-02-12T19:31:41","modified_gmt":"2021-02-13T00:31:41","slug":"savoir-ou-ne-pas-savoir-telle-est-la-question","status":"publish","type":"post","link":"https:\/\/bottesetvelo.com\/blog\/2021\/02\/12\/savoir-ou-ne-pas-savoir-telle-est-la-question\/","title":{"rendered":"Savoir ou ne pas savoir, telle est la question"},"content":{"rendered":"\n<blockquote class=\"wp-block-quote is-layout-flow wp-block-quote-is-layout-flow\"><p><em>C&rsquo;est la nature du savoir de changer rapidement et de transformer les certitudes d&rsquo;aujourd&rsquo;hui en absurdit\u00e9s de demain.<\/em><\/p><cite>Peter Drucker<\/cite><\/blockquote>\n\n\n\n<p>Les sources de savoir sont partout, accessibles \u00e0 toute personne. Tout ce qui se cherche, se trouve. Tout se sait. Et chacun est \u00e0 tout moment en qu\u00eate d\u2019un savoir. On le recherche. On l\u2019acquiert. On en fait \u00e9talage. On le partage. Nulle question ici de trouver une v\u00e9rit\u00e9, mais plut\u00f4t de poss\u00e9der une r\u00e9ponse.<\/p>\n\n\n\n<p>Pourquoi ai-je tant besoin de savoir?<\/p>\n\n\n\n<div class=\"wp-block-image is-style-default\"><figure class=\"alignright size-large is-resized\"><img data-recalc-dims=\"1\" loading=\"lazy\" decoding=\"async\" data-attachment-id=\"4345\" data-permalink=\"https:\/\/bottesetvelo.com\/blog\/2021\/02\/12\/savoir-ou-ne-pas-savoir-telle-est-la-question\/ipad-820272_1920\/\" data-orig-file=\"https:\/\/i0.wp.com\/bottesetvelo.com\/blog\/wp-content\/uploads\/2021\/02\/ipad-820272_1920.jpg?fit=1920%2C1280&amp;ssl=1\" data-orig-size=\"1920,1280\" data-comments-opened=\"1\" data-image-meta=\"{&quot;aperture&quot;:&quot;0&quot;,&quot;credit&quot;:&quot;&quot;,&quot;camera&quot;:&quot;&quot;,&quot;caption&quot;:&quot;&quot;,&quot;created_timestamp&quot;:&quot;0&quot;,&quot;copyright&quot;:&quot;&quot;,&quot;focal_length&quot;:&quot;0&quot;,&quot;iso&quot;:&quot;0&quot;,&quot;shutter_speed&quot;:&quot;0&quot;,&quot;title&quot;:&quot;&quot;,&quot;orientation&quot;:&quot;0&quot;}\" data-image-title=\"ipad-820272_1920\" data-image-description=\"\" data-image-caption=\"\" data-large-file=\"https:\/\/i0.wp.com\/bottesetvelo.com\/blog\/wp-content\/uploads\/2021\/02\/ipad-820272_1920.jpg?fit=1024%2C683&amp;ssl=1\" src=\"https:\/\/i0.wp.com\/bottesetvelo.com\/blog\/wp-content\/uploads\/2021\/02\/ipad-820272_1920.jpg?resize=340%2C226&#038;ssl=1\" alt=\"Bottes et V\u00e9lo - p\u00e8lerinage\" class=\"wp-image-4345\" width=\"340\" height=\"226\" srcset=\"https:\/\/i0.wp.com\/bottesetvelo.com\/blog\/wp-content\/uploads\/2021\/02\/ipad-820272_1920.jpg?resize=1024%2C683&amp;ssl=1 1024w, https:\/\/i0.wp.com\/bottesetvelo.com\/blog\/wp-content\/uploads\/2021\/02\/ipad-820272_1920.jpg?resize=500%2C333&amp;ssl=1 500w, https:\/\/i0.wp.com\/bottesetvelo.com\/blog\/wp-content\/uploads\/2021\/02\/ipad-820272_1920.jpg?resize=768%2C512&amp;ssl=1 768w, https:\/\/i0.wp.com\/bottesetvelo.com\/blog\/wp-content\/uploads\/2021\/02\/ipad-820272_1920.jpg?resize=1536%2C1024&amp;ssl=1 1536w, https:\/\/i0.wp.com\/bottesetvelo.com\/blog\/wp-content\/uploads\/2021\/02\/ipad-820272_1920.jpg?w=1920&amp;ssl=1 1920w\" sizes=\"auto, (max-width: 340px) 100vw, 340px\" \/><\/figure><\/div>\n\n\n\n<p>De nos jours, celui qui pr\u00e9voit faire un p\u00e8lerinage a le privil\u00e8ge de pouvoir d\u00e9nicher une multitude d\u2019informations pour se faciliter la route. Il peut, avant m\u00eame de partir, voir quelle temp\u00e9rature il y fera, quels d\u00e9nivel\u00e9s il aura \u00e0 affronter, combien de kilom\u00e8tres s\u00e9pareront ses h\u00e9bergements, combien il lui en co\u00fbtera pour se loger et se nourrir. Il peut \u00e9galement voir les lieux et se promener virtuellement sur son futur chemin, lire des t\u00e9moignages ou voir des vid\u00e9os des p\u00e8lerins qui l\u2019auront pr\u00e9c\u00e9d\u00e9. Rares sont ceux qui se lanceront sans avoir recueilli une bonne dose d\u2019informations. Le p\u00e8lerin d\u2019aujourd\u2019hui connait le chemin sans y avoir fait un seul pas.<\/p>\n\n\n\n<p>Quelle information me pr\u00e9occupe davantage ? Que m\u2019apporte l\u2019information que je retiens? Quel effet produit-elle en moi?<\/p>\n\n\n\n<p>Le savoir que cherche le p\u00e8lerin parle de lui. Il est aliment\u00e9 par cette part de lui-m\u00eame qui n\u2019est pas combl\u00e9e, qui se sent l\u00e9s\u00e9e ou qui est bless\u00e9e. Son d\u00e9sir de connaitre et d\u2019anticiper est \u00e0 la mesure et \u00e0 l\u2019image de ses zones d\u2019inconfort, de ses fragilit\u00e9s ou de ses peurs. A-t-il peur de se perdre, de se blesser, de manquer d\u2019argent? A-t-il besoin de montrer qu\u2019il est en contr\u00f4le, bien organiser? A-t-il besoin de faire envie, de briller en exhibant son projet \u00e0 venir? Sa r\u00e9colte d\u2019informations r\u00e9pond in\u00e9luctablement \u00e0 un besoin. Le p\u00e8lerin puise dans ce savoir un sentiment de s\u00e9curit\u00e9, une force mobilisatrice ou encore une source de valorisation. &nbsp;&nbsp;<\/p>\n\n\n\n<p>Mais que vient occulter toute cette connaissance?<\/p>\n\n\n\n<div class=\"wp-block-image is-style-default\"><figure class=\"alignright size-large is-resized\"><img data-recalc-dims=\"1\" loading=\"lazy\" decoding=\"async\" data-attachment-id=\"4347\" data-permalink=\"https:\/\/bottesetvelo.com\/blog\/2021\/02\/12\/savoir-ou-ne-pas-savoir-telle-est-la-question\/lost-fog\/\" data-orig-file=\"https:\/\/i0.wp.com\/bottesetvelo.com\/blog\/wp-content\/uploads\/2021\/02\/lost-fog.png?fit=746%2C423&amp;ssl=1\" data-orig-size=\"746,423\" data-comments-opened=\"1\" data-image-meta=\"{&quot;aperture&quot;:&quot;0&quot;,&quot;credit&quot;:&quot;&quot;,&quot;camera&quot;:&quot;&quot;,&quot;caption&quot;:&quot;&quot;,&quot;created_timestamp&quot;:&quot;0&quot;,&quot;copyright&quot;:&quot;&quot;,&quot;focal_length&quot;:&quot;0&quot;,&quot;iso&quot;:&quot;0&quot;,&quot;shutter_speed&quot;:&quot;0&quot;,&quot;title&quot;:&quot;&quot;,&quot;orientation&quot;:&quot;0&quot;}\" data-image-title=\"lost-fog\" data-image-description=\"\" data-image-caption=\"\" data-large-file=\"https:\/\/i0.wp.com\/bottesetvelo.com\/blog\/wp-content\/uploads\/2021\/02\/lost-fog.png?fit=746%2C423&amp;ssl=1\" src=\"https:\/\/i0.wp.com\/bottesetvelo.com\/blog\/wp-content\/uploads\/2021\/02\/lost-fog.png?resize=361%2C204&#038;ssl=1\" alt=\"\" class=\"wp-image-4347\" width=\"361\" height=\"204\" srcset=\"https:\/\/i0.wp.com\/bottesetvelo.com\/blog\/wp-content\/uploads\/2021\/02\/lost-fog.png?w=746&amp;ssl=1 746w, https:\/\/i0.wp.com\/bottesetvelo.com\/blog\/wp-content\/uploads\/2021\/02\/lost-fog.png?resize=500%2C284&amp;ssl=1 500w, https:\/\/i0.wp.com\/bottesetvelo.com\/blog\/wp-content\/uploads\/2021\/02\/lost-fog.png?resize=540%2C304&amp;ssl=1 540w\" sizes=\"auto, (max-width: 361px) 100vw, 361px\" \/><\/figure><\/div>\n\n\n\n<p>Bien souvent, ce que nous croyons d\u00e9j\u00e0 connaitre nous emp\u00eache de nous ouvrir \u00e0 ce qui est. Il nous est tous d\u00e9j\u00e0 arriv\u00e9 de ne pas avoir conscience de la route que l\u2019on vient de parcourir, des gestes que l\u2019on vient de poser, des mots que l\u2019autre vient de nous dire. Nous avons alors le sentiment d\u2019\u00eatre sur le pilote automatique. Notre vie se d\u00e9roule sans que nous y soyons attentifs. Cette route, nous la connaissons trop bien. Ces gestes nous les faisons m\u00e9caniquement chaque jour. Et cette personne, nous savons d\u00e9j\u00e0 ce qu\u2019elle va nous dire. \u00c0 trop croire que l\u2019on sait, on arr\u00eate d\u2019\u00eatre pr\u00e9sent \u00e0 ce qui est. Un savoir arr\u00eat\u00e9 rend sourd, rend aveugle \u00e0 ce qui est mouvement. Et tout autour de nous est mouvement. Tout est en perp\u00e9tuel changement.<\/p>\n\n\n\n<p>Celui qui part p\u00e8leriner avec l\u2019assurance du professionnel avis\u00e9 se prive d\u2019une part d\u2019apprentissages que cette exp\u00e9rience procure. Cette part qui se d\u00e9veloppe et s\u2019enrichit avec les impr\u00e9vus, les d\u00e9fis, les d\u00e9couvertes et les surprises du voyage n\u2019est pas un savoir informationnel. Au-del\u00e0 des connaissances accumul\u00e9es en chemin, c\u2019est un savoir-\u00eatre que le p\u00e8lerin int\u00e8gre dans toute sa personne. C\u2019est un savoir qui lui est propre et qui contribue \u00e0 accroitre sa richesse int\u00e9rieure.<\/p>\n\n\n\n<p>Quel impact ce savoir a-t-il sur ma mani\u00e8re d\u2019\u00eatre en relation?<\/p>\n\n\n\n<div class=\"wp-block-image is-style-default\"><figure class=\"alignright size-large is-resized\"><img data-recalc-dims=\"1\" loading=\"lazy\" decoding=\"async\" data-attachment-id=\"4348\" data-permalink=\"https:\/\/bottesetvelo.com\/blog\/2021\/02\/12\/savoir-ou-ne-pas-savoir-telle-est-la-question\/screenshot_20210209-194607_facebook\/\" data-orig-file=\"https:\/\/i0.wp.com\/bottesetvelo.com\/blog\/wp-content\/uploads\/2021\/02\/Screenshot_20210209-194607_Facebook.jpg?fit=1054%2C1058&amp;ssl=1\" data-orig-size=\"1054,1058\" data-comments-opened=\"1\" data-image-meta=\"{&quot;aperture&quot;:&quot;0&quot;,&quot;credit&quot;:&quot;&quot;,&quot;camera&quot;:&quot;&quot;,&quot;caption&quot;:&quot;&quot;,&quot;created_timestamp&quot;:&quot;1613131135&quot;,&quot;copyright&quot;:&quot;&quot;,&quot;focal_length&quot;:&quot;0&quot;,&quot;iso&quot;:&quot;0&quot;,&quot;shutter_speed&quot;:&quot;0&quot;,&quot;title&quot;:&quot;&quot;,&quot;orientation&quot;:&quot;1&quot;}\" data-image-title=\"Screenshot_20210209-194607_Facebook\" data-image-description=\"\" data-image-caption=\"\" data-large-file=\"https:\/\/i0.wp.com\/bottesetvelo.com\/blog\/wp-content\/uploads\/2021\/02\/Screenshot_20210209-194607_Facebook.jpg?fit=1020%2C1024&amp;ssl=1\" src=\"https:\/\/i0.wp.com\/bottesetvelo.com\/blog\/wp-content\/uploads\/2021\/02\/Screenshot_20210209-194607_Facebook.jpg?resize=342%2C343&#038;ssl=1\" alt=\"\" class=\"wp-image-4348\" width=\"342\" height=\"343\" srcset=\"https:\/\/i0.wp.com\/bottesetvelo.com\/blog\/wp-content\/uploads\/2021\/02\/Screenshot_20210209-194607_Facebook.jpg?resize=1020%2C1024&amp;ssl=1 1020w, https:\/\/i0.wp.com\/bottesetvelo.com\/blog\/wp-content\/uploads\/2021\/02\/Screenshot_20210209-194607_Facebook.jpg?resize=150%2C150&amp;ssl=1 150w, https:\/\/i0.wp.com\/bottesetvelo.com\/blog\/wp-content\/uploads\/2021\/02\/Screenshot_20210209-194607_Facebook.jpg?resize=498%2C500&amp;ssl=1 498w, https:\/\/i0.wp.com\/bottesetvelo.com\/blog\/wp-content\/uploads\/2021\/02\/Screenshot_20210209-194607_Facebook.jpg?resize=768%2C771&amp;ssl=1 768w, https:\/\/i0.wp.com\/bottesetvelo.com\/blog\/wp-content\/uploads\/2021\/02\/Screenshot_20210209-194607_Facebook.jpg?resize=300%2C300&amp;ssl=1 300w, https:\/\/i0.wp.com\/bottesetvelo.com\/blog\/wp-content\/uploads\/2021\/02\/Screenshot_20210209-194607_Facebook.jpg?w=1054&amp;ssl=1 1054w\" sizes=\"auto, (max-width: 342px) 100vw, 342px\" \/><\/figure><\/div>\n\n\n\n<p>Dans son quotidien comme sur le chemin, celui qui avance en croyant poss\u00e9der un savoir devient indisponible \u00e0 entendre et \u00e0 consid\u00e9rer ce qu\u2019il y a de nouveau ou simplement ce qu\u2019il y a d\u2019actuel. Pire encore, il saura trouver dans la multitude d\u2019informations qui gravite autour de lui, celles qui viendront le confirmer dans ses certitudes. Inconsciemment, ce savoir l&rsquo;enferme.<\/p>\n\n\n\n<p><em>\u00ab&nbsp;Je sais ce que tu vas dire; Je l\u2019ai v\u00e9cu; Je connais \u00e7a; J\u2019y suis d\u00e9j\u00e0 all\u00e9; Mon fr\u00e8re travaille dans ce domaine; J\u2019ai lu un article qui en parle; On l\u2019a d\u00e9j\u00e0 essay\u00e9 \u00e7a et \u00e7a n\u2019a rien donn\u00e9; Il est toujours comme \u00e7a lui; \u2026&nbsp;\u00bb<\/em><\/p>\n\n\n\n<p>Son savoir lui impose une fa\u00e7on de voir ou de faire qui se veut la bonne. Il repousse toute remise en question, l\u2019emp\u00eachant de vivre pleinement consciemment ce qui s\u2019offre \u00e0 lui ici et maintenant.<\/p>\n\n\n\n<p>&nbsp;Un savoir n\u2019est vrai qu\u2019un instant, dans le contexte o\u00f9 il se pr\u00e9sente. Comme le pas japonais, il offre une solide assise le temps d\u2019y mettre le pied pour continuer d\u2019avancer, et d\u00e9j\u00e0 il est d\u00e9pass\u00e9. Il demande \u00e0 \u00eatre renouvel\u00e9, rafraichi, actualis\u00e9. Pour qu\u2019un savoir soit en mouvement, il importe de demeurer \u00e0 l\u2019\u00e9coute de ce qui nous entoure, sensibles \u00e0 la diversit\u00e9 des points de vue, conscients de l\u2019existence d\u2019une infinit\u00e9 de r\u00e9alit\u00e9s. En s\u2019ouvrant \u00e0 un univers de possibles, le p\u00e8lerin fait place \u00e0 un autrement. Il reconnait sa part d\u2019ignorance, cette part qui lui permet d\u2019accueillir et de grandir. Car parfois, ne pas savoir est bien mieux que trop savoir. Le saviez-vous?<\/p>\n\n\n\n<div class=\"wp-block-image is-style-default\"><figure class=\"alignright size-large is-resized\"><img data-recalc-dims=\"1\" loading=\"lazy\" decoding=\"async\" data-attachment-id=\"3248\" data-permalink=\"https:\/\/bottesetvelo.com\/blog\/2018\/03\/30\/comme-un-grand-silence\/bottes-et-velo-embleme-3\/\" data-orig-file=\"https:\/\/i0.wp.com\/bottesetvelo.com\/blog\/wp-content\/uploads\/2018\/03\/Bottes-et-V%C3%A9lo-Embl%C3%AAme-1-e1522416719670.png?fit=100%2C79&amp;ssl=1\" data-orig-size=\"100,79\" data-comments-opened=\"1\" data-image-meta=\"{&quot;aperture&quot;:&quot;0&quot;,&quot;credit&quot;:&quot;&quot;,&quot;camera&quot;:&quot;&quot;,&quot;caption&quot;:&quot;&quot;,&quot;created_timestamp&quot;:&quot;0&quot;,&quot;copyright&quot;:&quot;&quot;,&quot;focal_length&quot;:&quot;0&quot;,&quot;iso&quot;:&quot;0&quot;,&quot;shutter_speed&quot;:&quot;0&quot;,&quot;title&quot;:&quot;&quot;,&quot;orientation&quot;:&quot;0&quot;}\" data-image-title=\"Bottes et V\u00e9lo &amp;#8211; Embl\u00eame\" data-image-description=\"\" data-image-caption=\"\" data-large-file=\"https:\/\/i0.wp.com\/bottesetvelo.com\/blog\/wp-content\/uploads\/2018\/03\/Bottes-et-V%C3%A9lo-Embl%C3%AAme-1-e1522416719670.png?fit=100%2C79&amp;ssl=1\" src=\"https:\/\/i0.wp.com\/bottesetvelo.com\/blog\/wp-content\/uploads\/2018\/03\/Bottes-et-V%C3%A9lo-Embl%C3%AAme-1-e1522416719670.png?resize=75%2C59&#038;ssl=1\" alt=\"\" class=\"wp-image-3248\" width=\"75\" height=\"59\"\/><\/figure><\/div>\n\n\n\n<p>Brigitte Harouni<\/p>\n","protected":false},"excerpt":{"rendered":"<p>C&rsquo;est la nature du savoir de changer rapidement et de transformer les certitudes d&rsquo;aujourd&rsquo;hui en absurdit\u00e9s de demain. Peter Drucker Les sources de savoir sont partout, accessibles \u00e0 toute personne. Tout ce qui se cherche, se trouve. Tout se sait. Et chacun est \u00e0 tout moment en qu\u00eate d\u2019un savoir. On le recherche. On l\u2019acquiert.&hellip;<\/p>\n","protected":false},"author":2,"featured_media":4348,"comment_status":"open","ping_status":"open","sticky":false,"template":"","format":"standard","meta":{"jetpack_post_was_ever_published":false,"_jetpack_newsletter_access":"","_jetpack_dont_email_post_to_subs":false,"_jetpack_newsletter_tier_id":0,"_jetpack_memberships_contains_paywalled_content":false,"_jetpack_memberships_contains_paid_content":false,"footnotes":"","jetpack_publicize_message":"Savoir ou ne pas savoir, telle est la question.\nChacun est \u00e0 tout moment en qu\u00eate d\u2019un savoir. On le recherche. On l\u2019acquiert. On en fait \u00e9talage. On le partage. Nulle question ici de trouver une v\u00e9rit\u00e9, mais plut\u00f4t de poss\u00e9der une r\u00e9ponse.","jetpack_publicize_feature_enabled":true,"jetpack_social_post_already_shared":true,"jetpack_social_options":{"image_generator_settings":{"template":"highway","default_image_id":0,"font":"","enabled":false},"version":2}},"categories":[50,380,39,415],"tags":[646,226,643,644,645],"class_list":["post-4343","post","type-post","status-publish","format-standard","has-post-thumbnail","hentry","category-art-de-vivre","category-conscientisation","category-croissance-personnelle","category-preparation","tag-apprentissages","tag-enfermement","tag-savoir","tag-savoir-etre","tag-savoir-vivre"],"jetpack_publicize_connections":[],"jetpack_featured_media_url":"https:\/\/i0.wp.com\/bottesetvelo.com\/blog\/wp-content\/uploads\/2021\/02\/Screenshot_20210209-194607_Facebook.jpg?fit=1054%2C1058&ssl=1","jetpack_shortlink":"https:\/\/wp.me\/p4eY6z-183","jetpack_sharing_enabled":true,"jetpack_likes_enabled":true,"jetpack-related-posts":[],"_links":{"self":[{"href":"https:\/\/bottesetvelo.com\/blog\/wp-json\/wp\/v2\/posts\/4343","targetHints":{"allow":["GET"]}}],"collection":[{"href":"https:\/\/bottesetvelo.com\/blog\/wp-json\/wp\/v2\/posts"}],"about":[{"href":"https:\/\/bottesetvelo.com\/blog\/wp-json\/wp\/v2\/types\/post"}],"author":[{"embeddable":true,"href":"https:\/\/bottesetvelo.com\/blog\/wp-json\/wp\/v2\/users\/2"}],"replies":[{"embeddable":true,"href":"https:\/\/bottesetvelo.com\/blog\/wp-json\/wp\/v2\/comments?post=4343"}],"version-history":[{"count":2,"href":"https:\/\/bottesetvelo.com\/blog\/wp-json\/wp\/v2\/posts\/4343\/revisions"}],"predecessor-version":[{"id":4349,"href":"https:\/\/bottesetvelo.com\/blog\/wp-json\/wp\/v2\/posts\/4343\/revisions\/4349"}],"wp:featuredmedia":[{"embeddable":true,"href":"https:\/\/bottesetvelo.com\/blog\/wp-json\/wp\/v2\/media\/4348"}],"wp:attachment":[{"href":"https:\/\/bottesetvelo.com\/blog\/wp-json\/wp\/v2\/media?parent=4343"}],"wp:term":[{"taxonomy":"category","embeddable":true,"href":"https:\/\/bottesetvelo.com\/blog\/wp-json\/wp\/v2\/categories?post=4343"},{"taxonomy":"post_tag","embeddable":true,"href":"https:\/\/bottesetvelo.com\/blog\/wp-json\/wp\/v2\/tags?post=4343"}],"curies":[{"name":"wp","href":"https:\/\/api.w.org\/{rel}","templated":true}]}}