{"id":4292,"date":"2021-01-16T07:00:00","date_gmt":"2021-01-16T12:00:00","guid":{"rendered":"http:\/\/bottesetvelo.com\/blog\/?p=4292"},"modified":"2021-01-15T22:26:35","modified_gmt":"2021-01-16T03:26:35","slug":"un-temps-de-dormance-benefique","status":"publish","type":"post","link":"https:\/\/bottesetvelo.com\/blog\/2021\/01\/16\/un-temps-de-dormance-benefique\/","title":{"rendered":"Un temps de dormance b\u00e9n\u00e9fique"},"content":{"rendered":"\n<p><\/p>\n\n\n\n<blockquote class=\"wp-block-quote is-layout-flow wp-block-quote-is-layout-flow\"><p>Celui qui sait s&rsquo;arr\u00eater ne p\u00e9riclite jamais. Il pourra subsister longtemps.<\/p><cite>Lao-Tseu<\/cite><\/blockquote>\n\n\n\n<p>Dans la r\u00e9alit\u00e9 de nos vies modernes, obnubil\u00e9s par l\u2019importance de faire, d\u2019agir, de produire, nous nous sommes d\u00e9natur\u00e9s. \u00c9loign\u00e9s de nos racines humaines. D\u00e9connect\u00e9s de nos instincts. Nous pensons \u00eatre en action alors que bien souvent, nous sommes en r\u00e9action&nbsp;: esclaves volontaires d\u2019un bonheur artificiel, r\u00e9pondant inconsciemment \u00e0 un conditionnement, se prot\u00e9geant d\u2019une possible douleur \u00e9ventuelle.<\/p>\n\n\n\n<div class=\"wp-block-image\"><figure class=\"alignright size-large is-resized\"><img data-recalc-dims=\"1\" loading=\"lazy\" decoding=\"async\" data-attachment-id=\"4293\" data-permalink=\"https:\/\/bottesetvelo.com\/blog\/2021\/01\/16\/un-temps-de-dormance-benefique\/pedestrians-400811_1920\/\" data-orig-file=\"https:\/\/i0.wp.com\/bottesetvelo.com\/blog\/wp-content\/uploads\/2021\/01\/pedestrians-400811_1920.jpg?fit=1920%2C1271&amp;ssl=1\" data-orig-size=\"1920,1271\" data-comments-opened=\"1\" data-image-meta=\"{&quot;aperture&quot;:&quot;0&quot;,&quot;credit&quot;:&quot;&quot;,&quot;camera&quot;:&quot;&quot;,&quot;caption&quot;:&quot;&quot;,&quot;created_timestamp&quot;:&quot;0&quot;,&quot;copyright&quot;:&quot;&quot;,&quot;focal_length&quot;:&quot;0&quot;,&quot;iso&quot;:&quot;0&quot;,&quot;shutter_speed&quot;:&quot;0&quot;,&quot;title&quot;:&quot;&quot;,&quot;orientation&quot;:&quot;0&quot;}\" data-image-title=\"pedestrians-400811_1920\" data-image-description=\"\" data-image-caption=\"\" data-large-file=\"https:\/\/i0.wp.com\/bottesetvelo.com\/blog\/wp-content\/uploads\/2021\/01\/pedestrians-400811_1920.jpg?fit=1024%2C678&amp;ssl=1\" src=\"https:\/\/i0.wp.com\/bottesetvelo.com\/blog\/wp-content\/uploads\/2021\/01\/pedestrians-400811_1920.jpg?resize=354%2C234&#038;ssl=1\" alt=\"\" class=\"wp-image-4293\" width=\"354\" height=\"234\" srcset=\"https:\/\/i0.wp.com\/bottesetvelo.com\/blog\/wp-content\/uploads\/2021\/01\/pedestrians-400811_1920.jpg?resize=1024%2C678&amp;ssl=1 1024w, https:\/\/i0.wp.com\/bottesetvelo.com\/blog\/wp-content\/uploads\/2021\/01\/pedestrians-400811_1920.jpg?resize=500%2C331&amp;ssl=1 500w, https:\/\/i0.wp.com\/bottesetvelo.com\/blog\/wp-content\/uploads\/2021\/01\/pedestrians-400811_1920.jpg?resize=768%2C508&amp;ssl=1 768w, https:\/\/i0.wp.com\/bottesetvelo.com\/blog\/wp-content\/uploads\/2021\/01\/pedestrians-400811_1920.jpg?resize=1536%2C1017&amp;ssl=1 1536w, https:\/\/i0.wp.com\/bottesetvelo.com\/blog\/wp-content\/uploads\/2021\/01\/pedestrians-400811_1920.jpg?w=1920&amp;ssl=1 1920w\" sizes=\"auto, (max-width: 354px) 100vw, 354px\" \/><\/figure><\/div>\n\n\n\n<p>La pand\u00e9mie est venue bousculer l\u2019empire de l\u2019Homme. Elle \u00e9branle sa qu\u00eate infinie de contr\u00f4le. Contr\u00f4le sur l\u2019environnement, sur le monde, sur le temps, sur la vie! Elle remet en question cette pr\u00e9tention \u00e0 l\u2019autonomie, cet ambitieux individualisme. Elle nous rappelle \u00e0 tous notre r\u00e9alit\u00e9 humaine&nbsp;: notre incontournable cod\u00e9pendance, nos fragilit\u00e9s, notre mortalit\u00e9.<\/p>\n\n\n\n<div class=\"wp-block-image\"><figure class=\"alignright size-large is-resized\"><img data-recalc-dims=\"1\" loading=\"lazy\" decoding=\"async\" data-attachment-id=\"4294\" data-permalink=\"https:\/\/bottesetvelo.com\/blog\/2021\/01\/16\/un-temps-de-dormance-benefique\/escargots\/\" data-orig-file=\"https:\/\/i0.wp.com\/bottesetvelo.com\/blog\/wp-content\/uploads\/2021\/01\/escargots.jpg?fit=1067%2C1533&amp;ssl=1\" data-orig-size=\"1067,1533\" data-comments-opened=\"1\" data-image-meta=\"{&quot;aperture&quot;:&quot;0&quot;,&quot;credit&quot;:&quot;&quot;,&quot;camera&quot;:&quot;&quot;,&quot;caption&quot;:&quot;&quot;,&quot;created_timestamp&quot;:&quot;1610725852&quot;,&quot;copyright&quot;:&quot;&quot;,&quot;focal_length&quot;:&quot;0&quot;,&quot;iso&quot;:&quot;0&quot;,&quot;shutter_speed&quot;:&quot;0&quot;,&quot;title&quot;:&quot;&quot;,&quot;orientation&quot;:&quot;1&quot;}\" data-image-title=\"escargots\" data-image-description=\"\" data-image-caption=\"\" data-large-file=\"https:\/\/i0.wp.com\/bottesetvelo.com\/blog\/wp-content\/uploads\/2021\/01\/escargots.jpg?fit=713%2C1024&amp;ssl=1\" src=\"https:\/\/i0.wp.com\/bottesetvelo.com\/blog\/wp-content\/uploads\/2021\/01\/escargots.jpg?resize=244%2C350&#038;ssl=1\" alt=\"\" class=\"wp-image-4294\" width=\"244\" height=\"350\" srcset=\"https:\/\/i0.wp.com\/bottesetvelo.com\/blog\/wp-content\/uploads\/2021\/01\/escargots.jpg?resize=713%2C1024&amp;ssl=1 713w, https:\/\/i0.wp.com\/bottesetvelo.com\/blog\/wp-content\/uploads\/2021\/01\/escargots.jpg?resize=348%2C500&amp;ssl=1 348w, https:\/\/i0.wp.com\/bottesetvelo.com\/blog\/wp-content\/uploads\/2021\/01\/escargots.jpg?resize=768%2C1103&amp;ssl=1 768w, https:\/\/i0.wp.com\/bottesetvelo.com\/blog\/wp-content\/uploads\/2021\/01\/escargots.jpg?w=1067&amp;ssl=1 1067w\" sizes=\"auto, (max-width: 244px) 100vw, 244px\" \/><\/figure><\/div>\n\n\n\n<p>Les mesures de confinement et les restrictions impos\u00e9es par notre gouvernement nous obligent tous \u00e0 faire preuve d\u2019une certaine sagesse et \u00e0 prendre une pause. Une longue pause qui durera le temps n\u00e9cessaire pour que la vie puisse reprendre sans danger. Ce temps d\u2019arr\u00eat s\u2019apparente grandement au processus de dormance que l\u2019on retrouve chez nombre de plantes et d\u2019animaux. Quand des changements climatiques inattendus surviennent ou que les conditions environnementales ext\u00e9rieures sont d\u00e9favorables pour un organisme, celui-ci modifie son comportement ou sa structure interne afin de ralentir ses fonctions de vie, de r\u00e9duire son activit\u00e9 m\u00e9tabolique. Sa croissance, son d\u00e9veloppement, son agitation physique sont temporairement arr\u00eat\u00e9s. C\u2019est une strat\u00e9gie adaptative de minimisation des risques qui lui permet de se prot\u00e9ger, de prot\u00e9ger sa vie et celle de son esp\u00e8ce.<\/p>\n\n\n\n<p>Ainsi, parfois, ne rien faire est la bonne solution \u00e0 prendre. Choisir de ne rien faire, c\u2019est d\u2019ailleurs \u00e9trangement faire quelque chose&nbsp;: Rien. Un rien qui nous sera b\u00e9n\u00e9fique. Dans notre situation actuelle, ce temps de dormance, de diminution de notre effervescence habituelle, nous offre l\u2019opportunit\u00e9 de faire le point sur l\u00e0 o\u00f9 en est notre vie, sur ce que l\u2019on d\u00e9sire pour la suite. Un temps de discernement qui nous invite \u00e0 sortir de nos sempiternelles routines pour laisser naitre un autrement, un mieux.<\/p>\n\n\n\n<div class=\"wp-block-image is-style-default\"><figure class=\"alignleft size-large is-resized\"><img data-recalc-dims=\"1\" loading=\"lazy\" decoding=\"async\" data-attachment-id=\"4300\" data-permalink=\"https:\/\/bottesetvelo.com\/blog\/2021\/01\/16\/un-temps-de-dormance-benefique\/2017-10-15-14-39-38-4\/\" data-orig-file=\"https:\/\/i0.wp.com\/bottesetvelo.com\/blog\/wp-content\/uploads\/2021\/01\/2017-10-15-14.39.38-4-scaled.jpg?fit=2560%2C1505&amp;ssl=1\" data-orig-size=\"2560,1505\" data-comments-opened=\"1\" data-image-meta=\"{&quot;aperture&quot;:&quot;2&quot;,&quot;credit&quot;:&quot;&quot;,&quot;camera&quot;:&quot;SM-A500W&quot;,&quot;caption&quot;:&quot;&quot;,&quot;created_timestamp&quot;:&quot;1508078378&quot;,&quot;copyright&quot;:&quot;&quot;,&quot;focal_length&quot;:&quot;3.69&quot;,&quot;iso&quot;:&quot;160&quot;,&quot;shutter_speed&quot;:&quot;0.04&quot;,&quot;title&quot;:&quot;&quot;,&quot;orientation&quot;:&quot;1&quot;}\" data-image-title=\"2017-10-15-14.39.38-4\" data-image-description=\"\" data-image-caption=\"\" data-large-file=\"https:\/\/i0.wp.com\/bottesetvelo.com\/blog\/wp-content\/uploads\/2021\/01\/2017-10-15-14.39.38-4-scaled.jpg?fit=1024%2C602&amp;ssl=1\" src=\"https:\/\/i0.wp.com\/bottesetvelo.com\/blog\/wp-content\/uploads\/2021\/01\/2017-10-15-14.39.38-4.jpg?resize=339%2C198&#038;ssl=1\" alt=\"\" class=\"wp-image-4300\" width=\"339\" height=\"198\" srcset=\"https:\/\/i0.wp.com\/bottesetvelo.com\/blog\/wp-content\/uploads\/2021\/01\/2017-10-15-14.39.38-4-scaled.jpg?resize=1024%2C602&amp;ssl=1 1024w, https:\/\/i0.wp.com\/bottesetvelo.com\/blog\/wp-content\/uploads\/2021\/01\/2017-10-15-14.39.38-4-scaled.jpg?resize=500%2C294&amp;ssl=1 500w, https:\/\/i0.wp.com\/bottesetvelo.com\/blog\/wp-content\/uploads\/2021\/01\/2017-10-15-14.39.38-4-scaled.jpg?resize=1536%2C903&amp;ssl=1 1536w, https:\/\/i0.wp.com\/bottesetvelo.com\/blog\/wp-content\/uploads\/2021\/01\/2017-10-15-14.39.38-4-scaled.jpg?w=2340&amp;ssl=1 2340w\" sizes=\"auto, (max-width: 339px) 100vw, 339px\" \/><\/figure><\/div>\n\n\n\n<p>Sur sa route, le p\u00e8lerin rencontre une multitude d\u2019obstacles et de d\u00e9fis. Journ\u00e9e caniculaire, vent combatif, blessure, maladie, pluie diluvienne, route d\u00e9sertique, \u2026 Certains choisiront d\u2019affronter la difficult\u00e9 par orgueil, par d\u00e9pit, par crainte, par rigorisme. Continuer la route co\u00fbte que co\u00fbte. Car il y aura un prix \u00e0 payer! Tandis que d\u2019autres pr\u00e9f\u00e9reront se rajuster, reconsid\u00e9rer, s\u2019adapter en fonction de la r\u00e9alit\u00e9 qu\u2019ils vivent. Ils prendront une longue pause, \u00e9courteront leur journ\u00e9e de marche ou iront m\u00eame jusqu\u2019\u00e0 d\u00e9cider de rester une nuit\u00e9e suppl\u00e9mentaire au m\u00eame h\u00e9bergement, le temps que les conditions de marche soient propices \u00e0 un d\u00e9placement agr\u00e9able.<\/p>\n\n\n\n<div class=\"wp-block-image is-style-default\"><figure class=\"alignright size-large is-resized\"><img data-recalc-dims=\"1\" loading=\"lazy\" decoding=\"async\" data-attachment-id=\"4303\" data-permalink=\"https:\/\/bottesetvelo.com\/blog\/2021\/01\/16\/un-temps-de-dormance-benefique\/moon-3141248_1920\/\" data-orig-file=\"https:\/\/i0.wp.com\/bottesetvelo.com\/blog\/wp-content\/uploads\/2021\/01\/moon-3141248_1920.jpg?fit=1920%2C1357&amp;ssl=1\" data-orig-size=\"1920,1357\" data-comments-opened=\"1\" data-image-meta=\"{&quot;aperture&quot;:&quot;0&quot;,&quot;credit&quot;:&quot;&quot;,&quot;camera&quot;:&quot;&quot;,&quot;caption&quot;:&quot;&quot;,&quot;created_timestamp&quot;:&quot;0&quot;,&quot;copyright&quot;:&quot;&quot;,&quot;focal_length&quot;:&quot;0&quot;,&quot;iso&quot;:&quot;0&quot;,&quot;shutter_speed&quot;:&quot;0&quot;,&quot;title&quot;:&quot;&quot;,&quot;orientation&quot;:&quot;0&quot;}\" data-image-title=\"moon-3141248_1920\" data-image-description=\"\" data-image-caption=\"\" data-large-file=\"https:\/\/i0.wp.com\/bottesetvelo.com\/blog\/wp-content\/uploads\/2021\/01\/moon-3141248_1920.jpg?fit=1024%2C724&amp;ssl=1\" src=\"https:\/\/i0.wp.com\/bottesetvelo.com\/blog\/wp-content\/uploads\/2021\/01\/moon-3141248_1920.jpg?resize=353%2C249&#038;ssl=1\" alt=\"\" class=\"wp-image-4303\" width=\"353\" height=\"249\" srcset=\"https:\/\/i0.wp.com\/bottesetvelo.com\/blog\/wp-content\/uploads\/2021\/01\/moon-3141248_1920.jpg?resize=1024%2C724&amp;ssl=1 1024w, https:\/\/i0.wp.com\/bottesetvelo.com\/blog\/wp-content\/uploads\/2021\/01\/moon-3141248_1920.jpg?resize=500%2C353&amp;ssl=1 500w, https:\/\/i0.wp.com\/bottesetvelo.com\/blog\/wp-content\/uploads\/2021\/01\/moon-3141248_1920.jpg?resize=768%2C543&amp;ssl=1 768w, https:\/\/i0.wp.com\/bottesetvelo.com\/blog\/wp-content\/uploads\/2021\/01\/moon-3141248_1920.jpg?resize=1536%2C1086&amp;ssl=1 1536w, https:\/\/i0.wp.com\/bottesetvelo.com\/blog\/wp-content\/uploads\/2021\/01\/moon-3141248_1920.jpg?w=1920&amp;ssl=1 1920w\" sizes=\"auto, (max-width: 353px) 100vw, 353px\" \/><\/figure><\/div>\n\n\n\n<p>Comme ce p\u00e8lerin qui revoit sa carte pour appr\u00e9cier le chemin parcouru et reconsid\u00e9rer l\u2019articulation des kilom\u00e8tres restants, je profite de ce silence dans le tempo de ma vie pour prendre le temps de me resituer sur ma route de vie. Suis-je l\u00e0 o\u00f9 je d\u00e9sirais \u00eatre? Me suis-je perdue? Vais-je dans la direction que je souhaite? Qu\u2019est-ce qui m\u2019encombre, m\u2019alourdit l\u2019existence? Qu\u2019est-ce que je suis contente de pouvoir red\u00e9couvrir durant cet arr\u00eat? Qu\u2019est-ce qui me manque vraiment depuis que je suis isol\u00e9e? Qu\u2019est-ce que je suis contente de ne plus avoir \u00e0 faire, \u00e0 vivre, \u00e0 subir?<\/p>\n\n\n\n<p>Comme ce p\u00e8lerin apprenons \u00e0 ralentir. Prenons le temps de savourer le plaisir d\u2019\u00eatre simplement ici-maintenant. Red\u00e9couvrons ce qui a bon go\u00fbt dans notre quotidien. R\u00e9cup\u00e9rons notre privil\u00e8ge de choisir et de d\u00e9cider ce que sera notre quotidien. Apprenons \u00e0 composer avec les al\u00e9as du chemin et \u00e0 faire confiance \u00e0 la vie.<\/p>\n\n\n\n<p>Le temps de dormance, permet \u00e0 la vie de reprendre quand les conditions redeviennent favorables, que l\u2019environnement appelle la vie en soi. L\u2019apr\u00e8s-pand\u00e9mie, nulle ne peut pr\u00e9dire de quoi il sera fait. Chacun peut cependant, dans le silence que ce temps d\u2019arr\u00eat offre, se mettre \u00e0 l\u2019\u00e9coute de ce qu\u2019il d\u00e9sire vivre. Quelles sont les conditions favorables pour vous? Qu\u2019est-ce qui \u00e9veille la vie en vous?<\/p>\n\n\n\n<div class=\"wp-block-image is-style-default\"><figure class=\"alignright size-large is-resized\"><img data-recalc-dims=\"1\" loading=\"lazy\" decoding=\"async\" data-attachment-id=\"3248\" data-permalink=\"https:\/\/bottesetvelo.com\/blog\/2018\/03\/30\/comme-un-grand-silence\/bottes-et-velo-embleme-3\/\" data-orig-file=\"https:\/\/i0.wp.com\/bottesetvelo.com\/blog\/wp-content\/uploads\/2018\/03\/Bottes-et-V%C3%A9lo-Embl%C3%AAme-1-e1522416719670.png?fit=100%2C79&amp;ssl=1\" data-orig-size=\"100,79\" data-comments-opened=\"1\" data-image-meta=\"{&quot;aperture&quot;:&quot;0&quot;,&quot;credit&quot;:&quot;&quot;,&quot;camera&quot;:&quot;&quot;,&quot;caption&quot;:&quot;&quot;,&quot;created_timestamp&quot;:&quot;0&quot;,&quot;copyright&quot;:&quot;&quot;,&quot;focal_length&quot;:&quot;0&quot;,&quot;iso&quot;:&quot;0&quot;,&quot;shutter_speed&quot;:&quot;0&quot;,&quot;title&quot;:&quot;&quot;,&quot;orientation&quot;:&quot;0&quot;}\" data-image-title=\"Bottes et V\u00e9lo &amp;#8211; Embl\u00eame\" data-image-description=\"\" data-image-caption=\"\" data-large-file=\"https:\/\/i0.wp.com\/bottesetvelo.com\/blog\/wp-content\/uploads\/2018\/03\/Bottes-et-V%C3%A9lo-Embl%C3%AAme-1-e1522416719670.png?fit=100%2C79&amp;ssl=1\" src=\"https:\/\/i0.wp.com\/bottesetvelo.com\/blog\/wp-content\/uploads\/2018\/03\/Bottes-et-V%C3%A9lo-Embl%C3%AAme-1-e1522416719670.png?resize=78%2C62&#038;ssl=1\" alt=\"\" class=\"wp-image-3248\" width=\"78\" height=\"62\"\/><\/figure><\/div>\n\n\n\n<p>Brigitte Harouni<\/p>\n","protected":false},"excerpt":{"rendered":"<p>Celui qui sait s&rsquo;arr\u00eater ne p\u00e9riclite jamais. Il pourra subsister longtemps. Lao-Tseu Dans la r\u00e9alit\u00e9 de nos vies modernes, obnubil\u00e9s par l\u2019importance de faire, d\u2019agir, de produire, nous nous sommes d\u00e9natur\u00e9s. \u00c9loign\u00e9s de nos racines humaines. D\u00e9connect\u00e9s de nos instincts. Nous pensons \u00eatre en action alors que bien souvent, nous sommes en r\u00e9action&nbsp;: esclaves volontaires&hellip;<\/p>\n","protected":false},"author":2,"featured_media":4294,"comment_status":"open","ping_status":"open","sticky":false,"template":"","format":"standard","meta":{"jetpack_post_was_ever_published":false,"_jetpack_newsletter_access":"","_jetpack_dont_email_post_to_subs":false,"_jetpack_newsletter_tier_id":0,"_jetpack_memberships_contains_paywalled_content":false,"_jetpack_memberships_contains_paid_content":false,"footnotes":"","jetpack_publicize_message":"Un temps de dormance b\u00e9n\u00e9fique\nDans la r\u00e9alit\u00e9 de nos vies modernes, obnubil\u00e9s par l\u2019importance de faire, d\u2019agir, de produire, nous nous sommes d\u00e9natur\u00e9s. \u00c9loign\u00e9s de nos racines humaines.","jetpack_publicize_feature_enabled":true,"jetpack_social_post_already_shared":true,"jetpack_social_options":{"image_generator_settings":{"template":"highway","default_image_id":0,"font":"","enabled":false},"version":2}},"categories":[453,380,39,3,37,381],"tags":[322,639,640,613],"class_list":["post-4292","post","type-post","status-publish","format-standard","has-post-thumbnail","hentry","category-actualite","category-conscientisation","category-croissance-personnelle","category-reflexions","category-spiritualite-2","category-transformation","tag-discernement","tag-dormance","tag-hibernation","tag-pandemie"],"jetpack_publicize_connections":[],"jetpack_featured_media_url":"https:\/\/i0.wp.com\/bottesetvelo.com\/blog\/wp-content\/uploads\/2021\/01\/escargots.jpg?fit=1067%2C1533&ssl=1","jetpack_shortlink":"https:\/\/wp.me\/p4eY6z-17e","jetpack_sharing_enabled":true,"jetpack_likes_enabled":true,"jetpack-related-posts":[],"_links":{"self":[{"href":"https:\/\/bottesetvelo.com\/blog\/wp-json\/wp\/v2\/posts\/4292","targetHints":{"allow":["GET"]}}],"collection":[{"href":"https:\/\/bottesetvelo.com\/blog\/wp-json\/wp\/v2\/posts"}],"about":[{"href":"https:\/\/bottesetvelo.com\/blog\/wp-json\/wp\/v2\/types\/post"}],"author":[{"embeddable":true,"href":"https:\/\/bottesetvelo.com\/blog\/wp-json\/wp\/v2\/users\/2"}],"replies":[{"embeddable":true,"href":"https:\/\/bottesetvelo.com\/blog\/wp-json\/wp\/v2\/comments?post=4292"}],"version-history":[{"count":5,"href":"https:\/\/bottesetvelo.com\/blog\/wp-json\/wp\/v2\/posts\/4292\/revisions"}],"predecessor-version":[{"id":4309,"href":"https:\/\/bottesetvelo.com\/blog\/wp-json\/wp\/v2\/posts\/4292\/revisions\/4309"}],"wp:featuredmedia":[{"embeddable":true,"href":"https:\/\/bottesetvelo.com\/blog\/wp-json\/wp\/v2\/media\/4294"}],"wp:attachment":[{"href":"https:\/\/bottesetvelo.com\/blog\/wp-json\/wp\/v2\/media?parent=4292"}],"wp:term":[{"taxonomy":"category","embeddable":true,"href":"https:\/\/bottesetvelo.com\/blog\/wp-json\/wp\/v2\/categories?post=4292"},{"taxonomy":"post_tag","embeddable":true,"href":"https:\/\/bottesetvelo.com\/blog\/wp-json\/wp\/v2\/tags?post=4292"}],"curies":[{"name":"wp","href":"https:\/\/api.w.org\/{rel}","templated":true}]}}