{"id":4270,"date":"2021-01-11T13:57:10","date_gmt":"2021-01-11T18:57:10","guid":{"rendered":"http:\/\/bottesetvelo.com\/blog\/?p=4270"},"modified":"2021-01-11T14:04:12","modified_gmt":"2021-01-11T19:04:12","slug":"les-etudes-pelerines-en-2021-le-livre","status":"publish","type":"post","link":"https:\/\/bottesetvelo.com\/blog\/2021\/01\/11\/les-etudes-pelerines-en-2021-le-livre\/","title":{"rendered":"Les \u00e9tudes p\u00e8lerines en 2021: le livre!"},"content":{"rendered":"\n<p class=\"has-drop-cap\">Aujourd&rsquo;hui est un grand jour dans l&rsquo;avancement de la recherche sur les pratiques p\u00e8lerines au Qu\u00e9bec. En collaboration avec Michel O&rsquo;Neill , nous venons tout juste de d\u00e9poser le manuscrit du premier livre faisant \u00e9tat de la situation des \u00e9tudes p\u00e8lerines au Qu\u00e9bec depuis 1981. Nous aurons r\u00e9ussi \u00e0 accomplir ce travail, non seulement dans un court d\u00e9lai, mais avec enthousiasme tout au long de cette pand\u00e9mie qui perdure. <\/p>\n\n\n\n<div class=\"wp-block-image\"><figure class=\"alignright size-large is-resized\"><img data-recalc-dims=\"1\" loading=\"lazy\" decoding=\"async\" data-attachment-id=\"4273\" data-permalink=\"https:\/\/bottesetvelo.com\/blog\/2021\/01\/11\/les-etudes-pelerines-en-2021-le-livre\/oneill-laliberte-5304c-finale-finale-3-1\/\" data-orig-file=\"https:\/\/i0.wp.com\/bottesetvelo.com\/blog\/wp-content\/uploads\/2021\/01\/ONeill-Laliberte-5304C-Finale-finale-3-1.jpg?fit=1227%2C1832&amp;ssl=1\" data-orig-size=\"1227,1832\" data-comments-opened=\"1\" data-image-meta=\"{&quot;aperture&quot;:&quot;0&quot;,&quot;credit&quot;:&quot;&quot;,&quot;camera&quot;:&quot;&quot;,&quot;caption&quot;:&quot;&quot;,&quot;created_timestamp&quot;:&quot;1610370719&quot;,&quot;copyright&quot;:&quot;&quot;,&quot;focal_length&quot;:&quot;0&quot;,&quot;iso&quot;:&quot;0&quot;,&quot;shutter_speed&quot;:&quot;0&quot;,&quot;title&quot;:&quot;&quot;,&quot;orientation&quot;:&quot;1&quot;}\" data-image-title=\"ONeill-Laliberte-5304C-Finale-finale-3-1\" data-image-description=\"\" data-image-caption=\"\" data-large-file=\"https:\/\/i0.wp.com\/bottesetvelo.com\/blog\/wp-content\/uploads\/2021\/01\/ONeill-Laliberte-5304C-Finale-finale-3-1.jpg?fit=686%2C1024&amp;ssl=1\" src=\"https:\/\/i0.wp.com\/bottesetvelo.com\/blog\/wp-content\/uploads\/2021\/01\/ONeill-Laliberte-5304C-Finale-finale-3-1.jpg?resize=273%2C407&#038;ssl=1\" alt=\"\" class=\"wp-image-4273\" width=\"273\" height=\"407\" srcset=\"https:\/\/i0.wp.com\/bottesetvelo.com\/blog\/wp-content\/uploads\/2021\/01\/ONeill-Laliberte-5304C-Finale-finale-3-1.jpg?resize=686%2C1024&amp;ssl=1 686w, https:\/\/i0.wp.com\/bottesetvelo.com\/blog\/wp-content\/uploads\/2021\/01\/ONeill-Laliberte-5304C-Finale-finale-3-1.jpg?resize=335%2C500&amp;ssl=1 335w, https:\/\/i0.wp.com\/bottesetvelo.com\/blog\/wp-content\/uploads\/2021\/01\/ONeill-Laliberte-5304C-Finale-finale-3-1.jpg?resize=768%2C1147&amp;ssl=1 768w, https:\/\/i0.wp.com\/bottesetvelo.com\/blog\/wp-content\/uploads\/2021\/01\/ONeill-Laliberte-5304C-Finale-finale-3-1.jpg?resize=1029%2C1536&amp;ssl=1 1029w, https:\/\/i0.wp.com\/bottesetvelo.com\/blog\/wp-content\/uploads\/2021\/01\/ONeill-Laliberte-5304C-Finale-finale-3-1.jpg?w=1227&amp;ssl=1 1227w\" sizes=\"auto, (max-width: 273px) 100vw, 273px\" \/><figcaption>Cr\u00e9dit Photo: Bottes et V\u00e9lo<\/figcaption><\/figure><\/div>\n\n\n\n<p>Ce livre sera publi\u00e9 aux Presses de l&rsquo;Universit\u00e9 Laval (PUL) et paraitra lors du Congr\u00e8s de la SQER (22 et 23 avril 2021). Les auteurs ayant collabor\u00e9 \u00e0 cet ouvrage sont d&rsquo;une richesse inou\u00efe et offre un large \u00e9ventail du ph\u00e9nom\u00e8ne p\u00e8lerin: Guy Laperri\u00e8re (chercheur ayant particip\u00e9 \u00e0 la derni\u00e8re publication francophone (en 1981) avec Pierre Boglioni et Benoit Lacroix, de l&rsquo;Universit\u00e9 de Sherbrooke); George Greenia (fondateur de l&rsquo;Institut for Pilgrimage Studies de l&rsquo;Universit\u00e9 William &amp; Mary, en Virginie); Fabienne Bodan (journaliste bretonne ayant publi\u00e9 plusieurs guides des chemins de p\u00e8lerinages); Matthew Anderson (Universit\u00e9 Concordia); Andr\u00e9  Brouillette (Boston College); Suzanne Boutin (Universit\u00e9 Laval); Karine Boivin (UQTR); Mathieu Boisvert (UQAM); Roger Parent (Universit\u00e9 d&rsquo;Alberta); Martin Bellerose (\u00c9TEQ); Dominic Leclerc et Alexandre Castonguay (cin\u00e9aste et com\u00e9dien); Pierre-Olivier Tremblay (\u00e9v\u00eaque auxiliaire de Trois-Rivi\u00e8res et ex-recteur du sanctuaire du Cap-de-la-Madeleine); Jean-Marc Darveau (Association du Qu\u00e9bec \u00e0 Compostelle); Lisette Maill\u00e9 (Chemin de l&rsquo;Abbaye); Gregory Flayol (RandoQu\u00e9bec). En plus de tous ces gens, lors du colloque, nous aurons aussi le plaisir d&rsquo;accueillir: Sylvie Miaux (UQTR); Pierre Rajotte (Universit\u00e9 de Sherbrooke) et Richard Gravel (cin\u00e9aste).<\/p>\n\n\n\n<p>Ces \u00e9v\u00e9nements, colloque et parution du livre, sont donc \u00e0 mettre \u00e0 votre agenda. Plus de d\u00e9tails suivront dans les semaines \u00e0 venir, notamment en ce qui concerne les inscriptions au colloque.<\/p>\n\n\n\n<p>Ce livre n&rsquo;aurait pu voir le jour sans la g\u00e9n\u00e9reuse collaboration de Jean-Philippe Perreault, titulaire de la Chaire jeunes et religions de la Facult\u00e9 de th\u00e9ologie et sciences religieuses de l&rsquo;Universit\u00e9 Laval, qui signe la pr\u00e9face de ce livre. Rappelons \u00e9galement que la Facult\u00e9 de th\u00e9ologie et sciences religieuses ouvrira le premier microprogramme en \u00e9tudes p\u00e8lerines d\u00e8s septembre 2021. Soulignons \u00e9galement le soutien financier de ce projet gr\u00e2ce aux contributions de la Chaire jeunes et religion, de l&rsquo;Association du Qu\u00e9bec \u00e0 Compostelle, de Rando Qu\u00e9bec et du Chemin de l&rsquo;Abbaye. Nos remerciements ne sont qu&rsquo;un bien maigre t\u00e9moignage en regard de ce que vous avez fait.<\/p>\n\n\n\n<p>Enfin, ces \u00e9v\u00e9nements, colloque et parution du livre, sont donc \u00e0 mettre \u00e0 votre agenda. L&rsquo;\u00e9v\u00e9nement aura lieu en ligne, pand\u00e9mie oblige. Plus de d\u00e9tails suivront dans les semaines \u00e0 venir, notamment en ce qui concerne les inscriptions au colloque.<\/p>\n\n\n\n<p>Au plaisir de vous y retrouver!<\/p>\n\n\n\n<div class=\"wp-block-image\"><figure class=\"alignright size-large\"><img data-recalc-dims=\"1\" loading=\"lazy\" decoding=\"async\" width=\"100\" height=\"79\" data-attachment-id=\"3248\" data-permalink=\"https:\/\/bottesetvelo.com\/blog\/2018\/03\/30\/comme-un-grand-silence\/bottes-et-velo-embleme-3\/\" data-orig-file=\"https:\/\/i0.wp.com\/bottesetvelo.com\/blog\/wp-content\/uploads\/2018\/03\/Bottes-et-V%C3%A9lo-Embl%C3%AAme-1-e1522416719670.png?fit=100%2C79&amp;ssl=1\" data-orig-size=\"100,79\" data-comments-opened=\"1\" data-image-meta=\"{&quot;aperture&quot;:&quot;0&quot;,&quot;credit&quot;:&quot;&quot;,&quot;camera&quot;:&quot;&quot;,&quot;caption&quot;:&quot;&quot;,&quot;created_timestamp&quot;:&quot;0&quot;,&quot;copyright&quot;:&quot;&quot;,&quot;focal_length&quot;:&quot;0&quot;,&quot;iso&quot;:&quot;0&quot;,&quot;shutter_speed&quot;:&quot;0&quot;,&quot;title&quot;:&quot;&quot;,&quot;orientation&quot;:&quot;0&quot;}\" data-image-title=\"Bottes et V\u00e9lo &amp;#8211; Embl\u00eame\" data-image-description=\"\" data-image-caption=\"\" data-large-file=\"https:\/\/i0.wp.com\/bottesetvelo.com\/blog\/wp-content\/uploads\/2018\/03\/Bottes-et-V%C3%A9lo-Embl%C3%AAme-1-e1522416719670.png?fit=100%2C79&amp;ssl=1\" src=\"https:\/\/i0.wp.com\/bottesetvelo.com\/blog\/wp-content\/uploads\/2018\/03\/Bottes-et-V%C3%A9lo-Embl%C3%AAme-1-e1522416719670.png?resize=100%2C79&#038;ssl=1\" alt=\"\" class=\"wp-image-3248\"\/><\/figure><\/div>\n\n\n\n<p>\u00c9ric Lalibert\u00e9<\/p>\n","protected":false},"excerpt":{"rendered":"<p>Aujourd&rsquo;hui est un grand jour dans l&rsquo;avancement de la recherche sur les pratiques p\u00e8lerines au Qu\u00e9bec. En collaboration avec Michel O&rsquo;Neill , nous venons tout juste de d\u00e9poser le manuscrit du premier livre faisant \u00e9tat de la situation des \u00e9tudes p\u00e8lerines au Qu\u00e9bec depuis 1981. Nous aurons r\u00e9ussi \u00e0 accomplir ce travail, non seulement dans&hellip;<\/p>\n","protected":false},"author":3,"featured_media":4271,"comment_status":"open","ping_status":"open","sticky":false,"template":"","format":"standard","meta":{"jetpack_post_was_ever_published":false,"_jetpack_newsletter_access":"","_jetpack_dont_email_post_to_subs":false,"_jetpack_newsletter_tier_id":0,"_jetpack_memberships_contains_paywalled_content":false,"_jetpack_memberships_contains_paid_content":false,"footnotes":"","jetpack_publicize_message":"Les \u00e9tudes p\u00e8lerines en 2021: le livre!\nAujourd'hui est un grand jour dans l'avancement de la #recherche sur les pratiques p\u00e8lerines au Qu\u00e9bec. D\u00e9p\u00f4t du manuscrit du premier livre faisant \u00e9tat de la situation des #\u00e9tudesp\u00e8lerines au Qu\u00e9bec depuis 1981.","jetpack_publicize_feature_enabled":true,"jetpack_social_post_already_shared":true,"jetpack_social_options":{"image_generator_settings":{"template":"highway","default_image_id":0,"font":"","enabled":false},"version":2}},"categories":[7],"tags":[568,638,637,549],"class_list":["post-4270","post","type-post","status-publish","format-standard","has-post-thumbnail","hentry","category-publications","tag-etudes-pelerines","tag-longue-randonnee","tag-marche-pelerine","tag-pelerinage-2"],"jetpack_publicize_connections":[],"jetpack_featured_media_url":"https:\/\/i0.wp.com\/bottesetvelo.com\/blog\/wp-content\/uploads\/2021\/01\/ONeill-Laliberte-5304C-Finale-finale-2-scaled.jpg?fit=2560%2C1780&ssl=1","jetpack_shortlink":"https:\/\/wp.me\/p4eY6z-16S","jetpack_sharing_enabled":true,"jetpack_likes_enabled":true,"jetpack-related-posts":[],"_links":{"self":[{"href":"https:\/\/bottesetvelo.com\/blog\/wp-json\/wp\/v2\/posts\/4270","targetHints":{"allow":["GET"]}}],"collection":[{"href":"https:\/\/bottesetvelo.com\/blog\/wp-json\/wp\/v2\/posts"}],"about":[{"href":"https:\/\/bottesetvelo.com\/blog\/wp-json\/wp\/v2\/types\/post"}],"author":[{"embeddable":true,"href":"https:\/\/bottesetvelo.com\/blog\/wp-json\/wp\/v2\/users\/3"}],"replies":[{"embeddable":true,"href":"https:\/\/bottesetvelo.com\/blog\/wp-json\/wp\/v2\/comments?post=4270"}],"version-history":[{"count":7,"href":"https:\/\/bottesetvelo.com\/blog\/wp-json\/wp\/v2\/posts\/4270\/revisions"}],"predecessor-version":[{"id":4283,"href":"https:\/\/bottesetvelo.com\/blog\/wp-json\/wp\/v2\/posts\/4270\/revisions\/4283"}],"wp:featuredmedia":[{"embeddable":true,"href":"https:\/\/bottesetvelo.com\/blog\/wp-json\/wp\/v2\/media\/4271"}],"wp:attachment":[{"href":"https:\/\/bottesetvelo.com\/blog\/wp-json\/wp\/v2\/media?parent=4270"}],"wp:term":[{"taxonomy":"category","embeddable":true,"href":"https:\/\/bottesetvelo.com\/blog\/wp-json\/wp\/v2\/categories?post=4270"},{"taxonomy":"post_tag","embeddable":true,"href":"https:\/\/bottesetvelo.com\/blog\/wp-json\/wp\/v2\/tags?post=4270"}],"curies":[{"name":"wp","href":"https:\/\/api.w.org\/{rel}","templated":true}]}}