{"id":4264,"date":"2020-12-24T07:00:00","date_gmt":"2020-12-24T12:00:00","guid":{"rendered":"http:\/\/bottesetvelo.com\/blog\/?p=4264"},"modified":"2020-12-23T23:01:27","modified_gmt":"2020-12-24T04:01:27","slug":"noel-2020","status":"publish","type":"post","link":"https:\/\/bottesetvelo.com\/blog\/2020\/12\/24\/noel-2020\/","title":{"rendered":"No\u00ebl 2020"},"content":{"rendered":"\n<p>Pour ce No\u00ebl, Bottes et V\u00e9lo vous offre un texte d&rsquo;\u00c9ric Lalibert\u00e9 paru sur les Carnets du parvis, aux \u00e9ditions Novalis:<a href=\"https:\/\/www.carnetsduparvis.ca\/culture-et-foi\/petit-noel\/\" target=\"_blank\" rel=\"noreferrer noopener\"> \u00ab\u00a0Petit No\u00ebl\u00a0\u00bb, en cliquant ici<\/a>; de m\u00eame qu&rsquo;une capsule vid\u00e9o en compagnie de Brigitte Harouni et \u00c9ric Lalibert\u00e9 qui partagent avec vous quelques r\u00e9flexions sur ce No\u00ebl particulier que nous nous appr\u00eatons \u00e0 vivre.<\/p>\n\n\n\n<figure class=\"wp-block-embed is-type-rich is-provider-prise-en-charge-des-contenus-embarques wp-block-embed-prise-en-charge-des-contenus-embarques wp-embed-aspect-16-9 wp-has-aspect-ratio\"><div class=\"wp-block-embed__wrapper\">\n<span class=\"embed-youtube\" style=\"text-align:center; display: block;\"><iframe loading=\"lazy\" class=\"youtube-player\" width=\"1170\" height=\"659\" src=\"https:\/\/www.youtube.com\/embed\/VG3T10eEHMo?version=3&#038;rel=1&#038;showsearch=0&#038;showinfo=1&#038;iv_load_policy=1&#038;fs=1&#038;hl=fr-FR&#038;autohide=2&#038;wmode=transparent\" allowfullscreen=\"true\" style=\"border:0;\" sandbox=\"allow-scripts allow-same-origin allow-popups allow-presentation allow-popups-to-escape-sandbox\"><\/iframe><\/span>\n<\/div><\/figure>\n\n\n\n<p>Que ce No\u00ebl soit beau et bon pour vous tous!<\/p>\n\n\n\n<div class=\"wp-block-image\"><figure class=\"alignright size-large\"><img data-recalc-dims=\"1\" loading=\"lazy\" decoding=\"async\" width=\"100\" height=\"79\" data-attachment-id=\"3248\" data-permalink=\"https:\/\/bottesetvelo.com\/blog\/2018\/03\/30\/comme-un-grand-silence\/bottes-et-velo-embleme-3\/\" data-orig-file=\"https:\/\/i0.wp.com\/bottesetvelo.com\/blog\/wp-content\/uploads\/2018\/03\/Bottes-et-V%C3%A9lo-Embl%C3%AAme-1-e1522416719670.png?fit=100%2C79&amp;ssl=1\" data-orig-size=\"100,79\" data-comments-opened=\"1\" data-image-meta=\"{&quot;aperture&quot;:&quot;0&quot;,&quot;credit&quot;:&quot;&quot;,&quot;camera&quot;:&quot;&quot;,&quot;caption&quot;:&quot;&quot;,&quot;created_timestamp&quot;:&quot;0&quot;,&quot;copyright&quot;:&quot;&quot;,&quot;focal_length&quot;:&quot;0&quot;,&quot;iso&quot;:&quot;0&quot;,&quot;shutter_speed&quot;:&quot;0&quot;,&quot;title&quot;:&quot;&quot;,&quot;orientation&quot;:&quot;0&quot;}\" data-image-title=\"Bottes et V\u00e9lo &amp;#8211; Embl\u00eame\" data-image-description=\"\" data-image-caption=\"\" data-large-file=\"https:\/\/i0.wp.com\/bottesetvelo.com\/blog\/wp-content\/uploads\/2018\/03\/Bottes-et-V%C3%A9lo-Embl%C3%AAme-1-e1522416719670.png?fit=100%2C79&amp;ssl=1\" src=\"https:\/\/i0.wp.com\/bottesetvelo.com\/blog\/wp-content\/uploads\/2018\/03\/Bottes-et-V%C3%A9lo-Embl%C3%AAme-1-e1522416719670.png?resize=100%2C79&#038;ssl=1\" alt=\"\" class=\"wp-image-3248\"\/><\/figure><\/div>\n\n\n\n<p>Bottes et V\u00e9lo &#8211; le p\u00e8lerin dans tous ses \u00e9tats!   <\/p>\n","protected":false},"excerpt":{"rendered":"<p>Pour ce No\u00ebl, Bottes et V\u00e9lo vous offre un texte d&rsquo;\u00c9ric Lalibert\u00e9 paru sur les Carnets du parvis, aux \u00e9ditions Novalis: \u00ab\u00a0Petit No\u00ebl\u00a0\u00bb, en cliquant ici; de m\u00eame qu&rsquo;une capsule vid\u00e9o en compagnie de Brigitte Harouni et \u00c9ric Lalibert\u00e9 qui partagent avec vous quelques r\u00e9flexions sur ce No\u00ebl particulier que nous nous appr\u00eatons \u00e0 vivre.&hellip;<\/p>\n","protected":false},"author":1,"featured_media":4266,"comment_status":"open","ping_status":"open","sticky":false,"template":"","format":"standard","meta":{"jetpack_post_was_ever_published":false,"_jetpack_newsletter_access":"","_jetpack_dont_email_post_to_subs":false,"_jetpack_newsletter_tier_id":0,"_jetpack_memberships_contains_paywalled_content":false,"_jetpack_memberships_contains_paid_content":false,"footnotes":"","jetpack_publicize_message":"No\u00ebl 2020\nBrigitte Harouni et \u00c9ric Lalibert\u00e9 partagent avec vous quelques r\u00e9flexions sur ce #No\u00ebl particulier que nous nous appr\u00eatons \u00e0 vivre.\n#Covid-19 #No\u00eblcr\u00e9atif","jetpack_publicize_feature_enabled":true,"jetpack_social_post_already_shared":true,"jetpack_social_options":{"image_generator_settings":{"template":"highway","default_image_id":0,"font":"","enabled":false},"version":2}},"categories":[453,50,3,442],"tags":[169,597,528,333,104],"class_list":["post-4264","post","type-post","status-publish","format-standard","has-post-thumbnail","hentry","category-actualite","category-art-de-vivre","category-reflexions","category-voeux-du-nouvel-an","tag-changement","tag-covid-19","tag-creativite","tag-noel","tag-relation"],"jetpack_publicize_connections":[],"jetpack_featured_media_url":"https:\/\/i0.wp.com\/bottesetvelo.com\/blog\/wp-content\/uploads\/2020\/12\/20201222_082122-scaled.jpg?fit=2560%2C1244&ssl=1","jetpack_shortlink":"https:\/\/wp.me\/p4eY6z-16M","jetpack_sharing_enabled":true,"jetpack_likes_enabled":true,"jetpack-related-posts":[],"_links":{"self":[{"href":"https:\/\/bottesetvelo.com\/blog\/wp-json\/wp\/v2\/posts\/4264","targetHints":{"allow":["GET"]}}],"collection":[{"href":"https:\/\/bottesetvelo.com\/blog\/wp-json\/wp\/v2\/posts"}],"about":[{"href":"https:\/\/bottesetvelo.com\/blog\/wp-json\/wp\/v2\/types\/post"}],"author":[{"embeddable":true,"href":"https:\/\/bottesetvelo.com\/blog\/wp-json\/wp\/v2\/users\/1"}],"replies":[{"embeddable":true,"href":"https:\/\/bottesetvelo.com\/blog\/wp-json\/wp\/v2\/comments?post=4264"}],"version-history":[{"count":3,"href":"https:\/\/bottesetvelo.com\/blog\/wp-json\/wp\/v2\/posts\/4264\/revisions"}],"predecessor-version":[{"id":4268,"href":"https:\/\/bottesetvelo.com\/blog\/wp-json\/wp\/v2\/posts\/4264\/revisions\/4268"}],"wp:featuredmedia":[{"embeddable":true,"href":"https:\/\/bottesetvelo.com\/blog\/wp-json\/wp\/v2\/media\/4266"}],"wp:attachment":[{"href":"https:\/\/bottesetvelo.com\/blog\/wp-json\/wp\/v2\/media?parent=4264"}],"wp:term":[{"taxonomy":"category","embeddable":true,"href":"https:\/\/bottesetvelo.com\/blog\/wp-json\/wp\/v2\/categories?post=4264"},{"taxonomy":"post_tag","embeddable":true,"href":"https:\/\/bottesetvelo.com\/blog\/wp-json\/wp\/v2\/tags?post=4264"}],"curies":[{"name":"wp","href":"https:\/\/api.w.org\/{rel}","templated":true}]}}