{"id":4247,"date":"2020-12-11T07:00:00","date_gmt":"2020-12-11T12:00:00","guid":{"rendered":"http:\/\/bottesetvelo.com\/blog\/?p=4247"},"modified":"2020-12-11T14:43:13","modified_gmt":"2020-12-11T19:43:13","slug":"avec-ou-sans-bottines","status":"publish","type":"post","link":"https:\/\/bottesetvelo.com\/blog\/2020\/12\/11\/avec-ou-sans-bottines\/","title":{"rendered":"Avec ou sans bottines"},"content":{"rendered":"\n<div class=\"wp-block-image\"><figure class=\"alignright size-large is-resized\"><img data-recalc-dims=\"1\" loading=\"lazy\" decoding=\"async\" data-attachment-id=\"4255\" data-permalink=\"https:\/\/bottesetvelo.com\/blog\/2020\/12\/11\/avec-ou-sans-bottines\/prairie-1246633-2\/\" data-orig-file=\"https:\/\/i0.wp.com\/bottesetvelo.com\/blog\/wp-content\/uploads\/2020\/12\/prairie-1246633-2-scaled.jpg?fit=631%2C2560&amp;ssl=1\" data-orig-size=\"631,2560\" data-comments-opened=\"1\" data-image-meta=\"{&quot;aperture&quot;:&quot;0&quot;,&quot;credit&quot;:&quot;&quot;,&quot;camera&quot;:&quot;&quot;,&quot;caption&quot;:&quot;&quot;,&quot;created_timestamp&quot;:&quot;1607618554&quot;,&quot;copyright&quot;:&quot;&quot;,&quot;focal_length&quot;:&quot;0&quot;,&quot;iso&quot;:&quot;0&quot;,&quot;shutter_speed&quot;:&quot;0&quot;,&quot;title&quot;:&quot;&quot;,&quot;orientation&quot;:&quot;1&quot;}\" data-image-title=\"prairie-1246633-2\" data-image-description=\"\" data-image-caption=\"\" data-large-file=\"https:\/\/i0.wp.com\/bottesetvelo.com\/blog\/wp-content\/uploads\/2020\/12\/prairie-1246633-2-scaled.jpg?fit=253%2C1024&amp;ssl=1\" src=\"https:\/\/i0.wp.com\/bottesetvelo.com\/blog\/wp-content\/uploads\/2020\/12\/prairie-1246633-2.jpg?resize=276%2C1118&#038;ssl=1\" alt=\"\" class=\"wp-image-4255\" width=\"276\" height=\"1118\" srcset=\"https:\/\/i0.wp.com\/bottesetvelo.com\/blog\/wp-content\/uploads\/2020\/12\/prairie-1246633-2-scaled.jpg?resize=253%2C1024&amp;ssl=1 253w, https:\/\/i0.wp.com\/bottesetvelo.com\/blog\/wp-content\/uploads\/2020\/12\/prairie-1246633-2-scaled.jpg?resize=768%2C3113&amp;ssl=1 768w, https:\/\/i0.wp.com\/bottesetvelo.com\/blog\/wp-content\/uploads\/2020\/12\/prairie-1246633-2-scaled.jpg?resize=379%2C1536&amp;ssl=1 379w, https:\/\/i0.wp.com\/bottesetvelo.com\/blog\/wp-content\/uploads\/2020\/12\/prairie-1246633-2-scaled.jpg?resize=505%2C2048&amp;ssl=1 505w\" sizes=\"auto, (max-width: 276px) 100vw, 276px\" \/><\/figure><\/div>\n\n\n\n<div class=\"wp-block-group\"><div class=\"wp-block-group__inner-container is-layout-flow wp-block-group-is-layout-flow\">\n<p>Je suis p\u00e8lerine,<\/p>\n<\/div><\/div>\n\n\n\n<p>Avec ou sans bottines,<\/p>\n\n\n\n<p>Avec ou sans sac au dos,<\/p>\n\n\n\n<p>Qu\u2019il pleuve ou qu\u2019il fasse beau,<\/p>\n\n\n\n<p>Lentement je chemine.<\/p>\n\n\n\n<pre class=\"wp-block-preformatted\"><\/pre>\n\n\n\n<p>Sur le chemin de la vie,<\/p>\n\n\n\n<p>Parsem\u00e9 d\u2019\u00e9preuves et de d\u00e9fis,<\/p>\n\n\n\n<p>Je pers\u00e9v\u00e8re et je poursuis,<\/p>\n\n\n\n<p>Je tombe, je me blesse et je gu\u00e9ris,<\/p>\n\n\n\n<p>J\u2019apprends \u00e0 \u00eatre qui je suis.<\/p>\n\n\n\n<pre class=\"wp-block-preformatted\"><\/pre>\n\n\n\n<p>Certains moments sont divins!<\/p>\n\n\n\n<p>Qu\u2019importe alors ce que me r\u00e9serve demain.<\/p>\n\n\n\n<p>Je savoure ce qui est \u00e0 port\u00e9e de main,<\/p>\n\n\n\n<p>M\u2019en d\u00e9lecte jusqu\u2019\u00e0 plus faim,<\/p>\n\n\n\n<p>Repoussant les limites de la fin.<\/p>\n\n\n\n<pre class=\"wp-block-preformatted\"><\/pre>\n\n\n\n<p>Mon quotidien est rempli de visages&nbsp;:<\/p>\n\n\n\n<p>Famille, ami ou nouveau personnage,<\/p>\n\n\n\n<p>Fid\u00e8le permanent, \u00e9tranger ou simplement de passage,<\/p>\n\n\n\n<p>En accolade, en accordage ou en accrochage.<\/p>\n\n\n\n<p>Ces connexions stimulent mes apprentissages.<\/p>\n\n\n\n<pre class=\"wp-block-preformatted\"><\/pre>\n\n\n\n<p>Sur cette route riche en exp\u00e9riences,<\/p>\n\n\n\n<p>J\u2019apprends la confiance.<\/p>\n\n\n\n<p>Je d\u00e9couvre la force tranquille du silence.<\/p>\n\n\n\n<p>Je go\u00fbte ce que signifie la pr\u00e9sence.<\/p>\n\n\n\n<p>Je recontacte le propre de mon essence.<\/p>\n\n\n\n<pre class=\"wp-block-preformatted\"><\/pre>\n\n\n\n<p>P\u00e8lerine sur le chemin comme dans la vie,<\/p>\n\n\n\n<p>J\u2019ai des instants de bonheur et des temps de soucis.<\/p>\n\n\n\n<p>Parfois je me r\u00e9jouis et parfois je m\u2019ennuie.<\/p>\n\n\n\n<p>Je rage, je ris, je pleure, je souris.<\/p>\n\n\n\n<p>J\u2019essaie, j\u2019\u00e9choue, je peine, je r\u00e9ussis.<\/p>\n\n\n\n<p>Je suis celle que je suis.<\/p>\n\n\n\n<pre class=\"wp-block-preformatted\"><\/pre>\n\n\n\n<div class=\"wp-block-image\"><figure class=\"alignright size-large is-resized\"><img data-recalc-dims=\"1\" loading=\"lazy\" decoding=\"async\" data-attachment-id=\"3248\" data-permalink=\"https:\/\/bottesetvelo.com\/blog\/2018\/03\/30\/comme-un-grand-silence\/bottes-et-velo-embleme-3\/\" data-orig-file=\"https:\/\/i0.wp.com\/bottesetvelo.com\/blog\/wp-content\/uploads\/2018\/03\/Bottes-et-V%C3%A9lo-Embl%C3%AAme-1-e1522416719670.png?fit=100%2C79&amp;ssl=1\" data-orig-size=\"100,79\" data-comments-opened=\"1\" data-image-meta=\"{&quot;aperture&quot;:&quot;0&quot;,&quot;credit&quot;:&quot;&quot;,&quot;camera&quot;:&quot;&quot;,&quot;caption&quot;:&quot;&quot;,&quot;created_timestamp&quot;:&quot;0&quot;,&quot;copyright&quot;:&quot;&quot;,&quot;focal_length&quot;:&quot;0&quot;,&quot;iso&quot;:&quot;0&quot;,&quot;shutter_speed&quot;:&quot;0&quot;,&quot;title&quot;:&quot;&quot;,&quot;orientation&quot;:&quot;0&quot;}\" data-image-title=\"Bottes et V\u00e9lo &amp;#8211; Embl\u00eame\" data-image-description=\"\" data-image-caption=\"\" data-large-file=\"https:\/\/i0.wp.com\/bottesetvelo.com\/blog\/wp-content\/uploads\/2018\/03\/Bottes-et-V%C3%A9lo-Embl%C3%AAme-1-e1522416719670.png?fit=100%2C79&amp;ssl=1\" src=\"https:\/\/i0.wp.com\/bottesetvelo.com\/blog\/wp-content\/uploads\/2018\/03\/Bottes-et-V%C3%A9lo-Embl%C3%AAme-1-e1522416719670.png?resize=66%2C52&#038;ssl=1\" alt=\"\" class=\"wp-image-3248\" width=\"66\" height=\"52\"\/><\/figure><\/div>\n\n\n\n<p>Brigitte Harouni<\/p>\n","protected":false},"excerpt":{"rendered":"<p>Je suis p\u00e8lerine, Avec ou sans bottines, Avec ou sans sac au dos, Qu\u2019il pleuve ou qu\u2019il fasse beau, Lentement je chemine. Sur le chemin de la vie, Parsem\u00e9 d\u2019\u00e9preuves et de d\u00e9fis, Je pers\u00e9v\u00e8re et je poursuis, Je tombe, je me blesse et je gu\u00e9ris, J\u2019apprends \u00e0 \u00eatre qui je suis. Certains moments sont&hellip;<\/p>\n","protected":false},"author":2,"featured_media":4248,"comment_status":"open","ping_status":"open","sticky":false,"template":"","format":"standard","meta":{"jetpack_post_was_ever_published":false,"_jetpack_newsletter_access":"","_jetpack_dont_email_post_to_subs":false,"_jetpack_newsletter_tier_id":0,"_jetpack_memberships_contains_paywalled_content":false,"_jetpack_memberships_contains_paid_content":false,"footnotes":"","jetpack_publicize_message":"Avec ou sans bottines\nJe suis p\u00e8lerine,\nAvec ou sans bottines,\nAvec ou sans sac au dos,\nQu\u2019il pleuve ou qu\u2019il fasse beau,\nLentement, je chemine.","jetpack_publicize_feature_enabled":true,"jetpack_social_post_already_shared":true,"jetpack_social_options":{"image_generator_settings":{"template":"highway","default_image_id":0,"font":"","enabled":false},"version":2}},"categories":[39,166,630,171,3,37],"tags":[636,635,549,521,84],"class_list":["post-4247","post","type-post","status-publish","format-standard","has-post-thumbnail","hentry","category-croissance-personnelle","category-demarche-du-pelerin","category-exercice-pelerin","category-pelerinage","category-reflexions","category-spiritualite-2","tag-essence","tag-etre","tag-pelerinage-2","tag-spiritualite-3","tag-vie"],"jetpack_publicize_connections":[],"jetpack_featured_media_url":"https:\/\/i0.wp.com\/bottesetvelo.com\/blog\/wp-content\/uploads\/2020\/12\/north-sea-2971503_1920.jpg?fit=1920%2C1280&ssl=1","jetpack_shortlink":"https:\/\/wp.me\/p4eY6z-16v","jetpack_sharing_enabled":true,"jetpack_likes_enabled":true,"jetpack-related-posts":[],"_links":{"self":[{"href":"https:\/\/bottesetvelo.com\/blog\/wp-json\/wp\/v2\/posts\/4247","targetHints":{"allow":["GET"]}}],"collection":[{"href":"https:\/\/bottesetvelo.com\/blog\/wp-json\/wp\/v2\/posts"}],"about":[{"href":"https:\/\/bottesetvelo.com\/blog\/wp-json\/wp\/v2\/types\/post"}],"author":[{"embeddable":true,"href":"https:\/\/bottesetvelo.com\/blog\/wp-json\/wp\/v2\/users\/2"}],"replies":[{"embeddable":true,"href":"https:\/\/bottesetvelo.com\/blog\/wp-json\/wp\/v2\/comments?post=4247"}],"version-history":[{"count":12,"href":"https:\/\/bottesetvelo.com\/blog\/wp-json\/wp\/v2\/posts\/4247\/revisions"}],"predecessor-version":[{"id":4262,"href":"https:\/\/bottesetvelo.com\/blog\/wp-json\/wp\/v2\/posts\/4247\/revisions\/4262"}],"wp:featuredmedia":[{"embeddable":true,"href":"https:\/\/bottesetvelo.com\/blog\/wp-json\/wp\/v2\/media\/4248"}],"wp:attachment":[{"href":"https:\/\/bottesetvelo.com\/blog\/wp-json\/wp\/v2\/media?parent=4247"}],"wp:term":[{"taxonomy":"category","embeddable":true,"href":"https:\/\/bottesetvelo.com\/blog\/wp-json\/wp\/v2\/categories?post=4247"},{"taxonomy":"post_tag","embeddable":true,"href":"https:\/\/bottesetvelo.com\/blog\/wp-json\/wp\/v2\/tags?post=4247"}],"curies":[{"name":"wp","href":"https:\/\/api.w.org\/{rel}","templated":true}]}}