{"id":4217,"date":"2020-11-14T09:16:43","date_gmt":"2020-11-14T14:16:43","guid":{"rendered":"http:\/\/bottesetvelo.com\/blog\/?p=4217"},"modified":"2020-11-14T09:16:43","modified_gmt":"2020-11-14T14:16:43","slug":"photo-trace-demotion","status":"publish","type":"post","link":"https:\/\/bottesetvelo.com\/blog\/2020\/11\/14\/photo-trace-demotion\/","title":{"rendered":"Photo : trace d\u2019\u00e9motion"},"content":{"rendered":"\n<blockquote class=\"wp-block-quote is-layout-flow wp-block-quote-is-layout-flow\"><p>Photographier, c&rsquo;est mettre sur la m\u00eame ligne de mire la t\u00eate, l\u2019\u0153il et le c\u0153ur. <\/p><cite>Henri Cartier-Bresson<\/cite><\/blockquote>\n\n\n\n<p>La photographie, cet art autrefois r\u00e9serv\u00e9 aux adeptes talentueux, est rendue aujourd\u2019hui plus accessible \u00e0 tous. D\u2019ailleurs, l\u2019appareil photo n\u2019est jamais bien loin, et le r\u00e9sultat est imm\u00e9diat. &nbsp;Le collectionneur d\u2019instants fragiles et savoureux peut presque instantan\u00e9ment appr\u00e9cier la qualit\u00e9 de sa prise. Ce capteur d\u2019images peut aussi s\u2019adonner sans limite \u00e0 sa cueillette, son outil lui permettant une infinit\u00e9 de prises. Tout \u00e9v\u00e9nement m\u00e9morable, instant pr\u00e9cieux, incident marquant sera conserv\u00e9, archiv\u00e9 sur cette nouvelle extension de la m\u00e9moire.<\/p>\n\n\n\n<div class=\"wp-block-image\"><figure class=\"alignright size-large is-resized\"><img data-recalc-dims=\"1\" decoding=\"async\" data-attachment-id=\"4219\" data-permalink=\"https:\/\/bottesetvelo.com\/blog\/2020\/11\/14\/photo-trace-demotion\/manipulation-4225382_1920\/\" data-orig-file=\"https:\/\/i0.wp.com\/bottesetvelo.com\/blog\/wp-content\/uploads\/2020\/11\/manipulation-4225382_1920.jpg?fit=1920%2C1280&amp;ssl=1\" data-orig-size=\"1920,1280\" data-comments-opened=\"1\" data-image-meta=\"{&quot;aperture&quot;:&quot;0&quot;,&quot;credit&quot;:&quot;&quot;,&quot;camera&quot;:&quot;&quot;,&quot;caption&quot;:&quot;&quot;,&quot;created_timestamp&quot;:&quot;0&quot;,&quot;copyright&quot;:&quot;&quot;,&quot;focal_length&quot;:&quot;0&quot;,&quot;iso&quot;:&quot;0&quot;,&quot;shutter_speed&quot;:&quot;0&quot;,&quot;title&quot;:&quot;&quot;,&quot;orientation&quot;:&quot;0&quot;}\" data-image-title=\"manipulation-4225382_1920\" data-image-description=\"\" data-image-caption=\"\" data-large-file=\"https:\/\/i0.wp.com\/bottesetvelo.com\/blog\/wp-content\/uploads\/2020\/11\/manipulation-4225382_1920.jpg?fit=1024%2C683&amp;ssl=1\" src=\"https:\/\/i0.wp.com\/bottesetvelo.com\/blog\/wp-content\/uploads\/2020\/11\/manipulation-4225382_1920.jpg?w=350&#038;ssl=1\" alt=\"\" class=\"wp-image-4219\"  srcset=\"https:\/\/i0.wp.com\/bottesetvelo.com\/blog\/wp-content\/uploads\/2020\/11\/manipulation-4225382_1920.jpg?resize=1024%2C683&amp;ssl=1 1024w, https:\/\/i0.wp.com\/bottesetvelo.com\/blog\/wp-content\/uploads\/2020\/11\/manipulation-4225382_1920.jpg?resize=500%2C333&amp;ssl=1 500w, https:\/\/i0.wp.com\/bottesetvelo.com\/blog\/wp-content\/uploads\/2020\/11\/manipulation-4225382_1920.jpg?resize=768%2C512&amp;ssl=1 768w, https:\/\/i0.wp.com\/bottesetvelo.com\/blog\/wp-content\/uploads\/2020\/11\/manipulation-4225382_1920.jpg?resize=1536%2C1024&amp;ssl=1 1536w, https:\/\/i0.wp.com\/bottesetvelo.com\/blog\/wp-content\/uploads\/2020\/11\/manipulation-4225382_1920.jpg?w=1920&amp;ssl=1 1920w\" sizes=\"(max-width: 1024px) 100vw, 1024px\" \/><\/figure><\/div>\n\n\n\n<p>Ces tranches de r\u00e9alit\u00e9 se compl\u00e8tent et se rassemblent pour tisser la trame d\u2019un seul film; un film racontant la vie du photographe. Chaque photo parle de son auteur. M\u00eame invisible, le photographe demeure pr\u00e9sent \u00e0 travers l\u2019image. Celle-ci invite \u00e0 se mettre \u00e0 la place du photographe, \u00e0 voir avec ses yeux, \u00e0 partager son point de vue et m\u00eame \u00e0 ressentir ce que cet instant lui a fait vivre. L\u2019image refl\u00e8te ce qui a eu bon go\u00fbt pour lui au moment de la photo, ce qui l\u2019habite fondamentalement, ce qui anime son d\u00e9sir de vivre. \u00c0 travers son art, le photographe s\u2019exprime. Il exprime une part de lui-m\u00eame. &nbsp;Chaque photo est une parcelle de lui.<\/p>\n\n\n\n<div class=\"wp-block-image\"><figure class=\"alignright size-large is-resized\"><img data-recalc-dims=\"1\" decoding=\"async\" data-attachment-id=\"4220\" data-permalink=\"https:\/\/bottesetvelo.com\/blog\/2020\/11\/14\/photo-trace-demotion\/compostelle-2\/\" data-orig-file=\"https:\/\/i0.wp.com\/bottesetvelo.com\/blog\/wp-content\/uploads\/2020\/11\/Compostelle-2-scaled.jpg?fit=2560%2C1437&amp;ssl=1\" data-orig-size=\"2560,1437\" data-comments-opened=\"1\" data-image-meta=\"{&quot;aperture&quot;:&quot;1.7&quot;,&quot;credit&quot;:&quot;&quot;,&quot;camera&quot;:&quot;SM-A530W&quot;,&quot;caption&quot;:&quot;&quot;,&quot;created_timestamp&quot;:&quot;1563278735&quot;,&quot;copyright&quot;:&quot;&quot;,&quot;focal_length&quot;:&quot;3.93&quot;,&quot;iso&quot;:&quot;40&quot;,&quot;shutter_speed&quot;:&quot;0.00100806451613&quot;,&quot;title&quot;:&quot;&quot;,&quot;orientation&quot;:&quot;1&quot;}\" data-image-title=\"Compostelle-2\" data-image-description=\"\" data-image-caption=\"\" data-large-file=\"https:\/\/i0.wp.com\/bottesetvelo.com\/blog\/wp-content\/uploads\/2020\/11\/Compostelle-2-scaled.jpg?fit=1024%2C575&amp;ssl=1\" src=\"https:\/\/i0.wp.com\/bottesetvelo.com\/blog\/wp-content\/uploads\/2020\/11\/Compostelle-2.jpg?w=350&#038;ssl=1\" alt=\"\" class=\"wp-image-4220\"  srcset=\"https:\/\/i0.wp.com\/bottesetvelo.com\/blog\/wp-content\/uploads\/2020\/11\/Compostelle-2-scaled.jpg?resize=1024%2C575&amp;ssl=1 1024w, https:\/\/i0.wp.com\/bottesetvelo.com\/blog\/wp-content\/uploads\/2020\/11\/Compostelle-2-scaled.jpg?resize=500%2C281&amp;ssl=1 500w, https:\/\/i0.wp.com\/bottesetvelo.com\/blog\/wp-content\/uploads\/2020\/11\/Compostelle-2-scaled.jpg?resize=768%2C431&amp;ssl=1 768w, https:\/\/i0.wp.com\/bottesetvelo.com\/blog\/wp-content\/uploads\/2020\/11\/Compostelle-2-scaled.jpg?resize=1536%2C862&amp;ssl=1 1536w, https:\/\/i0.wp.com\/bottesetvelo.com\/blog\/wp-content\/uploads\/2020\/11\/Compostelle-2-scaled.jpg?resize=2048%2C1149&amp;ssl=1 2048w, https:\/\/i0.wp.com\/bottesetvelo.com\/blog\/wp-content\/uploads\/2020\/11\/Compostelle-2-scaled.jpg?resize=1140%2C641&amp;ssl=1 1140w, https:\/\/i0.wp.com\/bottesetvelo.com\/blog\/wp-content\/uploads\/2020\/11\/Compostelle-2-scaled.jpg?resize=540%2C304&amp;ssl=1 540w, https:\/\/i0.wp.com\/bottesetvelo.com\/blog\/wp-content\/uploads\/2020\/11\/Compostelle-2-scaled.jpg?w=2340&amp;ssl=1 2340w\" sizes=\"(max-width: 1024px) 100vw, 1024px\" \/><\/figure><\/div>\n\n\n\n<p>En p\u00e8lerinage, les photos sont innombrables. Au terme de sa marche, le p\u00e8lerin aura fait plus de photos que de kilom\u00e8tres! Tant de moments d\u2019\u00e9blouissement qu\u2019il d\u00e9sire retenir. Tant de souvenirs qu\u2019il veut rapporter. Tout au long de sa route, il a croqu\u00e9 ce qui l\u2019a interpel\u00e9, touch\u00e9, percut\u00e9, attendri, fait sourire. Photos de chemins, de personnes rencontr\u00e9es, de nature, d\u2019horizons, d\u2019architecture, d\u2019\u00e9motions v\u00e9cues, de moments intenses, de beaut\u00e9s, de couleurs\u2026. \u00a0Pour le p\u00e8lerin, l\u2019enfilade des photos de son chemin est tout aussi symbolique et riche de signification que son journal intime. Mille mots ne suffisent pas pour exprimer une photo, car chacune d\u2019elle est un bout de vie qui rappelle une exp\u00e9rience v\u00e9cue que les mots ne peuvent exprimer avec justesse. Le clic sur l\u2019appareil est le r\u00e9sultat d\u2019un d\u00e9clic, d\u2019une connexion spontan\u00e9e entre le monde int\u00e9rieur du p\u00e8lerin-photographe et l\u2019environnement ext\u00e9rieur.\u00a0<\/p>\n\n\n\n<div class=\"wp-block-image\"><figure class=\"alignright size-large is-resized\"><img data-recalc-dims=\"1\" decoding=\"async\" data-attachment-id=\"4221\" data-permalink=\"https:\/\/bottesetvelo.com\/blog\/2020\/11\/14\/photo-trace-demotion\/waterfalls-2987477_1920\/\" data-orig-file=\"https:\/\/i0.wp.com\/bottesetvelo.com\/blog\/wp-content\/uploads\/2020\/11\/waterfalls-2987477_1920.jpg?fit=1920%2C1128&amp;ssl=1\" data-orig-size=\"1920,1128\" data-comments-opened=\"1\" data-image-meta=\"{&quot;aperture&quot;:&quot;0&quot;,&quot;credit&quot;:&quot;&quot;,&quot;camera&quot;:&quot;&quot;,&quot;caption&quot;:&quot;&quot;,&quot;created_timestamp&quot;:&quot;0&quot;,&quot;copyright&quot;:&quot;&quot;,&quot;focal_length&quot;:&quot;0&quot;,&quot;iso&quot;:&quot;0&quot;,&quot;shutter_speed&quot;:&quot;0&quot;,&quot;title&quot;:&quot;&quot;,&quot;orientation&quot;:&quot;0&quot;}\" data-image-title=\"waterfalls-2987477_1920\" data-image-description=\"\" data-image-caption=\"\" data-large-file=\"https:\/\/i0.wp.com\/bottesetvelo.com\/blog\/wp-content\/uploads\/2020\/11\/waterfalls-2987477_1920.jpg?fit=1024%2C602&amp;ssl=1\" src=\"https:\/\/i0.wp.com\/bottesetvelo.com\/blog\/wp-content\/uploads\/2020\/11\/waterfalls-2987477_1920.jpg?w=350&#038;ssl=1\" alt=\"\" class=\"wp-image-4221\"  srcset=\"https:\/\/i0.wp.com\/bottesetvelo.com\/blog\/wp-content\/uploads\/2020\/11\/waterfalls-2987477_1920.jpg?resize=1024%2C602&amp;ssl=1 1024w, https:\/\/i0.wp.com\/bottesetvelo.com\/blog\/wp-content\/uploads\/2020\/11\/waterfalls-2987477_1920.jpg?resize=500%2C294&amp;ssl=1 500w, https:\/\/i0.wp.com\/bottesetvelo.com\/blog\/wp-content\/uploads\/2020\/11\/waterfalls-2987477_1920.jpg?resize=768%2C451&amp;ssl=1 768w, https:\/\/i0.wp.com\/bottesetvelo.com\/blog\/wp-content\/uploads\/2020\/11\/waterfalls-2987477_1920.jpg?resize=1536%2C902&amp;ssl=1 1536w, https:\/\/i0.wp.com\/bottesetvelo.com\/blog\/wp-content\/uploads\/2020\/11\/waterfalls-2987477_1920.jpg?w=1920&amp;ssl=1 1920w\" sizes=\"(max-width: 1024px) 100vw, 1024px\" \/><\/figure><\/div>\n\n\n\n<p>Conscient du temps qui passe, que le temps pass\u00e9 ne reviendra pas, d\u2019un clic, le p\u00e8lerin immortalise l\u2019\u00e9ph\u00e9m\u00e8re de son pr\u00e9sent. Mais pas n\u2019importe lequel. Un instant choisi. Un instant qui a r\u00e9sonn\u00e9 en lui. Un d\u00e9clic int\u00e9rieur&nbsp;: un ressenti. Quand il y a \u00e9motion, il y a photo. Chaque photo est reli\u00e9e \u00e0 un sentiment qui d\u00e9clenche le d\u00e9sir de fixer le pr\u00e9sent pour le pr\u00e9server et le poss\u00e9der. La photo parle de cet instant pr\u00e9cis qui a saisi le photographe, mais aussi de l\u2019\u00e9motion qui a g\u00e9n\u00e9r\u00e9 l\u2019impulsion, l\u2019a pouss\u00e9 \u00e0 prendre la photo. Le geste rel\u00e8ve de l\u2019intuitif, de l\u2019instinctif. Il fait fi des filtres de la raison. Le p\u00e8lerin-photographe est un \u00e9motif. Il regarde avec son c\u0153ur. Il capture des images qui ont un sens pour lui. \u00c0 travers son album, la mosa\u00efque de ses photos d\u00e9voile les profondeurs de son \u00eatre&nbsp;: ses passions, ses int\u00e9r\u00eats, ses valeurs, ses d\u00e9sirs, ses besoins\u2026 tout ce qui le fait vibrer.<\/p>\n\n\n\n<div class=\"wp-block-image\"><figure class=\"alignleft size-large is-resized\"><img data-recalc-dims=\"1\" decoding=\"async\" data-attachment-id=\"4222\" data-permalink=\"https:\/\/bottesetvelo.com\/blog\/2020\/11\/14\/photo-trace-demotion\/images-381937_1280\/\" data-orig-file=\"https:\/\/i0.wp.com\/bottesetvelo.com\/blog\/wp-content\/uploads\/2020\/11\/images-381937_1280.jpg?fit=1280%2C587&amp;ssl=1\" data-orig-size=\"1280,587\" data-comments-opened=\"1\" data-image-meta=\"{&quot;aperture&quot;:&quot;0&quot;,&quot;credit&quot;:&quot;&quot;,&quot;camera&quot;:&quot;&quot;,&quot;caption&quot;:&quot;&quot;,&quot;created_timestamp&quot;:&quot;0&quot;,&quot;copyright&quot;:&quot;&quot;,&quot;focal_length&quot;:&quot;0&quot;,&quot;iso&quot;:&quot;0&quot;,&quot;shutter_speed&quot;:&quot;0&quot;,&quot;title&quot;:&quot;&quot;,&quot;orientation&quot;:&quot;0&quot;}\" data-image-title=\"images-381937_1280\" data-image-description=\"\" data-image-caption=\"\" data-large-file=\"https:\/\/i0.wp.com\/bottesetvelo.com\/blog\/wp-content\/uploads\/2020\/11\/images-381937_1280.jpg?fit=1024%2C470&amp;ssl=1\" src=\"https:\/\/i0.wp.com\/bottesetvelo.com\/blog\/wp-content\/uploads\/2020\/11\/images-381937_1280.jpg?w=350&#038;ssl=1\" alt=\"\" class=\"wp-image-4222\"  srcset=\"https:\/\/i0.wp.com\/bottesetvelo.com\/blog\/wp-content\/uploads\/2020\/11\/images-381937_1280.jpg?resize=1024%2C470&amp;ssl=1 1024w, https:\/\/i0.wp.com\/bottesetvelo.com\/blog\/wp-content\/uploads\/2020\/11\/images-381937_1280.jpg?resize=500%2C229&amp;ssl=1 500w, https:\/\/i0.wp.com\/bottesetvelo.com\/blog\/wp-content\/uploads\/2020\/11\/images-381937_1280.jpg?resize=768%2C352&amp;ssl=1 768w, https:\/\/i0.wp.com\/bottesetvelo.com\/blog\/wp-content\/uploads\/2020\/11\/images-381937_1280.jpg?w=1280&amp;ssl=1 1280w\" sizes=\"(max-width: 1024px) 100vw, 1024px\" \/><\/figure><\/div>\n\n\n\n<p>Revoir ses photos, c\u2019est revenir dans le temps, pour recontacter l\u2019instant pass\u00e9 qui a eu bon go\u00fbt. Ces images du pass\u00e9 portent le souvenir de la saveur de ce moment. En un coup d\u2019\u0153il, l\u2019auteur de la photo revit cette tranche de vie. En regardant son album, le p\u00e8lerin-photographe revoit ces signes qui semblaient ne briller que pour lui et que lui seul peut lire encore aujourd\u2019hui; des messages destin\u00e9s pour lui. Tous ces petits bouts de r\u00e9el fig\u00e9s sont des traces de son chemin sensible. Revoir ses photos, c\u2019est alors aller \u00e0 la rencontre de soi-m\u00eame, de ce soi r\u00e9volu qui donne un sens \u00e0 la personne qu\u2019il est maintenant.<\/p>\n\n\n\n<p>Et si vous aviez une seule photo \u00e0 nous partager, laquelle choisiriez-vous? Prenez le temps de la regarder. Que dit-elle?<\/p>\n\n\n\n<div class=\"wp-block-image\"><figure class=\"alignright size-large is-resized\"><img data-recalc-dims=\"1\" decoding=\"async\" data-attachment-id=\"3248\" data-permalink=\"https:\/\/bottesetvelo.com\/blog\/2018\/03\/30\/comme-un-grand-silence\/bottes-et-velo-embleme-3\/\" data-orig-file=\"https:\/\/i0.wp.com\/bottesetvelo.com\/blog\/wp-content\/uploads\/2018\/03\/Bottes-et-V%C3%A9lo-Embl%C3%AAme-1-e1522416719670.png?fit=100%2C79&amp;ssl=1\" data-orig-size=\"100,79\" data-comments-opened=\"1\" data-image-meta=\"{&quot;aperture&quot;:&quot;0&quot;,&quot;credit&quot;:&quot;&quot;,&quot;camera&quot;:&quot;&quot;,&quot;caption&quot;:&quot;&quot;,&quot;created_timestamp&quot;:&quot;0&quot;,&quot;copyright&quot;:&quot;&quot;,&quot;focal_length&quot;:&quot;0&quot;,&quot;iso&quot;:&quot;0&quot;,&quot;shutter_speed&quot;:&quot;0&quot;,&quot;title&quot;:&quot;&quot;,&quot;orientation&quot;:&quot;0&quot;}\" data-image-title=\"Bottes et V\u00e9lo &amp;#8211; Embl\u00eame\" data-image-description=\"\" data-image-caption=\"\" data-large-file=\"https:\/\/i0.wp.com\/bottesetvelo.com\/blog\/wp-content\/uploads\/2018\/03\/Bottes-et-V%C3%A9lo-Embl%C3%AAme-1-e1522416719670.png?fit=100%2C79&amp;ssl=1\" src=\"https:\/\/i0.wp.com\/bottesetvelo.com\/blog\/wp-content\/uploads\/2018\/03\/Bottes-et-V%C3%A9lo-Embl%C3%AAme-1-e1522416719670.png?w=70&#038;ssl=1\" alt=\"\" class=\"wp-image-3248\" \/><\/figure><\/div>\n\n\n\n<p>Brigitte Harouni<\/p>\n","protected":false},"excerpt":{"rendered":"<p>Photographier, c&rsquo;est mettre sur la m\u00eame ligne de mire la t\u00eate, l\u2019\u0153il et le c\u0153ur. Henri Cartier-Bresson La photographie, cet art autrefois r\u00e9serv\u00e9 aux adeptes talentueux, est rendue aujourd\u2019hui plus accessible \u00e0 tous. D\u2019ailleurs, l\u2019appareil photo n\u2019est jamais bien loin, et le r\u00e9sultat est imm\u00e9diat. &nbsp;Le collectionneur d\u2019instants fragiles et savoureux peut presque instantan\u00e9ment appr\u00e9cier&hellip;<\/p>\n","protected":false},"author":2,"featured_media":4221,"comment_status":"open","ping_status":"open","sticky":false,"template":"","format":"standard","meta":{"jetpack_post_was_ever_published":false,"_jetpack_newsletter_access":"","_jetpack_dont_email_post_to_subs":false,"_jetpack_newsletter_tier_id":0,"_jetpack_memberships_contains_paywalled_content":false,"_jetpack_memberships_contains_paid_content":false,"footnotes":"","jetpack_publicize_message":"Photo : trace d\u2019\u00e9motion\nEn #p\u00e8lerinage, les #photos sont innombrables. Au terme de sa #marche, le p\u00e8lerin aura fait plus de photos que de kilom\u00e8tres!\n#Compostelle","jetpack_publicize_feature_enabled":true,"jetpack_social_post_already_shared":true,"jetpack_social_options":{"image_generator_settings":{"template":"highway","default_image_id":0,"font":"","enabled":false},"version":2}},"categories":[50,9,39,171,3],"tags":[519,549,571,633],"class_list":["post-4217","post","type-post","status-publish","format-standard","has-post-thumbnail","hentry","category-art-de-vivre","category-chemins-de-pelerinage","category-croissance-personnelle","category-pelerinage","category-reflexions","tag-emotion","tag-pelerinage-2","tag-photo","tag-photographe"],"jetpack_publicize_connections":[],"jetpack_featured_media_url":"https:\/\/i0.wp.com\/bottesetvelo.com\/blog\/wp-content\/uploads\/2020\/11\/waterfalls-2987477_1920.jpg?fit=1920%2C1128&ssl=1","jetpack_shortlink":"https:\/\/wp.me\/p4eY6z-161","jetpack_sharing_enabled":true,"jetpack_likes_enabled":true,"jetpack-related-posts":[],"_links":{"self":[{"href":"https:\/\/bottesetvelo.com\/blog\/wp-json\/wp\/v2\/posts\/4217","targetHints":{"allow":["GET"]}}],"collection":[{"href":"https:\/\/bottesetvelo.com\/blog\/wp-json\/wp\/v2\/posts"}],"about":[{"href":"https:\/\/bottesetvelo.com\/blog\/wp-json\/wp\/v2\/types\/post"}],"author":[{"embeddable":true,"href":"https:\/\/bottesetvelo.com\/blog\/wp-json\/wp\/v2\/users\/2"}],"replies":[{"embeddable":true,"href":"https:\/\/bottesetvelo.com\/blog\/wp-json\/wp\/v2\/comments?post=4217"}],"version-history":[{"count":2,"href":"https:\/\/bottesetvelo.com\/blog\/wp-json\/wp\/v2\/posts\/4217\/revisions"}],"predecessor-version":[{"id":4225,"href":"https:\/\/bottesetvelo.com\/blog\/wp-json\/wp\/v2\/posts\/4217\/revisions\/4225"}],"wp:featuredmedia":[{"embeddable":true,"href":"https:\/\/bottesetvelo.com\/blog\/wp-json\/wp\/v2\/media\/4221"}],"wp:attachment":[{"href":"https:\/\/bottesetvelo.com\/blog\/wp-json\/wp\/v2\/media?parent=4217"}],"wp:term":[{"taxonomy":"category","embeddable":true,"href":"https:\/\/bottesetvelo.com\/blog\/wp-json\/wp\/v2\/categories?post=4217"},{"taxonomy":"post_tag","embeddable":true,"href":"https:\/\/bottesetvelo.com\/blog\/wp-json\/wp\/v2\/tags?post=4217"}],"curies":[{"name":"wp","href":"https:\/\/api.w.org\/{rel}","templated":true}]}}