{"id":4157,"date":"2020-09-25T14:06:12","date_gmt":"2020-09-25T18:06:12","guid":{"rendered":"http:\/\/bottesetvelo.com\/blog\/?p=4157"},"modified":"2020-09-25T14:06:12","modified_gmt":"2020-09-25T18:06:12","slug":"lautomne-de-la-vie","status":"publish","type":"post","link":"https:\/\/bottesetvelo.com\/blog\/2020\/09\/25\/lautomne-de-la-vie\/","title":{"rendered":"L&rsquo;automne de la vie"},"content":{"rendered":"\n<p class=\"has-drop-cap\">La fen\u00eatre de mon bureau a pris des couleurs ces derniers temps. Install\u00e9 \u00e0 l\u2019\u00e9tage, derri\u00e8re la rang\u00e9e de livres qui jouxte le bas de ma fen\u00eatre, la cime des arbres est lentement pass\u00e9e de ces d\u00e9licates d\u00e9clinaisons de verts \u00e0 ces teintes de jaune, de rouge et d\u2019orang\u00e9. Une autre saison de termin\u00e9e! Sans se rendre compte le temps est pass\u00e9. Il a fil\u00e9 entre nos doigts. La pand\u00e9mie en a grug\u00e9 les minutes, absorbant dans son d\u00e9sordre, l\u2019\u00e9t\u00e9 qui est pass\u00e9 en un \u00e9clair. Nous voici \u00e0 l\u2019automne, avec le sentiment que le temps nous a \u00e9chapp\u00e9. Tout est all\u00e9 trop vite!<\/p>\n\n\n\n<div class=\"wp-block-image\"><figure class=\"alignright size-large is-resized\"><img data-recalc-dims=\"1\" loading=\"lazy\" decoding=\"async\" data-attachment-id=\"4165\" data-permalink=\"https:\/\/bottesetvelo.com\/blog\/2020\/09\/25\/lautomne-de-la-vie\/heart-1776746-1\/\" data-orig-file=\"https:\/\/i0.wp.com\/bottesetvelo.com\/blog\/wp-content\/uploads\/2020\/09\/heart-1776746-1-scaled.jpg?fit=2560%2C1784&amp;ssl=1\" data-orig-size=\"2560,1784\" data-comments-opened=\"1\" data-image-meta=\"{&quot;aperture&quot;:&quot;0&quot;,&quot;credit&quot;:&quot;&quot;,&quot;camera&quot;:&quot;&quot;,&quot;caption&quot;:&quot;&quot;,&quot;created_timestamp&quot;:&quot;0&quot;,&quot;copyright&quot;:&quot;&quot;,&quot;focal_length&quot;:&quot;0&quot;,&quot;iso&quot;:&quot;0&quot;,&quot;shutter_speed&quot;:&quot;0&quot;,&quot;title&quot;:&quot;&quot;,&quot;orientation&quot;:&quot;0&quot;}\" data-image-title=\"heart-1776746-1\" data-image-description=\"\" data-image-caption=\"\" data-large-file=\"https:\/\/i0.wp.com\/bottesetvelo.com\/blog\/wp-content\/uploads\/2020\/09\/heart-1776746-1-scaled.jpg?fit=1024%2C713&amp;ssl=1\" src=\"https:\/\/i0.wp.com\/bottesetvelo.com\/blog\/wp-content\/uploads\/2020\/09\/heart-1776746-1.jpg?resize=350%2C243&#038;ssl=1\" alt=\"\" class=\"wp-image-4165\" width=\"350\" height=\"243\" srcset=\"https:\/\/i0.wp.com\/bottesetvelo.com\/blog\/wp-content\/uploads\/2020\/09\/heart-1776746-1-scaled.jpg?resize=1024%2C713&amp;ssl=1 1024w, https:\/\/i0.wp.com\/bottesetvelo.com\/blog\/wp-content\/uploads\/2020\/09\/heart-1776746-1-scaled.jpg?resize=500%2C348&amp;ssl=1 500w, https:\/\/i0.wp.com\/bottesetvelo.com\/blog\/wp-content\/uploads\/2020\/09\/heart-1776746-1-scaled.jpg?resize=768%2C535&amp;ssl=1 768w, https:\/\/i0.wp.com\/bottesetvelo.com\/blog\/wp-content\/uploads\/2020\/09\/heart-1776746-1-scaled.jpg?resize=1536%2C1070&amp;ssl=1 1536w, https:\/\/i0.wp.com\/bottesetvelo.com\/blog\/wp-content\/uploads\/2020\/09\/heart-1776746-1-scaled.jpg?resize=2048%2C1427&amp;ssl=1 2048w, https:\/\/i0.wp.com\/bottesetvelo.com\/blog\/wp-content\/uploads\/2020\/09\/heart-1776746-1-scaled.jpg?w=2340&amp;ssl=1 2340w\" sizes=\"auto, (max-width: 350px) 100vw, 350px\" \/><\/figure><\/div>\n\n\n\n<p>Confin\u00e9s, les heures se sont \u00e9coul\u00e9es \u00e0 vive allure. Rien de bien pr\u00e9cis cependant, juste le temps qui fuit, comme une vie qui s\u2019\u00e9coule en vain, qu\u2019on ex\u00e9cute de mani\u00e8re routini\u00e8re. Pourtant, pendant tout ce temps, nous avons maintenu un rythme, d\u00e9velopp\u00e9 une mani\u00e8re de vivre qui s\u2019adaptait au contexte et qui a pu \u00eatre satisfaisante jusqu&rsquo;\u00e0 un certain point. Mais, vient un temps o\u00f9 cela ne suffit plus. L\u2019heure est aux remises en question\u00a0: \u00ab\u00a0O\u00f9 vais-je \u00e0 vivre ainsi? \u00c0 quoi tout cela a-t-il servi?\u00a0\u00bb. Quand surviennent ces questions, quelque chose est m\u00fbr et n\u2019attend plus qu\u2019\u00e0 \u00eatre cueilli. C\u2019est l\u2019automne de la vie. Un temps que nous exp\u00e9rimentons tous, \u00e0 plusieurs reprises, et qui appelle un changement.<\/p>\n\n\n\n<p>L\u2019automne est une saison particuli\u00e8re. M\u00eame s\u2019il annonce la fin d\u2019un cycle, il est aussi le temps des r\u00e9coltes, celui qui r\u00e9v\u00e8le le parcours d\u2019un fruit devenu m\u00fbr, d\u2019une feuille devenue mature. Dans le cas de la feuille, le processus est d\u2019autant plus parlant qu\u2019il donne \u00e0 entendre bien plus qu\u2019un simple ph\u00e9nom\u00e8ne de photosynth\u00e8se.<\/p>\n\n\n\n<div class=\"wp-block-image\"><figure class=\"alignright size-large is-resized\"><img data-recalc-dims=\"1\" loading=\"lazy\" decoding=\"async\" data-attachment-id=\"4159\" data-permalink=\"https:\/\/bottesetvelo.com\/blog\/2020\/09\/25\/lautomne-de-la-vie\/fall-1072821-1\/\" data-orig-file=\"https:\/\/i0.wp.com\/bottesetvelo.com\/blog\/wp-content\/uploads\/2020\/09\/fall-1072821-1-scaled.jpg?fit=2560%2C1707&amp;ssl=1\" data-orig-size=\"2560,1707\" data-comments-opened=\"1\" data-image-meta=\"{&quot;aperture&quot;:&quot;0&quot;,&quot;credit&quot;:&quot;&quot;,&quot;camera&quot;:&quot;&quot;,&quot;caption&quot;:&quot;&quot;,&quot;created_timestamp&quot;:&quot;0&quot;,&quot;copyright&quot;:&quot;&quot;,&quot;focal_length&quot;:&quot;0&quot;,&quot;iso&quot;:&quot;0&quot;,&quot;shutter_speed&quot;:&quot;0&quot;,&quot;title&quot;:&quot;&quot;,&quot;orientation&quot;:&quot;0&quot;}\" data-image-title=\"fall-1072821-1\" data-image-description=\"\" data-image-caption=\"\" data-large-file=\"https:\/\/i0.wp.com\/bottesetvelo.com\/blog\/wp-content\/uploads\/2020\/09\/fall-1072821-1-scaled.jpg?fit=1024%2C683&amp;ssl=1\" src=\"https:\/\/i0.wp.com\/bottesetvelo.com\/blog\/wp-content\/uploads\/2020\/09\/fall-1072821-1.jpg?resize=350%2C233&#038;ssl=1\" alt=\"\" class=\"wp-image-4159\" width=\"350\" height=\"233\" srcset=\"https:\/\/i0.wp.com\/bottesetvelo.com\/blog\/wp-content\/uploads\/2020\/09\/fall-1072821-1-scaled.jpg?resize=1024%2C683&amp;ssl=1 1024w, https:\/\/i0.wp.com\/bottesetvelo.com\/blog\/wp-content\/uploads\/2020\/09\/fall-1072821-1-scaled.jpg?resize=500%2C333&amp;ssl=1 500w, https:\/\/i0.wp.com\/bottesetvelo.com\/blog\/wp-content\/uploads\/2020\/09\/fall-1072821-1-scaled.jpg?resize=768%2C512&amp;ssl=1 768w, https:\/\/i0.wp.com\/bottesetvelo.com\/blog\/wp-content\/uploads\/2020\/09\/fall-1072821-1-scaled.jpg?resize=1536%2C1024&amp;ssl=1 1536w, https:\/\/i0.wp.com\/bottesetvelo.com\/blog\/wp-content\/uploads\/2020\/09\/fall-1072821-1-scaled.jpg?resize=2048%2C1365&amp;ssl=1 2048w, https:\/\/i0.wp.com\/bottesetvelo.com\/blog\/wp-content\/uploads\/2020\/09\/fall-1072821-1-scaled.jpg?w=2340&amp;ssl=1 2340w\" sizes=\"auto, (max-width: 350px) 100vw, 350px\" \/><\/figure><\/div>\n\n\n\n<p>Ann\u00e9e apr\u00e8s ann\u00e9e, le m\u00eame processus se manifeste. Avec l\u2019automne, la chlorophylle cesse de surinvestir les nervures de la feuille qui lui donne sa teinte verte. Ce qui \u00e9tait latent peut alors prendre le dessus et les \u00ab&nbsp;vraies couleurs&nbsp;\u00bb de la feuille apparaissent. Aussi n\u2019est-ce pas sans raison si l\u2019on dit d\u2019un petit nouveau qu\u2019il est un \u00ab&nbsp;vert&nbsp;\u00bb, la couleur r\u00e9v\u00e8le l\u2019\u00e9tat de maturit\u00e9! Le vert est la couleur de l\u2019apprentissage, de la maturation et de la r\u00e9p\u00e9tition. Et, m\u00eame si des couleurs particuli\u00e8res habitent la feuille d\u00e8s sa naissance, il lui faut traverser les multiples saisons de sa vie pour parvenir \u00e0 la pleine affirmation de sa pigmentation.<\/p>\n\n\n\n<p>Avec le soleil d\u00e9clinant de l\u2019automne, alors que la lumi\u00e8re change, les vraies couleurs peuvent paraitre. Certaines s\u2019affirment de mani\u00e8re timide. Demeurant dans des teintes de lime et citron, elles se r\u00e9v\u00e8lent dans la discr\u00e9tion. D\u2019autres, plus fougueuses, s\u2019emportent, flamboyantes comme des robes gitanes. Elles m\u00e9langent les safrans \u00e0 des pourpres endiabl\u00e9s. L\u2019automne de la vie lib\u00e8re ce qui est m\u00fbr. Il offre la possibilit\u00e9 de na\u00eetre, un chemin qui n\u2019est pas sans rappeler celui de notre humanit\u00e9&#8230;<\/p>\n\n\n\n<div class=\"wp-block-image\"><figure class=\"alignright size-large is-resized\"><img data-recalc-dims=\"1\" loading=\"lazy\" decoding=\"async\" data-attachment-id=\"4161\" data-permalink=\"https:\/\/bottesetvelo.com\/blog\/2020\/09\/25\/lautomne-de-la-vie\/apple-1873078-1\/\" data-orig-file=\"https:\/\/i0.wp.com\/bottesetvelo.com\/blog\/wp-content\/uploads\/2020\/09\/apple-1873078-1-scaled.jpg?fit=2560%2C1635&amp;ssl=1\" data-orig-size=\"2560,1635\" data-comments-opened=\"1\" data-image-meta=\"{&quot;aperture&quot;:&quot;0&quot;,&quot;credit&quot;:&quot;&quot;,&quot;camera&quot;:&quot;&quot;,&quot;caption&quot;:&quot;&quot;,&quot;created_timestamp&quot;:&quot;0&quot;,&quot;copyright&quot;:&quot;&quot;,&quot;focal_length&quot;:&quot;0&quot;,&quot;iso&quot;:&quot;0&quot;,&quot;shutter_speed&quot;:&quot;0&quot;,&quot;title&quot;:&quot;&quot;,&quot;orientation&quot;:&quot;0&quot;}\" data-image-title=\"apple-1873078-1\" data-image-description=\"\" data-image-caption=\"\" data-large-file=\"https:\/\/i0.wp.com\/bottesetvelo.com\/blog\/wp-content\/uploads\/2020\/09\/apple-1873078-1-scaled.jpg?fit=1024%2C654&amp;ssl=1\" src=\"https:\/\/i0.wp.com\/bottesetvelo.com\/blog\/wp-content\/uploads\/2020\/09\/apple-1873078-1.jpg?resize=350%2C223&#038;ssl=1\" alt=\"\" class=\"wp-image-4161\" width=\"350\" height=\"223\" srcset=\"https:\/\/i0.wp.com\/bottesetvelo.com\/blog\/wp-content\/uploads\/2020\/09\/apple-1873078-1-scaled.jpg?resize=1024%2C654&amp;ssl=1 1024w, https:\/\/i0.wp.com\/bottesetvelo.com\/blog\/wp-content\/uploads\/2020\/09\/apple-1873078-1-scaled.jpg?resize=500%2C319&amp;ssl=1 500w, https:\/\/i0.wp.com\/bottesetvelo.com\/blog\/wp-content\/uploads\/2020\/09\/apple-1873078-1-scaled.jpg?resize=768%2C490&amp;ssl=1 768w, https:\/\/i0.wp.com\/bottesetvelo.com\/blog\/wp-content\/uploads\/2020\/09\/apple-1873078-1-scaled.jpg?resize=1536%2C981&amp;ssl=1 1536w, https:\/\/i0.wp.com\/bottesetvelo.com\/blog\/wp-content\/uploads\/2020\/09\/apple-1873078-1-scaled.jpg?resize=2048%2C1308&amp;ssl=1 2048w, https:\/\/i0.wp.com\/bottesetvelo.com\/blog\/wp-content\/uploads\/2020\/09\/apple-1873078-1-scaled.jpg?w=2340&amp;ssl=1 2340w\" sizes=\"auto, (max-width: 350px) 100vw, 350px\" \/><\/figure><\/div>\n\n\n\n<p>\u00ab&nbsp;Chaque chose vient en son temps&nbsp;\u00bb&nbsp;: disait le vieux Qoh\u00e8leth. Processus de maturation oblige, chaque pas compte. Le chemin est toujours \u00e0 refaire pour parvenir \u00e0 sa pleine maturit\u00e9. Et, m\u00eame si les offres de la \u00ab&nbsp;chlorophylle globale&nbsp;\u00bb sont nombreuses \u00e0 teinter nos personnalit\u00e9s, ce n\u2019est qu\u2019en faisant le chemin que notre vraie nature tend \u00e0 se r\u00e9v\u00e9ler. <\/p>\n\n\n\n<p>Il convient donc de retenir que chaque \u00e9v\u00e9nement (pand\u00e9mie ou autre) me provoque dans ce que je suis. Qu\u2019il colore ma vie, pendant un certain temps, du vert de l\u2019apprentissage. Qu\u2019il m&rsquo;oblige \u00e0 quitter mes routines pour en inventer de nouvelles. \u00c0 travers ce mouvement, un \u00e9clairage nouveau est jet\u00e9 sur ma vie. Il me conduit \u00e0 pr\u00e9ciser mes couleurs en me rapprochant, chaque fois, un peu plus de cette v\u00e9rit\u00e9 qui m&rsquo;habite.<\/p>\n\n\n\n<div class=\"wp-block-image\"><figure class=\"alignright size-large\"><img data-recalc-dims=\"1\" loading=\"lazy\" decoding=\"async\" width=\"100\" height=\"79\" data-attachment-id=\"3248\" data-permalink=\"https:\/\/bottesetvelo.com\/blog\/2018\/03\/30\/comme-un-grand-silence\/bottes-et-velo-embleme-3\/\" data-orig-file=\"https:\/\/i0.wp.com\/bottesetvelo.com\/blog\/wp-content\/uploads\/2018\/03\/Bottes-et-V%C3%A9lo-Embl%C3%AAme-1-e1522416719670.png?fit=100%2C79&amp;ssl=1\" data-orig-size=\"100,79\" data-comments-opened=\"1\" data-image-meta=\"{&quot;aperture&quot;:&quot;0&quot;,&quot;credit&quot;:&quot;&quot;,&quot;camera&quot;:&quot;&quot;,&quot;caption&quot;:&quot;&quot;,&quot;created_timestamp&quot;:&quot;0&quot;,&quot;copyright&quot;:&quot;&quot;,&quot;focal_length&quot;:&quot;0&quot;,&quot;iso&quot;:&quot;0&quot;,&quot;shutter_speed&quot;:&quot;0&quot;,&quot;title&quot;:&quot;&quot;,&quot;orientation&quot;:&quot;0&quot;}\" data-image-title=\"Bottes et V\u00e9lo &amp;#8211; Embl\u00eame\" data-image-description=\"\" data-image-caption=\"\" data-large-file=\"https:\/\/i0.wp.com\/bottesetvelo.com\/blog\/wp-content\/uploads\/2018\/03\/Bottes-et-V%C3%A9lo-Embl%C3%AAme-1-e1522416719670.png?fit=100%2C79&amp;ssl=1\" src=\"https:\/\/i0.wp.com\/bottesetvelo.com\/blog\/wp-content\/uploads\/2018\/03\/Bottes-et-V%C3%A9lo-Embl%C3%AAme-1-e1522416719670.png?resize=100%2C79&#038;ssl=1\" alt=\"\" class=\"wp-image-3248\"\/><\/figure><\/div>\n\n\n\n<p>\u00c9ric Lalibert\u00e9<\/p>\n","protected":false},"excerpt":{"rendered":"<p>La fen\u00eatre de mon bureau a pris des couleurs ces derniers temps. Install\u00e9 \u00e0 l\u2019\u00e9tage, derri\u00e8re la rang\u00e9e de livres qui jouxte le bas de ma fen\u00eatre, la cime des arbres est lentement pass\u00e9e de ces d\u00e9licates d\u00e9clinaisons de verts \u00e0 ces teintes de jaune, de rouge et d\u2019orang\u00e9. Une autre saison de termin\u00e9e! Sans&hellip;<\/p>\n","protected":false},"author":3,"featured_media":4159,"comment_status":"open","ping_status":"open","sticky":false,"template":"","format":"standard","meta":{"jetpack_post_was_ever_published":false,"_jetpack_newsletter_access":"","_jetpack_dont_email_post_to_subs":false,"_jetpack_newsletter_tier_id":0,"_jetpack_memberships_contains_paywalled_content":false,"_jetpack_memberships_contains_paid_content":false,"footnotes":"","jetpack_publicize_message":"L'automne de la vie\nUne autre saison de termin\u00e9e! Sans se rendre compte le temps est pass\u00e9. Il a fil\u00e9 entre nos doigts. La pand\u00e9mie en a grug\u00e9 les minutes, absorbant dans son d\u00e9sordre, l\u2019\u00e9t\u00e9 qui est pass\u00e9 en un \u00e9clair.","jetpack_publicize_feature_enabled":true,"jetpack_social_post_already_shared":true,"jetpack_social_options":{"image_generator_settings":{"template":"highway","default_image_id":0,"font":"","enabled":false},"version":2}},"categories":[50,379,3],"tags":[624,283,625,198],"class_list":["post-4157","post","type-post","status-publish","format-standard","has-post-thumbnail","hentry","category-art-de-vivre","category-chemin-de-transformation","category-reflexions","tag-automne-de-la-vie","tag-cheminement-spirituel","tag-maturation","tag-passage"],"jetpack_publicize_connections":[],"jetpack_featured_media_url":"https:\/\/i0.wp.com\/bottesetvelo.com\/blog\/wp-content\/uploads\/2020\/09\/fall-1072821-1-scaled.jpg?fit=2560%2C1707&ssl=1","jetpack_shortlink":"https:\/\/wp.me\/p4eY6z-153","jetpack_sharing_enabled":true,"jetpack_likes_enabled":true,"jetpack-related-posts":[],"_links":{"self":[{"href":"https:\/\/bottesetvelo.com\/blog\/wp-json\/wp\/v2\/posts\/4157","targetHints":{"allow":["GET"]}}],"collection":[{"href":"https:\/\/bottesetvelo.com\/blog\/wp-json\/wp\/v2\/posts"}],"about":[{"href":"https:\/\/bottesetvelo.com\/blog\/wp-json\/wp\/v2\/types\/post"}],"author":[{"embeddable":true,"href":"https:\/\/bottesetvelo.com\/blog\/wp-json\/wp\/v2\/users\/3"}],"replies":[{"embeddable":true,"href":"https:\/\/bottesetvelo.com\/blog\/wp-json\/wp\/v2\/comments?post=4157"}],"version-history":[{"count":5,"href":"https:\/\/bottesetvelo.com\/blog\/wp-json\/wp\/v2\/posts\/4157\/revisions"}],"predecessor-version":[{"id":4169,"href":"https:\/\/bottesetvelo.com\/blog\/wp-json\/wp\/v2\/posts\/4157\/revisions\/4169"}],"wp:featuredmedia":[{"embeddable":true,"href":"https:\/\/bottesetvelo.com\/blog\/wp-json\/wp\/v2\/media\/4159"}],"wp:attachment":[{"href":"https:\/\/bottesetvelo.com\/blog\/wp-json\/wp\/v2\/media?parent=4157"}],"wp:term":[{"taxonomy":"category","embeddable":true,"href":"https:\/\/bottesetvelo.com\/blog\/wp-json\/wp\/v2\/categories?post=4157"},{"taxonomy":"post_tag","embeddable":true,"href":"https:\/\/bottesetvelo.com\/blog\/wp-json\/wp\/v2\/tags?post=4157"}],"curies":[{"name":"wp","href":"https:\/\/api.w.org\/{rel}","templated":true}]}}