{"id":4142,"date":"2020-09-11T12:07:29","date_gmt":"2020-09-11T16:07:29","guid":{"rendered":"http:\/\/bottesetvelo.com\/blog\/?p=4142"},"modified":"2020-09-11T12:07:29","modified_gmt":"2020-09-11T16:07:29","slug":"pour-le-plus-grand-bien-commun","status":"publish","type":"post","link":"https:\/\/bottesetvelo.com\/blog\/2020\/09\/11\/pour-le-plus-grand-bien-commun\/","title":{"rendered":"Pour le plus grand bien commun"},"content":{"rendered":"\n<blockquote class=\"wp-block-quote is-layout-flow wp-block-quote-is-layout-flow\"><p>\u00ab\u00a0Il ne s&rsquo;agit pas de savoir ce qui te convient, ou ce qui me convient, mais d&rsquo;entendre si cela fait du bien ou non \u00e0 notre relation.\u00a0\u00bb<\/p><cite>Jacques Salom\u00e9<\/cite><\/blockquote>\n\n\n\n<div class=\"wp-block-image\"><figure class=\"alignright size-large is-resized\"><img data-recalc-dims=\"1\" decoding=\"async\" data-attachment-id=\"4144\" data-permalink=\"https:\/\/bottesetvelo.com\/blog\/2020\/09\/11\/pour-le-plus-grand-bien-commun\/laptop-3196481_1920-1\/\" data-orig-file=\"https:\/\/i0.wp.com\/bottesetvelo.com\/blog\/wp-content\/uploads\/2020\/09\/laptop-3196481_1920-1.jpg?fit=1920%2C1280&amp;ssl=1\" data-orig-size=\"1920,1280\" data-comments-opened=\"1\" data-image-meta=\"{&quot;aperture&quot;:&quot;0&quot;,&quot;credit&quot;:&quot;&quot;,&quot;camera&quot;:&quot;&quot;,&quot;caption&quot;:&quot;&quot;,&quot;created_timestamp&quot;:&quot;0&quot;,&quot;copyright&quot;:&quot;&quot;,&quot;focal_length&quot;:&quot;0&quot;,&quot;iso&quot;:&quot;0&quot;,&quot;shutter_speed&quot;:&quot;0&quot;,&quot;title&quot;:&quot;&quot;,&quot;orientation&quot;:&quot;0&quot;}\" data-image-title=\"laptop-3196481_1920-1\" data-image-description=\"\" data-image-caption=\"\" data-large-file=\"https:\/\/i0.wp.com\/bottesetvelo.com\/blog\/wp-content\/uploads\/2020\/09\/laptop-3196481_1920-1.jpg?fit=1024%2C683&amp;ssl=1\" src=\"https:\/\/i0.wp.com\/bottesetvelo.com\/blog\/wp-content\/uploads\/2020\/09\/laptop-3196481_1920-1.jpg?w=350&#038;ssl=1\" alt=\"\" class=\"wp-image-4144\"  srcset=\"https:\/\/i0.wp.com\/bottesetvelo.com\/blog\/wp-content\/uploads\/2020\/09\/laptop-3196481_1920-1.jpg?resize=1024%2C683&amp;ssl=1 1024w, https:\/\/i0.wp.com\/bottesetvelo.com\/blog\/wp-content\/uploads\/2020\/09\/laptop-3196481_1920-1.jpg?resize=500%2C333&amp;ssl=1 500w, https:\/\/i0.wp.com\/bottesetvelo.com\/blog\/wp-content\/uploads\/2020\/09\/laptop-3196481_1920-1.jpg?resize=768%2C512&amp;ssl=1 768w, https:\/\/i0.wp.com\/bottesetvelo.com\/blog\/wp-content\/uploads\/2020\/09\/laptop-3196481_1920-1.jpg?resize=1536%2C1024&amp;ssl=1 1536w, https:\/\/i0.wp.com\/bottesetvelo.com\/blog\/wp-content\/uploads\/2020\/09\/laptop-3196481_1920-1.jpg?w=1920&amp;ssl=1 1920w\" sizes=\"(max-width: 1024px) 100vw, 1024px\" \/><\/figure><\/div>\n\n\n\n<p>Depuis plusieurs ann\u00e9es, graduellement, plusieurs d\u00e9partements et services ont modifi\u00e9 leur approche pour tendre vers une vision plus administrative de leurs rapports interpersonnels. L\u2019approche client a envahi nos institutions, m\u00eame les plus humaines. Employeur-employ\u00e9, utilisateur-payeur, acheteur-service, sont d\u00e9sormais des concepts cl\u00e9s r\u00e9gissant bon nombre de rapports humains. Les d\u00e9partements de ressources humaines actuels sont souvent essentiellement un recueil de r\u00e8gles et de conventions n\u00e9goci\u00e9es laissant peu de place \u00e0 l\u2019intervention sensible. Subtilement, l\u2019organisation du travail a donn\u00e9 le ton au mode de relation que nous entretenons entre nous au quotidien.<\/p>\n\n\n\n<p>Avec le confinement, qu\u2019il soit \u00e0 petite \u00e9chelle dans les foyers ou \u00e0 plus grande dans la province, on a vu des conflits apparaitre. Les comportements de \u00ab&nbsp;consommateur&nbsp;\u00bb et de \u00ab&nbsp;client&nbsp;\u00bb sont d\u00e9cri\u00e9s. Certains se servent et utilisent sans \u00e9gards aux besoins des autres. Certains exigent de fa\u00e7on cavali\u00e8re, sans consid\u00e9ration face \u00e0 la r\u00e9alit\u00e9 des autres. Quel que soit le contexte, tout individu est immanquablement en relation. Il y a toujours un moi et un autre. Et que cet autre soit une personne, un animal, un objet, un \u00e9l\u00e9ment de la nature, d\u00e8s qu\u2019il y a un \u00e9l\u00e9ment ext\u00e9rieur \u00e0 soi, il y a forc\u00e9ment relation, rapport \u00e0 l\u2019autre. Actuellement la cohabitation, la dur\u00e9e et la proximit\u00e9 mettent en relief l\u2019\u00e9gocentrisme insoup\u00e7onn\u00e9 qui d\u00e9finit nos comportements relationnels.<\/p>\n\n\n\n<div class=\"wp-block-image\"><figure class=\"alignright size-large is-resized\"><img data-recalc-dims=\"1\" decoding=\"async\" data-attachment-id=\"4145\" data-permalink=\"https:\/\/bottesetvelo.com\/blog\/2020\/09\/11\/pour-le-plus-grand-bien-commun\/sandy-831605_1920\/\" data-orig-file=\"https:\/\/i0.wp.com\/bottesetvelo.com\/blog\/wp-content\/uploads\/2020\/09\/sandy-831605_1920.jpg?fit=1920%2C1280&amp;ssl=1\" data-orig-size=\"1920,1280\" data-comments-opened=\"1\" data-image-meta=\"{&quot;aperture&quot;:&quot;0&quot;,&quot;credit&quot;:&quot;&quot;,&quot;camera&quot;:&quot;&quot;,&quot;caption&quot;:&quot;&quot;,&quot;created_timestamp&quot;:&quot;0&quot;,&quot;copyright&quot;:&quot;&quot;,&quot;focal_length&quot;:&quot;0&quot;,&quot;iso&quot;:&quot;0&quot;,&quot;shutter_speed&quot;:&quot;0&quot;,&quot;title&quot;:&quot;&quot;,&quot;orientation&quot;:&quot;0&quot;}\" data-image-title=\"sandy-831605_1920\" data-image-description=\"\" data-image-caption=\"\" data-large-file=\"https:\/\/i0.wp.com\/bottesetvelo.com\/blog\/wp-content\/uploads\/2020\/09\/sandy-831605_1920.jpg?fit=1024%2C683&amp;ssl=1\" src=\"https:\/\/i0.wp.com\/bottesetvelo.com\/blog\/wp-content\/uploads\/2020\/09\/sandy-831605_1920.jpg?w=350&#038;ssl=1\" alt=\"\" class=\"wp-image-4145\"  srcset=\"https:\/\/i0.wp.com\/bottesetvelo.com\/blog\/wp-content\/uploads\/2020\/09\/sandy-831605_1920.jpg?resize=1024%2C683&amp;ssl=1 1024w, https:\/\/i0.wp.com\/bottesetvelo.com\/blog\/wp-content\/uploads\/2020\/09\/sandy-831605_1920.jpg?resize=500%2C333&amp;ssl=1 500w, https:\/\/i0.wp.com\/bottesetvelo.com\/blog\/wp-content\/uploads\/2020\/09\/sandy-831605_1920.jpg?resize=768%2C512&amp;ssl=1 768w, https:\/\/i0.wp.com\/bottesetvelo.com\/blog\/wp-content\/uploads\/2020\/09\/sandy-831605_1920.jpg?resize=1536%2C1024&amp;ssl=1 1536w, https:\/\/i0.wp.com\/bottesetvelo.com\/blog\/wp-content\/uploads\/2020\/09\/sandy-831605_1920.jpg?w=1920&amp;ssl=1 1920w\" sizes=\"(max-width: 1024px) 100vw, 1024px\" \/><\/figure><\/div>\n\n\n\n<p>Dans le contexte d\u2019une soci\u00e9t\u00e9 valorisant toujours davantage l\u2019autonomie et l\u2019individualisme, la conscience de l\u2019autre semble s\u2019effriter. Pourtant l\u2019autre demeure une r\u00e9alit\u00e9 incontournable. Avoir conscience de l\u2019autre et de la relation qui nous unit requiert une sensibilit\u00e9 d\u00e9centr\u00e9e de ses besoins. Cela impose de reconnaitre des limites \u00e0 son propre champ d\u2019action. Il n\u2019est pas question ici d\u2019empathie, mais simplement dans un premier temps, d\u2019\u00eatre conscient de l\u2019autre, de la place qu\u2019il occupe, de sa r\u00e9alit\u00e9 et de la dynamique qui nous relie.<\/p>\n\n\n\n<div class=\"wp-block-image\"><figure class=\"alignright size-large is-resized\"><img data-recalc-dims=\"1\" decoding=\"async\" data-attachment-id=\"4147\" data-permalink=\"https:\/\/bottesetvelo.com\/blog\/2020\/09\/11\/pour-le-plus-grand-bien-commun\/2018-07-16-10-16-58-2\/\" data-orig-file=\"https:\/\/i0.wp.com\/bottesetvelo.com\/blog\/wp-content\/uploads\/2020\/09\/2018-07-16-10.16.58-scaled.jpg?fit=2560%2C1244&amp;ssl=1\" data-orig-size=\"2560,1244\" data-comments-opened=\"1\" data-image-meta=\"{&quot;aperture&quot;:&quot;1.7&quot;,&quot;credit&quot;:&quot;&quot;,&quot;camera&quot;:&quot;SM-G950W&quot;,&quot;caption&quot;:&quot;&quot;,&quot;created_timestamp&quot;:&quot;1531736218&quot;,&quot;copyright&quot;:&quot;&quot;,&quot;focal_length&quot;:&quot;4.25&quot;,&quot;iso&quot;:&quot;50&quot;,&quot;shutter_speed&quot;:&quot;0.000443262411348&quot;,&quot;title&quot;:&quot;&quot;,&quot;orientation&quot;:&quot;1&quot;}\" data-image-title=\"2018-07-16-10.16.58\" data-image-description=\"\" data-image-caption=\"\" data-large-file=\"https:\/\/i0.wp.com\/bottesetvelo.com\/blog\/wp-content\/uploads\/2020\/09\/2018-07-16-10.16.58-scaled.jpg?fit=1024%2C498&amp;ssl=1\" src=\"https:\/\/i0.wp.com\/bottesetvelo.com\/blog\/wp-content\/uploads\/2020\/09\/2018-07-16-10.16.58.jpg?w=350&#038;ssl=1\" alt=\"\" class=\"wp-image-4147\"  srcset=\"https:\/\/i0.wp.com\/bottesetvelo.com\/blog\/wp-content\/uploads\/2020\/09\/2018-07-16-10.16.58-scaled.jpg?resize=1024%2C498&amp;ssl=1 1024w, https:\/\/i0.wp.com\/bottesetvelo.com\/blog\/wp-content\/uploads\/2020\/09\/2018-07-16-10.16.58-scaled.jpg?resize=500%2C243&amp;ssl=1 500w, https:\/\/i0.wp.com\/bottesetvelo.com\/blog\/wp-content\/uploads\/2020\/09\/2018-07-16-10.16.58-scaled.jpg?resize=768%2C373&amp;ssl=1 768w, https:\/\/i0.wp.com\/bottesetvelo.com\/blog\/wp-content\/uploads\/2020\/09\/2018-07-16-10.16.58-scaled.jpg?resize=1536%2C747&amp;ssl=1 1536w, https:\/\/i0.wp.com\/bottesetvelo.com\/blog\/wp-content\/uploads\/2020\/09\/2018-07-16-10.16.58-scaled.jpg?resize=2048%2C996&amp;ssl=1 2048w, https:\/\/i0.wp.com\/bottesetvelo.com\/blog\/wp-content\/uploads\/2020\/09\/2018-07-16-10.16.58-scaled.jpg?w=2340&amp;ssl=1 2340w\" sizes=\"(max-width: 1024px) 100vw, 1024px\" \/><\/figure><\/div>\n\n\n\n<p>En p\u00e8lerinage, apr\u00e8s quelques jours de p\u00e9r\u00e9grinations et de vie communautaire, les notions de respect et d\u2019\u00e9quit\u00e9 commencent \u00e0 se faire entendre. Penser \u00e0 prendre une douche rapide, prendre une juste part du repas, ne pas faire de bruit dans le dortoir, ramasser ses d\u00e9chets, \u2026 Un savoir-vivre ensemble s\u2019impose que chacun aura \u00e0 apprendre en aiguisant ses antennes, en affinant ses perceptions et en tournant son regard vers cet autre qui partage l\u2019espace. Car prendre en consid\u00e9ration l\u2019autre, c\u2019est lui laisser la place qui lui revient; son espace vital. Au fil des jours, le p\u00e8lerin grandit en maturit\u00e9 sociale. Des comportements le bousculent dans ses fa\u00e7ons de faire. Il se questionne, observe, cherche \u00e0 s\u2019adapter pour contribuer \u00e0 l\u2019\u00e9quilibre collectif. Il d\u00e9veloppe, parfois malgr\u00e9 lui, une sensibilit\u00e9 \u00e0 la r\u00e9alit\u00e9 qui l\u2019entoure, s\u2019ajustant aux lieux qu\u2019il traverse et aux gens qui habitent sa route.<\/p>\n\n\n\n<div class=\"wp-block-image\"><figure class=\"alignright size-large is-resized\"><img data-recalc-dims=\"1\" decoding=\"async\" data-attachment-id=\"4148\" data-permalink=\"https:\/\/bottesetvelo.com\/blog\/2020\/09\/11\/pour-le-plus-grand-bien-commun\/adventure-1807524_1920\/\" data-orig-file=\"https:\/\/i0.wp.com\/bottesetvelo.com\/blog\/wp-content\/uploads\/2020\/09\/adventure-1807524_1920.jpg?fit=1920%2C1177&amp;ssl=1\" data-orig-size=\"1920,1177\" data-comments-opened=\"1\" data-image-meta=\"{&quot;aperture&quot;:&quot;0&quot;,&quot;credit&quot;:&quot;&quot;,&quot;camera&quot;:&quot;&quot;,&quot;caption&quot;:&quot;&quot;,&quot;created_timestamp&quot;:&quot;0&quot;,&quot;copyright&quot;:&quot;&quot;,&quot;focal_length&quot;:&quot;0&quot;,&quot;iso&quot;:&quot;0&quot;,&quot;shutter_speed&quot;:&quot;0&quot;,&quot;title&quot;:&quot;&quot;,&quot;orientation&quot;:&quot;0&quot;}\" data-image-title=\"adventure-1807524_1920\" data-image-description=\"\" data-image-caption=\"\" data-large-file=\"https:\/\/i0.wp.com\/bottesetvelo.com\/blog\/wp-content\/uploads\/2020\/09\/adventure-1807524_1920.jpg?fit=1024%2C628&amp;ssl=1\" src=\"https:\/\/i0.wp.com\/bottesetvelo.com\/blog\/wp-content\/uploads\/2020\/09\/adventure-1807524_1920.jpg?w=350&#038;ssl=1\" alt=\"\" class=\"wp-image-4148\"  srcset=\"https:\/\/i0.wp.com\/bottesetvelo.com\/blog\/wp-content\/uploads\/2020\/09\/adventure-1807524_1920.jpg?resize=1024%2C628&amp;ssl=1 1024w, https:\/\/i0.wp.com\/bottesetvelo.com\/blog\/wp-content\/uploads\/2020\/09\/adventure-1807524_1920.jpg?resize=500%2C307&amp;ssl=1 500w, https:\/\/i0.wp.com\/bottesetvelo.com\/blog\/wp-content\/uploads\/2020\/09\/adventure-1807524_1920.jpg?resize=768%2C471&amp;ssl=1 768w, https:\/\/i0.wp.com\/bottesetvelo.com\/blog\/wp-content\/uploads\/2020\/09\/adventure-1807524_1920.jpg?resize=1536%2C942&amp;ssl=1 1536w, https:\/\/i0.wp.com\/bottesetvelo.com\/blog\/wp-content\/uploads\/2020\/09\/adventure-1807524_1920.jpg?w=1920&amp;ssl=1 1920w\" sizes=\"(max-width: 1024px) 100vw, 1024px\" \/><\/figure><\/div>\n\n\n\n<p>Le savoir-vivre ensemble s\u2019enseigne difficilement. Il s\u2019acquiert \u00e0 travers l\u2019exp\u00e9rience et la pratique. Chacun apprend \u00e0 trouver une juste place confortable respectant les limites et besoins de l\u2019autre. Un processus d\u2019ajustement bien complexe. Prendre conscience d\u2019\u00eatre reli\u00e9 \u00e0 l\u2019autre est le premier pas vers un mieux vivre ensemble. Dans un lien, il y a deux extr\u00e9mit\u00e9s. Chacun a \u00e0 faire sa part pour entretenir une saine relation. L\u2019autre n\u2019est alors ni \u00e0 mon service, ni dans le camp adverse. Nous jouons tous dans la m\u00eame \u00e9quipe. Alors apprenons \u00e0 nous faire des passes!<\/p>\n\n\n\n<div class=\"wp-block-image\"><figure class=\"alignright size-large\"><img data-recalc-dims=\"1\" loading=\"lazy\" decoding=\"async\" width=\"100\" height=\"79\" data-attachment-id=\"3248\" data-permalink=\"https:\/\/bottesetvelo.com\/blog\/2018\/03\/30\/comme-un-grand-silence\/bottes-et-velo-embleme-3\/\" data-orig-file=\"https:\/\/i0.wp.com\/bottesetvelo.com\/blog\/wp-content\/uploads\/2018\/03\/Bottes-et-V%C3%A9lo-Embl%C3%AAme-1-e1522416719670.png?fit=100%2C79&amp;ssl=1\" data-orig-size=\"100,79\" data-comments-opened=\"1\" data-image-meta=\"{&quot;aperture&quot;:&quot;0&quot;,&quot;credit&quot;:&quot;&quot;,&quot;camera&quot;:&quot;&quot;,&quot;caption&quot;:&quot;&quot;,&quot;created_timestamp&quot;:&quot;0&quot;,&quot;copyright&quot;:&quot;&quot;,&quot;focal_length&quot;:&quot;0&quot;,&quot;iso&quot;:&quot;0&quot;,&quot;shutter_speed&quot;:&quot;0&quot;,&quot;title&quot;:&quot;&quot;,&quot;orientation&quot;:&quot;0&quot;}\" data-image-title=\"Bottes et V\u00e9lo &amp;#8211; Embl\u00eame\" data-image-description=\"\" data-image-caption=\"\" data-large-file=\"https:\/\/i0.wp.com\/bottesetvelo.com\/blog\/wp-content\/uploads\/2018\/03\/Bottes-et-V%C3%A9lo-Embl%C3%AAme-1-e1522416719670.png?fit=100%2C79&amp;ssl=1\" src=\"https:\/\/i0.wp.com\/bottesetvelo.com\/blog\/wp-content\/uploads\/2018\/03\/Bottes-et-V%C3%A9lo-Embl%C3%AAme-1-e1522416719670.png?resize=100%2C79&#038;ssl=1\" alt=\"\" class=\"wp-image-3248\"\/><\/figure><\/div>\n\n\n\n<p>Brigitte Harouni<\/p>\n","protected":false},"excerpt":{"rendered":"<p>\u00ab\u00a0Il ne s&rsquo;agit pas de savoir ce qui te convient, ou ce qui me convient, mais d&rsquo;entendre si cela fait du bien ou non \u00e0 notre relation.\u00a0\u00bb Jacques Salom\u00e9 Depuis plusieurs ann\u00e9es, graduellement, plusieurs d\u00e9partements et services ont modifi\u00e9 leur approche pour tendre vers une vision plus administrative de leurs rapports interpersonnels. L\u2019approche client a&hellip;<\/p>\n","protected":false},"author":2,"featured_media":4145,"comment_status":"open","ping_status":"open","sticky":false,"template":"","format":"standard","meta":{"jetpack_post_was_ever_published":false,"_jetpack_newsletter_access":"","_jetpack_dont_email_post_to_subs":false,"_jetpack_newsletter_tier_id":0,"_jetpack_memberships_contains_paywalled_content":false,"_jetpack_memberships_contains_paid_content":false,"footnotes":"","jetpack_publicize_message":"Pour le plus grand bien commun.\nDepuis plusieurs ann\u00e9es, graduellement, plusieurs d\u00e9partements et services ont modifi\u00e9 leur approche pour tendre vers une vision plus administrative. L\u2019approche client a envahi nos institutions, m\u00eame les plus humaines.","jetpack_publicize_feature_enabled":true,"jetpack_social_post_already_shared":true,"jetpack_social_options":{"image_generator_settings":{"template":"highway","default_image_id":0,"font":"","enabled":false},"version":2}},"categories":[453,52,50,379,380,39],"tags":[623,221,621,104,298],"class_list":["post-4142","post","type-post","status-publish","format-standard","has-post-thumbnail","hentry","category-actualite","category-alternatives-de-vie","category-art-de-vivre","category-chemin-de-transformation","category-conscientisation","category-croissance-personnelle","tag-cohabitation","tag-conscience","tag-prendre-sa-place","tag-relation","tag-respect"],"jetpack_publicize_connections":[],"jetpack_featured_media_url":"https:\/\/i0.wp.com\/bottesetvelo.com\/blog\/wp-content\/uploads\/2020\/09\/sandy-831605_1920.jpg?fit=1920%2C1280&ssl=1","jetpack_shortlink":"https:\/\/wp.me\/p4eY6z-14O","jetpack_sharing_enabled":true,"jetpack_likes_enabled":true,"jetpack-related-posts":[],"_links":{"self":[{"href":"https:\/\/bottesetvelo.com\/blog\/wp-json\/wp\/v2\/posts\/4142","targetHints":{"allow":["GET"]}}],"collection":[{"href":"https:\/\/bottesetvelo.com\/blog\/wp-json\/wp\/v2\/posts"}],"about":[{"href":"https:\/\/bottesetvelo.com\/blog\/wp-json\/wp\/v2\/types\/post"}],"author":[{"embeddable":true,"href":"https:\/\/bottesetvelo.com\/blog\/wp-json\/wp\/v2\/users\/2"}],"replies":[{"embeddable":true,"href":"https:\/\/bottesetvelo.com\/blog\/wp-json\/wp\/v2\/comments?post=4142"}],"version-history":[{"count":3,"href":"https:\/\/bottesetvelo.com\/blog\/wp-json\/wp\/v2\/posts\/4142\/revisions"}],"predecessor-version":[{"id":4151,"href":"https:\/\/bottesetvelo.com\/blog\/wp-json\/wp\/v2\/posts\/4142\/revisions\/4151"}],"wp:featuredmedia":[{"embeddable":true,"href":"https:\/\/bottesetvelo.com\/blog\/wp-json\/wp\/v2\/media\/4145"}],"wp:attachment":[{"href":"https:\/\/bottesetvelo.com\/blog\/wp-json\/wp\/v2\/media?parent=4142"}],"wp:term":[{"taxonomy":"category","embeddable":true,"href":"https:\/\/bottesetvelo.com\/blog\/wp-json\/wp\/v2\/categories?post=4142"},{"taxonomy":"post_tag","embeddable":true,"href":"https:\/\/bottesetvelo.com\/blog\/wp-json\/wp\/v2\/tags?post=4142"}],"curies":[{"name":"wp","href":"https:\/\/api.w.org\/{rel}","templated":true}]}}