{"id":4100,"date":"2020-06-26T07:00:42","date_gmt":"2020-06-26T11:00:42","guid":{"rendered":"http:\/\/bottesetvelo.com\/blog\/?p=4100"},"modified":"2020-06-26T08:13:24","modified_gmt":"2020-06-26T12:13:24","slug":"choisir-son-chemin-comme-on-choisit-un-bon-roman","status":"publish","type":"post","link":"https:\/\/bottesetvelo.com\/blog\/2020\/06\/26\/choisir-son-chemin-comme-on-choisit-un-bon-roman\/","title":{"rendered":"Choisir son chemin, comme on choisit un bon roman."},"content":{"rendered":"\n<p class=\"has-drop-cap\">Cet \u00e9t\u00e9, plusieurs ne partiront pas faire le chemin p\u00e8lerin qu\u2019ils avaient pr\u00e9vu. Plusieurs destinations sont impossibles, les h\u00e9bergements difficiles \u00e0 trouver, tout est \u00e0 repenser. &nbsp;Devant une telle situation, je vous propose de revisiter l\u2019activit\u00e9 en termes d\u2019autonomie p\u00e8lerine. Nul besoin d\u2019interm\u00e9diaire pour se lancer dans l\u2019exercice p\u00e8lerin, il suffit d\u2019un chemin et d\u2019une destination. Le reste se fait en marchant!<\/p>\n\n\n\n<div class=\"wp-block-image\"><figure class=\"alignright size-large is-resized\"><img loading=\"lazy\" decoding=\"async\" data-attachment-id=\"4101\" data-permalink=\"https:\/\/bottesetvelo.com\/blog\/2020\/06\/26\/choisir-son-chemin-comme-on-choisit-un-bon-roman\/way-of-st-james-4363451_1920\/\" data-orig-file=\"https:\/\/i0.wp.com\/bottesetvelo.com\/blog\/wp-content\/uploads\/2020\/06\/way-of-st-james-4363451_1920.jpg?fit=1920%2C1280&amp;ssl=1\" data-orig-size=\"1920,1280\" data-comments-opened=\"1\" data-image-meta=\"{&quot;aperture&quot;:&quot;11&quot;,&quot;credit&quot;:&quot;&quot;,&quot;camera&quot;:&quot;NIKON D3400&quot;,&quot;caption&quot;:&quot;&quot;,&quot;created_timestamp&quot;:&quot;0&quot;,&quot;copyright&quot;:&quot;&quot;,&quot;focal_length&quot;:&quot;40&quot;,&quot;iso&quot;:&quot;100&quot;,&quot;shutter_speed&quot;:&quot;0.008&quot;,&quot;title&quot;:&quot;&quot;,&quot;orientation&quot;:&quot;0&quot;}\" data-image-title=\"way-of-st-james-4363451_1920\" data-image-description=\"\" data-image-caption=\"\" data-large-file=\"https:\/\/i0.wp.com\/bottesetvelo.com\/blog\/wp-content\/uploads\/2020\/06\/way-of-st-james-4363451_1920.jpg?fit=1024%2C683&amp;ssl=1\" src=\"https:\/\/i0.wp.com\/bottesetvelo.com\/blog\/wp-content\/uploads\/2020\/06\/way-of-st-james-4363451_1920.jpg?fit=1024%2C683\" alt=\"\" class=\"wp-image-4101\" width=\"350\" height=\"232\" srcset=\"https:\/\/i0.wp.com\/bottesetvelo.com\/blog\/wp-content\/uploads\/2020\/06\/way-of-st-james-4363451_1920.jpg?w=1920&amp;ssl=1 1920w, https:\/\/i0.wp.com\/bottesetvelo.com\/blog\/wp-content\/uploads\/2020\/06\/way-of-st-james-4363451_1920.jpg?resize=500%2C333&amp;ssl=1 500w, https:\/\/i0.wp.com\/bottesetvelo.com\/blog\/wp-content\/uploads\/2020\/06\/way-of-st-james-4363451_1920.jpg?resize=1024%2C683&amp;ssl=1 1024w, https:\/\/i0.wp.com\/bottesetvelo.com\/blog\/wp-content\/uploads\/2020\/06\/way-of-st-james-4363451_1920.jpg?resize=768%2C512&amp;ssl=1 768w, https:\/\/i0.wp.com\/bottesetvelo.com\/blog\/wp-content\/uploads\/2020\/06\/way-of-st-james-4363451_1920.jpg?resize=1536%2C1024&amp;ssl=1 1536w\" sizes=\"auto, (max-width: 350px) 100vw, 350px\" \/><\/figure><\/div>\n\n\n\n<p>Comme tout le monde le sait, le ph\u00e9nom\u00e8ne p\u00e8lerin a largement \u00e9volu\u00e9 au cours des trente derni\u00e8res ann\u00e9es. Plus qu\u2019une simple randonn\u00e9e, pas un \u00ab\u00a0p\u00e8lerinage\u00a0\u00bb au sens o\u00f9 l\u2019entendait nos grands-parents, mais bien un exercice entier qui fa\u00e7onne toutes les dimensions de notre humanit\u00e9&nbsp;: physique, psychique et spirituelle.<\/p>\n\n\n\n<p>L\u2019exercice p\u00e8lerin consiste \u00e0 se d\u00e9placer, longtemps, par la seule force de son corps, en portant soi-m\u00eame le n\u00e9cessaire pour vivre. Il est important de noter qu\u2019il n\u2019y a pas de bonnes ou de mauvaises mani\u00e8res de faire. L\u2019exercice p\u00e8lerin se vit selon ce que chaque individu est pr\u00eat \u00e0 vivre et provoque, l\u00e0 o\u00f9 chacun a besoin d\u2019\u00eatre secou\u00e9 dans sa vie. Ce faisant, tout le corps se met en alerte, les sens en \u00e9veil, attentif au texte qui se d\u00e9roule sous ses pieds. Car le chemin n\u2019est pas qu\u2019un espace o\u00f9 circuler, il est une histoire qui cherche \u00e0 se raconter.<\/p>\n\n\n\n<div class=\"wp-block-image\"><figure class=\"alignright size-large is-resized\"><img loading=\"lazy\" decoding=\"async\" data-attachment-id=\"4103\" data-permalink=\"https:\/\/bottesetvelo.com\/blog\/2020\/06\/26\/choisir-son-chemin-comme-on-choisit-un-bon-roman\/books-768426_1920\/\" data-orig-file=\"https:\/\/i0.wp.com\/bottesetvelo.com\/blog\/wp-content\/uploads\/2020\/06\/books-768426_1920.jpg?fit=1920%2C1280&amp;ssl=1\" data-orig-size=\"1920,1280\" data-comments-opened=\"1\" data-image-meta=\"{&quot;aperture&quot;:&quot;0&quot;,&quot;credit&quot;:&quot;&quot;,&quot;camera&quot;:&quot;&quot;,&quot;caption&quot;:&quot;&quot;,&quot;created_timestamp&quot;:&quot;0&quot;,&quot;copyright&quot;:&quot;&quot;,&quot;focal_length&quot;:&quot;0&quot;,&quot;iso&quot;:&quot;0&quot;,&quot;shutter_speed&quot;:&quot;0&quot;,&quot;title&quot;:&quot;&quot;,&quot;orientation&quot;:&quot;0&quot;}\" data-image-title=\"books-768426_1920\" data-image-description=\"\" data-image-caption=\"\" data-large-file=\"https:\/\/i0.wp.com\/bottesetvelo.com\/blog\/wp-content\/uploads\/2020\/06\/books-768426_1920.jpg?fit=1024%2C683&amp;ssl=1\" src=\"https:\/\/i2.wp.com\/bottesetvelo.com\/blog\/wp-content\/uploads\/2020\/06\/books-768426_1920.jpg?fit=1024%2C683\" alt=\"\" class=\"wp-image-4103\" width=\"350\" height=\"234\" srcset=\"https:\/\/i0.wp.com\/bottesetvelo.com\/blog\/wp-content\/uploads\/2020\/06\/books-768426_1920.jpg?w=1920&amp;ssl=1 1920w, https:\/\/i0.wp.com\/bottesetvelo.com\/blog\/wp-content\/uploads\/2020\/06\/books-768426_1920.jpg?resize=500%2C333&amp;ssl=1 500w, https:\/\/i0.wp.com\/bottesetvelo.com\/blog\/wp-content\/uploads\/2020\/06\/books-768426_1920.jpg?resize=1024%2C683&amp;ssl=1 1024w, https:\/\/i0.wp.com\/bottesetvelo.com\/blog\/wp-content\/uploads\/2020\/06\/books-768426_1920.jpg?resize=768%2C512&amp;ssl=1 768w, https:\/\/i0.wp.com\/bottesetvelo.com\/blog\/wp-content\/uploads\/2020\/06\/books-768426_1920.jpg?resize=1536%2C1024&amp;ssl=1 1536w\" sizes=\"auto, (max-width: 350px) 100vw, 350px\" \/><\/figure><\/div>\n\n\n\n<p>Le chemin se lit effectivement comme un roman. Lin\u00e9aire, il part d\u2019un point A pour aller vers un point Z, et, comme dans un livre, l\u2019enjeu de son parcours consiste \u00e0 relier entre eux les \u00e9l\u00e9ments qui conduisent du d\u00e9but \u00e0 la fin, du d\u00e9part \u00e0 l\u2019arriv\u00e9e. Tout cela pour construire du sens, en tirer une histoire, un r\u00e9cit. Aussi, mot apr\u00e8s mot, phrase apr\u00e8s phrase, le lecteur n\u2019est-il pas indiff\u00e9rent \u00e0 ce qu\u2019il lit. Au contraire! En cr\u00e9ant des liens, du sens \u00e9merge et le r\u00e9cit le provoque, lui faisant faire des allers-retours entre sa propre histoire et le texte du livre. Le p\u00e8lerin-lecteur ne saurait faire autrement. C\u2019est dans ce mouvement de lecture qu\u2019il est travaill\u00e9 et que l\u2019aventure se r\u00e9v\u00e8le.<\/p>\n\n\n\n<div class=\"wp-block-image\"><figure class=\"alignright size-large is-resized\"><img data-recalc-dims=\"1\" loading=\"lazy\" decoding=\"async\" data-attachment-id=\"4102\" data-permalink=\"https:\/\/bottesetvelo.com\/blog\/2020\/06\/26\/choisir-son-chemin-comme-on-choisit-un-bon-roman\/books-1605416_1920\/\" data-orig-file=\"https:\/\/i0.wp.com\/bottesetvelo.com\/blog\/wp-content\/uploads\/2020\/06\/books-1605416_1920.jpg?fit=1920%2C1279&amp;ssl=1\" data-orig-size=\"1920,1279\" data-comments-opened=\"1\" data-image-meta=\"{&quot;aperture&quot;:&quot;0&quot;,&quot;credit&quot;:&quot;&quot;,&quot;camera&quot;:&quot;&quot;,&quot;caption&quot;:&quot;&quot;,&quot;created_timestamp&quot;:&quot;0&quot;,&quot;copyright&quot;:&quot;&quot;,&quot;focal_length&quot;:&quot;0&quot;,&quot;iso&quot;:&quot;0&quot;,&quot;shutter_speed&quot;:&quot;0&quot;,&quot;title&quot;:&quot;&quot;,&quot;orientation&quot;:&quot;0&quot;}\" data-image-title=\"books-1605416_1920\" data-image-description=\"\" data-image-caption=\"\" data-large-file=\"https:\/\/i0.wp.com\/bottesetvelo.com\/blog\/wp-content\/uploads\/2020\/06\/books-1605416_1920.jpg?fit=1024%2C682&amp;ssl=1\" src=\"https:\/\/i0.wp.com\/bottesetvelo.com\/blog\/wp-content\/uploads\/2020\/06\/books-1605416_1920.jpg?resize=350%2C233&#038;ssl=1\" alt=\"\" class=\"wp-image-4102\" width=\"350\" height=\"233\" srcset=\"https:\/\/i0.wp.com\/bottesetvelo.com\/blog\/wp-content\/uploads\/2020\/06\/books-1605416_1920.jpg?resize=1024%2C682&amp;ssl=1 1024w, https:\/\/i0.wp.com\/bottesetvelo.com\/blog\/wp-content\/uploads\/2020\/06\/books-1605416_1920.jpg?resize=500%2C333&amp;ssl=1 500w, https:\/\/i0.wp.com\/bottesetvelo.com\/blog\/wp-content\/uploads\/2020\/06\/books-1605416_1920.jpg?resize=768%2C512&amp;ssl=1 768w, https:\/\/i0.wp.com\/bottesetvelo.com\/blog\/wp-content\/uploads\/2020\/06\/books-1605416_1920.jpg?resize=1536%2C1023&amp;ssl=1 1536w, https:\/\/i0.wp.com\/bottesetvelo.com\/blog\/wp-content\/uploads\/2020\/06\/books-1605416_1920.jpg?w=1920&amp;ssl=1 1920w\" sizes=\"auto, (max-width: 350px) 100vw, 350px\" \/><\/figure><\/div>\n\n\n\n<p>Aussi, choisir son chemin se fait comme on choisit un bon roman. On commence par fouiller dans les biblioth\u00e8ques et les librairies. On lit les critiques. On \u00e9coute les suggestions d\u2019ami-e-s ou coll\u00e8gues. Puis, on fait son choix. Le reste se fait en lisant. Pour l\u2019exercice p\u00e8lerin, physiquement c\u2019est un peu plus exigeant, mais pour le reste c\u2019est du pareil au m\u00eame. Alors, cet \u00e9t\u00e9, sortez la carte du Qu\u00e9bec et choisissez la r\u00e9gion que vous aimeriez d\u00e9couvrir et tracez votre chemin. Les possibilit\u00e9s sont infinies! N\u2019oubliez pas que la marche p\u00e8lerine ne vise pas exclusivement les sentiers. Elle est un exercice qui passe de ville en village, en allant \u00e0 la rencontre de tous et chacun; dans cet espace entre proximit\u00e9 et saine distance.<\/p>\n\n\n\n<p>Voil\u00e0, maintenant vous avez l\u2019essentiel pour vous lancer dans l\u2019aventure p\u00e8lerine en toute autonomie. N\u2019oubliez pas que Bottes et V\u00e9lo met \u00e0 votre disposition, <strong>gratuitement<\/strong>, <a href=\"http:\/\/bottesetvelo.com\/index.php\/les-guides-du-pelerin\/\">plusieurs guides<\/a> qui vous permettront de planifier divers parcours, <a href=\"http:\/\/bottesetvelo.com\/index.php\/les-guides-du-pelerin\/la-voie-du-st-laurent\/\">notamment le long du St-Laurent<\/a>.<\/p>\n\n\n\n<p>En vous souhaitant un merveilleux \u00e9t\u00e9 sur les routes et sentiers du Qu\u00e9bec, <\/p>\n\n\n\n<div class=\"wp-block-image\"><figure class=\"alignright size-large\"><img data-recalc-dims=\"1\" loading=\"lazy\" decoding=\"async\" width=\"100\" height=\"79\" data-attachment-id=\"3248\" data-permalink=\"https:\/\/bottesetvelo.com\/blog\/2018\/03\/30\/comme-un-grand-silence\/bottes-et-velo-embleme-3\/\" data-orig-file=\"https:\/\/i0.wp.com\/bottesetvelo.com\/blog\/wp-content\/uploads\/2018\/03\/Bottes-et-V%C3%A9lo-Embl%C3%AAme-1-e1522416719670.png?fit=100%2C79&amp;ssl=1\" data-orig-size=\"100,79\" data-comments-opened=\"1\" data-image-meta=\"{&quot;aperture&quot;:&quot;0&quot;,&quot;credit&quot;:&quot;&quot;,&quot;camera&quot;:&quot;&quot;,&quot;caption&quot;:&quot;&quot;,&quot;created_timestamp&quot;:&quot;0&quot;,&quot;copyright&quot;:&quot;&quot;,&quot;focal_length&quot;:&quot;0&quot;,&quot;iso&quot;:&quot;0&quot;,&quot;shutter_speed&quot;:&quot;0&quot;,&quot;title&quot;:&quot;&quot;,&quot;orientation&quot;:&quot;0&quot;}\" data-image-title=\"Bottes et V\u00e9lo &amp;#8211; Embl\u00eame\" data-image-description=\"\" data-image-caption=\"\" data-large-file=\"https:\/\/i0.wp.com\/bottesetvelo.com\/blog\/wp-content\/uploads\/2018\/03\/Bottes-et-V%C3%A9lo-Embl%C3%AAme-1-e1522416719670.png?fit=100%2C79&amp;ssl=1\" src=\"https:\/\/i0.wp.com\/bottesetvelo.com\/blog\/wp-content\/uploads\/2018\/03\/Bottes-et-V%C3%A9lo-Embl%C3%AAme-1-e1522416719670.png?resize=100%2C79&#038;ssl=1\" alt=\"\" class=\"wp-image-3248\"\/><\/figure><\/div>\n\n\n\n<p>\u00c9ric Lalibert\u00e9<\/p>\n\n\n\n<p class=\"has-normal-font-size\"><strong>Dernier texte de la saison, le blogue de Bottes et V\u00e9lo fait rel\u00e2che pour la saison estival. De retour en septembre!<\/strong><\/p>\n","protected":false},"excerpt":{"rendered":"<p>Cet \u00e9t\u00e9, plusieurs ne partiront pas faire le chemin p\u00e8lerin qu\u2019ils avaient pr\u00e9vu. Plusieurs destinations sont impossibles, les h\u00e9bergements difficiles \u00e0 trouver, tout est \u00e0 repenser. &nbsp;Devant une telle situation, je vous propose de revisiter l\u2019activit\u00e9 en termes d\u2019autonomie p\u00e8lerine. Nul besoin d\u2019interm\u00e9diaire pour se lancer dans l\u2019exercice p\u00e8lerin, il suffit d\u2019un chemin et d\u2019une&hellip;<\/p>\n","protected":false},"author":3,"featured_media":4102,"comment_status":"open","ping_status":"open","sticky":false,"template":"","format":"standard","meta":{"jetpack_post_was_ever_published":false,"_jetpack_newsletter_access":"","_jetpack_dont_email_post_to_subs":false,"_jetpack_newsletter_tier_id":0,"_jetpack_memberships_contains_paywalled_content":false,"_jetpack_memberships_contains_paid_content":false,"footnotes":"","jetpack_publicize_message":"Choisir son chemin, comme on choisit un bon roman.\nCet \u00e9t\u00e9, plusieurs ne partiront pas faire le #chemin #p\u00e8lerin qu\u2019ils avaient pr\u00e9vu. Devant une telle situation, je vous propose de revisiter l\u2019activit\u00e9 en termes d\u2019autonomie p\u00e8lerine.\n#Compostelle","jetpack_publicize_feature_enabled":true,"jetpack_social_post_already_shared":true,"jetpack_social_options":{"image_generator_settings":{"template":"highway","default_image_id":0,"font":"","enabled":false},"version":2}},"categories":[9,166,176,171],"tags":[203,588,619,549,208],"class_list":["post-4100","post","type-post","status-publish","format-standard","has-post-thumbnail","hentry","category-chemins-de-pelerinage","category-demarche-du-pelerin","category-guides-du-pelerin","category-pelerinage","tag-chemin","tag-exercice-pelerin","tag-lire","tag-pelerinage-2","tag-pelerinage-autonome"],"jetpack_publicize_connections":[],"jetpack_featured_media_url":"https:\/\/i0.wp.com\/bottesetvelo.com\/blog\/wp-content\/uploads\/2020\/06\/books-1605416_1920.jpg?fit=1920%2C1279&ssl=1","jetpack_shortlink":"https:\/\/wp.me\/p4eY6z-148","jetpack_sharing_enabled":true,"jetpack_likes_enabled":true,"jetpack-related-posts":[],"_links":{"self":[{"href":"https:\/\/bottesetvelo.com\/blog\/wp-json\/wp\/v2\/posts\/4100","targetHints":{"allow":["GET"]}}],"collection":[{"href":"https:\/\/bottesetvelo.com\/blog\/wp-json\/wp\/v2\/posts"}],"about":[{"href":"https:\/\/bottesetvelo.com\/blog\/wp-json\/wp\/v2\/types\/post"}],"author":[{"embeddable":true,"href":"https:\/\/bottesetvelo.com\/blog\/wp-json\/wp\/v2\/users\/3"}],"replies":[{"embeddable":true,"href":"https:\/\/bottesetvelo.com\/blog\/wp-json\/wp\/v2\/comments?post=4100"}],"version-history":[{"count":3,"href":"https:\/\/bottesetvelo.com\/blog\/wp-json\/wp\/v2\/posts\/4100\/revisions"}],"predecessor-version":[{"id":4107,"href":"https:\/\/bottesetvelo.com\/blog\/wp-json\/wp\/v2\/posts\/4100\/revisions\/4107"}],"wp:featuredmedia":[{"embeddable":true,"href":"https:\/\/bottesetvelo.com\/blog\/wp-json\/wp\/v2\/media\/4102"}],"wp:attachment":[{"href":"https:\/\/bottesetvelo.com\/blog\/wp-json\/wp\/v2\/media?parent=4100"}],"wp:term":[{"taxonomy":"category","embeddable":true,"href":"https:\/\/bottesetvelo.com\/blog\/wp-json\/wp\/v2\/categories?post=4100"},{"taxonomy":"post_tag","embeddable":true,"href":"https:\/\/bottesetvelo.com\/blog\/wp-json\/wp\/v2\/tags?post=4100"}],"curies":[{"name":"wp","href":"https:\/\/api.w.org\/{rel}","templated":true}]}}