{"id":4092,"date":"2020-06-24T10:04:04","date_gmt":"2020-06-24T14:04:04","guid":{"rendered":"http:\/\/bottesetvelo.com\/blog\/?p=4092"},"modified":"2020-06-24T10:15:27","modified_gmt":"2020-06-24T14:15:27","slug":"quand-il-faut-faire-le-deuil-de-son-compostelle","status":"publish","type":"post","link":"https:\/\/bottesetvelo.com\/blog\/2020\/06\/24\/quand-il-faut-faire-le-deuil-de-son-compostelle\/","title":{"rendered":"Quand il faut faire le deuil de son Compostelle."},"content":{"rendered":"\n<h2 class=\"has-text-align-center wp-block-heading\">Un dossier de l&rsquo;Association du Qu\u00e9bec \u00e0 Compostelle.<\/h2>\n\n\n\n<figure class=\"wp-block-image size-large\"><img loading=\"lazy\" decoding=\"async\" width=\"1920\" height=\"1280\" data-attachment-id=\"4094\" data-permalink=\"https:\/\/bottesetvelo.com\/blog\/2020\/06\/24\/quand-il-faut-faire-le-deuil-de-son-compostelle\/adult-2693054_1920-2\/\" data-orig-file=\"https:\/\/i0.wp.com\/bottesetvelo.com\/blog\/wp-content\/uploads\/2020\/06\/adult-2693054_1920.jpg?fit=1920%2C1280&amp;ssl=1\" data-orig-size=\"1920,1280\" data-comments-opened=\"1\" data-image-meta=\"{&quot;aperture&quot;:&quot;6.3&quot;,&quot;credit&quot;:&quot;&quot;,&quot;camera&quot;:&quot;ILCE-7M2&quot;,&quot;caption&quot;:&quot;&quot;,&quot;created_timestamp&quot;:&quot;0&quot;,&quot;copyright&quot;:&quot;&quot;,&quot;focal_length&quot;:&quot;240&quot;,&quot;iso&quot;:&quot;400&quot;,&quot;shutter_speed&quot;:&quot;0.004&quot;,&quot;title&quot;:&quot;&quot;,&quot;orientation&quot;:&quot;0&quot;}\" data-image-title=\"adult-2693054_1920\" data-image-description=\"\" data-image-caption=\"\" data-large-file=\"https:\/\/i0.wp.com\/bottesetvelo.com\/blog\/wp-content\/uploads\/2020\/06\/adult-2693054_1920.jpg?fit=1024%2C683&amp;ssl=1\" src=\"https:\/\/i2.wp.com\/bottesetvelo.com\/blog\/wp-content\/uploads\/2020\/06\/adult-2693054_1920.jpg?fit=1024%2C683\" alt=\"\" class=\"wp-image-4094\" srcset=\"https:\/\/i0.wp.com\/bottesetvelo.com\/blog\/wp-content\/uploads\/2020\/06\/adult-2693054_1920.jpg?w=1920&amp;ssl=1 1920w, https:\/\/i0.wp.com\/bottesetvelo.com\/blog\/wp-content\/uploads\/2020\/06\/adult-2693054_1920.jpg?resize=500%2C333&amp;ssl=1 500w, https:\/\/i0.wp.com\/bottesetvelo.com\/blog\/wp-content\/uploads\/2020\/06\/adult-2693054_1920.jpg?resize=1024%2C683&amp;ssl=1 1024w, https:\/\/i0.wp.com\/bottesetvelo.com\/blog\/wp-content\/uploads\/2020\/06\/adult-2693054_1920.jpg?resize=768%2C512&amp;ssl=1 768w, https:\/\/i0.wp.com\/bottesetvelo.com\/blog\/wp-content\/uploads\/2020\/06\/adult-2693054_1920.jpg?resize=1536%2C1024&amp;ssl=1 1536w\" sizes=\"auto, (max-width: 1170px) 100vw, 1170px\" \/><\/figure>\n\n\n\n<p class=\"has-drop-cap\">Que reste-t-il lorsqu&rsquo;on ne peut plus partir? Nombreuses sont ces personnes qui avaient r\u00eav\u00e9s depuis longtemps leur aventure sur les chemins de Compostelle. La pand\u00e9mie actuelle a cependant eu raison de leur projet. <\/p>\n\n\n\n<div class=\"wp-block-image\"><figure class=\"alignright size-large is-resized\"><img data-recalc-dims=\"1\" loading=\"lazy\" decoding=\"async\" data-attachment-id=\"3349\" data-permalink=\"https:\/\/bottesetvelo.com\/blog\/2018\/06\/22\/mythique-compostelle\/panel-2340229_1920\/\" data-orig-file=\"https:\/\/i0.wp.com\/bottesetvelo.com\/blog\/wp-content\/uploads\/2018\/06\/panel-2340229_1920.jpg?fit=1920%2C1440&amp;ssl=1\" data-orig-size=\"1920,1440\" data-comments-opened=\"1\" data-image-meta=\"{&quot;aperture&quot;:&quot;5.6&quot;,&quot;credit&quot;:&quot;&quot;,&quot;camera&quot;:&quot;DMC-FZ72&quot;,&quot;caption&quot;:&quot;&quot;,&quot;created_timestamp&quot;:&quot;0&quot;,&quot;copyright&quot;:&quot;&quot;,&quot;focal_length&quot;:&quot;64.93&quot;,&quot;iso&quot;:&quot;100&quot;,&quot;shutter_speed&quot;:&quot;0.005&quot;,&quot;title&quot;:&quot;&quot;,&quot;orientation&quot;:&quot;0&quot;}\" data-image-title=\"Compostelle &amp;#8211; Signalisation\" data-image-description=\"\" data-image-caption=\"\" data-large-file=\"https:\/\/i0.wp.com\/bottesetvelo.com\/blog\/wp-content\/uploads\/2018\/06\/panel-2340229_1920.jpg?fit=1024%2C768&amp;ssl=1\" src=\"https:\/\/i0.wp.com\/bottesetvelo.com\/blog\/wp-content\/uploads\/2018\/06\/panel-2340229_1920.jpg?resize=299%2C224&#038;ssl=1\" alt=\"\" class=\"wp-image-3349\" width=\"299\" height=\"224\" srcset=\"https:\/\/i0.wp.com\/bottesetvelo.com\/blog\/wp-content\/uploads\/2018\/06\/panel-2340229_1920.jpg?resize=1024%2C768&amp;ssl=1 1024w, https:\/\/i0.wp.com\/bottesetvelo.com\/blog\/wp-content\/uploads\/2018\/06\/panel-2340229_1920.jpg?resize=500%2C375&amp;ssl=1 500w, https:\/\/i0.wp.com\/bottesetvelo.com\/blog\/wp-content\/uploads\/2018\/06\/panel-2340229_1920.jpg?resize=768%2C576&amp;ssl=1 768w, https:\/\/i0.wp.com\/bottesetvelo.com\/blog\/wp-content\/uploads\/2018\/06\/panel-2340229_1920.jpg?w=1920&amp;ssl=1 1920w\" sizes=\"auto, (max-width: 299px) 100vw, 299px\" \/><\/figure><\/div>\n\n\n\n<p>Pour aider \u00e0 faire le passage, l&rsquo;<a href=\"https:\/\/www.duquebecacompostelle.org\/\">Association du Qu\u00e9bec \u00e0 Compostelle<\/a> \u00e0 offert une plateforme sans pr\u00e9c\u00e9dent pour permettre \u00e0 tous ces p\u00e8lerins et toutes ces p\u00e8lerines de prendre la parole sur ce deuil \u00e0 faire. Des 608 d\u00e9parts pr\u00e9vus, 60 ont accept\u00e9 de t\u00e9moigner.<\/p>\n\n\n\n<p>Voici donc ce dossier dirig\u00e9 avec brio par <a href=\"https:\/\/www.facebook.com\/guy.vermette.7?__tn__=K-R-R&amp;eid=ARApunw6FPa9fco4M27dVOmliXX0m_qakFEBBPFzsMDdFueQT33_sAu9d7yX3h3Nj2-MQXVDCPkixqsH&amp;fref=mentions&amp;__xts__%5B0%5D=68.ARDuO0scSUrvF-aAvmNNIeqJ0p-2G8QBqpM2BProJDMGIoLawQrEF6uR3yBSAGfun-S8swy5DQG0ivLSzJ3Wpspsk7lCt27F_DXGOJMAzzhvPj4i9z3sUjo2ywFGc3e_JTRbs3nooHA4FNMZ3cEo9CeC-HXLOxLa4ExZT5PSVWSgoH-e8DIYSyFnDZjSEPAAWaBC0ZUfFjC0hpGoHYqZtzY8U3b6bM_Z2WAaMCmHy3H78drVxMsra1FGUeGV06N6kuX62FeNbn9n_a7SSqlZy5wSch6Qz153NmGyASV6I-3oIF6NKynB0ULvRC0lr_6VmDB4\">Guy Vermette<\/a> de l&rsquo;<a href=\"https:\/\/www.facebook.com\/duquebecacompostelle\/?__tn__=K-R-R&amp;eid=ARD4dyPT3oZW1t02Q6PikKGY0-hhMH36YkP-538fOY3Ywbc5rGB-iDunqLdLJIWh1ZHJKM-6MHvKBHds&amp;fref=mentions&amp;__xts__%5B0%5D=68.ARDuO0scSUrvF-aAvmNNIeqJ0p-2G8QBqpM2BProJDMGIoLawQrEF6uR3yBSAGfun-S8swy5DQG0ivLSzJ3Wpspsk7lCt27F_DXGOJMAzzhvPj4i9z3sUjo2ywFGc3e_JTRbs3nooHA4FNMZ3cEo9CeC-HXLOxLa4ExZT5PSVWSgoH-e8DIYSyFnDZjSEPAAWaBC0ZUfFjC0hpGoHYqZtzY8U3b6bM_Z2WAaMCmHy3H78drVxMsra1FGUeGV06N6kuX62FeNbn9n_a7SSqlZy5wSch6Qz153NmGyASV6I-3oIF6NKynB0ULvRC0lr_6VmDB4\">Association Du Qu\u00e9bec \u00e0 Compostelle<\/a>. Riche en t\u00e9moignages, il reprend l&rsquo;essence de ce qui a laiss\u00e9 le coeur lourd, en donnant une voix \u00e0 ces personnes qui attendaient avec impatience leur d\u00e9part sur les chemins de Compostelle. Avec ce dossier, tous ceux et celles qui avaient pr\u00e9vu partir, que ce soit sur les chemins de Compostelle ou ailleurs, trouveront un \u00e9cho \u00e0 ce qu&rsquo;ils ont pu vivre en ayant la douleur de devoir laisser tomber le projet&#8230; pour cette ann\u00e9e. <\/p>\n\n\n\n<p>Merci \u00e0 l&rsquo;Association du Qu\u00e9bec \u00e0 Compostelle d&rsquo;avoir su faire preuve d&rsquo;une aussi grande sensibilit\u00e9 \u00e0 l&rsquo;\u00e9gard de tous ces gens! <\/p>\n\n\n\n<p>Merci \u00e0 tous ceux et celles qui ont particip\u00e9, de pr\u00e8s ou de loin, \u00e0 cet exercice et qui ont accept\u00e9 de livrer leurs \u00e9tats d&rsquo;\u00e2me. <\/p>\n\n\n\n<p>Merci \u00e0 Johanne Morin, pr\u00e9sidente de l&rsquo;association et \u00e0 Guy Vermette d&rsquo;avoir autoris\u00e9 la diffusion de ce dossier. <\/p>\n\n\n\n<p>Nous vous invitons \u00e0 le lire et \u00e0 le partager!<\/p>\n\n\n\n<p><strong>Cliquez sur ce lien pour avoir acc\u00e8s \u00e0 la revue \u00ab\u00a0Pas \u00e0 pas\u00a0\u00bb et lire le dossier en entier :<\/strong><\/p>\n\n\n\n<div class=\"wp-block-file\"><a href=\"https:\/\/bottesetvelo.com\/blog\/wp-content\/uploads\/2020\/06\/Pas-\u00e0-Pas-Vol-20-No-4-Edition-sp\u00e9ciale-Juin-2020.pdf\" target=\"_blank\" rel=\"noreferrer noopener\">Pas-\u00e0-Pas-Vol-20-No-4-Edition-sp\u00e9ciale-Juin-2020<\/a><a href=\"https:\/\/bottesetvelo.com\/blog\/wp-content\/uploads\/2020\/06\/Pas-\u00e0-Pas-Vol-20-No-4-Edition-sp\u00e9ciale-Juin-2020.pdf\" class=\"wp-block-file__button\" download>T\u00e9l\u00e9charger<\/a><\/div>\n\n\n\n<div class=\"wp-block-image\"><figure class=\"alignright size-large\"><img data-recalc-dims=\"1\" loading=\"lazy\" decoding=\"async\" width=\"100\" height=\"79\" data-attachment-id=\"3248\" data-permalink=\"https:\/\/bottesetvelo.com\/blog\/2018\/03\/30\/comme-un-grand-silence\/bottes-et-velo-embleme-3\/\" data-orig-file=\"https:\/\/i0.wp.com\/bottesetvelo.com\/blog\/wp-content\/uploads\/2018\/03\/Bottes-et-V%C3%A9lo-Embl%C3%AAme-1-e1522416719670.png?fit=100%2C79&amp;ssl=1\" data-orig-size=\"100,79\" data-comments-opened=\"1\" data-image-meta=\"{&quot;aperture&quot;:&quot;0&quot;,&quot;credit&quot;:&quot;&quot;,&quot;camera&quot;:&quot;&quot;,&quot;caption&quot;:&quot;&quot;,&quot;created_timestamp&quot;:&quot;0&quot;,&quot;copyright&quot;:&quot;&quot;,&quot;focal_length&quot;:&quot;0&quot;,&quot;iso&quot;:&quot;0&quot;,&quot;shutter_speed&quot;:&quot;0&quot;,&quot;title&quot;:&quot;&quot;,&quot;orientation&quot;:&quot;0&quot;}\" data-image-title=\"Bottes et V\u00e9lo &amp;#8211; Embl\u00eame\" data-image-description=\"\" data-image-caption=\"\" data-large-file=\"https:\/\/i0.wp.com\/bottesetvelo.com\/blog\/wp-content\/uploads\/2018\/03\/Bottes-et-V%C3%A9lo-Embl%C3%AAme-1-e1522416719670.png?fit=100%2C79&amp;ssl=1\" src=\"https:\/\/i0.wp.com\/bottesetvelo.com\/blog\/wp-content\/uploads\/2018\/03\/Bottes-et-V%C3%A9lo-Embl%C3%AAme-1-e1522416719670.png?resize=100%2C79&#038;ssl=1\" alt=\"\" class=\"wp-image-3248\"\/><\/figure><\/div>\n\n\n\n<p>\u00c9ric Lalibert\u00e9 et Brigitte Harouni<\/p>\n\n\n","protected":false},"excerpt":{"rendered":"<p>Un dossier de l&rsquo;Association du Qu\u00e9bec \u00e0 Compostelle. Que reste-t-il lorsqu&rsquo;on ne peut plus partir? Nombreuses sont ces personnes qui avaient r\u00eav\u00e9s depuis longtemps leur aventure sur les chemins de Compostelle. La pand\u00e9mie actuelle a cependant eu raison de leur projet. Pour aider \u00e0 faire le passage, l&rsquo;Association du Qu\u00e9bec \u00e0 Compostelle \u00e0 offert une&hellip;<\/p>\n","protected":false},"author":1,"featured_media":4094,"comment_status":"open","ping_status":"open","sticky":false,"template":"","format":"standard","meta":{"jetpack_post_was_ever_published":false,"_jetpack_newsletter_access":"","_jetpack_dont_email_post_to_subs":false,"_jetpack_newsletter_tier_id":0,"_jetpack_memberships_contains_paywalled_content":false,"_jetpack_memberships_contains_paid_content":false,"footnotes":"","jetpack_publicize_message":"Quand il faut faire le #deuil de son #Compostelle.\nUn dossier de l'Association du Qu\u00e9bec \u00e0 Compostelle.\n#pand\u00e9mie #covid19 #p\u00e8lerinage","jetpack_publicize_feature_enabled":true,"jetpack_social_post_already_shared":true,"jetpack_social_options":{"image_generator_settings":{"template":"highway","default_image_id":0,"font":"","enabled":false},"version":2}},"categories":[422,453,9,171],"tags":[62,80,618,597,617],"class_list":["post-4092","post","type-post","status-publish","format-standard","has-post-thumbnail","hentry","category-accompagnement","category-actualite","category-chemins-de-pelerinage","category-pelerinage","tag-association-du-quebec-a-compostelle","tag-compostelle","tag-coronavirus","tag-covid-19","tag-deuil"],"jetpack_publicize_connections":[],"jetpack_featured_media_url":"https:\/\/i0.wp.com\/bottesetvelo.com\/blog\/wp-content\/uploads\/2020\/06\/adult-2693054_1920.jpg?fit=1920%2C1280&ssl=1","jetpack_shortlink":"https:\/\/wp.me\/p4eY6z-140","jetpack_sharing_enabled":true,"jetpack_likes_enabled":true,"jetpack-related-posts":[],"_links":{"self":[{"href":"https:\/\/bottesetvelo.com\/blog\/wp-json\/wp\/v2\/posts\/4092","targetHints":{"allow":["GET"]}}],"collection":[{"href":"https:\/\/bottesetvelo.com\/blog\/wp-json\/wp\/v2\/posts"}],"about":[{"href":"https:\/\/bottesetvelo.com\/blog\/wp-json\/wp\/v2\/types\/post"}],"author":[{"embeddable":true,"href":"https:\/\/bottesetvelo.com\/blog\/wp-json\/wp\/v2\/users\/1"}],"replies":[{"embeddable":true,"href":"https:\/\/bottesetvelo.com\/blog\/wp-json\/wp\/v2\/comments?post=4092"}],"version-history":[{"count":5,"href":"https:\/\/bottesetvelo.com\/blog\/wp-json\/wp\/v2\/posts\/4092\/revisions"}],"predecessor-version":[{"id":4099,"href":"https:\/\/bottesetvelo.com\/blog\/wp-json\/wp\/v2\/posts\/4092\/revisions\/4099"}],"wp:featuredmedia":[{"embeddable":true,"href":"https:\/\/bottesetvelo.com\/blog\/wp-json\/wp\/v2\/media\/4094"}],"wp:attachment":[{"href":"https:\/\/bottesetvelo.com\/blog\/wp-json\/wp\/v2\/media?parent=4092"}],"wp:term":[{"taxonomy":"category","embeddable":true,"href":"https:\/\/bottesetvelo.com\/blog\/wp-json\/wp\/v2\/categories?post=4092"},{"taxonomy":"post_tag","embeddable":true,"href":"https:\/\/bottesetvelo.com\/blog\/wp-json\/wp\/v2\/tags?post=4092"}],"curies":[{"name":"wp","href":"https:\/\/api.w.org\/{rel}","templated":true}]}}