{"id":4077,"date":"2020-06-12T07:00:00","date_gmt":"2020-06-12T11:00:00","guid":{"rendered":"http:\/\/bottesetvelo.com\/blog\/?p=4077"},"modified":"2020-06-11T21:21:26","modified_gmt":"2020-06-12T01:21:26","slug":"lalchimie-du-chemin","status":"publish","type":"post","link":"https:\/\/bottesetvelo.com\/blog\/2020\/06\/12\/lalchimie-du-chemin\/","title":{"rendered":"L\u2019alchimie du chemin"},"content":{"rendered":"\n<blockquote class=\"wp-block-quote is-layout-flow wp-block-quote-is-layout-flow\"><p>\u201cSans compagnons humains, le paradis m\u00eame deviendrait un lieu d&rsquo;ennui.\u201d <\/p><cite>Proverbe arabe<\/cite><\/blockquote>\n\n\n\n<p>\u00c0 tous ceux et celles qui ont fait un bout de chemin avec Bottes et V\u00e9lo&nbsp;: ce texte est pour vous.<\/p>\n\n\n\n<div class=\"wp-block-image\"><figure class=\"alignleft size-large is-resized\"><img decoding=\"async\" data-attachment-id=\"4086\" data-permalink=\"https:\/\/bottesetvelo.com\/blog\/2020\/06\/12\/lalchimie-du-chemin\/20190903_1449240\/\" data-orig-file=\"https:\/\/i0.wp.com\/bottesetvelo.com\/blog\/wp-content\/uploads\/2020\/06\/20190903_1449240.jpg?fit=1872%2C910&amp;ssl=1\" data-orig-size=\"1872,910\" data-comments-opened=\"1\" data-image-meta=\"{&quot;aperture&quot;:&quot;0&quot;,&quot;credit&quot;:&quot;&quot;,&quot;camera&quot;:&quot;&quot;,&quot;caption&quot;:&quot;&quot;,&quot;created_timestamp&quot;:&quot;0&quot;,&quot;copyright&quot;:&quot;&quot;,&quot;focal_length&quot;:&quot;0&quot;,&quot;iso&quot;:&quot;0&quot;,&quot;shutter_speed&quot;:&quot;0&quot;,&quot;title&quot;:&quot;&quot;,&quot;orientation&quot;:&quot;0&quot;}\" data-image-title=\"20190903_1449240\" data-image-description=\"\" data-image-caption=\"\" data-large-file=\"https:\/\/i0.wp.com\/bottesetvelo.com\/blog\/wp-content\/uploads\/2020\/06\/20190903_1449240.jpg?fit=1024%2C498&amp;ssl=1\" src=\"https:\/\/i1.wp.com\/bottesetvelo.com\/blog\/wp-content\/uploads\/2020\/06\/20190903_1449240.jpg?fit=1024%2C498\" alt=\"\" class=\"wp-image-4086\" width=\"350\" srcset=\"https:\/\/i0.wp.com\/bottesetvelo.com\/blog\/wp-content\/uploads\/2020\/06\/20190903_1449240.jpg?w=1872&amp;ssl=1 1872w, https:\/\/i0.wp.com\/bottesetvelo.com\/blog\/wp-content\/uploads\/2020\/06\/20190903_1449240.jpg?resize=500%2C243&amp;ssl=1 500w, https:\/\/i0.wp.com\/bottesetvelo.com\/blog\/wp-content\/uploads\/2020\/06\/20190903_1449240.jpg?resize=1024%2C498&amp;ssl=1 1024w, https:\/\/i0.wp.com\/bottesetvelo.com\/blog\/wp-content\/uploads\/2020\/06\/20190903_1449240.jpg?resize=768%2C373&amp;ssl=1 768w, https:\/\/i0.wp.com\/bottesetvelo.com\/blog\/wp-content\/uploads\/2020\/06\/20190903_1449240.jpg?resize=1536%2C747&amp;ssl=1 1536w\" sizes=\"(max-width: 1170px) 100vw, 1170px\" \/><\/figure><\/div>\n\n\n\n<p>En cette ann\u00e9e pand\u00e9mique, Bottes et V\u00e9lo aura d\u00fb, jusqu\u2019\u00e0 ce jour, annuler tous ses s\u00e9jours. Mais pour \u00c9ric et moi, impossible de rester inactifs. Avec les belles journ\u00e9es du printemps, nos bottines commen\u00e7aient \u00e0 s\u2019impatienter. C\u2019est pourquoi, comme bien des p\u00e8lerins, nous avons d\u00e9cid\u00e9 d\u2019aller r\u00e9guli\u00e8rement marcher les belles routes de chez nous. Parcours bucoliques le long du fleuve en suivant les oies blanches. Boucles sinueuses sur les routes de campagne \u00e0 travers les fermes. Circuits inusit\u00e9s pour d\u00e9couvrir de nouveaux coins. Pique-niques au grand air, bottines, b\u00e2tons, sac \u00e0 dos\u00a0: tout y est pour vivre comme en p\u00e8lerinage et pourtant, malgr\u00e9 l\u2019extase et la fr\u00e9n\u00e9sie de la marche, je rentre chaque soir avec le sentiment inconfortable d\u2019\u00eatre rest\u00e9e sur mon app\u00e9tit. Quelque chose me manque. Quelque chose d\u2019essentiel qui donne habituellement de la vie \u00e0 mes p\u00e8lerinages\u00a0: vous!<\/p>\n\n\n\n<div class=\"wp-block-image\"><figure class=\"alignright size-large is-resized\"><img decoding=\"async\" data-attachment-id=\"4080\" data-permalink=\"https:\/\/bottesetvelo.com\/blog\/2020\/06\/12\/lalchimie-du-chemin\/dscn4585-3\/\" data-orig-file=\"https:\/\/i0.wp.com\/bottesetvelo.com\/blog\/wp-content\/uploads\/2020\/06\/DSCN4585-scaled.jpg?fit=2560%2C1324&amp;ssl=1\" data-orig-size=\"2560,1324\" data-comments-opened=\"1\" data-image-meta=\"{&quot;aperture&quot;:&quot;3.7&quot;,&quot;credit&quot;:&quot;&quot;,&quot;camera&quot;:&quot;COOLPIX S9900&quot;,&quot;caption&quot;:&quot;&quot;,&quot;created_timestamp&quot;:&quot;1507994340&quot;,&quot;copyright&quot;:&quot;&quot;,&quot;focal_length&quot;:&quot;4.5&quot;,&quot;iso&quot;:&quot;125&quot;,&quot;shutter_speed&quot;:&quot;0.005&quot;,&quot;title&quot;:&quot;&quot;,&quot;orientation&quot;:&quot;1&quot;}\" data-image-title=\"DSCN4585\" data-image-description=\"\" data-image-caption=\"\" data-large-file=\"https:\/\/i0.wp.com\/bottesetvelo.com\/blog\/wp-content\/uploads\/2020\/06\/DSCN4585-scaled.jpg?fit=1024%2C530&amp;ssl=1\" src=\"https:\/\/i2.wp.com\/bottesetvelo.com\/blog\/wp-content\/uploads\/2020\/06\/DSCN4585-scaled.jpg?fit=1024%2C530\" alt=\"\" class=\"wp-image-4080\" width=\"350\" srcset=\"https:\/\/i0.wp.com\/bottesetvelo.com\/blog\/wp-content\/uploads\/2020\/06\/DSCN4585-scaled.jpg?w=2560&amp;ssl=1 2560w, https:\/\/i0.wp.com\/bottesetvelo.com\/blog\/wp-content\/uploads\/2020\/06\/DSCN4585-scaled.jpg?resize=500%2C259&amp;ssl=1 500w, https:\/\/i0.wp.com\/bottesetvelo.com\/blog\/wp-content\/uploads\/2020\/06\/DSCN4585-scaled.jpg?resize=1024%2C530&amp;ssl=1 1024w, https:\/\/i0.wp.com\/bottesetvelo.com\/blog\/wp-content\/uploads\/2020\/06\/DSCN4585-scaled.jpg?resize=768%2C397&amp;ssl=1 768w, https:\/\/i0.wp.com\/bottesetvelo.com\/blog\/wp-content\/uploads\/2020\/06\/DSCN4585-scaled.jpg?resize=1536%2C794&amp;ssl=1 1536w, https:\/\/i0.wp.com\/bottesetvelo.com\/blog\/wp-content\/uploads\/2020\/06\/DSCN4585-scaled.jpg?resize=2048%2C1059&amp;ssl=1 2048w, https:\/\/i0.wp.com\/bottesetvelo.com\/blog\/wp-content\/uploads\/2020\/06\/DSCN4585-scaled.jpg?w=2340&amp;ssl=1 2340w\" sizes=\"(max-width: 1170px) 100vw, 1170px\" \/><\/figure><\/div>\n\n\n\n<p>Sans vous, chaque journ\u00e9e de marche n\u2019est qu\u2019une journ\u00e9e march\u00e9e. Agr\u00e9able. Parfois exaltante. Souvent vivifiante. Mais sans la vie de groupe, elle me semble plus fade. Assur\u00e9ment, vous rehaussiez le go\u00fbt de mes journ\u00e9es! Sans pourtant \u00eatre toujours ensemble, de se savoir appartenir \u00e0 une petite communaut\u00e9 en mouvement donne un sentiment particulier \u00e0 la marche, cr\u00e9e une atmosph\u00e8re pleinement p\u00e8lerine. J\u2019aime marcher seule et voir devant moi au loin les silhouettes des autres p\u00e8lerins qui s\u2019\u00e9grainent sur la route ou le long de la plage. Et quand je m\u2019arr\u00eate, je vois derri\u00e8re moi les \u00ab\u00a0contemplatives\u00a0\u00bb, celles qui marchent plus lentement et profitent du moment qui passe. Avec la couleur du sac, du chandail, ou du chapeau, je m\u2019amuse \u00e0 deviner de qui il s\u2019agit. Des pr\u00e9sences dans ma solitude.<\/p>\n\n\n\n<div class=\"wp-block-image\"><figure class=\"alignleft size-large is-resized\"><img data-recalc-dims=\"1\" loading=\"lazy\" decoding=\"async\" data-attachment-id=\"4082\" data-permalink=\"https:\/\/bottesetvelo.com\/blog\/2020\/06\/12\/lalchimie-du-chemin\/dscn0470-2\/\" data-orig-file=\"https:\/\/i0.wp.com\/bottesetvelo.com\/blog\/wp-content\/uploads\/2020\/06\/DSCN0470-2.jpg?fit=448%2C336&amp;ssl=1\" data-orig-size=\"448,336\" data-comments-opened=\"1\" data-image-meta=\"{&quot;aperture&quot;:&quot;4.2&quot;,&quot;credit&quot;:&quot;&quot;,&quot;camera&quot;:&quot;COOLPIX S9900&quot;,&quot;caption&quot;:&quot;&quot;,&quot;created_timestamp&quot;:&quot;1466282272&quot;,&quot;copyright&quot;:&quot;&quot;,&quot;focal_length&quot;:&quot;7.6&quot;,&quot;iso&quot;:&quot;125&quot;,&quot;shutter_speed&quot;:&quot;0.0166666666667&quot;,&quot;title&quot;:&quot;&quot;,&quot;orientation&quot;:&quot;1&quot;}\" data-image-title=\"DSCN0470-2\" data-image-description=\"\" data-image-caption=\"\" data-large-file=\"https:\/\/i0.wp.com\/bottesetvelo.com\/blog\/wp-content\/uploads\/2020\/06\/DSCN0470-2.jpg?fit=448%2C336&amp;ssl=1\" src=\"https:\/\/i0.wp.com\/bottesetvelo.com\/blog\/wp-content\/uploads\/2020\/06\/DSCN0470-2.jpg?resize=350%2C252&#038;ssl=1\" alt=\"\" class=\"wp-image-4082\" width=\"350\" height=\"252\"\/><\/figure><\/div>\n\n\n\n<p>Au fil des jours et des temps de partage, le groupe se fa\u00e7onne, des amiti\u00e9s se d\u00e9veloppent, une chimie s\u2019op\u00e8re. Loin des conversations de salon et des mises \u00e0 jour factuelles entre parents et amis, les paroles \u00e9chang\u00e9es sont authentiques et lib\u00e9ratrices. Chacun se r\u00e9v\u00e8le \u00e0 l\u2019autre dans sa vuln\u00e9rabilit\u00e9. Ce climat de confiance est la trame de ce tissu qui nous unira tout au long du chemin. Accompagnateurs et accompagn\u00e9s s\u2019interchangent les r\u00f4les. Pendant que les pieds arpentent les kilom\u00e8tres, on parle, on \u00e9coute, on fait du m\u00e9nage, on apprend et on comprend. Et la journ\u00e9e d\u00e9file sans parfois m\u00eame qu\u2019on ne s\u2019en rende compte. Simplicit\u00e9, spontan\u00e9it\u00e9, v\u00e9rit\u00e9.<\/p>\n\n\n\n<div class=\"wp-block-image\"><figure class=\"alignright size-large is-resized\"><img decoding=\"async\" data-attachment-id=\"4083\" data-permalink=\"https:\/\/bottesetvelo.com\/blog\/2020\/06\/12\/lalchimie-du-chemin\/dscn4472\/\" data-orig-file=\"https:\/\/i0.wp.com\/bottesetvelo.com\/blog\/wp-content\/uploads\/2020\/06\/DSCN4472-scaled.jpg?fit=2560%2C1739&amp;ssl=1\" data-orig-size=\"2560,1739\" data-comments-opened=\"1\" data-image-meta=\"{&quot;aperture&quot;:&quot;4&quot;,&quot;credit&quot;:&quot;&quot;,&quot;camera&quot;:&quot;COOLPIX S9900&quot;,&quot;caption&quot;:&quot;&quot;,&quot;created_timestamp&quot;:&quot;1506240303&quot;,&quot;copyright&quot;:&quot;&quot;,&quot;focal_length&quot;:&quot;6.4&quot;,&quot;iso&quot;:&quot;220&quot;,&quot;shutter_speed&quot;:&quot;0.0333333333333&quot;,&quot;title&quot;:&quot;&quot;,&quot;orientation&quot;:&quot;1&quot;}\" data-image-title=\"DSCN4472\" data-image-description=\"\" data-image-caption=\"\" data-large-file=\"https:\/\/i0.wp.com\/bottesetvelo.com\/blog\/wp-content\/uploads\/2020\/06\/DSCN4472-scaled.jpg?fit=1024%2C696&amp;ssl=1\" src=\"https:\/\/i0.wp.com\/bottesetvelo.com\/blog\/wp-content\/uploads\/2020\/06\/DSCN4472-scaled.jpg?fit=1024%2C696\" alt=\"\" class=\"wp-image-4083\" width=\"350\" srcset=\"https:\/\/i0.wp.com\/bottesetvelo.com\/blog\/wp-content\/uploads\/2020\/06\/DSCN4472-scaled.jpg?w=2560&amp;ssl=1 2560w, https:\/\/i0.wp.com\/bottesetvelo.com\/blog\/wp-content\/uploads\/2020\/06\/DSCN4472-scaled.jpg?resize=500%2C340&amp;ssl=1 500w, https:\/\/i0.wp.com\/bottesetvelo.com\/blog\/wp-content\/uploads\/2020\/06\/DSCN4472-scaled.jpg?resize=1024%2C696&amp;ssl=1 1024w, https:\/\/i0.wp.com\/bottesetvelo.com\/blog\/wp-content\/uploads\/2020\/06\/DSCN4472-scaled.jpg?resize=768%2C522&amp;ssl=1 768w, https:\/\/i0.wp.com\/bottesetvelo.com\/blog\/wp-content\/uploads\/2020\/06\/DSCN4472-scaled.jpg?resize=1536%2C1043&amp;ssl=1 1536w, https:\/\/i0.wp.com\/bottesetvelo.com\/blog\/wp-content\/uploads\/2020\/06\/DSCN4472-scaled.jpg?resize=2048%2C1391&amp;ssl=1 2048w, https:\/\/i0.wp.com\/bottesetvelo.com\/blog\/wp-content\/uploads\/2020\/06\/DSCN4472-scaled.jpg?w=2340&amp;ssl=1 2340w\" sizes=\"(max-width: 1170px) 100vw, 1170px\" \/><\/figure><\/div>\n\n\n\n<p>Seule sur ma route, aujourd\u2019hui, je m\u2019ennuie de vous. Chacun de vous a laiss\u00e9 son empreinte en moi. Je marche et je nous revois encore. Plus le temps passait et plus on \u00e9tait fous! Indisciplin\u00e9s! Et pourtant profond\u00e9ment ancr\u00e9s dans la d\u00e9marche p\u00e8lerine. Et bien que tous ces temps de partage m\u2019aient permis de cheminer personnellement, je reste impr\u00e9gn\u00e9e de ces grands moments cocasses et touchants qui enracinent les relations. Je revois Nelson nous faire pleurer en donnant son coquillage \u00e0 Doris. Et Doris nous faire rire en dansant en Espagne. Les Gasp\u00e9siennes qui nous organisent une finale en karaok\u00e9 dans un petit motel de Saint-Yvon. Les messages d\u2019encouragements laiss\u00e9s par Manon et Lucie dans le sable le long de la route. La roche en forme d\u2019Or\u00e9o et les chansons de Richard. Les impressionnantes aquarelles de Marie-France et Catherine. Les massages de pieds offerts par Yves. Les constantes r\u00e9organisations de tabl\u00e9e avec les compostelanes qui voulaient toujours \u00eatre assises toutes ensemble. Et que dire de l\u2019\u00e9quipe de casques de bain dans la piscine! Les chansons de Ginette. Les fraises des champs de Maria. Les coquetteries de Marie-Jos\u00e9e. La soir\u00e9e d\u2019anniversaire de Jacinthe. Le Cheeseburger de Paul. Les tr\u00e8fles \u00e0 5 feuilles de Line. Le poncho de Carole d\u00e9chir\u00e9 par le vent. \u2026. Comme il \u00e9tait bon de se retrouver tous les soirs, \u00e0 la fin de la journ\u00e9e, et de rire\u2026 et de pleurer!<\/p>\n\n\n\n<div class=\"wp-block-image\"><figure class=\"alignleft size-large is-resized\"><img decoding=\"async\" data-attachment-id=\"4085\" data-permalink=\"https:\/\/bottesetvelo.com\/blog\/2020\/06\/12\/lalchimie-du-chemin\/20190716_121606\/\" data-orig-file=\"https:\/\/i0.wp.com\/bottesetvelo.com\/blog\/wp-content\/uploads\/2020\/06\/20190716_121606.jpg?fit=1872%2C910&amp;ssl=1\" data-orig-size=\"1872,910\" data-comments-opened=\"1\" data-image-meta=\"{&quot;aperture&quot;:&quot;0&quot;,&quot;credit&quot;:&quot;&quot;,&quot;camera&quot;:&quot;&quot;,&quot;caption&quot;:&quot;&quot;,&quot;created_timestamp&quot;:&quot;0&quot;,&quot;copyright&quot;:&quot;&quot;,&quot;focal_length&quot;:&quot;0&quot;,&quot;iso&quot;:&quot;0&quot;,&quot;shutter_speed&quot;:&quot;0&quot;,&quot;title&quot;:&quot;&quot;,&quot;orientation&quot;:&quot;0&quot;}\" data-image-title=\"20190716_121606\" data-image-description=\"\" data-image-caption=\"\" data-large-file=\"https:\/\/i0.wp.com\/bottesetvelo.com\/blog\/wp-content\/uploads\/2020\/06\/20190716_121606.jpg?fit=1024%2C498&amp;ssl=1\" src=\"https:\/\/i2.wp.com\/bottesetvelo.com\/blog\/wp-content\/uploads\/2020\/06\/20190716_121606.jpg?fit=1024%2C498\" alt=\"\" class=\"wp-image-4085\" width=\"350\" srcset=\"https:\/\/i0.wp.com\/bottesetvelo.com\/blog\/wp-content\/uploads\/2020\/06\/20190716_121606.jpg?w=1872&amp;ssl=1 1872w, https:\/\/i0.wp.com\/bottesetvelo.com\/blog\/wp-content\/uploads\/2020\/06\/20190716_121606.jpg?resize=500%2C243&amp;ssl=1 500w, https:\/\/i0.wp.com\/bottesetvelo.com\/blog\/wp-content\/uploads\/2020\/06\/20190716_121606.jpg?resize=1024%2C498&amp;ssl=1 1024w, https:\/\/i0.wp.com\/bottesetvelo.com\/blog\/wp-content\/uploads\/2020\/06\/20190716_121606.jpg?resize=768%2C373&amp;ssl=1 768w, https:\/\/i0.wp.com\/bottesetvelo.com\/blog\/wp-content\/uploads\/2020\/06\/20190716_121606.jpg?resize=1536%2C747&amp;ssl=1 1536w\" sizes=\"(max-width: 1170px) 100vw, 1170px\" \/><\/figure><\/div>\n\n\n\n<p>Chaque groupe \u00e9tait le plus beau groupe! La dynamique relationnelle qui se cr\u00e9e en chemin est ind\u00e9finissable. La pr\u00e9sence de chacun dans le groupe transforme la r\u00e9alit\u00e9 d\u2019une simple marche en exp\u00e9rience p\u00e8lerine. &nbsp;J\u2019ai tellement h\u00e2te de vous retrouver. Car seule, je marche. Mais avec vous, j\u2019\u00e9coute, je parle, je chante, je ris, je pleure\u2026 je me sens vivre!<\/p>\n\n\n\n<div class=\"wp-block-image\"><figure class=\"alignright size-large is-resized\"><img data-recalc-dims=\"1\" loading=\"lazy\" decoding=\"async\" data-attachment-id=\"3248\" data-permalink=\"https:\/\/bottesetvelo.com\/blog\/2018\/03\/30\/comme-un-grand-silence\/bottes-et-velo-embleme-3\/\" data-orig-file=\"https:\/\/i0.wp.com\/bottesetvelo.com\/blog\/wp-content\/uploads\/2018\/03\/Bottes-et-V%C3%A9lo-Embl%C3%AAme-1-e1522416719670.png?fit=100%2C79&amp;ssl=1\" data-orig-size=\"100,79\" data-comments-opened=\"1\" data-image-meta=\"{&quot;aperture&quot;:&quot;0&quot;,&quot;credit&quot;:&quot;&quot;,&quot;camera&quot;:&quot;&quot;,&quot;caption&quot;:&quot;&quot;,&quot;created_timestamp&quot;:&quot;0&quot;,&quot;copyright&quot;:&quot;&quot;,&quot;focal_length&quot;:&quot;0&quot;,&quot;iso&quot;:&quot;0&quot;,&quot;shutter_speed&quot;:&quot;0&quot;,&quot;title&quot;:&quot;&quot;,&quot;orientation&quot;:&quot;0&quot;}\" data-image-title=\"Bottes et V\u00e9lo &amp;#8211; Embl\u00eame\" data-image-description=\"\" data-image-caption=\"\" data-large-file=\"https:\/\/i0.wp.com\/bottesetvelo.com\/blog\/wp-content\/uploads\/2018\/03\/Bottes-et-V%C3%A9lo-Embl%C3%AAme-1-e1522416719670.png?fit=100%2C79&amp;ssl=1\" src=\"https:\/\/i0.wp.com\/bottesetvelo.com\/blog\/wp-content\/uploads\/2018\/03\/Bottes-et-V%C3%A9lo-Embl%C3%AAme-1-e1522416719670.png?resize=75%2C60&#038;ssl=1\" alt=\"\" class=\"wp-image-3248\" width=\"75\" height=\"60\"\/><\/figure><\/div>\n\n\n\n<p>Brigitte Harouni<\/p>\n","protected":false},"excerpt":{"rendered":"<p>\u201cSans compagnons humains, le paradis m\u00eame deviendrait un lieu d&rsquo;ennui.\u201d Proverbe arabe \u00c0 tous ceux et celles qui ont fait un bout de chemin avec Bottes et V\u00e9lo&nbsp;: ce texte est pour vous. En cette ann\u00e9e pand\u00e9mique, Bottes et V\u00e9lo aura d\u00fb, jusqu\u2019\u00e0 ce jour, annuler tous ses s\u00e9jours. Mais pour \u00c9ric et moi, impossible&hellip;<\/p>\n","protected":false},"author":2,"featured_media":4082,"comment_status":"open","ping_status":"open","sticky":false,"template":"","format":"standard","meta":{"jetpack_post_was_ever_published":false,"_jetpack_newsletter_access":"","_jetpack_dont_email_post_to_subs":false,"_jetpack_newsletter_tier_id":0,"_jetpack_memberships_contains_paywalled_content":false,"_jetpack_memberships_contains_paid_content":false,"footnotes":"","jetpack_publicize_message":"L\u2019alchimie du chemin\n\u00c0 tous ceux et celles qui ont fait un bout de #chemin avec Bottes et V\u00e9lo : ce texte est pour vous.\n#compostelle","jetpack_publicize_feature_enabled":true,"jetpack_social_post_already_shared":true,"jetpack_social_options":{"image_generator_settings":{"template":"highway","default_image_id":0,"font":"","enabled":false},"version":2}},"categories":[422,50,9,230,171,390,326],"tags":[354,604,614,616,549],"class_list":["post-4077","post","type-post","status-publish","format-standard","has-post-thumbnail","hentry","category-accompagnement","category-art-de-vivre","category-chemins-de-pelerinage","category-histoire-de-pelerin","category-pelerinage","category-voyages-pelerins","category-weekends-pelerins","tag-accompagnement","tag-communaute","tag-complicite","tag-dynamique-de-groupe","tag-pelerinage-2"],"jetpack_publicize_connections":[],"jetpack_featured_media_url":"https:\/\/i0.wp.com\/bottesetvelo.com\/blog\/wp-content\/uploads\/2020\/06\/DSCN0470-2.jpg?fit=448%2C336&ssl=1","jetpack_shortlink":"https:\/\/wp.me\/p4eY6z-13L","jetpack_sharing_enabled":true,"jetpack_likes_enabled":true,"jetpack-related-posts":[],"_links":{"self":[{"href":"https:\/\/bottesetvelo.com\/blog\/wp-json\/wp\/v2\/posts\/4077","targetHints":{"allow":["GET"]}}],"collection":[{"href":"https:\/\/bottesetvelo.com\/blog\/wp-json\/wp\/v2\/posts"}],"about":[{"href":"https:\/\/bottesetvelo.com\/blog\/wp-json\/wp\/v2\/types\/post"}],"author":[{"embeddable":true,"href":"https:\/\/bottesetvelo.com\/blog\/wp-json\/wp\/v2\/users\/2"}],"replies":[{"embeddable":true,"href":"https:\/\/bottesetvelo.com\/blog\/wp-json\/wp\/v2\/comments?post=4077"}],"version-history":[{"count":4,"href":"https:\/\/bottesetvelo.com\/blog\/wp-json\/wp\/v2\/posts\/4077\/revisions"}],"predecessor-version":[{"id":4090,"href":"https:\/\/bottesetvelo.com\/blog\/wp-json\/wp\/v2\/posts\/4077\/revisions\/4090"}],"wp:featuredmedia":[{"embeddable":true,"href":"https:\/\/bottesetvelo.com\/blog\/wp-json\/wp\/v2\/media\/4082"}],"wp:attachment":[{"href":"https:\/\/bottesetvelo.com\/blog\/wp-json\/wp\/v2\/media?parent=4077"}],"wp:term":[{"taxonomy":"category","embeddable":true,"href":"https:\/\/bottesetvelo.com\/blog\/wp-json\/wp\/v2\/categories?post=4077"},{"taxonomy":"post_tag","embeddable":true,"href":"https:\/\/bottesetvelo.com\/blog\/wp-json\/wp\/v2\/tags?post=4077"}],"curies":[{"name":"wp","href":"https:\/\/api.w.org\/{rel}","templated":true}]}}