{"id":4033,"date":"2020-05-08T07:00:00","date_gmt":"2020-05-08T11:00:00","guid":{"rendered":"http:\/\/bottesetvelo.com\/blog\/?p=4033"},"modified":"2020-05-07T14:23:17","modified_gmt":"2020-05-07T18:23:17","slug":"se-reinventer-pour-mieux-vivre","status":"publish","type":"post","link":"https:\/\/bottesetvelo.com\/blog\/2020\/05\/08\/se-reinventer-pour-mieux-vivre\/","title":{"rendered":"Se r\u00e9inventer pour mieux vivre"},"content":{"rendered":"\n<blockquote class=\"wp-block-quote is-layout-flow wp-block-quote-is-layout-flow\"><p>&nbsp;<em>\u00ab Les esp\u00e8ces qui survivent ne sont pas les esp\u00e8ces les plus fortes, ni les plus intelligentes, mais celles qui s&rsquo;adaptent le mieux aux changements. \u00bb <\/em><\/p><cite>Charles Darwin<\/cite><\/blockquote>\n\n\n\n<div class=\"wp-block-image\"><figure class=\"alignright size-large is-resized\"><img decoding=\"async\" data-attachment-id=\"4038\" data-permalink=\"https:\/\/bottesetvelo.com\/blog\/2020\/05\/08\/se-reinventer-pour-mieux-vivre\/lily-of-the-valley-5093791_1920-1\/\" data-orig-file=\"https:\/\/i0.wp.com\/bottesetvelo.com\/blog\/wp-content\/uploads\/2020\/05\/lily-of-the-valley-5093791_1920-1.jpg?fit=1920%2C1280&amp;ssl=1\" data-orig-size=\"1920,1280\" data-comments-opened=\"1\" data-image-meta=\"{&quot;aperture&quot;:&quot;2.8&quot;,&quot;credit&quot;:&quot;&quot;,&quot;camera&quot;:&quot;Canon EOS 6D Mark II&quot;,&quot;caption&quot;:&quot;&quot;,&quot;created_timestamp&quot;:&quot;0&quot;,&quot;copyright&quot;:&quot;&quot;,&quot;focal_length&quot;:&quot;105&quot;,&quot;iso&quot;:&quot;100&quot;,&quot;shutter_speed&quot;:&quot;0.00125&quot;,&quot;title&quot;:&quot;&quot;,&quot;orientation&quot;:&quot;0&quot;}\" data-image-title=\"lily-of-the-valley-5093791_1920-1\" data-image-description=\"\" data-image-caption=\"\" data-large-file=\"https:\/\/i0.wp.com\/bottesetvelo.com\/blog\/wp-content\/uploads\/2020\/05\/lily-of-the-valley-5093791_1920-1.jpg?fit=1024%2C683&amp;ssl=1\" src=\"https:\/\/i0.wp.com\/bottesetvelo.com\/blog\/wp-content\/uploads\/2020\/05\/lily-of-the-valley-5093791_1920-1.jpg?fit=1024%2C683\" alt=\"\" class=\"wp-image-4038\" width=\"350\" srcset=\"https:\/\/i0.wp.com\/bottesetvelo.com\/blog\/wp-content\/uploads\/2020\/05\/lily-of-the-valley-5093791_1920-1.jpg?w=1920&amp;ssl=1 1920w, https:\/\/i0.wp.com\/bottesetvelo.com\/blog\/wp-content\/uploads\/2020\/05\/lily-of-the-valley-5093791_1920-1.jpg?resize=500%2C333&amp;ssl=1 500w, https:\/\/i0.wp.com\/bottesetvelo.com\/blog\/wp-content\/uploads\/2020\/05\/lily-of-the-valley-5093791_1920-1.jpg?resize=1024%2C683&amp;ssl=1 1024w, https:\/\/i0.wp.com\/bottesetvelo.com\/blog\/wp-content\/uploads\/2020\/05\/lily-of-the-valley-5093791_1920-1.jpg?resize=768%2C512&amp;ssl=1 768w, https:\/\/i0.wp.com\/bottesetvelo.com\/blog\/wp-content\/uploads\/2020\/05\/lily-of-the-valley-5093791_1920-1.jpg?resize=1536%2C1024&amp;ssl=1 1536w\" sizes=\"(max-width: 1170px) 100vw, 1170px\" \/><\/figure><\/div>\n\n\n\n<p>Un vol d\u2019oies blanches passe dans le ciel, signe annonciateur du retour imminent des beaux jours. Les oiseaux chantent le lever du soleil et le d\u00e9but de la saison des amours. Les arbres bourgeonnent. Les premi\u00e8res fleurs s\u2019\u00e9panouissent. C\u2019est la f\u00eate! Toute la nature sort de son hibernation pour prendre vie.<\/p>\n\n\n\n<div class=\"wp-block-image\"><figure class=\"alignleft size-large is-resized\"><img decoding=\"async\" data-attachment-id=\"4040\" data-permalink=\"https:\/\/bottesetvelo.com\/blog\/2020\/05\/08\/se-reinventer-pour-mieux-vivre\/station-1848972_1920\/\" data-orig-file=\"https:\/\/i0.wp.com\/bottesetvelo.com\/blog\/wp-content\/uploads\/2020\/05\/station-1848972_1920.jpg?fit=1920%2C1280&amp;ssl=1\" data-orig-size=\"1920,1280\" data-comments-opened=\"1\" data-image-meta=\"{&quot;aperture&quot;:&quot;5.6&quot;,&quot;credit&quot;:&quot;&quot;,&quot;camera&quot;:&quot;Canon EOS 650D&quot;,&quot;caption&quot;:&quot;&quot;,&quot;created_timestamp&quot;:&quot;0&quot;,&quot;copyright&quot;:&quot;&quot;,&quot;focal_length&quot;:&quot;79&quot;,&quot;iso&quot;:&quot;200&quot;,&quot;shutter_speed&quot;:&quot;0.004&quot;,&quot;title&quot;:&quot;&quot;,&quot;orientation&quot;:&quot;0&quot;}\" data-image-title=\"station-1848972_1920\" data-image-description=\"\" data-image-caption=\"\" data-large-file=\"https:\/\/i0.wp.com\/bottesetvelo.com\/blog\/wp-content\/uploads\/2020\/05\/station-1848972_1920.jpg?fit=1024%2C683&amp;ssl=1\" src=\"https:\/\/i1.wp.com\/bottesetvelo.com\/blog\/wp-content\/uploads\/2020\/05\/station-1848972_1920.jpg?fit=1024%2C683\" alt=\"\" class=\"wp-image-4040\" width=\"350\" srcset=\"https:\/\/i0.wp.com\/bottesetvelo.com\/blog\/wp-content\/uploads\/2020\/05\/station-1848972_1920.jpg?w=1920&amp;ssl=1 1920w, https:\/\/i0.wp.com\/bottesetvelo.com\/blog\/wp-content\/uploads\/2020\/05\/station-1848972_1920.jpg?resize=500%2C333&amp;ssl=1 500w, https:\/\/i0.wp.com\/bottesetvelo.com\/blog\/wp-content\/uploads\/2020\/05\/station-1848972_1920.jpg?resize=1024%2C683&amp;ssl=1 1024w, https:\/\/i0.wp.com\/bottesetvelo.com\/blog\/wp-content\/uploads\/2020\/05\/station-1848972_1920.jpg?resize=768%2C512&amp;ssl=1 768w, https:\/\/i0.wp.com\/bottesetvelo.com\/blog\/wp-content\/uploads\/2020\/05\/station-1848972_1920.jpg?resize=1536%2C1024&amp;ssl=1 1536w\" sizes=\"(max-width: 1170px) 100vw, 1170px\" \/><\/figure><\/div>\n\n\n\n<p>Paradoxalement, \u00e0 la radio, dans les journaux, \u00e0 la t\u00e9l\u00e9vision, on parle de mort. Les nouvelles sont sombres, angoissantes, d\u00e9primantes. Les personnes qui travaillent sont \u00e0 bout de souffle, \u00e9puis\u00e9es physiquement et moralement. Celles confin\u00e9es sont d\u00e9s\u0153uvr\u00e9es, d\u00e9prim\u00e9es, d\u00e9sorient\u00e9es. On cultive la peur; toutes sortes de peurs. L\u2019\u00eatre humain est en souffrance. Et plus que jamais, sa dissonance avec la nature r\u00e9sonne!<\/p>\n\n\n\n<p>Quand on prend le temps d\u2019observer la nature, on d\u00e9couvre un \u00e9quilibre dot\u00e9 d\u2019un syst\u00e8me d\u2019autor\u00e9gulation des plus \u00e9labor\u00e9s. Chaque \u00e9l\u00e9ment est un rouage essentiel au mouvement harmonieux du tout. Tout est interreli\u00e9 et contribue \u00e0 perp\u00e9tuer la vie.<\/p>\n\n\n\n<p>Le d\u00e9confinement, espoir d\u2019ouverture et de libert\u00e9, ajoute \u00e0 la confusion. Les \u00e9motions se multiplient&nbsp;: d\u00e9livrance, joie, craintes, frustration, col\u00e8re. C\u2019est une lib\u00e9ration conditionnelle, avec des r\u00e8gles, des obligations et des restrictions. Les multiples incertitudes exacerbent les peurs, engendrent de l\u2019hostilit\u00e9 et de la fermeture.<\/p>\n\n\n\n<div class=\"wp-block-image\"><figure class=\"alignright size-large is-resized\"><img decoding=\"async\" data-attachment-id=\"4041\" data-permalink=\"https:\/\/bottesetvelo.com\/blog\/2020\/05\/08\/se-reinventer-pour-mieux-vivre\/fog-1209205_1920\/\" data-orig-file=\"https:\/\/i0.wp.com\/bottesetvelo.com\/blog\/wp-content\/uploads\/2020\/05\/fog-1209205_1920.jpg?fit=1920%2C1271&amp;ssl=1\" data-orig-size=\"1920,1271\" data-comments-opened=\"1\" data-image-meta=\"{&quot;aperture&quot;:&quot;0&quot;,&quot;credit&quot;:&quot;&quot;,&quot;camera&quot;:&quot;&quot;,&quot;caption&quot;:&quot;&quot;,&quot;created_timestamp&quot;:&quot;0&quot;,&quot;copyright&quot;:&quot;&quot;,&quot;focal_length&quot;:&quot;0&quot;,&quot;iso&quot;:&quot;0&quot;,&quot;shutter_speed&quot;:&quot;0&quot;,&quot;title&quot;:&quot;&quot;,&quot;orientation&quot;:&quot;0&quot;}\" data-image-title=\"fog-1209205_1920\" data-image-description=\"\" data-image-caption=\"\" data-large-file=\"https:\/\/i0.wp.com\/bottesetvelo.com\/blog\/wp-content\/uploads\/2020\/05\/fog-1209205_1920.jpg?fit=1024%2C678&amp;ssl=1\" src=\"https:\/\/i1.wp.com\/bottesetvelo.com\/blog\/wp-content\/uploads\/2020\/05\/fog-1209205_1920.jpg?fit=1024%2C678\" alt=\"\" class=\"wp-image-4041\" width=\"350\" srcset=\"https:\/\/i0.wp.com\/bottesetvelo.com\/blog\/wp-content\/uploads\/2020\/05\/fog-1209205_1920.jpg?w=1920&amp;ssl=1 1920w, https:\/\/i0.wp.com\/bottesetvelo.com\/blog\/wp-content\/uploads\/2020\/05\/fog-1209205_1920.jpg?resize=500%2C331&amp;ssl=1 500w, https:\/\/i0.wp.com\/bottesetvelo.com\/blog\/wp-content\/uploads\/2020\/05\/fog-1209205_1920.jpg?resize=1024%2C678&amp;ssl=1 1024w, https:\/\/i0.wp.com\/bottesetvelo.com\/blog\/wp-content\/uploads\/2020\/05\/fog-1209205_1920.jpg?resize=768%2C508&amp;ssl=1 768w, https:\/\/i0.wp.com\/bottesetvelo.com\/blog\/wp-content\/uploads\/2020\/05\/fog-1209205_1920.jpg?resize=1536%2C1017&amp;ssl=1 1536w\" sizes=\"(max-width: 1170px) 100vw, 1170px\" \/><\/figure><\/div>\n\n\n\n<p>L\u2019\u00eatre humain, tellement habitu\u00e9 d\u2019\u00eatre en contr\u00f4le, navigue p\u00e9niblement dans cet univers embrum\u00e9 et diffus. Il supporte mal de ne pas savoir, de ne pas \u00eatre ma\u00eetre \u00e0 bord. Comme en p\u00e8lerinage, certaines choses sont identiques \u00e0 son monde ant\u00e9rieur, mais bien d\u2019autres sont nouvelles. \u00c0 la diff\u00e9rence du p\u00e8lerin, il n\u2019a pas choisi de vivre cette perte de rep\u00e8res. Avec le d\u00e9confinement, sans le savoir, il entre dans une zone d\u2019apprentissage.<\/p>\n\n\n\n<div class=\"wp-block-image\"><figure class=\"alignleft size-large is-resized\"><img data-recalc-dims=\"1\" decoding=\"async\" data-attachment-id=\"3615\" data-permalink=\"https:\/\/bottesetvelo.com\/blog\/2019\/02\/08\/un-espace-temps-dincubation\/2018-07-07-08-28-29\/\" data-orig-file=\"https:\/\/i0.wp.com\/bottesetvelo.com\/blog\/wp-content\/uploads\/2019\/02\/2018-07-07-08.28.29.jpg?fit=4608%2C2240&amp;ssl=1\" data-orig-size=\"4608,2240\" data-comments-opened=\"1\" data-image-meta=\"{&quot;aperture&quot;:&quot;1.7&quot;,&quot;credit&quot;:&quot;&quot;,&quot;camera&quot;:&quot;SM-A530W&quot;,&quot;caption&quot;:&quot;&quot;,&quot;created_timestamp&quot;:&quot;1530952109&quot;,&quot;copyright&quot;:&quot;&quot;,&quot;focal_length&quot;:&quot;3.93&quot;,&quot;iso&quot;:&quot;40&quot;,&quot;shutter_speed&quot;:&quot;0.00307692307692&quot;,&quot;title&quot;:&quot;&quot;,&quot;orientation&quot;:&quot;1&quot;}\" data-image-title=\"Bottes et V\u00e9lo &amp;#8211; Compostelle\" data-image-description=\"\" data-image-caption=\"\" data-large-file=\"https:\/\/i0.wp.com\/bottesetvelo.com\/blog\/wp-content\/uploads\/2019\/02\/2018-07-07-08.28.29.jpg?fit=1024%2C498&amp;ssl=1\" src=\"https:\/\/i0.wp.com\/bottesetvelo.com\/blog\/wp-content\/uploads\/2019\/02\/2018-07-07-08.28.29.jpg?w=350&#038;ssl=1\" alt=\"\" class=\"wp-image-3615\"  srcset=\"https:\/\/i0.wp.com\/bottesetvelo.com\/blog\/wp-content\/uploads\/2019\/02\/2018-07-07-08.28.29.jpg?resize=1024%2C498&amp;ssl=1 1024w, https:\/\/i0.wp.com\/bottesetvelo.com\/blog\/wp-content\/uploads\/2019\/02\/2018-07-07-08.28.29.jpg?resize=500%2C243&amp;ssl=1 500w, https:\/\/i0.wp.com\/bottesetvelo.com\/blog\/wp-content\/uploads\/2019\/02\/2018-07-07-08.28.29.jpg?resize=768%2C373&amp;ssl=1 768w, https:\/\/i0.wp.com\/bottesetvelo.com\/blog\/wp-content\/uploads\/2019\/02\/2018-07-07-08.28.29.jpg?w=2340&amp;ssl=1 2340w, https:\/\/i0.wp.com\/bottesetvelo.com\/blog\/wp-content\/uploads\/2019\/02\/2018-07-07-08.28.29.jpg?w=3510&amp;ssl=1 3510w\" sizes=\"(max-width: 1024px) 100vw, 1024px\" \/><\/figure><\/div>\n\n\n\n<p>C\u2019est dans l\u2019espace de cette zone nouvelle qu\u2019il aura \u00e0 se r\u00e9inventer. Tout comme le p\u00e8lerin, il n\u2019a d\u2019autre choix que de d\u00e9velopper un art de vivre qui soit en coh\u00e9rence avec son environnement, tout en r\u00e9pondant \u00e0 ses besoins essentiels. Pour survivre et avancer dans cette nouvelle r\u00e9alit\u00e9 qui se dessine autour de lui, il doit commencer par accepter que le monde qu&rsquo;il a connu est r\u00e9volu, accepter le changement qui s&rsquo;impose aujourd&rsquo;hui \u00e0 lui. Pour avancer sans trop se blesser, il apprend \u00e0 all\u00e9ger son fardeau, se lib\u00e9rer de ses certitudes, de ses peurs, de ses enfermements qui entravent le mouvement. Il r\u00e9apprend \u00e0 faire confiance.&nbsp; Il sait qu&rsquo;il y aura des sacrifices \u00e0 faire. Un jour \u00e0 la fois, il prend le temps d\u2019accueillir et de go\u00fbter la nouveaut\u00e9. Il apprivoise sa nouvelle vie. Se fa\u00e7onne un nouveau confort plus juste, plus adapt\u00e9 \u00e0 sa nouvelle situation. Pour plus de vie.<\/p>\n\n\n\n<p>Une prise de conscience commence \u00e0 s\u2019op\u00e9rer&nbsp;: faisant partie de la nature, il est ma\u00eetre de bien peu de choses. Malgr\u00e9 son arrogance, il ne peut aujourd\u2019hui que constater l&rsquo;illusoire de cette supr\u00e9matie qu\u2019il s\u2019est construit, et la finitude de sa condition humaine. Cette vie qui ne lui appartient pas, qu\u2019il ne contr\u00f4le pas, qu&rsquo;il devra rendre, qu&rsquo;en fait-il? Zone d\u2019apprentissage, zone de remise en question. Le sens de la vie l\u2019effleure. Printemps, temps de renaissance, espace de cr\u00e9ation.<\/p>\n\n\n\n<div class=\"wp-block-image\"><figure class=\"alignright size-large is-resized\"><img data-recalc-dims=\"1\" loading=\"lazy\" decoding=\"async\" data-attachment-id=\"3248\" data-permalink=\"https:\/\/bottesetvelo.com\/blog\/2018\/03\/30\/comme-un-grand-silence\/bottes-et-velo-embleme-3\/\" data-orig-file=\"https:\/\/i0.wp.com\/bottesetvelo.com\/blog\/wp-content\/uploads\/2018\/03\/Bottes-et-V%C3%A9lo-Embl%C3%AAme-1-e1522416719670.png?fit=100%2C79&amp;ssl=1\" data-orig-size=\"100,79\" data-comments-opened=\"1\" data-image-meta=\"{&quot;aperture&quot;:&quot;0&quot;,&quot;credit&quot;:&quot;&quot;,&quot;camera&quot;:&quot;&quot;,&quot;caption&quot;:&quot;&quot;,&quot;created_timestamp&quot;:&quot;0&quot;,&quot;copyright&quot;:&quot;&quot;,&quot;focal_length&quot;:&quot;0&quot;,&quot;iso&quot;:&quot;0&quot;,&quot;shutter_speed&quot;:&quot;0&quot;,&quot;title&quot;:&quot;&quot;,&quot;orientation&quot;:&quot;0&quot;}\" data-image-title=\"Bottes et V\u00e9lo &amp;#8211; Embl\u00eame\" data-image-description=\"\" data-image-caption=\"\" data-large-file=\"https:\/\/i0.wp.com\/bottesetvelo.com\/blog\/wp-content\/uploads\/2018\/03\/Bottes-et-V%C3%A9lo-Embl%C3%AAme-1-e1522416719670.png?fit=100%2C79&amp;ssl=1\" src=\"https:\/\/i0.wp.com\/bottesetvelo.com\/blog\/wp-content\/uploads\/2018\/03\/Bottes-et-V%C3%A9lo-Embl%C3%AAme-1-e1522416719670.png?resize=75%2C59&#038;ssl=1\" alt=\"\" class=\"wp-image-3248\" width=\"75\" height=\"59\"\/><\/figure><\/div>\n\n\n\n<p>Brigitte Harouni<\/p>\n","protected":false},"excerpt":{"rendered":"<p>&nbsp;\u00ab Les esp\u00e8ces qui survivent ne sont pas les esp\u00e8ces les plus fortes, ni les plus intelligentes, mais celles qui s&rsquo;adaptent le mieux aux changements. \u00bb Charles Darwin Un vol d\u2019oies blanches passe dans le ciel, signe annonciateur du retour imminent des beaux jours. Les oiseaux chantent le lever du soleil et le d\u00e9but de&hellip;<\/p>\n","protected":false},"author":2,"featured_media":4040,"comment_status":"open","ping_status":"open","sticky":false,"template":"","format":"standard","meta":{"jetpack_post_was_ever_published":false,"_jetpack_newsletter_access":"","_jetpack_dont_email_post_to_subs":false,"_jetpack_newsletter_tier_id":0,"_jetpack_memberships_contains_paywalled_content":false,"_jetpack_memberships_contains_paid_content":false,"footnotes":"","jetpack_publicize_message":"Se #r\u00e9inventer pour #mieuxvivre.\nToute la nature sort de son hibernation pour prendre #vie. Paradoxalement, dans les m\u00e9dias, on parle de #mort. On cultive la #peur; toutes sortes de peurs. L\u2019\u00eatre #humain est plus que jamais, en dissonance avec la #nature.","jetpack_publicize_feature_enabled":true,"jetpack_social_post_already_shared":true,"jetpack_social_options":{"image_generator_settings":{"template":"highway","default_image_id":0,"font":"","enabled":false},"version":2}},"categories":[453,50,379,345,3,381,1],"tags":[607,275,169,597,605,606,84],"class_list":["post-4033","post","type-post","status-publish","format-standard","has-post-thumbnail","hentry","category-actualite","category-art-de-vivre","category-chemin-de-transformation","category-culture-de-consommation","category-reflexions","category-transformation","category-uncategorized","tag-adaptation","tag-art-de-vivre","tag-changement","tag-covid-19","tag-equilibre","tag-nature","tag-vie"],"jetpack_publicize_connections":[],"jetpack_featured_media_url":"https:\/\/i0.wp.com\/bottesetvelo.com\/blog\/wp-content\/uploads\/2020\/05\/station-1848972_1920.jpg?fit=1920%2C1280&ssl=1","jetpack_shortlink":"https:\/\/wp.me\/p4eY6z-133","jetpack_sharing_enabled":true,"jetpack_likes_enabled":true,"jetpack-related-posts":[],"_links":{"self":[{"href":"https:\/\/bottesetvelo.com\/blog\/wp-json\/wp\/v2\/posts\/4033","targetHints":{"allow":["GET"]}}],"collection":[{"href":"https:\/\/bottesetvelo.com\/blog\/wp-json\/wp\/v2\/posts"}],"about":[{"href":"https:\/\/bottesetvelo.com\/blog\/wp-json\/wp\/v2\/types\/post"}],"author":[{"embeddable":true,"href":"https:\/\/bottesetvelo.com\/blog\/wp-json\/wp\/v2\/users\/2"}],"replies":[{"embeddable":true,"href":"https:\/\/bottesetvelo.com\/blog\/wp-json\/wp\/v2\/comments?post=4033"}],"version-history":[{"count":6,"href":"https:\/\/bottesetvelo.com\/blog\/wp-json\/wp\/v2\/posts\/4033\/revisions"}],"predecessor-version":[{"id":4045,"href":"https:\/\/bottesetvelo.com\/blog\/wp-json\/wp\/v2\/posts\/4033\/revisions\/4045"}],"wp:featuredmedia":[{"embeddable":true,"href":"https:\/\/bottesetvelo.com\/blog\/wp-json\/wp\/v2\/media\/4040"}],"wp:attachment":[{"href":"https:\/\/bottesetvelo.com\/blog\/wp-json\/wp\/v2\/media?parent=4033"}],"wp:term":[{"taxonomy":"category","embeddable":true,"href":"https:\/\/bottesetvelo.com\/blog\/wp-json\/wp\/v2\/categories?post=4033"},{"taxonomy":"post_tag","embeddable":true,"href":"https:\/\/bottesetvelo.com\/blog\/wp-json\/wp\/v2\/tags?post=4033"}],"curies":[{"name":"wp","href":"https:\/\/api.w.org\/{rel}","templated":true}]}}