{"id":3997,"date":"2020-04-10T07:00:44","date_gmt":"2020-04-10T11:00:44","guid":{"rendered":"http:\/\/bottesetvelo.com\/blog\/?p=3997"},"modified":"2020-04-10T06:25:41","modified_gmt":"2020-04-10T10:25:41","slug":"une-conscience-du-nous","status":"publish","type":"post","link":"https:\/\/bottesetvelo.com\/blog\/2020\/04\/10\/une-conscience-du-nous\/","title":{"rendered":"Une conscience du NOUS"},"content":{"rendered":"\n<blockquote style=\"text-align:right\" class=\"wp-block-quote is-layout-flow wp-block-quote-is-layout-flow\"><p> <em>Les hommes construisent trop de murs et pas assez de ponts. <\/em><\/p><cite> Isaac Newton  <\/cite><\/blockquote>\n\n\n\n<p class=\"has-drop-cap\">Il y a quelques ann\u00e9es, j\u2019\u00e9tais directrice dans une \u00e9cole.\nUne grande \u00e9cole en milieu urbain, avec un grand et constant d\u00e9fi&nbsp;:\nd\u00e9velopper le sentiment d\u2019appartenance. Pour les \u00e9l\u00e8ves, bien s\u00fbr, mais aussi\net surtout, pour les adultes de l\u2019\u00e9cole. Il y avait bien des\naffiliations&nbsp;par niveau d\u2019enseignement, par corps d\u2019emploi, par int\u00e9r\u00eats\npersonnels, mais non le sentiment d\u2019appartenir \u00e0 un grand tout&nbsp;: l\u2019\u00e9quipe-\u00e9cole.\nEn d\u00e9coulait de nombreuses emb\u00fbches et complications au bon fonctionnement de\nl\u2019\u00e9cole. <\/p>\n\n\n\n<div class=\"wp-block-image\"><figure class=\"alignright is-resized\"><img data-recalc-dims=\"1\" loading=\"lazy\" decoding=\"async\" data-attachment-id=\"4001\" data-permalink=\"https:\/\/bottesetvelo.com\/blog\/2020\/04\/10\/une-conscience-du-nous\/tools-498202_1920\/\" data-orig-file=\"https:\/\/i0.wp.com\/bottesetvelo.com\/blog\/wp-content\/uploads\/2020\/04\/tools-498202_1920.jpg?fit=1920%2C1559&amp;ssl=1\" data-orig-size=\"1920,1559\" data-comments-opened=\"1\" data-image-meta=\"{&quot;aperture&quot;:&quot;0&quot;,&quot;credit&quot;:&quot;&quot;,&quot;camera&quot;:&quot;&quot;,&quot;caption&quot;:&quot;&quot;,&quot;created_timestamp&quot;:&quot;0&quot;,&quot;copyright&quot;:&quot;&quot;,&quot;focal_length&quot;:&quot;0&quot;,&quot;iso&quot;:&quot;0&quot;,&quot;shutter_speed&quot;:&quot;0&quot;,&quot;title&quot;:&quot;&quot;,&quot;orientation&quot;:&quot;0&quot;}\" data-image-title=\"tools-498202_1920\" data-image-description=\"\" data-image-caption=\"\" data-large-file=\"https:\/\/i0.wp.com\/bottesetvelo.com\/blog\/wp-content\/uploads\/2020\/04\/tools-498202_1920.jpg?fit=1024%2C831&amp;ssl=1\" src=\"https:\/\/i0.wp.com\/bottesetvelo.com\/blog\/wp-content\/uploads\/2020\/04\/tools-498202_1920.jpg?resize=350%2C288&#038;ssl=1\" alt=\"\" class=\"wp-image-4001\" width=\"350\" height=\"288\"\/><\/figure><\/div>\n\n\n\n<p>Avoir conscience d\u2019appartenir \u00e0 un tout, c\u2019est prendre\nconscience de l\u2019importance de l\u2019autre et de la relation qui nous unit. Peu\nimporte le rang social, le niveau d\u2019\u00e9tudes, le salaire annuel, chacun est\nimportant. Dans une \u00e9cole, il va de soi que les enseignants sont essentiels,\nmais la secr\u00e9taire, l\u2019\u00e9ducatrice, la pr\u00e9pos\u00e9e et le concierge le sont tout\nautant. Pour que l\u2019\u00e9cole soit en sant\u00e9, tous ses acteurs, sans distinction ni\npriorisation, doivent pouvoir y jouer pleinement leur r\u00f4le. Accueillir chacun,\nen reconnaissant l\u2019importance de sa pr\u00e9sence dans les rouages de l\u2019ensemble est\nun incontournable \u00e0 l\u2019\u00e9panouissement de tous. Le sentiment d\u2019appartenir \u00e0 une\ngrande famille permet alors \u00e0 chacun d\u2019actualiser son plein potentiel afin que\nl\u2019ensemble en b\u00e9n\u00e9ficie. C\u2019est un don qui n\u2019engendre aucune perte. Au\ncontraire, il enrichit le tout. <\/p>\n\n\n\n<div class=\"wp-block-image\"><figure class=\"alignright is-resized\"><img loading=\"lazy\" decoding=\"async\" data-attachment-id=\"4004\" data-permalink=\"https:\/\/bottesetvelo.com\/blog\/2020\/04\/10\/une-conscience-du-nous\/2014-07-28-12-02-03\/\" data-orig-file=\"https:\/\/i0.wp.com\/bottesetvelo.com\/blog\/wp-content\/uploads\/2020\/04\/2014-07-28-12.02.03.jpg?fit=2496%2C1804&amp;ssl=1\" data-orig-size=\"2496,1804\" data-comments-opened=\"1\" data-image-meta=\"{&quot;aperture&quot;:&quot;2.8&quot;,&quot;credit&quot;:&quot;&quot;,&quot;camera&quot;:&quot;iPhone 4&quot;,&quot;caption&quot;:&quot;&quot;,&quot;created_timestamp&quot;:&quot;1406548923&quot;,&quot;copyright&quot;:&quot;&quot;,&quot;focal_length&quot;:&quot;3.85&quot;,&quot;iso&quot;:&quot;80&quot;,&quot;shutter_speed&quot;:&quot;0.00046403712297&quot;,&quot;title&quot;:&quot;&quot;,&quot;orientation&quot;:&quot;1&quot;}\" data-image-title=\"2014-07-28 12.02.03\" data-image-description=\"\" data-image-caption=\"\" data-large-file=\"https:\/\/i0.wp.com\/bottesetvelo.com\/blog\/wp-content\/uploads\/2020\/04\/2014-07-28-12.02.03.jpg?fit=1024%2C740&amp;ssl=1\" src=\"https:\/\/i0.wp.com\/bottesetvelo.com\/blog\/wp-content\/uploads\/2020\/04\/2014-07-28-12.02.03.jpg?fit=1024%2C740\" alt=\"\" class=\"wp-image-4004\" width=\"350\" height=\"245\"\/><\/figure><\/div>\n\n\n\n<p>Certains randonneurs se lancent sur des parcours de longue\ndur\u00e9e, \u00ab&nbsp;en autonomie&nbsp;\u00bb disent-ils. Leur marche est probablement\nautonome, en revanche, tout ce projet ne se r\u00e9alisera qu\u2019avec l\u2019apport de\nl\u2019autre. Cet autre qui aura con\u00e7u l\u2019\u00e9quipement ultral\u00e9ger et performant. Celui\nqui le lui a vendu ou pr\u00eat\u00e9. Puis cet autre qui aura balis\u00e9 le chemin, ou celui\nqui aura cr\u00e9e l\u2019application de g\u00e9olocalisation. Cet autre qui a fabriqu\u00e9 le\nrefuge, et celui qui passe l\u2019entretenir. L\u2019autre qui lui fournit sa nourriture\naux points de ravitaillement, et celui qui \u00e9labore ces repas d\u00e9shydrat\u00e9s-vitamin\u00e9s\n&#8230; La liste est bien longue et pourtant on parle ici d\u2019autonomie!<\/p>\n\n\n\n<div class=\"wp-block-image\"><figure class=\"alignright is-resized\"><img data-recalc-dims=\"1\" loading=\"lazy\" decoding=\"async\" data-attachment-id=\"4002\" data-permalink=\"https:\/\/bottesetvelo.com\/blog\/2020\/04\/10\/une-conscience-du-nous\/2018-07-16-10-16-58\/\" data-orig-file=\"https:\/\/i0.wp.com\/bottesetvelo.com\/blog\/wp-content\/uploads\/2020\/04\/2018-07-16-10.16.58.jpg?fit=4032%2C1960&amp;ssl=1\" data-orig-size=\"4032,1960\" data-comments-opened=\"1\" data-image-meta=\"{&quot;aperture&quot;:&quot;1.7&quot;,&quot;credit&quot;:&quot;&quot;,&quot;camera&quot;:&quot;SM-G950W&quot;,&quot;caption&quot;:&quot;&quot;,&quot;created_timestamp&quot;:&quot;1531736218&quot;,&quot;copyright&quot;:&quot;&quot;,&quot;focal_length&quot;:&quot;4.25&quot;,&quot;iso&quot;:&quot;50&quot;,&quot;shutter_speed&quot;:&quot;0.000443262411348&quot;,&quot;title&quot;:&quot;&quot;,&quot;orientation&quot;:&quot;1&quot;}\" data-image-title=\"2018-07-16 10.16.58\" data-image-description=\"\" data-image-caption=\"\" data-large-file=\"https:\/\/i0.wp.com\/bottesetvelo.com\/blog\/wp-content\/uploads\/2020\/04\/2018-07-16-10.16.58.jpg?fit=1024%2C498&amp;ssl=1\" src=\"https:\/\/i0.wp.com\/bottesetvelo.com\/blog\/wp-content\/uploads\/2020\/04\/2018-07-16-10.16.58.jpg?resize=350%2C166&#038;ssl=1\" alt=\"\" class=\"wp-image-4002\" width=\"350\" height=\"166\"\/><\/figure><\/div>\n\n\n\n<p>Le p\u00e8lerin qui voyage de village en village se sent\ndavantage appartenir \u00e0 une communaut\u00e9, celle du chemin, celle qui rend possible\nson d\u00e9placement. Une relation invisible, insaisissable r\u00e9unit tous les artisans\nde ce chemin. Une interd\u00e9pendance qui n\u2019oblige pourtant \u00e0 rien. Mais une\nrelation malgr\u00e9 tout. <\/p>\n\n\n\n<p>S\u2019il est une chose que la pand\u00e9mie que nous traversons\nactuellement, met en lumi\u00e8re, c\u2019est cette approche tr\u00e8s individualiste que nous\navons d\u00e9velopp\u00e9e dans ce monde \u00e0 vis\u00e9e \u00e9conomique. L\u2019anonymat de nos vies et ce\nconstant besoin de comp\u00e9titionner nous divise. Nous hi\u00e9rarchisons, cat\u00e9gorisons\net \u00e9tiquetons les individus. \u00ab&nbsp;Les jeunes&nbsp;\u00bb, \u00ab&nbsp;les vieux&nbsp;\u00bb,\n\u00ab&nbsp;les pauvres&nbsp;\u00bb, \u00ab&nbsp;les profs&nbsp;\u00bb, \u00ab&nbsp;les\ngr\u00e9vistes&nbsp;\u00bb, \u2026 La distanciation sociale, je crois que nous la vivions d\u00e9j\u00e0\navant le virus. Et elle n\u2019\u00e9tait pas que physique. \u00c0 trop vouloir tirer la\ncouverture de son bord, on d\u00e9truit le tissu social qui nous unit. Le tissu social,\nla conscience que la vie de l\u2019autre \u00e0 un impact sur la mienne et vice-versa,\nfait la force de l\u2019humain. <\/p>\n\n\n\n<div class=\"wp-block-image\"><figure class=\"alignleft is-resized\"><img data-recalc-dims=\"1\" loading=\"lazy\" decoding=\"async\" data-attachment-id=\"4000\" data-permalink=\"https:\/\/bottesetvelo.com\/blog\/2020\/04\/10\/une-conscience-du-nous\/dscn3287-2-2\/\" data-orig-file=\"https:\/\/i0.wp.com\/bottesetvelo.com\/blog\/wp-content\/uploads\/2020\/04\/DSCN3287-2.jpg?fit=3186%2C1564&amp;ssl=1\" data-orig-size=\"3186,1564\" data-comments-opened=\"1\" data-image-meta=\"{&quot;aperture&quot;:&quot;4.2&quot;,&quot;credit&quot;:&quot;&quot;,&quot;camera&quot;:&quot;COOLPIX S9900&quot;,&quot;caption&quot;:&quot;&quot;,&quot;created_timestamp&quot;:&quot;1499683768&quot;,&quot;copyright&quot;:&quot;&quot;,&quot;focal_length&quot;:&quot;7.6&quot;,&quot;iso&quot;:&quot;125&quot;,&quot;shutter_speed&quot;:&quot;0.001&quot;,&quot;title&quot;:&quot;&quot;,&quot;orientation&quot;:&quot;1&quot;}\" data-image-title=\"DSCN3287 (2)\" data-image-description=\"\" data-image-caption=\"\" data-large-file=\"https:\/\/i0.wp.com\/bottesetvelo.com\/blog\/wp-content\/uploads\/2020\/04\/DSCN3287-2.jpg?fit=1024%2C503&amp;ssl=1\" src=\"https:\/\/i0.wp.com\/bottesetvelo.com\/blog\/wp-content\/uploads\/2020\/04\/DSCN3287-2.jpg?resize=350%2C172&#038;ssl=1\" alt=\"\" class=\"wp-image-4000\" width=\"350\" height=\"172\" srcset=\"https:\/\/i0.wp.com\/bottesetvelo.com\/blog\/wp-content\/uploads\/2020\/04\/DSCN3287-2.jpg?resize=1024%2C503&amp;ssl=1 1024w, https:\/\/i0.wp.com\/bottesetvelo.com\/blog\/wp-content\/uploads\/2020\/04\/DSCN3287-2.jpg?resize=500%2C245&amp;ssl=1 500w, https:\/\/i0.wp.com\/bottesetvelo.com\/blog\/wp-content\/uploads\/2020\/04\/DSCN3287-2.jpg?resize=768%2C377&amp;ssl=1 768w, https:\/\/i0.wp.com\/bottesetvelo.com\/blog\/wp-content\/uploads\/2020\/04\/DSCN3287-2.jpg?w=2340&amp;ssl=1 2340w\" sizes=\"auto, (max-width: 350px) 100vw, 350px\" \/><\/figure><\/div>\n\n\n\n<p>En 1929, un chercheur hongrois a \u00e9tabli la th\u00e9orie des six poign\u00e9es de main. Nous serions tous \u00e0 seulement six poign\u00e9es de main de toute personne sur la Terre. Le monde est bien petit! Alors, partant de cette incontournable fait, si nous sortions d\u2019une culture du JE exclusive, pour se lancer dans une culture du NOUS inclusive. Si nous apprenions \u00e0 accueillir l\u2019autre, qui qu\u2019il soit, pour un vivre ensemble bonifi\u00e9, sachant, sans le voir, qu\u2019un lien nous unit. &nbsp;L\u2019infirmi\u00e8re, c\u2019est Nathalie; le camionneur, c\u2019est Mario; l\u2019\u00e9picier, c\u2019est Jean-Pierre; la concierge, c\u2019est Line; le m\u00e9decin, c\u2019est Steven; l\u2019\u00e9boueur, c\u2019est Michel; le fermier, c\u2019est Thomas, les b\u00e9n\u00e9voles, c\u2019est Chantal, Sylvain, \u00c9milie\u2026. On joue tous dans la m\u00eame \u00e9quipe! Et plus nous serons nombreux \u00e0 jouer, plus nous serons de gagnants. <\/p>\n\n\n\n<div class=\"wp-block-image\"><figure class=\"alignright is-resized\"><img data-recalc-dims=\"1\" loading=\"lazy\" decoding=\"async\" data-attachment-id=\"3248\" data-permalink=\"https:\/\/bottesetvelo.com\/blog\/2018\/03\/30\/comme-un-grand-silence\/bottes-et-velo-embleme-3\/\" data-orig-file=\"https:\/\/i0.wp.com\/bottesetvelo.com\/blog\/wp-content\/uploads\/2018\/03\/Bottes-et-V%C3%A9lo-Embl%C3%AAme-1-e1522416719670.png?fit=100%2C79&amp;ssl=1\" data-orig-size=\"100,79\" data-comments-opened=\"1\" data-image-meta=\"{&quot;aperture&quot;:&quot;0&quot;,&quot;credit&quot;:&quot;&quot;,&quot;camera&quot;:&quot;&quot;,&quot;caption&quot;:&quot;&quot;,&quot;created_timestamp&quot;:&quot;0&quot;,&quot;copyright&quot;:&quot;&quot;,&quot;focal_length&quot;:&quot;0&quot;,&quot;iso&quot;:&quot;0&quot;,&quot;shutter_speed&quot;:&quot;0&quot;,&quot;title&quot;:&quot;&quot;,&quot;orientation&quot;:&quot;0&quot;}\" data-image-title=\"Bottes et V\u00e9lo &amp;#8211; Embl\u00eame\" data-image-description=\"\" data-image-caption=\"\" data-large-file=\"https:\/\/i0.wp.com\/bottesetvelo.com\/blog\/wp-content\/uploads\/2018\/03\/Bottes-et-V%C3%A9lo-Embl%C3%AAme-1-e1522416719670.png?fit=100%2C79&amp;ssl=1\" src=\"https:\/\/i0.wp.com\/bottesetvelo.com\/blog\/wp-content\/uploads\/2018\/03\/Bottes-et-V%C3%A9lo-Embl%C3%AAme-1-e1522416719670.png?resize=60%2C45&#038;ssl=1\" alt=\"\" class=\"wp-image-3248\" width=\"60\" height=\"45\"\/><\/figure><\/div>\n\n\n\n<p>Brigitte Harouni<\/p>\n","protected":false},"excerpt":{"rendered":"<p>Les hommes construisent trop de murs et pas assez de ponts. Isaac Newton Il y a quelques ann\u00e9es, j\u2019\u00e9tais directrice dans une \u00e9cole. Une grande \u00e9cole en milieu urbain, avec un grand et constant d\u00e9fi&nbsp;: d\u00e9velopper le sentiment d\u2019appartenance. Pour les \u00e9l\u00e8ves, bien s\u00fbr, mais aussi et surtout, pour les adultes de l\u2019\u00e9cole. Il y&hellip;<\/p>\n","protected":false},"author":2,"featured_media":4000,"comment_status":"open","ping_status":"open","sticky":false,"template":"","format":"standard","meta":{"jetpack_post_was_ever_published":false,"_jetpack_newsletter_access":"","_jetpack_dont_email_post_to_subs":false,"_jetpack_newsletter_tier_id":0,"_jetpack_memberships_contains_paywalled_content":false,"_jetpack_memberships_contains_paid_content":false,"footnotes":"","jetpack_publicize_message":"Une conscience du NOUS\nAvoir #conscience d\u2019appartenir \u00e0 un tout, c\u2019est prendre conscience de l\u2019importance de l\u2019autre et de la #relation qui nous unit. #Compostelle","jetpack_publicize_feature_enabled":true,"jetpack_social_post_already_shared":true,"jetpack_social_options":{"image_generator_settings":{"template":"highway","default_image_id":0,"font":"","enabled":false},"version":2}},"categories":[453,50,379,3,37,381,1],"tags":[604,601,603,602,249],"class_list":["post-3997","post","type-post","status-publish","format-standard","has-post-thumbnail","hentry","category-actualite","category-art-de-vivre","category-chemin-de-transformation","category-reflexions","category-spiritualite-2","category-transformation","category-uncategorized","tag-communaute","tag-culture","tag-individualisme","tag-nous","tag-solidarite"],"jetpack_publicize_connections":[],"jetpack_featured_media_url":"https:\/\/i0.wp.com\/bottesetvelo.com\/blog\/wp-content\/uploads\/2020\/04\/DSCN3287-2.jpg?fit=3186%2C1564&ssl=1","jetpack_shortlink":"https:\/\/wp.me\/p4eY6z-12t","jetpack_sharing_enabled":true,"jetpack_likes_enabled":true,"jetpack-related-posts":[],"_links":{"self":[{"href":"https:\/\/bottesetvelo.com\/blog\/wp-json\/wp\/v2\/posts\/3997","targetHints":{"allow":["GET"]}}],"collection":[{"href":"https:\/\/bottesetvelo.com\/blog\/wp-json\/wp\/v2\/posts"}],"about":[{"href":"https:\/\/bottesetvelo.com\/blog\/wp-json\/wp\/v2\/types\/post"}],"author":[{"embeddable":true,"href":"https:\/\/bottesetvelo.com\/blog\/wp-json\/wp\/v2\/users\/2"}],"replies":[{"embeddable":true,"href":"https:\/\/bottesetvelo.com\/blog\/wp-json\/wp\/v2\/comments?post=3997"}],"version-history":[{"count":4,"href":"https:\/\/bottesetvelo.com\/blog\/wp-json\/wp\/v2\/posts\/3997\/revisions"}],"predecessor-version":[{"id":4008,"href":"https:\/\/bottesetvelo.com\/blog\/wp-json\/wp\/v2\/posts\/3997\/revisions\/4008"}],"wp:featuredmedia":[{"embeddable":true,"href":"https:\/\/bottesetvelo.com\/blog\/wp-json\/wp\/v2\/media\/4000"}],"wp:attachment":[{"href":"https:\/\/bottesetvelo.com\/blog\/wp-json\/wp\/v2\/media?parent=3997"}],"wp:term":[{"taxonomy":"category","embeddable":true,"href":"https:\/\/bottesetvelo.com\/blog\/wp-json\/wp\/v2\/categories?post=3997"},{"taxonomy":"post_tag","embeddable":true,"href":"https:\/\/bottesetvelo.com\/blog\/wp-json\/wp\/v2\/tags?post=3997"}],"curies":[{"name":"wp","href":"https:\/\/api.w.org\/{rel}","templated":true}]}}