{"id":3987,"date":"2020-03-27T07:00:38","date_gmt":"2020-03-27T11:00:38","guid":{"rendered":"http:\/\/bottesetvelo.com\/blog\/?p=3987"},"modified":"2020-03-27T08:05:03","modified_gmt":"2020-03-27T12:05:03","slug":"lascese-du-confinement","status":"publish","type":"post","link":"https:\/\/bottesetvelo.com\/blog\/2020\/03\/27\/lascese-du-confinement\/","title":{"rendered":"L\u2019asc\u00e8se du confinement"},"content":{"rendered":"\n<p class=\"has-drop-cap\">Le confinement auquel nous sommes contraints, place une part\nde l\u2019humanit\u00e9 en marge du monde<a href=\"#_ftn1\">[1]<\/a>. En ce moment, pr\u00e8s du\nquart de la population mondiale doit se retirer pour quelques temps. Quelles\nle\u00e7ons tirer de cette asc\u00e8se? Quelle gu\u00e9rison peut-on esp\u00e9rer, outre celle du\ncoronavirus, par ce temps de mise \u00e0 l\u2019\u00e9cart?<\/p>\n\n\n\n<div class=\"wp-block-image\"><figure class=\"alignright is-resized\"><img data-recalc-dims=\"1\" loading=\"lazy\" decoding=\"async\" data-attachment-id=\"3989\" data-permalink=\"https:\/\/bottesetvelo.com\/blog\/2020\/03\/27\/lascese-du-confinement\/woman-2609869\/\" data-orig-file=\"https:\/\/i0.wp.com\/bottesetvelo.com\/blog\/wp-content\/uploads\/2020\/03\/woman-2609869.jpg?fit=5760%2C3840&amp;ssl=1\" data-orig-size=\"5760,3840\" data-comments-opened=\"1\" data-image-meta=\"{&quot;aperture&quot;:&quot;0&quot;,&quot;credit&quot;:&quot;&quot;,&quot;camera&quot;:&quot;&quot;,&quot;caption&quot;:&quot;&quot;,&quot;created_timestamp&quot;:&quot;0&quot;,&quot;copyright&quot;:&quot;&quot;,&quot;focal_length&quot;:&quot;0&quot;,&quot;iso&quot;:&quot;0&quot;,&quot;shutter_speed&quot;:&quot;0&quot;,&quot;title&quot;:&quot;&quot;,&quot;orientation&quot;:&quot;0&quot;}\" data-image-title=\"woman-2609869\" data-image-description=\"\" data-image-caption=\"\" data-large-file=\"https:\/\/i0.wp.com\/bottesetvelo.com\/blog\/wp-content\/uploads\/2020\/03\/woman-2609869.jpg?fit=1024%2C683&amp;ssl=1\" src=\"https:\/\/i0.wp.com\/bottesetvelo.com\/blog\/wp-content\/uploads\/2020\/03\/woman-2609869.jpg?resize=350%2C233&#038;ssl=1\" alt=\"\" class=\"wp-image-3989\" width=\"350\" height=\"233\" srcset=\"https:\/\/i0.wp.com\/bottesetvelo.com\/blog\/wp-content\/uploads\/2020\/03\/woman-2609869.jpg?resize=1024%2C683&amp;ssl=1 1024w, https:\/\/i0.wp.com\/bottesetvelo.com\/blog\/wp-content\/uploads\/2020\/03\/woman-2609869.jpg?resize=500%2C333&amp;ssl=1 500w, https:\/\/i0.wp.com\/bottesetvelo.com\/blog\/wp-content\/uploads\/2020\/03\/woman-2609869.jpg?resize=768%2C512&amp;ssl=1 768w, https:\/\/i0.wp.com\/bottesetvelo.com\/blog\/wp-content\/uploads\/2020\/03\/woman-2609869.jpg?w=2340&amp;ssl=1 2340w, https:\/\/i0.wp.com\/bottesetvelo.com\/blog\/wp-content\/uploads\/2020\/03\/woman-2609869.jpg?w=3510&amp;ssl=1 3510w\" sizes=\"auto, (max-width: 350px) 100vw, 350px\" \/><\/figure><\/div>\n\n\n\n<p>Depuis quelques jours, les pays s\u2019\u00e9teignent un \u00e0 un et\ntombent en veille. Mise sur pause, comme le dit notre Premier ministre Fran\u00e7ois\nLegault, l\u2019humanit\u00e9 est r\u00e9duite \u00e0 l\u2019incandescence relationnelle de ses\ntablettes ou t\u00e9l\u00e9phones intelligents, une forme de vie qui ne saurait durer.\nM\u00eame si cette asc\u00e8se peut laisser croire \u00e0 des vacances, l\u2019humanit\u00e9 aura t\u00f4t\nfait de r\u00e9aliser qu\u2019il s\u2019y joue bien plus et ne pourra en rester l\u00e0.<\/p>\n\n\n\n<p>La puissance de l&rsquo;exercice p\u00e8lerin rel\u00e8ve de cette m\u00eame mise \u00e0 l&rsquo;\u00e9cart. Exercice de la marge, bien plus que des simples vacances ou temps d&rsquo;arr\u00eat, il s&rsquo;y joue quelque chose qui d\u00e9passe notre entendement. L\u2019asc\u00e8se qui en \u00e9mane contraint \u00e0 un art de vivre qui n\u2019est pas usuel et conduit \u00e0 revoir ses postures sociales en cherchant de nouveaux rep\u00e8res. Ainsi, toute personne qui se pr\u00eate \u00e0 ce type d\u2019exercice intensif, par sa dur\u00e9e, qu\u2019il soit athl\u00e8te olympique, randonneurs de l\u2019Appalachian Trail, ou retraitant silencieux de Vipassan\u0101, trouvera cela exigeant. Au-del\u00e0 des effets sur le corps, se produisent des effets sur la psych\u00e9 qu\u2019il ne faut pas n\u00e9gliger.&nbsp; <\/p>\n\n\n\n<div class=\"wp-block-image\"><figure class=\"alignright is-resized\"><img loading=\"lazy\" decoding=\"async\" data-attachment-id=\"3990\" data-permalink=\"https:\/\/bottesetvelo.com\/blog\/2020\/03\/27\/lascese-du-confinement\/adult-2178466\/\" data-orig-file=\"https:\/\/i0.wp.com\/bottesetvelo.com\/blog\/wp-content\/uploads\/2020\/03\/adult-2178466.jpg?fit=5077%2C3385&amp;ssl=1\" data-orig-size=\"5077,3385\" data-comments-opened=\"1\" data-image-meta=\"{&quot;aperture&quot;:&quot;2.8&quot;,&quot;credit&quot;:&quot;&quot;,&quot;camera&quot;:&quot;Canon EOS 6D&quot;,&quot;caption&quot;:&quot;&quot;,&quot;created_timestamp&quot;:&quot;0&quot;,&quot;copyright&quot;:&quot;&quot;,&quot;focal_length&quot;:&quot;50&quot;,&quot;iso&quot;:&quot;1000&quot;,&quot;shutter_speed&quot;:&quot;0.02&quot;,&quot;title&quot;:&quot;&quot;,&quot;orientation&quot;:&quot;0&quot;}\" data-image-title=\"adult-2178466\" data-image-description=\"\" data-image-caption=\"\" data-large-file=\"https:\/\/i0.wp.com\/bottesetvelo.com\/blog\/wp-content\/uploads\/2020\/03\/adult-2178466.jpg?fit=1024%2C683&amp;ssl=1\" src=\"https:\/\/i0.wp.com\/bottesetvelo.com\/blog\/wp-content\/uploads\/2020\/03\/adult-2178466.jpg?fit=1024%2C683\" alt=\"\" class=\"wp-image-3990\" width=\"350\" height=\"233\" srcset=\"https:\/\/i0.wp.com\/bottesetvelo.com\/blog\/wp-content\/uploads\/2020\/03\/adult-2178466.jpg?w=5077&amp;ssl=1 5077w, https:\/\/i0.wp.com\/bottesetvelo.com\/blog\/wp-content\/uploads\/2020\/03\/adult-2178466.jpg?resize=500%2C333&amp;ssl=1 500w, https:\/\/i0.wp.com\/bottesetvelo.com\/blog\/wp-content\/uploads\/2020\/03\/adult-2178466.jpg?resize=768%2C512&amp;ssl=1 768w, https:\/\/i0.wp.com\/bottesetvelo.com\/blog\/wp-content\/uploads\/2020\/03\/adult-2178466.jpg?resize=1024%2C683&amp;ssl=1 1024w, https:\/\/i0.wp.com\/bottesetvelo.com\/blog\/wp-content\/uploads\/2020\/03\/adult-2178466.jpg?w=2340&amp;ssl=1 2340w, https:\/\/i0.wp.com\/bottesetvelo.com\/blog\/wp-content\/uploads\/2020\/03\/adult-2178466.jpg?w=3510&amp;ssl=1 3510w\" sizes=\"auto, (max-width: 350px) 100vw, 350px\" \/><\/figure><\/div>\n\n\n\n<p>L\u2019exercice p\u00e8lerin se d\u00e9coupe en quatre temps et d\u00e9bute\ntoujours par le plaisir de la pause au c\u0153ur d\u2019une vie mouvement\u00e9. Qui dirait\nnon \u00e0 un cong\u00e9 qui survient \u00e0 l\u2019improviste? Surtout, quand on a la sant\u00e9! Actuellement,\nplusieurs personnes vivent le confinement en ayant pour seul contact, avec la\nr\u00e9alit\u00e9 de ce virus, les m\u00e9dias. Pas de malade dans leur entourage, pas de\nsympt\u00f4me, rien. La menace est fant\u00f4me, comme le titrait Myl\u00e8ne Moisan dans Le\nSoleil il y a 2 semaines. Et c\u2019est cela qui importe! La sant\u00e9, c\u2019est l\u2019absence\nde maux.<\/p>\n\n\n\n<p>Toutefois, le confinement conduit ailleurs. \u00catre confin\u00e9\nr\u00e9duit \u00e0 un mode de vie dans un cadre tr\u00e8s pr\u00e9cis. C\u2019est l\u00e0 qu\u2019est\nl\u2019asc\u00e8se&nbsp;: persister dans une posture. Quelle soit yogique, athl\u00e9tique, ou\nautres, il s\u2019agit de persister. Or, si le p\u00e8lerin-randonneur persiste dans sa\nmarche, \u00e0 l\u2019inverse, le confin\u00e9 de la COVID-19 devra s\u2019astreindre \u00e0 demeurer\nchez lui. Par la r\u00e9p\u00e9tition de leurs exercices respectifs, jour apr\u00e8s jour,\nquelque chose peut se produire. Comme l\u2019observe Jean-Christophe Rufin dans <em>Immortelle\nrandonn\u00e9e<\/em>&nbsp;: \u00ab&nbsp;au-del\u00e0 de huit jours ce ne sont plus des vacances!&nbsp;\u00bb\nUn nouveau cycle commence et installe dans un tout autre univers. Par la dur\u00e9e,\nun travail de maturation s\u2019effectue. Un travail qui n\u2019est toujours facile\u2026<\/p>\n\n\n\n<div class=\"wp-block-image\"><figure class=\"alignright is-resized\"><img data-recalc-dims=\"1\" loading=\"lazy\" decoding=\"async\" data-attachment-id=\"3991\" data-permalink=\"https:\/\/bottesetvelo.com\/blog\/2020\/03\/27\/lascese-du-confinement\/person-731165\/\" data-orig-file=\"https:\/\/i0.wp.com\/bottesetvelo.com\/blog\/wp-content\/uploads\/2020\/03\/person-731165.jpg?fit=3888%2C2592&amp;ssl=1\" data-orig-size=\"3888,2592\" data-comments-opened=\"1\" data-image-meta=\"{&quot;aperture&quot;:&quot;3.5&quot;,&quot;credit&quot;:&quot;&quot;,&quot;camera&quot;:&quot;Canon EOS DIGITAL REBEL XS&quot;,&quot;caption&quot;:&quot;&quot;,&quot;created_timestamp&quot;:&quot;0&quot;,&quot;copyright&quot;:&quot;&quot;,&quot;focal_length&quot;:&quot;23&quot;,&quot;iso&quot;:&quot;400&quot;,&quot;shutter_speed&quot;:&quot;0.04&quot;,&quot;title&quot;:&quot;&quot;,&quot;orientation&quot;:&quot;0&quot;}\" data-image-title=\"person-731165\" data-image-description=\"\" data-image-caption=\"\" data-large-file=\"https:\/\/i0.wp.com\/bottesetvelo.com\/blog\/wp-content\/uploads\/2020\/03\/person-731165.jpg?fit=1024%2C683&amp;ssl=1\" src=\"https:\/\/i0.wp.com\/bottesetvelo.com\/blog\/wp-content\/uploads\/2020\/03\/person-731165.jpg?resize=350%2C233&#038;ssl=1\" alt=\"\" class=\"wp-image-3991\" width=\"350\" height=\"233\" srcset=\"https:\/\/i0.wp.com\/bottesetvelo.com\/blog\/wp-content\/uploads\/2020\/03\/person-731165.jpg?resize=1024%2C683&amp;ssl=1 1024w, https:\/\/i0.wp.com\/bottesetvelo.com\/blog\/wp-content\/uploads\/2020\/03\/person-731165.jpg?resize=500%2C333&amp;ssl=1 500w, https:\/\/i0.wp.com\/bottesetvelo.com\/blog\/wp-content\/uploads\/2020\/03\/person-731165.jpg?resize=768%2C512&amp;ssl=1 768w, https:\/\/i0.wp.com\/bottesetvelo.com\/blog\/wp-content\/uploads\/2020\/03\/person-731165.jpg?w=2340&amp;ssl=1 2340w, https:\/\/i0.wp.com\/bottesetvelo.com\/blog\/wp-content\/uploads\/2020\/03\/person-731165.jpg?w=3510&amp;ssl=1 3510w\" sizes=\"auto, (max-width: 350px) 100vw, 350px\" \/><\/figure><\/div>\n\n\n\n<p>Dans cet espace qui perdure au-del\u00e0 des vacances, \u00e9merge le\nbesoin de se situer. Pour y parvenir, le deuxi\u00e8me temps de l\u2019exercice p\u00e8lerin conduit\nsouvent \u00e0 faire plus de ce qui se faisait d\u00e9j\u00e0&nbsp;: journ\u00e9es programm\u00e9es,\nsurcharg\u00e9es, performantes et exigeantes. En tant que confin\u00e9, il a fallu\ns\u2019ajuster rapidement et tenter de reproduire le rythme d\u2019avant, en maintenant\nla cadence. Les r\u00e9seaux sociaux s\u2019en trouve engorg\u00e9 \u00e0 l\u2019exc\u00e8s. Zoom, Skype,\nMessenger, Facetime, \u00e9changes courriels \u00e0 toutes heures du jours. En moins\nd\u2019une semaine, le t\u00e9l\u00e9travail est devenu plus intrusif que le travail lui-m\u00eame.\nL\u2019autre est plus pr\u00e9sent que jamais. D\u2019autant plus que le contexte n\u2019est pas\ncelui du travail, il est celui de la vie familiale qui elle aussi r\u00e9clame sa\npart. \u00c0 vivre continuellement ensemble, la vie \u00e0 la maison demande bien plus\nque lorsqu\u2019on est au travail&nbsp;: plus de m\u00e9nage, plus de repas, plus\nd\u2019activit\u00e9s \u00e0 organiser pour les enfants. M\u00eame si les r\u00e9seaux sociaux peuvent\nsembler une \u00e9vasion, chacun d\u00e9couvre rapidement que la vie ne se joue pas sur\nles \u00e9crans. Coinc\u00e9 entre le t\u00e9l\u00e9travail et les r\u00e9seaux sociaux, par leur sollicitation\nconstante, la vie file entre les doigts. Ce ne sont vraiment pas des vacances!<\/p>\n\n\n\n<div class=\"wp-block-image\"><figure class=\"alignright is-resized\"><img loading=\"lazy\" decoding=\"async\" data-attachment-id=\"3992\" data-permalink=\"https:\/\/bottesetvelo.com\/blog\/2020\/03\/27\/lascese-du-confinement\/food-2940553\/\" data-orig-file=\"https:\/\/i0.wp.com\/bottesetvelo.com\/blog\/wp-content\/uploads\/2020\/03\/food-2940553.jpg?fit=5030%2C3353&amp;ssl=1\" data-orig-size=\"5030,3353\" data-comments-opened=\"1\" data-image-meta=\"{&quot;aperture&quot;:&quot;2.5&quot;,&quot;credit&quot;:&quot;&quot;,&quot;camera&quot;:&quot;Canon EOS 6D&quot;,&quot;caption&quot;:&quot;&quot;,&quot;created_timestamp&quot;:&quot;0&quot;,&quot;copyright&quot;:&quot;&quot;,&quot;focal_length&quot;:&quot;85&quot;,&quot;iso&quot;:&quot;200&quot;,&quot;shutter_speed&quot;:&quot;0.00625&quot;,&quot;title&quot;:&quot;&quot;,&quot;orientation&quot;:&quot;0&quot;}\" data-image-title=\"food-2940553\" data-image-description=\"\" data-image-caption=\"\" data-large-file=\"https:\/\/i0.wp.com\/bottesetvelo.com\/blog\/wp-content\/uploads\/2020\/03\/food-2940553.jpg?fit=1024%2C683&amp;ssl=1\" src=\"https:\/\/i0.wp.com\/bottesetvelo.com\/blog\/wp-content\/uploads\/2020\/03\/food-2940553.jpg?fit=1024%2C683\" alt=\"\" class=\"wp-image-3992\" width=\"350\" height=\"234\" srcset=\"https:\/\/i0.wp.com\/bottesetvelo.com\/blog\/wp-content\/uploads\/2020\/03\/food-2940553.jpg?w=5030&amp;ssl=1 5030w, https:\/\/i0.wp.com\/bottesetvelo.com\/blog\/wp-content\/uploads\/2020\/03\/food-2940553.jpg?resize=500%2C333&amp;ssl=1 500w, https:\/\/i0.wp.com\/bottesetvelo.com\/blog\/wp-content\/uploads\/2020\/03\/food-2940553.jpg?resize=768%2C512&amp;ssl=1 768w, https:\/\/i0.wp.com\/bottesetvelo.com\/blog\/wp-content\/uploads\/2020\/03\/food-2940553.jpg?resize=1024%2C683&amp;ssl=1 1024w, https:\/\/i0.wp.com\/bottesetvelo.com\/blog\/wp-content\/uploads\/2020\/03\/food-2940553.jpg?w=2340&amp;ssl=1 2340w, https:\/\/i0.wp.com\/bottesetvelo.com\/blog\/wp-content\/uploads\/2020\/03\/food-2940553.jpg?w=3510&amp;ssl=1 3510w\" sizes=\"auto, (max-width: 350px) 100vw, 350px\" \/><\/figure><\/div>\n\n\n\n<p>L\u2019exc\u00e8s conduisant toujours \u00e0 une souffrance, ce n\u2019est qu\u2019en\ntouchant celle-ci qu\u2019il est possible de s\u2019\u00e9veiller, troisi\u00e8me temps de\nl\u2019exercice p\u00e8lerin. Tout comme le p\u00e8lerin-randonneur qui exc\u00e8de \u00e0 performer son\np\u00e8lerinage, vient un temps o\u00f9 il sera rompu par l\u2019exercice. Il ne peut pas\ntenir ce rythme ind\u00e9finiment et doit r\u00e9viser sa mani\u00e8re de p\u00e8leriner par une\nmise \u00e0 distance avec l\u2019autre. Non plus vivre dans une \u00e9ternelle comparaison\nperformative, mais vivre selon ses besoins, ses capacit\u00e9s et son rythme. S\u2019il\nen va ainsi pour le p\u00e8lerin, il en va de m\u00eame pour le confin\u00e9. Bient\u00f4t, chacun\ndevra r\u00e9viser sa mani\u00e8re d\u2019\u00eatre en relation.<\/p>\n\n\n\n<p>Par l\u2019asc\u00e8se de cette mise \u00e0 l\u2019\u00e9cart relationnelle, \u00e0 l\u2019\u00e8re\ndes r\u00e9seaux sociaux et des images de marques, le confin\u00e9 n\u2019aura d\u2019autres choix\nque d\u2019explorer ce que peut bien signifier \u00ab&nbsp;<em>garder une saine distance&nbsp;<\/em>\u00bb.\nUne exploration qui conduit au dernier temps de l\u2019exercice p\u00e8lerin, l\u00e0 o\u00f9\nchacun gagne en libert\u00e9 et en ressort grandit par un nouvel art de vivre. Vous\nverrez, si la dur\u00e9e le permet\u2026<\/p>\n\n\n\n<div class=\"wp-block-image\"><figure class=\"alignright is-resized\"><img data-recalc-dims=\"1\" loading=\"lazy\" decoding=\"async\" data-attachment-id=\"3248\" data-permalink=\"https:\/\/bottesetvelo.com\/blog\/2018\/03\/30\/comme-un-grand-silence\/bottes-et-velo-embleme-3\/\" data-orig-file=\"https:\/\/i0.wp.com\/bottesetvelo.com\/blog\/wp-content\/uploads\/2018\/03\/Bottes-et-V%C3%A9lo-Embl%C3%AAme-1-e1522416719670.png?fit=100%2C79&amp;ssl=1\" data-orig-size=\"100,79\" data-comments-opened=\"1\" data-image-meta=\"{&quot;aperture&quot;:&quot;0&quot;,&quot;credit&quot;:&quot;&quot;,&quot;camera&quot;:&quot;&quot;,&quot;caption&quot;:&quot;&quot;,&quot;created_timestamp&quot;:&quot;0&quot;,&quot;copyright&quot;:&quot;&quot;,&quot;focal_length&quot;:&quot;0&quot;,&quot;iso&quot;:&quot;0&quot;,&quot;shutter_speed&quot;:&quot;0&quot;,&quot;title&quot;:&quot;&quot;,&quot;orientation&quot;:&quot;0&quot;}\" data-image-title=\"Bottes et V\u00e9lo &amp;#8211; Embl\u00eame\" data-image-description=\"\" data-image-caption=\"\" data-large-file=\"https:\/\/i0.wp.com\/bottesetvelo.com\/blog\/wp-content\/uploads\/2018\/03\/Bottes-et-V%C3%A9lo-Embl%C3%AAme-1-e1522416719670.png?fit=100%2C79&amp;ssl=1\" src=\"https:\/\/i0.wp.com\/bottesetvelo.com\/blog\/wp-content\/uploads\/2018\/03\/Bottes-et-V%C3%A9lo-Embl%C3%AAme-1-e1522416719670.png?resize=77%2C61&#038;ssl=1\" alt=\"\" class=\"wp-image-3248\" width=\"77\" height=\"61\"\/><\/figure><\/div>\n\n\n\n<p>\u00c9ric Lalibert\u00e9<br><\/p>\n\n\n\n<hr class=\"wp-block-separator\"\/>\n\n\n\n<p><a href=\"#_ftnref1\">[1]<\/a> Soulignons que pour une fois dans l\u2019histoire de l\u2019humanit\u00e9, c&rsquo;est une autre part qui est marginalis\u00e9e.<\/p>\n","protected":false},"excerpt":{"rendered":"<p>Le confinement auquel nous sommes contraints, place une part de l\u2019humanit\u00e9 en marge du monde[1]. En ce moment, pr\u00e8s du quart de la population mondiale doit se retirer pour quelques temps. Quelles le\u00e7ons tirer de cette asc\u00e8se? Quelle gu\u00e9rison peut-on esp\u00e9rer, outre celle du coronavirus, par ce temps de mise \u00e0 l\u2019\u00e9cart? Depuis quelques jours,&hellip;<\/p>\n","protected":false},"author":3,"featured_media":3989,"comment_status":"open","ping_status":"open","sticky":false,"template":"","format":"standard","meta":{"jetpack_post_was_ever_published":false,"_jetpack_newsletter_access":"","_jetpack_dont_email_post_to_subs":false,"_jetpack_newsletter_tier_id":0,"_jetpack_memberships_contains_paywalled_content":false,"_jetpack_memberships_contains_paid_content":false,"footnotes":"","jetpack_publicize_message":"L\u2019asc\u00e8se du confinement\nLe #confinement auquel nous sommes contraints, place une part de l\u2019humanit\u00e9 en #marge du monde. En ce moment, le quart de la population mondiale doit se retirer pour quelques temps. Quelles le\u00e7ons tirer de cette #asc\u00e8se? #COVID-19","jetpack_publicize_feature_enabled":true,"jetpack_social_post_already_shared":true,"jetpack_social_options":{"image_generator_settings":{"template":"highway","default_image_id":0,"font":"","enabled":false},"version":2}},"categories":[453,50,379,166,3,381],"tags":[599,600,597,588,330],"class_list":["post-3987","post","type-post","status-publish","format-standard","has-post-thumbnail","hentry","category-actualite","category-art-de-vivre","category-chemin-de-transformation","category-demarche-du-pelerin","category-reflexions","category-transformation","tag-ascese","tag-confinement","tag-covid-19","tag-exercice-pelerin","tag-marginalisation"],"jetpack_publicize_connections":[],"jetpack_featured_media_url":"https:\/\/i0.wp.com\/bottesetvelo.com\/blog\/wp-content\/uploads\/2020\/03\/woman-2609869.jpg?fit=5760%2C3840&ssl=1","jetpack_shortlink":"https:\/\/wp.me\/p4eY6z-12j","jetpack_sharing_enabled":true,"jetpack_likes_enabled":true,"jetpack-related-posts":[],"_links":{"self":[{"href":"https:\/\/bottesetvelo.com\/blog\/wp-json\/wp\/v2\/posts\/3987","targetHints":{"allow":["GET"]}}],"collection":[{"href":"https:\/\/bottesetvelo.com\/blog\/wp-json\/wp\/v2\/posts"}],"about":[{"href":"https:\/\/bottesetvelo.com\/blog\/wp-json\/wp\/v2\/types\/post"}],"author":[{"embeddable":true,"href":"https:\/\/bottesetvelo.com\/blog\/wp-json\/wp\/v2\/users\/3"}],"replies":[{"embeddable":true,"href":"https:\/\/bottesetvelo.com\/blog\/wp-json\/wp\/v2\/comments?post=3987"}],"version-history":[{"count":3,"href":"https:\/\/bottesetvelo.com\/blog\/wp-json\/wp\/v2\/posts\/3987\/revisions"}],"predecessor-version":[{"id":3995,"href":"https:\/\/bottesetvelo.com\/blog\/wp-json\/wp\/v2\/posts\/3987\/revisions\/3995"}],"wp:featuredmedia":[{"embeddable":true,"href":"https:\/\/bottesetvelo.com\/blog\/wp-json\/wp\/v2\/media\/3989"}],"wp:attachment":[{"href":"https:\/\/bottesetvelo.com\/blog\/wp-json\/wp\/v2\/media?parent=3987"}],"wp:term":[{"taxonomy":"category","embeddable":true,"href":"https:\/\/bottesetvelo.com\/blog\/wp-json\/wp\/v2\/categories?post=3987"},{"taxonomy":"post_tag","embeddable":true,"href":"https:\/\/bottesetvelo.com\/blog\/wp-json\/wp\/v2\/tags?post=3987"}],"curies":[{"name":"wp","href":"https:\/\/api.w.org\/{rel}","templated":true}]}}