{"id":3979,"date":"2020-03-16T20:12:49","date_gmt":"2020-03-17T00:12:49","guid":{"rendered":"http:\/\/bottesetvelo.com\/blog\/?p=3979"},"modified":"2020-03-16T20:12:49","modified_gmt":"2020-03-17T00:12:49","slug":"annulation-du-groupe-compostelle-de-juin","status":"publish","type":"post","link":"https:\/\/bottesetvelo.com\/blog\/2020\/03\/16\/annulation-du-groupe-compostelle-de-juin\/","title":{"rendered":"Annulation du groupe Compostelle de juin"},"content":{"rendered":"\n<p style=\"font-size:25px\">\u00c9tant donn\u00e9 les circonstances entourant la crise actuelle du coronavirus (COVID-19), nous vous informons que la d\u00e9marche p\u00e8lerine sur le Camino Frances (Espagne) est annul\u00e9e. <\/p>\n\n\n\n<p class=\"has-medium-font-size\">Pour l&rsquo;instant, le groupe de juillet est toujours maintenu. Nous serons en mesure de prendre une d\u00e9cision \u00e0 ce sujet \u00e0 la fin d&rsquo;avril.<\/p>\n\n\n\n<p class=\"has-medium-font-size\">Toutes nos pens\u00e9es vont vers ceux et celles qui sont aux prises avec cette maladie et nous sommes plein de reconnaissance pour ceux et celles qui travaillent d&rsquo;arrache-pied pour contrer ce fl\u00e9au. <\/p>\n\n\n\n<div class=\"wp-block-image\"><figure class=\"alignright\"><img data-recalc-dims=\"1\" loading=\"lazy\" decoding=\"async\" width=\"100\" height=\"79\" data-attachment-id=\"3248\" data-permalink=\"https:\/\/bottesetvelo.com\/blog\/2018\/03\/30\/comme-un-grand-silence\/bottes-et-velo-embleme-3\/\" data-orig-file=\"https:\/\/i0.wp.com\/bottesetvelo.com\/blog\/wp-content\/uploads\/2018\/03\/Bottes-et-V%C3%A9lo-Embl%C3%AAme-1-e1522416719670.png?fit=100%2C79&amp;ssl=1\" data-orig-size=\"100,79\" data-comments-opened=\"1\" data-image-meta=\"{&quot;aperture&quot;:&quot;0&quot;,&quot;credit&quot;:&quot;&quot;,&quot;camera&quot;:&quot;&quot;,&quot;caption&quot;:&quot;&quot;,&quot;created_timestamp&quot;:&quot;0&quot;,&quot;copyright&quot;:&quot;&quot;,&quot;focal_length&quot;:&quot;0&quot;,&quot;iso&quot;:&quot;0&quot;,&quot;shutter_speed&quot;:&quot;0&quot;,&quot;title&quot;:&quot;&quot;,&quot;orientation&quot;:&quot;0&quot;}\" data-image-title=\"Bottes et V\u00e9lo &amp;#8211; Embl\u00eame\" data-image-description=\"\" data-image-caption=\"\" data-large-file=\"https:\/\/i0.wp.com\/bottesetvelo.com\/blog\/wp-content\/uploads\/2018\/03\/Bottes-et-V%C3%A9lo-Embl%C3%AAme-1-e1522416719670.png?fit=100%2C79&amp;ssl=1\" src=\"https:\/\/i0.wp.com\/bottesetvelo.com\/blog\/wp-content\/uploads\/2018\/03\/Bottes-et-V%C3%A9lo-Embl%C3%AAme-1-e1522416719670.png?resize=100%2C79&#038;ssl=1\" alt=\"\" class=\"wp-image-3248\"\/><\/figure><\/div>\n\n\n\n<p class=\"has-medium-font-size\">\u00c9ric Lalibert\u00e9 et Brigitte Harouni<br><\/p>\n","protected":false},"excerpt":{"rendered":"<p>\u00c9tant donn\u00e9 les circonstances entourant la crise actuelle du coronavirus (COVID-19), nous vous informons que la d\u00e9marche p\u00e8lerine sur le Camino Frances (Espagne) est annul\u00e9e. Pour l&rsquo;instant, le groupe de juillet est toujours maintenu. Nous serons en mesure de prendre une d\u00e9cision \u00e0 ce sujet \u00e0 la fin d&rsquo;avril. Toutes nos pens\u00e9es vont vers ceux&hellip;<\/p>\n","protected":false},"author":1,"featured_media":3754,"comment_status":"open","ping_status":"open","sticky":false,"template":"","format":"standard","meta":{"jetpack_post_was_ever_published":false,"_jetpack_newsletter_access":"","_jetpack_dont_email_post_to_subs":false,"_jetpack_newsletter_tier_id":0,"_jetpack_memberships_contains_paywalled_content":false,"_jetpack_memberships_contains_paid_content":false,"footnotes":"","jetpack_publicize_message":"Annulation du groupe #Compostelle de juin\n\u00c9tant donn\u00e9 les circonstances entourant la crise actuelle du #coronavirus ( #COVID-19 ), nous vous informons que la d\u00e9marche p\u00e8lerine sur le Camino Frances (Espagne) est annul\u00e9e. ","jetpack_publicize_feature_enabled":true,"jetpack_social_post_already_shared":true,"jetpack_social_options":{"image_generator_settings":{"template":"highway","default_image_id":0,"font":"","enabled":false},"version":2}},"categories":[390],"tags":[80,597,598,13],"class_list":["post-3979","post","type-post","status-publish","format-standard","has-post-thumbnail","hentry","category-voyages-pelerins","tag-compostelle","tag-covid-19","tag-espagne","tag-pelerinage"],"jetpack_publicize_connections":[],"jetpack_featured_media_url":"https:\/\/i0.wp.com\/bottesetvelo.com\/blog\/wp-content\/uploads\/2019\/06\/2018-07-06-07.15.18-2.jpg?fit=2923%2C1671&ssl=1","jetpack_shortlink":"https:\/\/wp.me\/p4eY6z-12b","jetpack_sharing_enabled":true,"jetpack_likes_enabled":true,"jetpack-related-posts":[],"_links":{"self":[{"href":"https:\/\/bottesetvelo.com\/blog\/wp-json\/wp\/v2\/posts\/3979","targetHints":{"allow":["GET"]}}],"collection":[{"href":"https:\/\/bottesetvelo.com\/blog\/wp-json\/wp\/v2\/posts"}],"about":[{"href":"https:\/\/bottesetvelo.com\/blog\/wp-json\/wp\/v2\/types\/post"}],"author":[{"embeddable":true,"href":"https:\/\/bottesetvelo.com\/blog\/wp-json\/wp\/v2\/users\/1"}],"replies":[{"embeddable":true,"href":"https:\/\/bottesetvelo.com\/blog\/wp-json\/wp\/v2\/comments?post=3979"}],"version-history":[{"count":5,"href":"https:\/\/bottesetvelo.com\/blog\/wp-json\/wp\/v2\/posts\/3979\/revisions"}],"predecessor-version":[{"id":3984,"href":"https:\/\/bottesetvelo.com\/blog\/wp-json\/wp\/v2\/posts\/3979\/revisions\/3984"}],"wp:featuredmedia":[{"embeddable":true,"href":"https:\/\/bottesetvelo.com\/blog\/wp-json\/wp\/v2\/media\/3754"}],"wp:attachment":[{"href":"https:\/\/bottesetvelo.com\/blog\/wp-json\/wp\/v2\/media?parent=3979"}],"wp:term":[{"taxonomy":"category","embeddable":true,"href":"https:\/\/bottesetvelo.com\/blog\/wp-json\/wp\/v2\/categories?post=3979"},{"taxonomy":"post_tag","embeddable":true,"href":"https:\/\/bottesetvelo.com\/blog\/wp-json\/wp\/v2\/tags?post=3979"}],"curies":[{"name":"wp","href":"https:\/\/api.w.org\/{rel}","templated":true}]}}