{"id":3974,"date":"2020-03-13T15:53:41","date_gmt":"2020-03-13T19:53:41","guid":{"rendered":"http:\/\/bottesetvelo.com\/blog\/?p=3974"},"modified":"2020-03-13T15:53:41","modified_gmt":"2020-03-13T19:53:41","slug":"inchallah","status":"publish","type":"post","link":"https:\/\/bottesetvelo.com\/blog\/2020\/03\/13\/inchallah\/","title":{"rendered":"Inch&rsquo;Allah"},"content":{"rendered":"\n<blockquote class=\"wp-block-quote is-layout-flow wp-block-quote-is-layout-flow\"><p>Si le probl\u00e8me a une solution, il ne sert \u00e0 rien de s&rsquo;inqui\u00e9ter. Mais s&rsquo;il n&rsquo;en a pas, alors s&rsquo;inqui\u00e9ter ne change rien. <\/p><p><\/p><cite> Proverbe tib\u00e9tain <\/cite><\/blockquote>\n\n\n\n<p>Guerres, inondations, accidents, ouragans, terrorisme, maladies, \u2026 chaque\njour, on nous d\u00e9peint le monde dans lequel nous \u00e9voluons comme un univers dangereux\net instable. Peur, anxi\u00e9t\u00e9, angoisse prennent de l\u2019ampleur. Contr\u00f4ler apparait\ncomme le rem\u00e8de pour pr\u00e9venir cette souffrance. Alors on contr\u00f4le tout. On\nplanifie. On anticipe. On pr\u00e9vient. On pr\u00e9voit, encadre, dirige, supervise,\nvalide\u2026 tout, pour tout, tout le temps! <\/p>\n\n\n\n<div class=\"wp-block-image\"><figure class=\"alignright is-resized\"><img loading=\"lazy\" decoding=\"async\" data-attachment-id=\"3975\" data-permalink=\"https:\/\/bottesetvelo.com\/blog\/2020\/03\/13\/inchallah\/hug-2054836_1920\/\" data-orig-file=\"https:\/\/i0.wp.com\/bottesetvelo.com\/blog\/wp-content\/uploads\/2020\/03\/hug-2054836_1920.jpg?fit=1920%2C1280&amp;ssl=1\" data-orig-size=\"1920,1280\" data-comments-opened=\"1\" data-image-meta=\"{&quot;aperture&quot;:&quot;0&quot;,&quot;credit&quot;:&quot;&quot;,&quot;camera&quot;:&quot;&quot;,&quot;caption&quot;:&quot;&quot;,&quot;created_timestamp&quot;:&quot;0&quot;,&quot;copyright&quot;:&quot;&quot;,&quot;focal_length&quot;:&quot;0&quot;,&quot;iso&quot;:&quot;0&quot;,&quot;shutter_speed&quot;:&quot;0&quot;,&quot;title&quot;:&quot;&quot;,&quot;orientation&quot;:&quot;0&quot;}\" data-image-title=\"hug-2054836_1920\" data-image-description=\"\" data-image-caption=\"\" data-large-file=\"https:\/\/i0.wp.com\/bottesetvelo.com\/blog\/wp-content\/uploads\/2020\/03\/hug-2054836_1920.jpg?fit=1024%2C683&amp;ssl=1\" src=\"https:\/\/i0.wp.com\/bottesetvelo.com\/blog\/wp-content\/uploads\/2020\/03\/hug-2054836_1920.jpg?fit=1024%2C683\" alt=\"\" class=\"wp-image-3975\" width=\"350\" height=\"212\"\/><\/figure><\/div>\n\n\n\n<p>L\u2019homme a cette arrogance, cette pr\u00e9tention de vouloir maitriser son\nenvironnement. Il \u00e9rige des digues pour retenir les crues, des murs pour\narr\u00eater le son, des barrages pour contr\u00f4ler le d\u00e9bit d\u2019eau, des insecticides et\ndes pesticides pour encadrer la nature, des ins\u00e9minations pour g\u00e9rer les naissances\net les esp\u00e8ces. Il cr\u00e9e des vaccins pour enrayer la maladie, des appareils pour\npr\u00e9dire les tsunamis, et des applications de tout genre pour am\u00e9liorer sa vie. <\/p>\n\n\n\n<p>Ce besoin de dominer toute situation n\u2019est que l\u2019\u00e9cho de ses faiblesses.\nConscient de la fragilit\u00e9 de sa condition humaine et de la finitude de son\nexistence, il cherche \u00e0 se prot\u00e9ger. La peur de souffrir, la peur de mourir,\nl\u2019incitent \u00e0 poser des actions pour tendre le plus possible vers le risque z\u00e9ro.\nPort d\u2019un casque pour toute activit\u00e9, interdiction de toucher un b\u00e9b\u00e9, surcharge\nde signalisation routi\u00e8re, exc\u00e8s de r\u00e9servations h\u00e2tives, abondance de mesures\nsanitaires pr\u00e9ventives, surcontr\u00f4le dans les a\u00e9roports, proc\u00e9durites administratives\naig\u00fces \u2026 Toutes des illusions de contr\u00f4le qui obscurcissent le jugement et \u00e9touffent\nla spontan\u00e9it\u00e9 de la vie. <\/p>\n\n\n\n<div class=\"wp-block-image\"><figure class=\"alignleft is-resized\"><img data-recalc-dims=\"1\" loading=\"lazy\" decoding=\"async\" data-attachment-id=\"3977\" data-permalink=\"https:\/\/bottesetvelo.com\/blog\/2020\/03\/13\/inchallah\/2009-compostelle-et-barcelone-081-2\/\" data-orig-file=\"https:\/\/i0.wp.com\/bottesetvelo.com\/blog\/wp-content\/uploads\/2020\/03\/2009-Compostelle-et-Barcelone-081.jpg?fit=3648%2C2736&amp;ssl=1\" data-orig-size=\"3648,2736\" data-comments-opened=\"1\" data-image-meta=\"{&quot;aperture&quot;:&quot;9&quot;,&quot;credit&quot;:&quot;&quot;,&quot;camera&quot;:&quot;Canon PowerShot SD890 IS&quot;,&quot;caption&quot;:&quot;&quot;,&quot;created_timestamp&quot;:&quot;1251380111&quot;,&quot;copyright&quot;:&quot;&quot;,&quot;focal_length&quot;:&quot;6.6&quot;,&quot;iso&quot;:&quot;80&quot;,&quot;shutter_speed&quot;:&quot;0.01&quot;,&quot;title&quot;:&quot;&quot;,&quot;orientation&quot;:&quot;1&quot;}\" data-image-title=\"2009 &amp;#8211; Compostelle et Barcelone 081\" data-image-description=\"\" data-image-caption=\"\" data-large-file=\"https:\/\/i0.wp.com\/bottesetvelo.com\/blog\/wp-content\/uploads\/2020\/03\/2009-Compostelle-et-Barcelone-081.jpg?fit=1024%2C768&amp;ssl=1\" src=\"https:\/\/i0.wp.com\/bottesetvelo.com\/blog\/wp-content\/uploads\/2020\/03\/2009-Compostelle-et-Barcelone-081.jpg?resize=350%2C305&#038;ssl=1\" alt=\"\" class=\"wp-image-3977\" width=\"350\" height=\"305\"\/><\/figure><\/div>\n\n\n\n<p>Ceux qui n\u2019adoptent pas les comportements protecteurs valoris\u00e9s sont\nrapidement jug\u00e9s, per\u00e7us comme nonchalants, n\u00e9gligents, imprudents ou\nje-m\u2019en-foutistes. Le p\u00e8lerin n\u2019\u00e9chappe pas \u00e0 cette r\u00e9alit\u00e9. Tiraill\u00e9 entre ses\nanciennes pratiques de vie contr\u00f4lantes et son nouveau mode de vie aventureux, il\ntend \u00e0 trouver un champ d\u2019actions qui sache r\u00e9pondre \u00e0 ses besoins sans trop\nnourrir ses peurs. Et ce qu\u2019il d\u00e9couvre en chemin, contrairement \u00e0 la r\u00e9alit\u00e9 sociale\nindividualiste qu\u2019il a quitt\u00e9e, c\u2019est l\u2019importance du tissu humain qui\nl\u2019entoure. Il r\u00e9alise que sur sa route, il est rarement isol\u00e9. Alors, malgr\u00e9 la\nmultitude d\u2019impr\u00e9vus et d\u2019impond\u00e9rables, nul besoin d\u2019hyper-contr\u00f4le. Il trouve\nune infinit\u00e9 de ressources et de solutions qui \u00e9manent de la communaut\u00e9 du\nchemin. Il apprend alors \u00e0 faire confiance. &nbsp;<\/p>\n\n\n\n<p>\u00ab&nbsp;Toucher du bois&nbsp;\u00bb, \u00ab&nbsp;se croiser les doigts&nbsp;\u00bb, et\ntout r\u00e9cemment \u00ab&nbsp;envoyer une demande \u00e0 l\u2019univers&nbsp;\u00bb, sont autant\nd\u2019expressions venant signifier notre croyance en cette collaboration intangible\nqui donne foi en l\u2019avenir. Car tout ne peut \u00eatre contr\u00f4l\u00e9. Croire, c\u2019est se\npermettre de l\u00e2cher-prise, faire cesser la tourmente\nmentale qui rugit int\u00e9rieurement et ronge tout l\u2019\u00eatre, sachant que notre\ncontr\u00f4le et notre responsabilit\u00e9 a ses limites. Alors agissons au mieux de\nnotre connaissance et \u00ab&nbsp;Advienne que pourra&nbsp;\u00bb! <\/p>\n\n\n\n<div class=\"wp-block-image\"><figure class=\"alignright is-resized\"><img loading=\"lazy\" decoding=\"async\" data-attachment-id=\"3976\" data-permalink=\"https:\/\/bottesetvelo.com\/blog\/2020\/03\/13\/inchallah\/balloon-3206530_1920\/\" data-orig-file=\"https:\/\/i0.wp.com\/bottesetvelo.com\/blog\/wp-content\/uploads\/2020\/03\/balloon-3206530_1920.jpg?fit=1920%2C1503&amp;ssl=1\" data-orig-size=\"1920,1503\" data-comments-opened=\"1\" data-image-meta=\"{&quot;aperture&quot;:&quot;0&quot;,&quot;credit&quot;:&quot;&quot;,&quot;camera&quot;:&quot;&quot;,&quot;caption&quot;:&quot;&quot;,&quot;created_timestamp&quot;:&quot;0&quot;,&quot;copyright&quot;:&quot;&quot;,&quot;focal_length&quot;:&quot;0&quot;,&quot;iso&quot;:&quot;0&quot;,&quot;shutter_speed&quot;:&quot;0&quot;,&quot;title&quot;:&quot;&quot;,&quot;orientation&quot;:&quot;0&quot;}\" data-image-title=\"balloon-3206530_1920\" data-image-description=\"\" data-image-caption=\"\" data-large-file=\"https:\/\/i0.wp.com\/bottesetvelo.com\/blog\/wp-content\/uploads\/2020\/03\/balloon-3206530_1920.jpg?fit=1024%2C802&amp;ssl=1\" src=\"https:\/\/i0.wp.com\/bottesetvelo.com\/blog\/wp-content\/uploads\/2020\/03\/balloon-3206530_1920.jpg?fit=1024%2C802\" alt=\"\" class=\"wp-image-3976\" width=\"350\" height=\"255\"\/><\/figure><\/div>\n\n\n\n<p>Inch\u2019Allah, \u00e0 la gr\u00e2ce de Dieu, parole de sagesse qui invite au\ndiscernement. Dire \u00ab&nbsp;inch\u2019allah&nbsp;\u00bb, c\u2019est accepter de faire confiance\nen s\u2019en remettant \u00e0 plus grand que soi. Non pas avec un sentiment de fatalit\u00e9\nr\u00e9sign\u00e9e, mais avec foi! N\u2019ayant de r\u00e9el pouvoir que sur le pr\u00e9sent, c\u2019est en\n\u00e9tant \u00e0 l\u2019\u00e9coute de ce qui est ici-maintenant, en regard des informations, de\nla situation, des \u00e9motions, et en se laissant guider par l\u2019espoir d\u2019un meilleur,\nqu\u2019on saura agir pour le plus grand bien commun. Et pour la suite, alors\n\u00ab&nbsp;inch\u2019Allah&nbsp;\u00bb!<\/p>\n\n\n\n<p>Brigitte Harouni<\/p>\n\n\n\n<div class=\"wp-block-image\"><figure class=\"alignright is-resized\"><img data-recalc-dims=\"1\" loading=\"lazy\" decoding=\"async\" data-attachment-id=\"3248\" data-permalink=\"https:\/\/bottesetvelo.com\/blog\/2018\/03\/30\/comme-un-grand-silence\/bottes-et-velo-embleme-3\/\" data-orig-file=\"https:\/\/i0.wp.com\/bottesetvelo.com\/blog\/wp-content\/uploads\/2018\/03\/Bottes-et-V%C3%A9lo-Embl%C3%AAme-1-e1522416719670.png?fit=100%2C79&amp;ssl=1\" data-orig-size=\"100,79\" data-comments-opened=\"1\" data-image-meta=\"{&quot;aperture&quot;:&quot;0&quot;,&quot;credit&quot;:&quot;&quot;,&quot;camera&quot;:&quot;&quot;,&quot;caption&quot;:&quot;&quot;,&quot;created_timestamp&quot;:&quot;0&quot;,&quot;copyright&quot;:&quot;&quot;,&quot;focal_length&quot;:&quot;0&quot;,&quot;iso&quot;:&quot;0&quot;,&quot;shutter_speed&quot;:&quot;0&quot;,&quot;title&quot;:&quot;&quot;,&quot;orientation&quot;:&quot;0&quot;}\" data-image-title=\"Bottes et V\u00e9lo &amp;#8211; Embl\u00eame\" data-image-description=\"\" data-image-caption=\"\" data-large-file=\"https:\/\/i0.wp.com\/bottesetvelo.com\/blog\/wp-content\/uploads\/2018\/03\/Bottes-et-V%C3%A9lo-Embl%C3%AAme-1-e1522416719670.png?fit=100%2C79&amp;ssl=1\" src=\"https:\/\/i0.wp.com\/bottesetvelo.com\/blog\/wp-content\/uploads\/2018\/03\/Bottes-et-V%C3%A9lo-Embl%C3%AAme-1-e1522416719670.png?resize=73%2C58&#038;ssl=1\" alt=\"\" class=\"wp-image-3248\" width=\"73\" height=\"58\"\/><\/figure><\/div>\n","protected":false},"excerpt":{"rendered":"<p>Si le probl\u00e8me a une solution, il ne sert \u00e0 rien de s&rsquo;inqui\u00e9ter. Mais s&rsquo;il n&rsquo;en a pas, alors s&rsquo;inqui\u00e9ter ne change rien. Proverbe tib\u00e9tain Guerres, inondations, accidents, ouragans, terrorisme, maladies, \u2026 chaque jour, on nous d\u00e9peint le monde dans lequel nous \u00e9voluons comme un univers dangereux et instable. Peur, anxi\u00e9t\u00e9, angoisse prennent de l\u2019ampleur.&hellip;<\/p>\n","protected":false},"author":2,"featured_media":3976,"comment_status":"open","ping_status":"open","sticky":false,"template":"","format":"standard","meta":{"jetpack_post_was_ever_published":false,"_jetpack_newsletter_access":"","_jetpack_dont_email_post_to_subs":false,"_jetpack_newsletter_tier_id":0,"_jetpack_memberships_contains_paywalled_content":false,"_jetpack_memberships_contains_paid_content":false,"footnotes":"","jetpack_publicize_message":"Inch'Allah\nGuerres, inondations, accidents, ouragans, terrorisme, maladies, \u2026 chaque jour, on nous d\u00e9peint le monde dans lequel nous \u00e9voluons comme un univers dangereux et instable.\n#Compostelle","jetpack_publicize_feature_enabled":true,"jetpack_social_post_already_shared":true,"jetpack_social_options":{"image_generator_settings":{"template":"highway","default_image_id":0,"font":"","enabled":false},"version":2}},"categories":[50,379,380,3,446,37],"tags":[596,595,593,594],"class_list":["post-3974","post","type-post","status-publish","format-standard","has-post-thumbnail","hentry","category-art-de-vivre","category-chemin-de-transformation","category-conscientisation","category-reflexions","category-societe","category-spiritualite-2","tag-avenir","tag-croire","tag-espoir","tag-foi"],"jetpack_publicize_connections":[],"jetpack_featured_media_url":"https:\/\/i0.wp.com\/bottesetvelo.com\/blog\/wp-content\/uploads\/2020\/03\/balloon-3206530_1920.jpg?fit=1920%2C1503&ssl=1","jetpack_shortlink":"https:\/\/wp.me\/p4eY6z-126","jetpack_sharing_enabled":true,"jetpack_likes_enabled":true,"jetpack-related-posts":[],"_links":{"self":[{"href":"https:\/\/bottesetvelo.com\/blog\/wp-json\/wp\/v2\/posts\/3974","targetHints":{"allow":["GET"]}}],"collection":[{"href":"https:\/\/bottesetvelo.com\/blog\/wp-json\/wp\/v2\/posts"}],"about":[{"href":"https:\/\/bottesetvelo.com\/blog\/wp-json\/wp\/v2\/types\/post"}],"author":[{"embeddable":true,"href":"https:\/\/bottesetvelo.com\/blog\/wp-json\/wp\/v2\/users\/2"}],"replies":[{"embeddable":true,"href":"https:\/\/bottesetvelo.com\/blog\/wp-json\/wp\/v2\/comments?post=3974"}],"version-history":[{"count":1,"href":"https:\/\/bottesetvelo.com\/blog\/wp-json\/wp\/v2\/posts\/3974\/revisions"}],"predecessor-version":[{"id":3978,"href":"https:\/\/bottesetvelo.com\/blog\/wp-json\/wp\/v2\/posts\/3974\/revisions\/3978"}],"wp:featuredmedia":[{"embeddable":true,"href":"https:\/\/bottesetvelo.com\/blog\/wp-json\/wp\/v2\/media\/3976"}],"wp:attachment":[{"href":"https:\/\/bottesetvelo.com\/blog\/wp-json\/wp\/v2\/media?parent=3974"}],"wp:term":[{"taxonomy":"category","embeddable":true,"href":"https:\/\/bottesetvelo.com\/blog\/wp-json\/wp\/v2\/categories?post=3974"},{"taxonomy":"post_tag","embeddable":true,"href":"https:\/\/bottesetvelo.com\/blog\/wp-json\/wp\/v2\/tags?post=3974"}],"curies":[{"name":"wp","href":"https:\/\/api.w.org\/{rel}","templated":true}]}}