{"id":3959,"date":"2020-03-01T07:00:46","date_gmt":"2020-03-01T12:00:46","guid":{"rendered":"http:\/\/bottesetvelo.com\/blog\/?p=3959"},"modified":"2020-03-01T04:33:55","modified_gmt":"2020-03-01T09:33:55","slug":"bottes-et-velo-en-entrevue-a-la-radio-de-cjmd-levis","status":"publish","type":"post","link":"https:\/\/bottesetvelo.com\/blog\/2020\/03\/01\/bottes-et-velo-en-entrevue-a-la-radio-de-cjmd-levis\/","title":{"rendered":"Bottes et v\u00e9lo en entrevue \u00e0 la radio de CJMD &#8211; L\u00e9vis"},"content":{"rendered":"\n<figure class=\"wp-block-video\"><video controls src=\"https:\/\/bottesetvelo.com\/blog\/wp-content\/uploads\/2020\/02\/Bottes-et-V\u00e9lo-en-entrevue-\u00c9mission-Vent-de-fraicheur-CJMD-L\u00e9vis.mp4\"><\/video><\/figure>\n\n\n\n<figure class=\"wp-block-image\"><img loading=\"lazy\" decoding=\"async\" width=\"4032\" height=\"1960\" data-attachment-id=\"3962\" data-permalink=\"https:\/\/bottesetvelo.com\/blog\/2020\/03\/01\/bottes-et-velo-en-entrevue-a-la-radio-de-cjmd-levis\/20200229_145856-2\/\" data-orig-file=\"https:\/\/i0.wp.com\/bottesetvelo.com\/blog\/wp-content\/uploads\/2020\/02\/20200229_145856-1.jpg?fit=4032%2C1960&amp;ssl=1\" data-orig-size=\"4032,1960\" data-comments-opened=\"1\" data-image-meta=\"{&quot;aperture&quot;:&quot;1.7&quot;,&quot;credit&quot;:&quot;&quot;,&quot;camera&quot;:&quot;SM-G950W&quot;,&quot;caption&quot;:&quot;&quot;,&quot;created_timestamp&quot;:&quot;1582988336&quot;,&quot;copyright&quot;:&quot;&quot;,&quot;focal_length&quot;:&quot;4.25&quot;,&quot;iso&quot;:&quot;200&quot;,&quot;shutter_speed&quot;:&quot;0.0588235294118&quot;,&quot;title&quot;:&quot;&quot;,&quot;orientation&quot;:&quot;1&quot;}\" data-image-title=\"20200229_145856\" data-image-description=\"\" data-image-caption=\"\" data-large-file=\"https:\/\/i0.wp.com\/bottesetvelo.com\/blog\/wp-content\/uploads\/2020\/02\/20200229_145856-1.jpg?fit=1024%2C498&amp;ssl=1\" src=\"https:\/\/i1.wp.com\/bottesetvelo.com\/blog\/wp-content\/uploads\/2020\/02\/20200229_145856-1.jpg?fit=1024%2C498\" alt=\"\" class=\"wp-image-3962\" srcset=\"https:\/\/i0.wp.com\/bottesetvelo.com\/blog\/wp-content\/uploads\/2020\/02\/20200229_145856-1.jpg?w=4032&amp;ssl=1 4032w, https:\/\/i0.wp.com\/bottesetvelo.com\/blog\/wp-content\/uploads\/2020\/02\/20200229_145856-1.jpg?resize=500%2C243&amp;ssl=1 500w, https:\/\/i0.wp.com\/bottesetvelo.com\/blog\/wp-content\/uploads\/2020\/02\/20200229_145856-1.jpg?resize=768%2C373&amp;ssl=1 768w, https:\/\/i0.wp.com\/bottesetvelo.com\/blog\/wp-content\/uploads\/2020\/02\/20200229_145856-1.jpg?resize=1024%2C498&amp;ssl=1 1024w, https:\/\/i0.wp.com\/bottesetvelo.com\/blog\/wp-content\/uploads\/2020\/02\/20200229_145856-1.jpg?w=2340&amp;ssl=1 2340w, https:\/\/i0.wp.com\/bottesetvelo.com\/blog\/wp-content\/uploads\/2020\/02\/20200229_145856-1.jpg?w=3510&amp;ssl=1 3510w\" sizes=\"auto, (max-width: 1170px) 100vw, 1170px\" \/><figcaption>Brigitte Harouni<\/figcaption><\/figure>\n\n\n\n<figure class=\"wp-block-image\"><img loading=\"lazy\" decoding=\"async\" width=\"4608\" height=\"2240\" data-attachment-id=\"3963\" data-permalink=\"https:\/\/bottesetvelo.com\/blog\/2020\/03\/01\/bottes-et-velo-en-entrevue-a-la-radio-de-cjmd-levis\/20200229_145843-2\/\" data-orig-file=\"https:\/\/i0.wp.com\/bottesetvelo.com\/blog\/wp-content\/uploads\/2020\/02\/20200229_145843-1.jpg?fit=4608%2C2240&amp;ssl=1\" data-orig-size=\"4608,2240\" data-comments-opened=\"1\" data-image-meta=\"{&quot;aperture&quot;:&quot;1.7&quot;,&quot;credit&quot;:&quot;&quot;,&quot;camera&quot;:&quot;SM-A530W&quot;,&quot;caption&quot;:&quot;&quot;,&quot;created_timestamp&quot;:&quot;1582988323&quot;,&quot;copyright&quot;:&quot;&quot;,&quot;focal_length&quot;:&quot;3.93&quot;,&quot;iso&quot;:&quot;200&quot;,&quot;shutter_speed&quot;:&quot;0.02&quot;,&quot;title&quot;:&quot;&quot;,&quot;orientation&quot;:&quot;1&quot;}\" data-image-title=\"20200229_145843\" data-image-description=\"\" data-image-caption=\"\" data-large-file=\"https:\/\/i0.wp.com\/bottesetvelo.com\/blog\/wp-content\/uploads\/2020\/02\/20200229_145843-1.jpg?fit=1024%2C498&amp;ssl=1\" src=\"https:\/\/i0.wp.com\/bottesetvelo.com\/blog\/wp-content\/uploads\/2020\/02\/20200229_145843-1.jpg?fit=1024%2C498\" alt=\"\" class=\"wp-image-3963\" srcset=\"https:\/\/i0.wp.com\/bottesetvelo.com\/blog\/wp-content\/uploads\/2020\/02\/20200229_145843-1.jpg?w=4608&amp;ssl=1 4608w, https:\/\/i0.wp.com\/bottesetvelo.com\/blog\/wp-content\/uploads\/2020\/02\/20200229_145843-1.jpg?resize=500%2C243&amp;ssl=1 500w, https:\/\/i0.wp.com\/bottesetvelo.com\/blog\/wp-content\/uploads\/2020\/02\/20200229_145843-1.jpg?resize=768%2C373&amp;ssl=1 768w, https:\/\/i0.wp.com\/bottesetvelo.com\/blog\/wp-content\/uploads\/2020\/02\/20200229_145843-1.jpg?resize=1024%2C498&amp;ssl=1 1024w, https:\/\/i0.wp.com\/bottesetvelo.com\/blog\/wp-content\/uploads\/2020\/02\/20200229_145843-1.jpg?w=2340&amp;ssl=1 2340w, https:\/\/i0.wp.com\/bottesetvelo.com\/blog\/wp-content\/uploads\/2020\/02\/20200229_145843-1.jpg?w=3510&amp;ssl=1 3510w\" sizes=\"auto, (max-width: 1170px) 100vw, 1170px\" \/><figcaption>\u00c9ric Lalibert\u00e9<\/figcaption><\/figure>\n\n\n\n<h2 class=\"wp-block-heading\">Programmation 2020<\/h2>\n\n\n\n<h2 class=\"wp-block-heading\"><a href=\"http:\/\/bottesetvelo.com\/index.php\/activites\/voyages-pelerins\/\">Voyages P\u00e8lerins&nbsp;:<\/a><a href=\"https:\/\/i0.wp.com\/bottesetvelo.com\/wp-content\/uploads\/2017\/11\/2017-07-10-09.27.36.jpg\"><\/a><\/h2>\n\n\n\n<ul class=\"wp-block-list\"><li> <a href=\"http:\/\/bottesetvelo.com\/index.php\/chemins-de-compostelle\/\"><strong>Compostelle (Espagne)<\/strong><\/a>\u00a02 groupes\u00a0 (Groupe 1: 28 mai au 21 juin \/ Groupe 2: 2 juillet au 26 juillet) <\/li><li> <a href=\"http:\/\/bottesetvelo.com\/index.php\/iles-de-la-madeleine\/\"><strong>Iles-de-la-Madeleine<\/strong> <\/a>( Groupe 1 : 22 ao\u00fbt au 3 septembre \/ Groupe 2 : 25 ao\u00fbt au 6 septembre) <\/li><li> <a href=\"http:\/\/bottesetvelo.com\/index.php\/haute-gaspesie\/\"><strong>Haute-Gasp\u00e9sie<\/strong><\/a> (11 au 20 septembre)<\/li><\/ul>\n\n\n\n<h2 class=\"wp-block-heading\"><a href=\"https:\/\/i1.wp.com\/bottesetvelo.com\/wp-content\/uploads\/2018\/01\/s\u00e9parateur.png\"><\/a><a href=\"http:\/\/bottesetvelo.com\/index.php\/weekend-pelerin\/\">Weekends P\u00e8lerins&nbsp;:<\/a><a href=\"https:\/\/i2.wp.com\/bottesetvelo.com\/wp-content\/uploads\/2016\/11\/2016-05-28-10.57.46.jpg\"><\/a><\/h2>\n\n\n\n<ul class=\"wp-block-list\"><li> <strong><a href=\"http:\/\/bottesetvelo.com\/index.php\/weekend-pelerin\/\">Bottes et Yoga (Abbaye St-Benoit-du-Lac)<\/a><\/strong> : 24-25-26 avril. <\/li><li> <a href=\"http:\/\/bottesetvelo.com\/index.php\/weekend-pelerin\/\"><strong>Ottawa<\/strong><\/a> : 25-26-27 septembre. Th\u00e8me: Marcher en marge du monde. <\/li><li> <a href=\"http:\/\/bottesetvelo.com\/index.php\/weekend-pelerin\/\"><strong>Kamouraska<\/strong><\/a> : 9-10-11 octobre. Th\u00e8me: Chemin de m\u00e9ditation. <\/li><li> <em><a href=\"http:\/\/bottesetvelo.com\/index.php\/weekend-pelerin\/\"><strong>Weekend Postpartum P\u00e8lerin<\/strong><\/a> : 6-7-8 novembre.<\/em> S\u00e9jour d\u2019ateliers int\u00e9grateurs visant \u00e0 offrir un espace pour  d\u00e9canter son exp\u00e9rience p\u00e8lerine et en faire le bilan. Offert \u00e0 tous les  p\u00e8lerins ayant v\u00e9cu un voyage p\u00e8lerin (en autonomie ou en groupe).  Postpartum? Parce qu\u2019il faut bien se remettre de cet accouchement qu\u2019est  l\u2019exp\u00e9rience p\u00e8lerine!<\/li><\/ul>\n","protected":false},"excerpt":{"rendered":"<p>Programmation 2020 Voyages P\u00e8lerins&nbsp;: Compostelle (Espagne)\u00a02 groupes\u00a0 (Groupe 1: 28 mai au 21 juin \/ Groupe 2: 2 juillet au 26 juillet) Iles-de-la-Madeleine ( Groupe 1 : 22 ao\u00fbt au 3 septembre \/ Groupe 2 : 25 ao\u00fbt au 6 septembre) Haute-Gasp\u00e9sie (11 au 20 septembre) Weekends P\u00e8lerins&nbsp;: Bottes et Yoga (Abbaye St-Benoit-du-Lac) : 24-25-26&hellip;<\/p>\n","protected":false},"author":1,"featured_media":3968,"comment_status":"open","ping_status":"open","sticky":false,"template":"","format":"standard","meta":{"jetpack_post_was_ever_published":false,"_jetpack_newsletter_access":"","_jetpack_dont_email_post_to_subs":false,"_jetpack_newsletter_tier_id":0,"_jetpack_memberships_contains_paywalled_content":false,"_jetpack_memberships_contains_paid_content":false,"footnotes":"","jetpack_publicize_message":"Bottes et v\u00e9lo en entrevue \u00e0 la radio de CJMD - L\u00e9vis\n#p\u00e8lerinage #rando #Compostelle\n#histoireinspirante","jetpack_publicize_feature_enabled":true,"jetpack_social_post_already_shared":true,"jetpack_social_options":{"image_generator_settings":{"template":"highway","default_image_id":0,"font":"","enabled":false},"version":2}},"categories":[264],"tags":[18],"class_list":["post-3959","post","type-post","status-publish","format-standard","has-post-thumbnail","hentry","category-entrevues","tag-bottes-et-velo"],"jetpack_publicize_connections":[],"jetpack_featured_media_url":"https:\/\/i0.wp.com\/bottesetvelo.com\/blog\/wp-content\/uploads\/2020\/02\/%C3%89ric-et-Brigitte-CJMD.png?fit=985%2C439&ssl=1","jetpack_shortlink":"https:\/\/wp.me\/p4eY6z-11R","jetpack_sharing_enabled":true,"jetpack_likes_enabled":true,"jetpack-related-posts":[],"_links":{"self":[{"href":"https:\/\/bottesetvelo.com\/blog\/wp-json\/wp\/v2\/posts\/3959","targetHints":{"allow":["GET"]}}],"collection":[{"href":"https:\/\/bottesetvelo.com\/blog\/wp-json\/wp\/v2\/posts"}],"about":[{"href":"https:\/\/bottesetvelo.com\/blog\/wp-json\/wp\/v2\/types\/post"}],"author":[{"embeddable":true,"href":"https:\/\/bottesetvelo.com\/blog\/wp-json\/wp\/v2\/users\/1"}],"replies":[{"embeddable":true,"href":"https:\/\/bottesetvelo.com\/blog\/wp-json\/wp\/v2\/comments?post=3959"}],"version-history":[{"count":5,"href":"https:\/\/bottesetvelo.com\/blog\/wp-json\/wp\/v2\/posts\/3959\/revisions"}],"predecessor-version":[{"id":3972,"href":"https:\/\/bottesetvelo.com\/blog\/wp-json\/wp\/v2\/posts\/3959\/revisions\/3972"}],"wp:featuredmedia":[{"embeddable":true,"href":"https:\/\/bottesetvelo.com\/blog\/wp-json\/wp\/v2\/media\/3968"}],"wp:attachment":[{"href":"https:\/\/bottesetvelo.com\/blog\/wp-json\/wp\/v2\/media?parent=3959"}],"wp:term":[{"taxonomy":"category","embeddable":true,"href":"https:\/\/bottesetvelo.com\/blog\/wp-json\/wp\/v2\/categories?post=3959"},{"taxonomy":"post_tag","embeddable":true,"href":"https:\/\/bottesetvelo.com\/blog\/wp-json\/wp\/v2\/tags?post=3959"}],"curies":[{"name":"wp","href":"https:\/\/api.w.org\/{rel}","templated":true}]}}