{"id":3940,"date":"2020-02-07T07:00:44","date_gmt":"2020-02-07T12:00:44","guid":{"rendered":"http:\/\/bottesetvelo.com\/blog\/?p=3940"},"modified":"2020-02-06T19:47:10","modified_gmt":"2020-02-07T00:47:10","slug":"dis-moi-comment-tu-marches-je-te-dirai-qui-tu-es","status":"publish","type":"post","link":"https:\/\/bottesetvelo.com\/blog\/2020\/02\/07\/dis-moi-comment-tu-marches-je-te-dirai-qui-tu-es\/","title":{"rendered":"Dis-moi comment tu marches, je te dirai qui tu es"},"content":{"rendered":"\n<blockquote class=\"wp-block-quote is-layout-flow wp-block-quote-is-layout-flow\"><p>Qui regarde dehors r\u00eave. Qui regarde \u00e0 l\u2019int\u00e9rieur se r\u00e9veille. <\/p><p><\/p><cite> Carl Gustav Jung <\/cite><\/blockquote>\n\n\n\n<p>Pour celui qui prend le temps de\ns\u2019observer et de se questionner, la r\u00e9flexion introspective du p\u00e8lerinage est\nun processus de r\u00e9v\u00e9lation de soi. Un travail qui ne se fait pas sans\ndifficult\u00e9. Il n\u2019est pas question ici de critique ou de jugement, mais bien de\npur constat, de simple compr\u00e9hension, accueil aimant de la personne que nous\nsommes actuellement devenue. Car chacun est le r\u00e9sultat d\u2019un parcours de vie. L\u2019aboutissement\ntemporaire d\u2019une suite d\u2019apprentissages faits au gr\u00e9 des souffrances et des\nplaisirs. Temporaire, car ce que l\u2019on est en ce moment sera appel\u00e9 \u00e0 changer au\ntravers des exp\u00e9riences \u00e0 venir. Et cette transformation se fait subtilement en\ndouceur, dans le temps. <\/p>\n\n\n\n<div class=\"wp-block-image\"><figure class=\"alignright is-resized\"><img data-recalc-dims=\"1\" loading=\"lazy\" decoding=\"async\" data-attachment-id=\"3941\" data-permalink=\"https:\/\/bottesetvelo.com\/blog\/2020\/02\/07\/dis-moi-comment-tu-marches-je-te-dirai-qui-tu-es\/dscn2893\/\" data-orig-file=\"https:\/\/i0.wp.com\/bottesetvelo.com\/blog\/wp-content\/uploads\/2020\/02\/DSCN2893.jpg?fit=2471%2C1538&amp;ssl=1\" data-orig-size=\"2471,1538\" data-comments-opened=\"1\" data-image-meta=\"{&quot;aperture&quot;:&quot;5.6&quot;,&quot;credit&quot;:&quot;&quot;,&quot;camera&quot;:&quot;COOLPIX S9900&quot;,&quot;caption&quot;:&quot;&quot;,&quot;created_timestamp&quot;:&quot;1499251027&quot;,&quot;copyright&quot;:&quot;&quot;,&quot;focal_length&quot;:&quot;20.9&quot;,&quot;iso&quot;:&quot;125&quot;,&quot;shutter_speed&quot;:&quot;0.00125&quot;,&quot;title&quot;:&quot;&quot;,&quot;orientation&quot;:&quot;1&quot;}\" data-image-title=\"DSCN2893\" data-image-description=\"\" data-image-caption=\"\" data-large-file=\"https:\/\/i0.wp.com\/bottesetvelo.com\/blog\/wp-content\/uploads\/2020\/02\/DSCN2893.jpg?fit=1024%2C637&amp;ssl=1\" src=\"https:\/\/i0.wp.com\/bottesetvelo.com\/blog\/wp-content\/uploads\/2020\/02\/DSCN2893.jpg?resize=350%2C232&#038;ssl=1\" alt=\"\" class=\"wp-image-3941\" width=\"350\" height=\"232\"\/><\/figure><\/div>\n\n\n\n<p>Marcher un p\u00e8lerinage, c\u2019est \u00eatre\nappel\u00e9 au discernement de ce qui se joue en soi. D\u00e8s les premiers instants, avant\nm\u00eame de quitter son espace connu, \u00e0 partir de la phase pr\u00e9paratoire qui\nconsiste \u00e0 pr\u00e9parer son bagage et son \u00e9quipement, chaque d\u00e9cision, chaque\n\u00e9motion est le reflet de soi. Chacun vit des craintes et des attentes qui lui\nsont propres et qui \u00e9manent de ce que la vie lui a pr\u00e9c\u00e9demment enseign\u00e9. Une\nfois sur le chemin, tout l\u2019\u00eatre du p\u00e8lerin, dans sa fa\u00e7on d\u2019avancer et\nd\u2019aborder cette nouvelle r\u00e9alit\u00e9, contribue \u00e0 exprimer celui qu\u2019il est r\u00e9ellement.\nAlors p\u00e8lerins et futurs p\u00e8lerins, prenez le temps de tourner votre regard vers\nvous. Une des richesses du chemin se trouve sous vos yeux. Observez ce qui vous\ncaract\u00e9rise et vous distingue des autres p\u00e8lerins. \u00c9couter, observez, questionnez&nbsp;:\n<\/p>\n\n\n\n<ul class=\"wp-block-list\"><li>Pr\u00e9voyez-vous utiliser des b\u00e2tons, aucun, un\nseul? Pourquoi? Qu\u2019est-ce qui motive votre choix? <\/li><li>Votre sac est-il trop lourd? Trop petit? Vous\npr\u00e9occupez-vous du poids du sac des autres? Vous laissez-vous d\u00e9ranger par les\ncommentaires qu\u2019ils font sur le v\u00f4tre? Comment cela vous fait-il r\u00e9agir? Pourquoi?<\/li><li>Votre itin\u00e9raire est-il pr\u00e9\u00e9tabli? Cherchez-vous\ndes informations pour pr\u00e9voir chaque journ\u00e9e \u00e0 l\u2019avance? Aimez-vous r\u00e9server\nvos h\u00e9bergements? Pourquoi? Avez-vous volontairement d\u00e9cid\u00e9 de ne pas tout\norganiser pour vous laisser une marge de libert\u00e9 en chemin? Aimez-vous vous\nlaisser porter par les impr\u00e9vus? Pourquoi?<\/li><li>Pr\u00e9f\u00e9rez-vous marcher seul ou accompagn\u00e9? Pourquoi?\nAimez-vous marcher en silence? Avez-vous s\u00e9lectionn\u00e9 des listes de chansons\npour faire la route? Savez-vous le dire \u00e0 l\u2019autre lorsque vous souhaitez \u00eatre\nseul? Pourquoi?<\/li><li>Marchez-vous \u00e0 votre rythme ou vous laissez-vous\ninfluencer par le pas de l\u2019autre, l\u2019urgence d\u2019arriver, la cadence planifi\u00e9e\nd\u2019avance? Pourquoi? Savez-vous vous arr\u00eater lorsque la douleur se fait sentir?\nOu lorsqu\u2019une occasion d\u00e9sirable se pr\u00e9sente? Ou simplement pour prendre\nplaisir \u00e0 faire la route? Qu\u2019est-ce qui vous am\u00e8ne \u00e0 vous arr\u00eater? Qu\u2019est-ce\nque cela dit de vous?<\/li><\/ul>\n\n\n\n<div class=\"wp-block-image\"><figure class=\"alignright is-resized\"><img data-recalc-dims=\"1\" loading=\"lazy\" decoding=\"async\" data-attachment-id=\"3942\" data-permalink=\"https:\/\/bottesetvelo.com\/blog\/2020\/02\/07\/dis-moi-comment-tu-marches-je-te-dirai-qui-tu-es\/2018-07-24-14-50-05\/\" data-orig-file=\"https:\/\/i0.wp.com\/bottesetvelo.com\/blog\/wp-content\/uploads\/2020\/02\/2018-07-24-14.50.05.jpg?fit=4608%2C2240&amp;ssl=1\" data-orig-size=\"4608,2240\" data-comments-opened=\"1\" data-image-meta=\"{&quot;aperture&quot;:&quot;1.7&quot;,&quot;credit&quot;:&quot;&quot;,&quot;camera&quot;:&quot;SM-A530W&quot;,&quot;caption&quot;:&quot;&quot;,&quot;created_timestamp&quot;:&quot;1532443805&quot;,&quot;copyright&quot;:&quot;&quot;,&quot;focal_length&quot;:&quot;3.93&quot;,&quot;iso&quot;:&quot;40&quot;,&quot;shutter_speed&quot;:&quot;0.00123456790123&quot;,&quot;title&quot;:&quot;&quot;,&quot;orientation&quot;:&quot;1&quot;}\" data-image-title=\"2018-07-24 14.50.05\" data-image-description=\"\" data-image-caption=\"\" data-large-file=\"https:\/\/i0.wp.com\/bottesetvelo.com\/blog\/wp-content\/uploads\/2020\/02\/2018-07-24-14.50.05.jpg?fit=1024%2C498&amp;ssl=1\" src=\"https:\/\/i0.wp.com\/bottesetvelo.com\/blog\/wp-content\/uploads\/2020\/02\/2018-07-24-14.50.05.jpg?resize=350%2C159&#038;ssl=1\" alt=\"\" class=\"wp-image-3942\" width=\"350\" height=\"159\"\/><\/figure><\/div>\n\n\n\n<p>Il n\u2019y a pas\nde bonne ou de mauvaise r\u00e9ponse \u00e0 ces questions. La v\u00f4tre, c\u2019est la bonne. Le\nd\u00e9fi pour chacun est de savoir se parler avec franchise, sans d\u00e9tours, sans\nmalaise, sans honte, sans crainte du jugement. Pour celui qui le souhaite, il\nest possible d\u2019entrer encore davantage dans cette introspection p\u00e8lerine en questionnant\nson niveau de confiance, son degr\u00e9 de libert\u00e9 et ses peurs. <\/p>\n\n\n\n<ul class=\"wp-block-list\"><li>Qu\u2019est-ce\nqui me retient, me freine, m\u2019emp\u00eache de faire pleinement confiance? <\/li><li>Quel\nmanque me fait peur? Peur de la solitude, de me perdre, de manquer de temps,\nd\u2019argent, de nourriture, d\u2019eau? Peur de me blesser? De devoir abandonner? De ce\nque les autres vont penser? <\/li><\/ul>\n\n\n\n<div class=\"wp-block-image\"><figure class=\"alignright is-resized\"><img data-recalc-dims=\"1\" loading=\"lazy\" decoding=\"async\" data-attachment-id=\"3943\" data-permalink=\"https:\/\/bottesetvelo.com\/blog\/2020\/02\/07\/dis-moi-comment-tu-marches-je-te-dirai-qui-tu-es\/dscn0509-2\/\" data-orig-file=\"https:\/\/i0.wp.com\/bottesetvelo.com\/blog\/wp-content\/uploads\/2020\/02\/DSCN0509.jpg?fit=4608%2C3456&amp;ssl=1\" data-orig-size=\"4608,3456\" data-comments-opened=\"1\" data-image-meta=\"{&quot;aperture&quot;:&quot;6&quot;,&quot;credit&quot;:&quot;&quot;,&quot;camera&quot;:&quot;COOLPIX S9900&quot;,&quot;caption&quot;:&quot;&quot;,&quot;created_timestamp&quot;:&quot;1466327620&quot;,&quot;copyright&quot;:&quot;&quot;,&quot;focal_length&quot;:&quot;24.7&quot;,&quot;iso&quot;:&quot;125&quot;,&quot;shutter_speed&quot;:&quot;0.002&quot;,&quot;title&quot;:&quot;&quot;,&quot;orientation&quot;:&quot;1&quot;}\" data-image-title=\"DSCN0509\" data-image-description=\"\" data-image-caption=\"\" data-large-file=\"https:\/\/i0.wp.com\/bottesetvelo.com\/blog\/wp-content\/uploads\/2020\/02\/DSCN0509.jpg?fit=1024%2C768&amp;ssl=1\" src=\"https:\/\/i0.wp.com\/bottesetvelo.com\/blog\/wp-content\/uploads\/2020\/02\/DSCN0509.jpg?resize=350%2C254&#038;ssl=1\" alt=\"\" class=\"wp-image-3943\" width=\"350\" height=\"254\"\/><\/figure><\/div>\n\n\n\n<p>\u00c0 chaque r\u00e9ponse, prenez le temps\nde remonter \u00e0 la source du comportement observable et ressenti. D\u2019o\u00f9 ce trait\nde caract\u00e8re, qui vous est propre, provient-il? Qu\u2019est-ce qui l\u2019a fait naitre\net l\u2019a consolid\u00e9 au fil de votre vie? Et aujourd\u2019hui, comment cela vient-il\nteinter et influencer vos d\u00e9cisions et vos agirs? <\/p>\n\n\n\n<p>Le sanctuaire du p\u00e8lerin est ce\nlieu o\u00f9 il se sent accueilli et aim\u00e9 tel qu\u2019il est. Un espace d\u2019\u00e9panouissement\nauquel il aspire et vers lequel il tend \u00e0 se rapprocher un peu plus chaque\njour. Il en va de m\u00eame pour le chemin int\u00e9rieur. Prendre le temps de se\nregarder, de se questionner, de se comprendre, de s\u2019accueillir et de s\u2019aimer,\nc\u2019est se permettre de grandir et d\u2019aller vers mieux en faisant des choix\n\u00e9clair\u00e9s et sentis. <\/p>\n\n\n\n<div class=\"wp-block-image\"><figure class=\"alignright is-resized\"><img data-recalc-dims=\"1\" loading=\"lazy\" decoding=\"async\" data-attachment-id=\"3248\" data-permalink=\"https:\/\/bottesetvelo.com\/blog\/2018\/03\/30\/comme-un-grand-silence\/bottes-et-velo-embleme-3\/\" data-orig-file=\"https:\/\/i0.wp.com\/bottesetvelo.com\/blog\/wp-content\/uploads\/2018\/03\/Bottes-et-V%C3%A9lo-Embl%C3%AAme-1-e1522416719670.png?fit=100%2C79&amp;ssl=1\" data-orig-size=\"100,79\" data-comments-opened=\"1\" data-image-meta=\"{&quot;aperture&quot;:&quot;0&quot;,&quot;credit&quot;:&quot;&quot;,&quot;camera&quot;:&quot;&quot;,&quot;caption&quot;:&quot;&quot;,&quot;created_timestamp&quot;:&quot;0&quot;,&quot;copyright&quot;:&quot;&quot;,&quot;focal_length&quot;:&quot;0&quot;,&quot;iso&quot;:&quot;0&quot;,&quot;shutter_speed&quot;:&quot;0&quot;,&quot;title&quot;:&quot;&quot;,&quot;orientation&quot;:&quot;0&quot;}\" data-image-title=\"Bottes et V\u00e9lo &amp;#8211; Embl\u00eame\" data-image-description=\"\" data-image-caption=\"\" data-large-file=\"https:\/\/i0.wp.com\/bottesetvelo.com\/blog\/wp-content\/uploads\/2018\/03\/Bottes-et-V%C3%A9lo-Embl%C3%AAme-1-e1522416719670.png?fit=100%2C79&amp;ssl=1\" src=\"https:\/\/i0.wp.com\/bottesetvelo.com\/blog\/wp-content\/uploads\/2018\/03\/Bottes-et-V%C3%A9lo-Embl%C3%AAme-1-e1522416719670.png?resize=64%2C190&#038;ssl=1\" alt=\"\" class=\"wp-image-3248\" width=\"64\" height=\"190\"\/><\/figure><\/div>\n\n\n\n<p>Brigitte Harouni <\/p>\n","protected":false},"excerpt":{"rendered":"<p>Qui regarde dehors r\u00eave. Qui regarde \u00e0 l\u2019int\u00e9rieur se r\u00e9veille. Carl Gustav Jung Pour celui qui prend le temps de s\u2019observer et de se questionner, la r\u00e9flexion introspective du p\u00e8lerinage est un processus de r\u00e9v\u00e9lation de soi. Un travail qui ne se fait pas sans difficult\u00e9. Il n\u2019est pas question ici de critique ou de&hellip;<\/p>\n","protected":false},"author":2,"featured_media":3941,"comment_status":"open","ping_status":"open","sticky":false,"template":"","format":"standard","meta":{"jetpack_post_was_ever_published":false,"_jetpack_newsletter_access":"","_jetpack_dont_email_post_to_subs":false,"_jetpack_newsletter_tier_id":0,"_jetpack_memberships_contains_paywalled_content":false,"_jetpack_memberships_contains_paid_content":false,"footnotes":"","jetpack_publicize_message":"Dis-moi comment tu marches, je te dirai qui tu es.\nPour celui qui prend le temps de s\u2019observer et de se questionner, la #r\u00e9flexion introspective du #p\u00e8lerinage est un processus de r\u00e9v\u00e9lation de soi. #Compostelle","jetpack_publicize_feature_enabled":true,"jetpack_social_post_already_shared":true,"jetpack_social_options":{"image_generator_settings":{"template":"highway","default_image_id":0,"font":"","enabled":false},"version":2}},"categories":[422,50,282,379,9,380,166,171,3,381],"tags":[283,102,13,220],"class_list":["post-3940","post","type-post","status-publish","format-standard","has-post-thumbnail","hentry","category-accompagnement","category-art-de-vivre","category-ateliers-du-pelerin","category-chemin-de-transformation","category-chemins-de-pelerinage","category-conscientisation","category-demarche-du-pelerin","category-pelerinage","category-reflexions","category-transformation","tag-cheminement-spirituel","tag-connaissance-de-soi","tag-pelerinage","tag-questionnement"],"jetpack_publicize_connections":[],"jetpack_featured_media_url":"https:\/\/i0.wp.com\/bottesetvelo.com\/blog\/wp-content\/uploads\/2020\/02\/DSCN2893.jpg?fit=2471%2C1538&ssl=1","jetpack_shortlink":"https:\/\/wp.me\/p4eY6z-11y","jetpack_sharing_enabled":true,"jetpack_likes_enabled":true,"jetpack-related-posts":[],"_links":{"self":[{"href":"https:\/\/bottesetvelo.com\/blog\/wp-json\/wp\/v2\/posts\/3940","targetHints":{"allow":["GET"]}}],"collection":[{"href":"https:\/\/bottesetvelo.com\/blog\/wp-json\/wp\/v2\/posts"}],"about":[{"href":"https:\/\/bottesetvelo.com\/blog\/wp-json\/wp\/v2\/types\/post"}],"author":[{"embeddable":true,"href":"https:\/\/bottesetvelo.com\/blog\/wp-json\/wp\/v2\/users\/2"}],"replies":[{"embeddable":true,"href":"https:\/\/bottesetvelo.com\/blog\/wp-json\/wp\/v2\/comments?post=3940"}],"version-history":[{"count":1,"href":"https:\/\/bottesetvelo.com\/blog\/wp-json\/wp\/v2\/posts\/3940\/revisions"}],"predecessor-version":[{"id":3944,"href":"https:\/\/bottesetvelo.com\/blog\/wp-json\/wp\/v2\/posts\/3940\/revisions\/3944"}],"wp:featuredmedia":[{"embeddable":true,"href":"https:\/\/bottesetvelo.com\/blog\/wp-json\/wp\/v2\/media\/3941"}],"wp:attachment":[{"href":"https:\/\/bottesetvelo.com\/blog\/wp-json\/wp\/v2\/media?parent=3940"}],"wp:term":[{"taxonomy":"category","embeddable":true,"href":"https:\/\/bottesetvelo.com\/blog\/wp-json\/wp\/v2\/categories?post=3940"},{"taxonomy":"post_tag","embeddable":true,"href":"https:\/\/bottesetvelo.com\/blog\/wp-json\/wp\/v2\/tags?post=3940"}],"curies":[{"name":"wp","href":"https:\/\/api.w.org\/{rel}","templated":true}]}}