{"id":3930,"date":"2020-01-24T07:00:43","date_gmt":"2020-01-24T12:00:43","guid":{"rendered":"http:\/\/bottesetvelo.com\/blog\/?p=3930"},"modified":"2020-01-23T17:45:01","modified_gmt":"2020-01-23T22:45:01","slug":"une-saine-delinquance","status":"publish","type":"post","link":"https:\/\/bottesetvelo.com\/blog\/2020\/01\/24\/une-saine-delinquance\/","title":{"rendered":"Une saine d\u00e9linquance"},"content":{"rendered":"\n<blockquote style=\"text-align:right\" class=\"wp-block-quote is-style-default is-layout-flow wp-block-quote-is-layout-flow\"><p>N&rsquo;allez pas o\u00f9 va le chemin. <\/p><p>Allez l\u00e0 o\u00f9 il n&rsquo;y en a pas encore, et ouvrez la route. <\/p><cite> Ralph Waldo Emerson <\/cite><\/blockquote>\n\n\n\n<p>Lorsque j\u2019\u00e9tais au primaire, mon enseignant nous avait fait apprendre\nun po\u00e8me de Jacques Pr\u00e9vert&nbsp;: le cancre. Je l\u2019avais lu avec les yeux d\u2019une\npetite \u00e9l\u00e8ve de dix ans. On y raconte la frustration d\u2019un petit gar\u00e7on\napparemment pas tr\u00e8s studieux et vraiment pas disciplin\u00e9. R\u00e9cemment, le hasard\na fait que je suis retomb\u00e9e dessus. Je l\u2019ai relu, un brin nostalgique, pensant\nrevivre quelques instants de ma jeunesse depuis longtemps r\u00e9volue. <\/p>\n\n\n\n<div class=\"wp-block-image\"><figure class=\"alignright is-resized\"><img loading=\"lazy\" decoding=\"async\" data-attachment-id=\"3934\" data-permalink=\"https:\/\/bottesetvelo.com\/blog\/2020\/01\/24\/une-saine-delinquance\/goal-729567_1920\/\" data-orig-file=\"https:\/\/i0.wp.com\/bottesetvelo.com\/blog\/wp-content\/uploads\/2020\/01\/goal-729567_1920.jpg?fit=1440%2C1920&amp;ssl=1\" data-orig-size=\"1440,1920\" data-comments-opened=\"1\" data-image-meta=\"{&quot;aperture&quot;:&quot;0&quot;,&quot;credit&quot;:&quot;&quot;,&quot;camera&quot;:&quot;&quot;,&quot;caption&quot;:&quot;&quot;,&quot;created_timestamp&quot;:&quot;0&quot;,&quot;copyright&quot;:&quot;&quot;,&quot;focal_length&quot;:&quot;0&quot;,&quot;iso&quot;:&quot;0&quot;,&quot;shutter_speed&quot;:&quot;0&quot;,&quot;title&quot;:&quot;&quot;,&quot;orientation&quot;:&quot;0&quot;}\" data-image-title=\"goal-729567_1920\" data-image-description=\"\" data-image-caption=\"\" data-large-file=\"https:\/\/i0.wp.com\/bottesetvelo.com\/blog\/wp-content\/uploads\/2020\/01\/goal-729567_1920.jpg?fit=768%2C1024&amp;ssl=1\" src=\"https:\/\/i0.wp.com\/bottesetvelo.com\/blog\/wp-content\/uploads\/2020\/01\/goal-729567_1920.jpg?fit=768%2C1024\" alt=\"\" class=\"wp-image-3934\" width=\"265\" height=\"350\"\/><\/figure><\/div>\n\n\n\n<pre class=\"wp-block-preformatted\">Le cancre \u2013 de Jacques Pr\u00e9vert<\/pre>\n\n\n\n<pre class=\"wp-block-preformatted\">Il dit non avec la t\u00eate  <br>mais il dit oui avec le c\u0153ur  <br>il dit oui \u00e0 ce qu'il aime  <br>il dit non au professeur  <br>il est debout  <br>on le questionne  <br>et tous les probl\u00e8mes sont pos\u00e9s  <br>soudain le fou rire le prend  <br>et il efface tout  <br>les chiffres et les mots  <br>les dates et les noms  <br>les phrases et les pi\u00e8ges  <br>et malgr\u00e9 les menaces du ma\u00eetre  <br>sous les hu\u00e9es des enfants prodiges  <br>avec les craies de toutes les couleurs  <br>sur le tableau noir du malheur  <br>il dessine le visage du bonheur  <\/pre>\n\n\n\n<p>Mais aujourd\u2019hui, adulte, ayant un bagage d\u2019exp\u00e9rience de vie plus\n\u00e9toff\u00e9, une capacit\u00e9 de r\u00e9flexion plus approfondie, ma lecture en est\ncompl\u00e8tement diff\u00e9rente. Ce cancre, loin d\u2019\u00eatre l\u2019\u00e2ne de la classe, est celui\nqui refuse de s\u2019en faire imposer. Il rejette les r\u00e8gles et les conventions qui\nne lui correspondent pas. Il se rebelle contre l\u2019autorit\u00e9 statutaire, refusant\nde se conformer, c\u2019est-\u00e0-dire, de prendre la forme convenue. Les autres \u00e9l\u00e8ves\ndoivent le trouver fou. Fou d\u2019oser ainsi sortir des rangs. On leur a assez\nannonc\u00e9 les cons\u00e9quences \u00e0 un tel comportement&nbsp;: la punition, l\u2019\u00e9chec, la\nhonte, la perte d\u2019un avenir heureux. L\u2019enfer l\u2019attend! Alors par peur, par\ncrainte, par qu\u00eate de s\u00e9curit\u00e9, pour bien paraitre et \u00eatre aim\u00e9, tous les\nautres \u00e9l\u00e8ves suivent la route qu\u2019on leur dicte. <\/p>\n\n\n\n<div class=\"wp-block-image\"><figure class=\"alignright is-resized\"><img loading=\"lazy\" decoding=\"async\" data-attachment-id=\"3935\" data-permalink=\"https:\/\/bottesetvelo.com\/blog\/2020\/01\/24\/une-saine-delinquance\/child-830988_1920\/\" data-orig-file=\"https:\/\/i0.wp.com\/bottesetvelo.com\/blog\/wp-content\/uploads\/2020\/01\/child-830988_1920.jpg?fit=1920%2C1280&amp;ssl=1\" data-orig-size=\"1920,1280\" data-comments-opened=\"1\" data-image-meta=\"{&quot;aperture&quot;:&quot;0&quot;,&quot;credit&quot;:&quot;&quot;,&quot;camera&quot;:&quot;&quot;,&quot;caption&quot;:&quot;&quot;,&quot;created_timestamp&quot;:&quot;0&quot;,&quot;copyright&quot;:&quot;&quot;,&quot;focal_length&quot;:&quot;0&quot;,&quot;iso&quot;:&quot;0&quot;,&quot;shutter_speed&quot;:&quot;0&quot;,&quot;title&quot;:&quot;&quot;,&quot;orientation&quot;:&quot;0&quot;}\" data-image-title=\"child-830988_1920\" data-image-description=\"\" data-image-caption=\"\" data-large-file=\"https:\/\/i0.wp.com\/bottesetvelo.com\/blog\/wp-content\/uploads\/2020\/01\/child-830988_1920.jpg?fit=1024%2C683&amp;ssl=1\" src=\"https:\/\/i0.wp.com\/bottesetvelo.com\/blog\/wp-content\/uploads\/2020\/01\/child-830988_1920.jpg?fit=1024%2C683\" alt=\"\" class=\"wp-image-3935\" width=\"350\" height=\"272\"\/><\/figure><\/div>\n\n\n\n<p>Pourtant ce cancre, loin d\u2019\u00eatre sot, est ce marginal, cet audacieux; celui que silencieusement, il nous arrive d\u2019envier. Il proteste pour conserver son int\u00e9grit\u00e9, son identit\u00e9, sa libert\u00e9. Il se donne le pouvoir de choisir. Choisir de mettre de la couleur dans sa vie. Conscient que la r\u00e9alit\u00e9 \u00e0 laquelle les autres se soumettent ne lui convient pas, n\u2019est pas celle qui lui fait du bien. Il suit le chemin, aiguill\u00e9 par son c\u0153ur.<\/p>\n\n\n\n<p>Le p\u00e8lerin est un peu comme ce cancre. Pris d\u2019un moment de douce folie, il efface tout. Il ose se lancer, sans filet de s\u00e9curit\u00e9, dans une aventure hors du commun, hors des conventions et des r\u00e8gles usuelles. Il ne veut plus r\u00e9fl\u00e9chir sa vie de fa\u00e7on rationnelle et cart\u00e9sienne. Il dit non avec la t\u00eate. Cherchant \u00e0 redonner un sens \u00e0 sa vie, une orientation qui lui soit propre, il quitte les sentiers battus pour mieux entendre ce que lui dit son c\u0153ur. Sur cette route qui lui en fait voir de toutes les couleurs, il retrouve le privil\u00e8ge de choisir ce qui a bon go\u00fbt pour lui. Il apprend \u00e0 discerner cette voix\/voie qui est la sienne.&nbsp; <\/p>\n\n\n\n<div class=\"wp-block-image\"><figure class=\"alignright is-resized\"><img loading=\"lazy\" decoding=\"async\" data-attachment-id=\"3936\" data-permalink=\"https:\/\/bottesetvelo.com\/blog\/2020\/01\/24\/une-saine-delinquance\/graffiti-1862678_1920\/\" data-orig-file=\"https:\/\/i0.wp.com\/bottesetvelo.com\/blog\/wp-content\/uploads\/2020\/01\/graffiti-1862678_1920.jpg?fit=1920%2C1279&amp;ssl=1\" data-orig-size=\"1920,1279\" data-comments-opened=\"1\" data-image-meta=\"{&quot;aperture&quot;:&quot;4&quot;,&quot;credit&quot;:&quot;&quot;,&quot;camera&quot;:&quot;ILCA-77M2&quot;,&quot;caption&quot;:&quot;&quot;,&quot;created_timestamp&quot;:&quot;0&quot;,&quot;copyright&quot;:&quot;&quot;,&quot;focal_length&quot;:&quot;50&quot;,&quot;iso&quot;:&quot;125&quot;,&quot;shutter_speed&quot;:&quot;0.00625&quot;,&quot;title&quot;:&quot;&quot;,&quot;orientation&quot;:&quot;0&quot;}\" data-image-title=\"graffiti-1862678_1920\" data-image-description=\"\" data-image-caption=\"\" data-large-file=\"https:\/\/i0.wp.com\/bottesetvelo.com\/blog\/wp-content\/uploads\/2020\/01\/graffiti-1862678_1920.jpg?fit=1024%2C682&amp;ssl=1\" src=\"https:\/\/i1.wp.com\/bottesetvelo.com\/blog\/wp-content\/uploads\/2020\/01\/graffiti-1862678_1920.jpg?fit=1024%2C682\" alt=\"\" class=\"wp-image-3936\" width=\"350\" height=\"252\"\/><\/figure><\/div>\n\n\n\n<p>Nous tous qui n\u2019avons pas \u00e9t\u00e9 cancre, qui avons appris \u00e0 valoriser le conformisme, qui avons grandis en suivant les balises d\u2019un chemin pr\u00e9\u00e9tabli, combien sommes-nous \u00e0 ne pas oser, encore aujourd&rsquo;hui, \u00e9couter nos \u00e9lans int\u00e9rieurs? Tant pour de grands projets que pour de simples d\u00e9cisions de la vie quotidienne. Dire oui \u00e0 ce qu\u2019on aime. Peut-\u00eatre avons-nous quelque chose \u00e0 apprendre de ces cancres que nous avons connus au cours de nos ann\u00e9es d\u2019\u00e9cole, ces jeunes qui d\u00e9fiaient l\u2019autorit\u00e9 et rendaient la vie mis\u00e9rable aux enseignants. Osons afficher notre couleur, notre touche de marginalit\u00e9. Apprenons \u00e0 mettre un grain de cette saine d\u00e9linquance dans notre vie, \u00e0 savoir parfois dire non au professeur. <\/p>\n\n\n\n<div class=\"wp-block-image\"><figure class=\"alignright is-resized\"><img data-recalc-dims=\"1\" loading=\"lazy\" decoding=\"async\" data-attachment-id=\"3248\" data-permalink=\"https:\/\/bottesetvelo.com\/blog\/2018\/03\/30\/comme-un-grand-silence\/bottes-et-velo-embleme-3\/\" data-orig-file=\"https:\/\/i0.wp.com\/bottesetvelo.com\/blog\/wp-content\/uploads\/2018\/03\/Bottes-et-V%C3%A9lo-Embl%C3%AAme-1-e1522416719670.png?fit=100%2C79&amp;ssl=1\" data-orig-size=\"100,79\" data-comments-opened=\"1\" data-image-meta=\"{&quot;aperture&quot;:&quot;0&quot;,&quot;credit&quot;:&quot;&quot;,&quot;camera&quot;:&quot;&quot;,&quot;caption&quot;:&quot;&quot;,&quot;created_timestamp&quot;:&quot;0&quot;,&quot;copyright&quot;:&quot;&quot;,&quot;focal_length&quot;:&quot;0&quot;,&quot;iso&quot;:&quot;0&quot;,&quot;shutter_speed&quot;:&quot;0&quot;,&quot;title&quot;:&quot;&quot;,&quot;orientation&quot;:&quot;0&quot;}\" data-image-title=\"Bottes et V\u00e9lo &amp;#8211; Embl\u00eame\" data-image-description=\"\" data-image-caption=\"\" data-large-file=\"https:\/\/i0.wp.com\/bottesetvelo.com\/blog\/wp-content\/uploads\/2018\/03\/Bottes-et-V%C3%A9lo-Embl%C3%AAme-1-e1522416719670.png?fit=100%2C79&amp;ssl=1\" src=\"https:\/\/i0.wp.com\/bottesetvelo.com\/blog\/wp-content\/uploads\/2018\/03\/Bottes-et-V%C3%A9lo-Embl%C3%AAme-1-e1522416719670.png?resize=59%2C47&#038;ssl=1\" alt=\"\" class=\"wp-image-3248\" width=\"59\" height=\"47\"\/><\/figure><\/div>\n\n\n\n<p>Brigitte Harouni<\/p>\n","protected":false},"excerpt":{"rendered":"<p>N&rsquo;allez pas o\u00f9 va le chemin. Allez l\u00e0 o\u00f9 il n&rsquo;y en a pas encore, et ouvrez la route. Ralph Waldo Emerson Lorsque j\u2019\u00e9tais au primaire, mon enseignant nous avait fait apprendre un po\u00e8me de Jacques Pr\u00e9vert&nbsp;: le cancre. Je l\u2019avais lu avec les yeux d\u2019une petite \u00e9l\u00e8ve de dix ans. On y raconte la&hellip;<\/p>\n","protected":false},"author":2,"featured_media":3936,"comment_status":"open","ping_status":"open","sticky":false,"template":"","format":"standard","meta":{"jetpack_post_was_ever_published":false,"_jetpack_newsletter_access":"","_jetpack_dont_email_post_to_subs":false,"_jetpack_newsletter_tier_id":0,"_jetpack_memberships_contains_paywalled_content":false,"_jetpack_memberships_contains_paid_content":false,"footnotes":"","jetpack_publicize_message":"Une saine d\u00e9linquance\nLorsque j\u2019\u00e9tais au primaire, mon enseignant nous avait fait apprendre un po\u00e8me de Jacques Pr\u00e9vert : le cancre. Je l\u2019avais lu avec les yeux d\u2019une petite \u00e9l\u00e8ve de dix ans.","jetpack_publicize_feature_enabled":true,"jetpack_social_post_already_shared":true,"jetpack_social_options":{"image_generator_settings":{"template":"highway","default_image_id":0,"font":"","enabled":false},"version":2}},"categories":[50,3],"tags":[586,587,581,583,582,585],"class_list":["post-3930","post","type-post","status-publish","format-standard","has-post-thumbnail","hentry","category-art-de-vivre","category-reflexions","tag-cancre","tag-conformisme","tag-delinquance","tag-dire-non","tag-non","tag-prevert"],"jetpack_publicize_connections":[],"jetpack_featured_media_url":"https:\/\/i0.wp.com\/bottesetvelo.com\/blog\/wp-content\/uploads\/2020\/01\/graffiti-1862678_1920.jpg?fit=1920%2C1279&ssl=1","jetpack_shortlink":"https:\/\/wp.me\/p4eY6z-11o","jetpack_sharing_enabled":true,"jetpack_likes_enabled":true,"jetpack-related-posts":[],"_links":{"self":[{"href":"https:\/\/bottesetvelo.com\/blog\/wp-json\/wp\/v2\/posts\/3930","targetHints":{"allow":["GET"]}}],"collection":[{"href":"https:\/\/bottesetvelo.com\/blog\/wp-json\/wp\/v2\/posts"}],"about":[{"href":"https:\/\/bottesetvelo.com\/blog\/wp-json\/wp\/v2\/types\/post"}],"author":[{"embeddable":true,"href":"https:\/\/bottesetvelo.com\/blog\/wp-json\/wp\/v2\/users\/2"}],"replies":[{"embeddable":true,"href":"https:\/\/bottesetvelo.com\/blog\/wp-json\/wp\/v2\/comments?post=3930"}],"version-history":[{"count":4,"href":"https:\/\/bottesetvelo.com\/blog\/wp-json\/wp\/v2\/posts\/3930\/revisions"}],"predecessor-version":[{"id":3938,"href":"https:\/\/bottesetvelo.com\/blog\/wp-json\/wp\/v2\/posts\/3930\/revisions\/3938"}],"wp:featuredmedia":[{"embeddable":true,"href":"https:\/\/bottesetvelo.com\/blog\/wp-json\/wp\/v2\/media\/3936"}],"wp:attachment":[{"href":"https:\/\/bottesetvelo.com\/blog\/wp-json\/wp\/v2\/media?parent=3930"}],"wp:term":[{"taxonomy":"category","embeddable":true,"href":"https:\/\/bottesetvelo.com\/blog\/wp-json\/wp\/v2\/categories?post=3930"},{"taxonomy":"post_tag","embeddable":true,"href":"https:\/\/bottesetvelo.com\/blog\/wp-json\/wp\/v2\/tags?post=3930"}],"curies":[{"name":"wp","href":"https:\/\/api.w.org\/{rel}","templated":true}]}}