{"id":3894,"date":"2019-12-20T07:00:22","date_gmt":"2019-12-20T12:00:22","guid":{"rendered":"http:\/\/bottesetvelo.com\/blog\/?p=3894"},"modified":"2019-12-20T17:11:23","modified_gmt":"2019-12-20T22:11:23","slug":"portrait-dune-famille-bien-vivante","status":"publish","type":"post","link":"https:\/\/bottesetvelo.com\/blog\/2019\/12\/20\/portrait-dune-famille-bien-vivante\/","title":{"rendered":"Portrait d\u2019une famille bien vivante"},"content":{"rendered":"\n<blockquote style=\"text-align:right\" class=\"wp-block-quote is-layout-flow wp-block-quote-is-layout-flow\"><p><em>On peut dire qu\u2019une image \u00ab vaut mille mots \u00bb, non pas parce que les photos de famille disent quelque chose, mais parce qu\u2019elles font parler les gens.<\/em><\/p><cite> <em>Richard Chalfen<\/em> <\/cite><\/blockquote>\n\n\n\n<p class=\"has-drop-cap\">Avec le\ntemps des f\u00eates qui s\u2019installe, nombreuses sont les rencontres en famille.\nQuand ce n\u2019est pas chez les grands-parents, les parents, ou encore chez les\nbeaux-parents (qui sont de plus en plus nombreux), ce sont les rencontres entre\namis qui s\u2019ins\u00e8rent et parfois prennent le dessus. Ne sont-ils pas de la\nfamille apr\u00e8s tout! Cousins, cousines, beaux-fr\u00e8res, belles-s\u0153urs, tantes,\noncles, voisins, voisines, ami-e-s de longue date; tous ces liens tiss\u00e9s au fil\ndes ann\u00e9es&nbsp;viennent redire combien la famille est vivante. Pas toujours de\nsang, elle est l\u2019arbre d\u2019une g\u00e9n\u00e9alogie pleine de vie; et chaque No\u00ebl qui s\u2019am\u00e8ne\noblige \u00e0 reformater le fameux \u00ab&nbsp;portrait de famille&nbsp;\u00bb. <\/p>\n\n\n\n<div class=\"wp-block-image\"><figure class=\"alignright is-resized\"><img data-recalc-dims=\"1\" loading=\"lazy\" decoding=\"async\" data-attachment-id=\"3916\" data-permalink=\"https:\/\/bottesetvelo.com\/blog\/2019\/12\/20\/portrait-dune-famille-bien-vivante\/winter-3016302-3\/\" data-orig-file=\"https:\/\/i0.wp.com\/bottesetvelo.com\/blog\/wp-content\/uploads\/2019\/12\/winter-3016302-3.jpg?fit=3000%2C2002&amp;ssl=1\" data-orig-size=\"3000,2002\" data-comments-opened=\"1\" data-image-meta=\"{&quot;aperture&quot;:&quot;5&quot;,&quot;credit&quot;:&quot;&quot;,&quot;camera&quot;:&quot;NIKON D800E&quot;,&quot;caption&quot;:&quot;&quot;,&quot;created_timestamp&quot;:&quot;0&quot;,&quot;copyright&quot;:&quot;&quot;,&quot;focal_length&quot;:&quot;85&quot;,&quot;iso&quot;:&quot;500&quot;,&quot;shutter_speed&quot;:&quot;0.0025&quot;,&quot;title&quot;:&quot;&quot;,&quot;orientation&quot;:&quot;1&quot;}\" data-image-title=\"winter-3016302-3\" data-image-description=\"\" data-image-caption=\"\" data-large-file=\"https:\/\/i0.wp.com\/bottesetvelo.com\/blog\/wp-content\/uploads\/2019\/12\/winter-3016302-3.jpg?fit=1024%2C683&amp;ssl=1\" src=\"https:\/\/i0.wp.com\/bottesetvelo.com\/blog\/wp-content\/uploads\/2019\/12\/winter-3016302-3.jpg?resize=350%2C233&#038;ssl=1\" alt=\"\" class=\"wp-image-3916\" width=\"350\" height=\"233\" srcset=\"https:\/\/i0.wp.com\/bottesetvelo.com\/blog\/wp-content\/uploads\/2019\/12\/winter-3016302-3.jpg?resize=1024%2C683&amp;ssl=1 1024w, https:\/\/i0.wp.com\/bottesetvelo.com\/blog\/wp-content\/uploads\/2019\/12\/winter-3016302-3.jpg?resize=500%2C334&amp;ssl=1 500w, https:\/\/i0.wp.com\/bottesetvelo.com\/blog\/wp-content\/uploads\/2019\/12\/winter-3016302-3.jpg?resize=768%2C513&amp;ssl=1 768w, https:\/\/i0.wp.com\/bottesetvelo.com\/blog\/wp-content\/uploads\/2019\/12\/winter-3016302-3.jpg?w=2340&amp;ssl=1 2340w\" sizes=\"auto, (max-width: 350px) 100vw, 350px\" \/><\/figure><\/div>\n\n\n\n<p>Ann\u00e9e apr\u00e8s\nann\u00e9e, les photos \u2013 souvenirs de ces rassemblements familiaux \u2013 sont prises\ndans des contextes&nbsp;similaires: devant le sapin, \u00e0 table, pr\u00e8s du foyer. Chaque\nfamille a sa mise en sc\u00e8ne pour immortaliser l\u2019\u00e9v\u00e9nement. Ayant souvent le m\u00eame\ncadre, celles-ci peuvent pratiquement \u00eatre trait\u00e9es comme une seule et unique\nphoto. Mises bout \u00e0 bout, dans une avance rapide, elles s\u2019animent et se\ntransforment. Le film qui en r\u00e9sulte est fascinant! Mais, comme l\u2019\u00e9crit <a href=\"http:\/\/www.richardchalfen.com\/bio.html\">Richard Chalfen<\/a>, ce n\u2019est pas tant l\u2019image qui parle mais combien elle fait\nparler. <\/p>\n\n\n\n<p>Sortez vos\nalbums, installez-vous avec un bon caf\u00e9 ou une tisane, nous allons plonger dans\nces souvenirs.<\/p>\n\n\n\n<p>En ouvrant\nle grand livre, d\u00e8s les premi\u00e8res pages, le regard se fait rieur, moqueur m\u00eame.\nChacun s\u2019exclame devant les coiffures, rigole des styles vestimentaires, commente\nchaque paire de lunettes\u2026 Il faut accepter le jeu, remonter le fil du temps se\nfait souvent \u00e0 notre tr\u00e8s grande d\u00e9rision! Mais, allons plus loin que les modes\net laissons les pr\u00e9occupations esth\u00e9tiques de c\u00f4t\u00e9. Laissons-nous absorber par\nle fil de cette histoire.<\/p>\n\n\n\n<div class=\"wp-block-image\"><figure class=\"alignright is-resized\"><img loading=\"lazy\" decoding=\"async\" data-attachment-id=\"3896\" data-permalink=\"https:\/\/bottesetvelo.com\/blog\/2019\/12\/20\/portrait-dune-famille-bien-vivante\/snowy-4689675\/\" data-orig-file=\"https:\/\/i0.wp.com\/bottesetvelo.com\/blog\/wp-content\/uploads\/2019\/12\/snowy-4689675.jpg?fit=5749%2C3833&amp;ssl=1\" data-orig-size=\"5749,3833\" data-comments-opened=\"1\" data-image-meta=\"{&quot;aperture&quot;:&quot;7.1&quot;,&quot;credit&quot;:&quot;&quot;,&quot;camera&quot;:&quot;Canon EOS 80D&quot;,&quot;caption&quot;:&quot;&quot;,&quot;created_timestamp&quot;:&quot;0&quot;,&quot;copyright&quot;:&quot;&quot;,&quot;focal_length&quot;:&quot;63&quot;,&quot;iso&quot;:&quot;100&quot;,&quot;shutter_speed&quot;:&quot;0.00625&quot;,&quot;title&quot;:&quot;&quot;,&quot;orientation&quot;:&quot;0&quot;}\" data-image-title=\"snowy-4689675\" data-image-description=\"\" data-image-caption=\"\" data-large-file=\"https:\/\/i0.wp.com\/bottesetvelo.com\/blog\/wp-content\/uploads\/2019\/12\/snowy-4689675.jpg?fit=1024%2C683&amp;ssl=1\" src=\"https:\/\/i0.wp.com\/bottesetvelo.com\/blog\/wp-content\/uploads\/2019\/12\/snowy-4689675.jpg?fit=1024%2C683\" alt=\"\" class=\"wp-image-3896\" width=\"350\" height=\"247\"\/><\/figure><\/div>\n\n\n\n<p>Les\nchangements qui ne se laissaient voir qu\u2019en surface passent soudainement \u00e0 un\nautre niveau. Si les v\u00eatements ont chang\u00e9, les visages aussi. Ils ont d\u2019abord\nrajeuni. Puis, certains s\u2019effacent au fil des pages, au fil des ans. Vient un\nmoment o\u00f9 le grand-p\u00e8re n\u2019y est plus, la grand-m\u00e8re, des oncles, des tantes. Certains\nvisages semblent ne faire qu\u2019une br\u00e8ve apparition et passer comme un \u00e9clair. La\nfamille se remod\u00e8le pour toutes sortes de raisons&nbsp;: d\u00e9c\u00e8s, s\u00e9parations,\nchicanes\u2026 et chacun de ces mouvements laisse des vides sur la photo.<\/p>\n\n\n\n<p>Mais, la\nfamille est bien vivante! Et, lentement, les espaces vacants viennent \u00e0 \u00eatre combl\u00e9s\npar de nouvelles pousses. La m\u00e8re prend la place de la grand-m\u00e8re; le cousin,\ncelle de l\u2019oncle; la ni\u00e8ce de la tante; de nouveaux enfants remplacent ceux qui\nsont devenus grands; de nouveaux beaux-fr\u00e8res et de nouvelles belles-s\u0153urs viennent\nrecomposer le lien familial.<\/p>\n\n\n\n<div class=\"wp-block-image\"><figure class=\"alignright is-resized\"><img loading=\"lazy\" decoding=\"async\" data-attachment-id=\"3897\" data-permalink=\"https:\/\/bottesetvelo.com\/blog\/2019\/12\/20\/portrait-dune-famille-bien-vivante\/winter-3260935\/\" data-orig-file=\"https:\/\/i0.wp.com\/bottesetvelo.com\/blog\/wp-content\/uploads\/2019\/12\/winter-3260935.jpg?fit=5184%2C3456&amp;ssl=1\" data-orig-size=\"5184,3456\" data-comments-opened=\"1\" data-image-meta=\"{&quot;aperture&quot;:&quot;0&quot;,&quot;credit&quot;:&quot;&quot;,&quot;camera&quot;:&quot;&quot;,&quot;caption&quot;:&quot;&quot;,&quot;created_timestamp&quot;:&quot;0&quot;,&quot;copyright&quot;:&quot;&quot;,&quot;focal_length&quot;:&quot;0&quot;,&quot;iso&quot;:&quot;0&quot;,&quot;shutter_speed&quot;:&quot;0&quot;,&quot;title&quot;:&quot;&quot;,&quot;orientation&quot;:&quot;0&quot;}\" data-image-title=\"winter-3260935\" data-image-description=\"\" data-image-caption=\"\" data-large-file=\"https:\/\/i0.wp.com\/bottesetvelo.com\/blog\/wp-content\/uploads\/2019\/12\/winter-3260935.jpg?fit=1024%2C683&amp;ssl=1\" src=\"https:\/\/i0.wp.com\/bottesetvelo.com\/blog\/wp-content\/uploads\/2019\/12\/winter-3260935.jpg?fit=1024%2C683\" alt=\"\" class=\"wp-image-3897\" width=\"350\" height=\"234\" srcset=\"https:\/\/i0.wp.com\/bottesetvelo.com\/blog\/wp-content\/uploads\/2019\/12\/winter-3260935.jpg?w=5184&amp;ssl=1 5184w, https:\/\/i0.wp.com\/bottesetvelo.com\/blog\/wp-content\/uploads\/2019\/12\/winter-3260935.jpg?resize=500%2C333&amp;ssl=1 500w, https:\/\/i0.wp.com\/bottesetvelo.com\/blog\/wp-content\/uploads\/2019\/12\/winter-3260935.jpg?resize=768%2C512&amp;ssl=1 768w, https:\/\/i0.wp.com\/bottesetvelo.com\/blog\/wp-content\/uploads\/2019\/12\/winter-3260935.jpg?resize=1024%2C683&amp;ssl=1 1024w, https:\/\/i0.wp.com\/bottesetvelo.com\/blog\/wp-content\/uploads\/2019\/12\/winter-3260935.jpg?w=2340&amp;ssl=1 2340w, https:\/\/i0.wp.com\/bottesetvelo.com\/blog\/wp-content\/uploads\/2019\/12\/winter-3260935.jpg?w=3510&amp;ssl=1 3510w\" sizes=\"auto, (max-width: 350px) 100vw, 350px\" \/><\/figure><\/div>\n\n\n\n<p>Allons plus\nloin dans notre analyse. Observons maintenant les visages qui persistent sur la\nphoto, combien ils ont chang\u00e9 avec les ann\u00e9es. Au-del\u00e0 des traits physiques,\nremarquez ces d\u00e9tails qui font la diff\u00e9rence. Ce n\u2019est plus tellement sur les\nphotos que la chose se joue, mais bien dans les \u00e9carts entre elles. Solitude,\nmaladie, difficult\u00e9s de la vie ont laiss\u00e9 des traces. Observez votre visage\nmaintenant. Observez celui ou celle que vous \u00e9tiez dans les ann\u00e9es 1970 ou 1980.\nRappelez-vous les projets qui vous animaient \u00e0 l\u2019\u00e9poque, les pr\u00e9occupations que\nvous portiez, vos r\u00eaves, vos craintes, vos d\u00e9sirs, vos pr\u00e9f\u00e9rences\u2026 rien de\ntout cela n\u2019apparait sur la photo! Pourtant, c\u2019\u00e9tait bien l\u00e0.<\/p>\n\n\n\n<p>Qu\u2019en\n\u00e9tait-il des ann\u00e9es 1990, 2000, 2010\u2026?<\/p>\n\n\n\n<div class=\"wp-block-image\"><figure class=\"alignleft is-resized\"><img data-recalc-dims=\"1\" loading=\"lazy\" decoding=\"async\" data-attachment-id=\"3901\" data-permalink=\"https:\/\/bottesetvelo.com\/blog\/2019\/12\/20\/portrait-dune-famille-bien-vivante\/1267886-rene-magritte-trahison-images-ceci\/\" data-orig-file=\"https:\/\/i0.wp.com\/bottesetvelo.com\/blog\/wp-content\/uploads\/2019\/12\/1267886-rene-magritte-trahison-images-ceci.jpg?fit=889%2C615&amp;ssl=1\" data-orig-size=\"889,615\" data-comments-opened=\"1\" data-image-meta=\"{&quot;aperture&quot;:&quot;0&quot;,&quot;credit&quot;:&quot;&quot;,&quot;camera&quot;:&quot;&quot;,&quot;caption&quot;:&quot;&quot;,&quot;created_timestamp&quot;:&quot;0&quot;,&quot;copyright&quot;:&quot;&quot;,&quot;focal_length&quot;:&quot;0&quot;,&quot;iso&quot;:&quot;0&quot;,&quot;shutter_speed&quot;:&quot;0&quot;,&quot;title&quot;:&quot;&quot;,&quot;orientation&quot;:&quot;0&quot;}\" data-image-title=\"1267886-rene-magritte-trahison-images-ceci\" data-image-description=\"\" data-image-caption=\"\" data-large-file=\"https:\/\/i0.wp.com\/bottesetvelo.com\/blog\/wp-content\/uploads\/2019\/12\/1267886-rene-magritte-trahison-images-ceci.jpg?fit=889%2C615&amp;ssl=1\" src=\"https:\/\/i0.wp.com\/bottesetvelo.com\/blog\/wp-content\/uploads\/2019\/12\/1267886-rene-magritte-trahison-images-ceci.jpg?resize=222%2C154&#038;ssl=1\" alt=\"\" class=\"wp-image-3901\" width=\"222\" height=\"154\" srcset=\"https:\/\/i0.wp.com\/bottesetvelo.com\/blog\/wp-content\/uploads\/2019\/12\/1267886-rene-magritte-trahison-images-ceci.jpg?w=889&amp;ssl=1 889w, https:\/\/i0.wp.com\/bottesetvelo.com\/blog\/wp-content\/uploads\/2019\/12\/1267886-rene-magritte-trahison-images-ceci.jpg?resize=500%2C346&amp;ssl=1 500w, https:\/\/i0.wp.com\/bottesetvelo.com\/blog\/wp-content\/uploads\/2019\/12\/1267886-rene-magritte-trahison-images-ceci.jpg?resize=768%2C531&amp;ssl=1 768w\" sizes=\"auto, (max-width: 222px) 100vw, 222px\" \/><\/figure><\/div>\n\n\n\n<p>Vous avez travers\u00e9 ces ann\u00e9es, r\u00e9alis\u00e9 des projets, v\u00e9cu des succ\u00e8s, des \u00e9checs, fait mille rencontres. Et, m\u00eame si vous sentez qu\u2019un fil conducteur persiste, vous savez bien que vous n\u2019\u00eates plus la m\u00eame personne. M\u00eame si cette personne vous ressemble, vous n\u2019\u00eates pas l\u2019image sur cette photo. Vous n\u2019en \u00eates plus l\u00e0 dans votre vie. D\u2019ailleurs, d\u00e8s l\u2019instant o\u00f9 cette photo fut prise, vous avez cess\u00e9 d\u2019\u00eatre cette personne. La photo n\u2019est qu\u2019une prise de sang sur l\u2019art\u00e8re du temps, une repr\u00e9sentation de vous-m\u00eames qui dit bien peu de choses finalement. La photo, m\u00eame si elle offre un souvenir plaisant qui permet de renouer avec une \u00e9poque, a de f\u00e2cheux travers : elle tue la personne qu\u2019elle d\u00e9sire pourtant immortaliser en la fixant dans le temps. Comme ce tableau de Magritte<a href=\"#_ftn1\">[1]<\/a> , elle ne peut dire qu\u2019une chose : \u00ab ce n\u2019est pas \u00e7a \u00bb, que le myst\u00e8re de notre humanit\u00e9 lui \u00e9chappe sans cesse.<\/p>\n\n\n\n<div class=\"wp-block-image\"><figure class=\"alignright is-resized\"><img loading=\"lazy\" decoding=\"async\" data-attachment-id=\"3898\" data-permalink=\"https:\/\/bottesetvelo.com\/blog\/2019\/12\/20\/portrait-dune-famille-bien-vivante\/forest-2098407\/\" data-orig-file=\"https:\/\/i0.wp.com\/bottesetvelo.com\/blog\/wp-content\/uploads\/2019\/12\/forest-2098407.jpg?fit=5400%2C3164&amp;ssl=1\" data-orig-size=\"5400,3164\" data-comments-opened=\"1\" data-image-meta=\"{&quot;aperture&quot;:&quot;0&quot;,&quot;credit&quot;:&quot;&quot;,&quot;camera&quot;:&quot;&quot;,&quot;caption&quot;:&quot;&quot;,&quot;created_timestamp&quot;:&quot;0&quot;,&quot;copyright&quot;:&quot;&quot;,&quot;focal_length&quot;:&quot;0&quot;,&quot;iso&quot;:&quot;0&quot;,&quot;shutter_speed&quot;:&quot;0&quot;,&quot;title&quot;:&quot;&quot;,&quot;orientation&quot;:&quot;0&quot;}\" data-image-title=\"forest-2098407\" data-image-description=\"\" data-image-caption=\"\" data-large-file=\"https:\/\/i0.wp.com\/bottesetvelo.com\/blog\/wp-content\/uploads\/2019\/12\/forest-2098407.jpg?fit=1024%2C600&amp;ssl=1\" src=\"https:\/\/i2.wp.com\/bottesetvelo.com\/blog\/wp-content\/uploads\/2019\/12\/forest-2098407.jpg?fit=1024%2C600\" alt=\"\" class=\"wp-image-3898\" width=\"350\" height=\"193\"\/><\/figure><\/div>\n\n\n\n<p>La famille\nest bien plus que le portrait accroch\u00e9 sur le mur du salon. Image nostalgique d\u2019un\nautre temps, elle rappelle un id\u00e9al qui n\u2019existe que dans la m\u00e9moire qui en est\nfaite. L\u2019id\u00e9e m\u00eame de famille ne saurait s\u2019y r\u00e9duire, c\u2019est contre nature!&nbsp;La\nfamille est vivante et le vivant meurt lorsqu\u2019on s\u2019en saisit. Stoppez le sang\ndans vos veines, bloquez l\u2019air de vos poumons, et la vie s\u2019arr\u00eate. Ce qui est\nvivant change, se transforme, se renouvelle. <\/p>\n\n\n\n<p>Compos\u00e9e\nd\u2019\u00eatres en marche sur le chemin de la vie \u2013 famille du chemin, famille de p\u00e8lerins,\nla famille se compose, se fractionne et se recompose au fil des rencontres. Parfois\npour un temps, parfois pour longtemps. La vie est faite ainsi&nbsp;: elle n\u2019est\nrien sans mouvement. Tout bouge, tout change, impossible d\u2019enfermer, de r\u00e9duire\nau souvenir. <\/p>\n\n\n\n<p>Oui, la\nfamille est bien vivante. Et, m\u00eame si elle est rarement celle qu\u2019on avait en\nt\u00eate, elle est toujours l\u00e0. Suffit de savoir la reconnaitre en ce moment.<\/p>\n\n\n\n<p>Joyeuses f\u00eates! <\/p>\n\n\n\n<div class=\"wp-block-image\"><figure class=\"alignright is-resized\"><img data-recalc-dims=\"1\" loading=\"lazy\" decoding=\"async\" data-attachment-id=\"3180\" data-permalink=\"https:\/\/bottesetvelo.com\/blog\/2018\/01\/26\/sortir-de-la-confusion\/bottes-et-velo-embleme-transparent\/\" data-orig-file=\"https:\/\/i0.wp.com\/bottesetvelo.com\/blog\/wp-content\/uploads\/2018\/01\/Bottes-et-V%C3%A9lo-Embl%C3%AAme-transparent-e1522417779346.png?fit=100%2C79&amp;ssl=1\" data-orig-size=\"100,79\" data-comments-opened=\"1\" data-image-meta=\"{&quot;aperture&quot;:&quot;0&quot;,&quot;credit&quot;:&quot;&quot;,&quot;camera&quot;:&quot;&quot;,&quot;caption&quot;:&quot;&quot;,&quot;created_timestamp&quot;:&quot;0&quot;,&quot;copyright&quot;:&quot;&quot;,&quot;focal_length&quot;:&quot;0&quot;,&quot;iso&quot;:&quot;0&quot;,&quot;shutter_speed&quot;:&quot;0&quot;,&quot;title&quot;:&quot;&quot;,&quot;orientation&quot;:&quot;0&quot;}\" data-image-title=\"Bottes et V\u00e9lo &amp;#8211; Embl\u00eame &amp;#8211; transparent\" data-image-description=\"\" data-image-caption=\"\" data-large-file=\"https:\/\/i0.wp.com\/bottesetvelo.com\/blog\/wp-content\/uploads\/2018\/01\/Bottes-et-V%C3%A9lo-Embl%C3%AAme-transparent-e1522417779346.png?fit=100%2C79&amp;ssl=1\" src=\"https:\/\/i0.wp.com\/bottesetvelo.com\/blog\/wp-content\/uploads\/2018\/01\/Bottes-et-V%C3%A9lo-Embl%C3%AAme-transparent-e1522417779346.png?resize=78%2C62&#038;ssl=1\" alt=\"\" class=\"wp-image-3180\" width=\"78\" height=\"62\"\/><\/figure><\/div>\n\n\n\n<p>\u00c9ric Lalibert\u00e9 <\/p>\n\n\n\n<hr class=\"wp-block-separator\"\/>\n\n\n\n<p><a href=\"#_ftnref1\">[1]<\/a> Magritte nous dit, au bas de son tableau, \u00ab ceci n\u2019est pas une pipe \u00bb parce que ce n\u2019en est pas une! Ce n\u2019est que la repr\u00e9sentation d\u2019une pipe. De m\u00eame, nous pouvons dire de cette photo de famille : \u00ab ceci n\u2019est pas une famille \u00bb puisque cette photo n\u2019est qu\u2019une repr\u00e9sentation de la famille et n\u2019a rien \u00e0 voir avec la r\u00e9alit\u00e9 de cette famille (qui n\u2019en est peut-\u00eatre pas une). L\u2019image, la photo, repr\u00e9sente, mais ne dit pas tout, et ne dit peut-\u00eatre rien de la r\u00e9alit\u00e9. <\/p>\n","protected":false},"excerpt":{"rendered":"<p>On peut dire qu\u2019une image \u00ab vaut mille mots \u00bb, non pas parce que les photos de famille disent quelque chose, mais parce qu\u2019elles font parler les gens. Richard Chalfen Avec le temps des f\u00eates qui s\u2019installe, nombreuses sont les rencontres en famille. Quand ce n\u2019est pas chez les grands-parents, les parents, ou encore chez&hellip;<\/p>\n","protected":false},"author":3,"featured_media":3918,"comment_status":"open","ping_status":"open","sticky":false,"template":"","format":"standard","meta":{"jetpack_post_was_ever_published":false,"_jetpack_newsletter_access":"","_jetpack_dont_email_post_to_subs":false,"_jetpack_newsletter_tier_id":0,"_jetpack_memberships_contains_paywalled_content":false,"_jetpack_memberships_contains_paid_content":false,"footnotes":"","jetpack_publicize_message":"\"Portrait d\u2019une famille bien vivante\"\nPas toujours de sang, elle est l\u2019arbre d\u2019une g\u00e9n\u00e9alogie pleine de vie; et chaque #No\u00ebl qui s\u2019am\u00e8ne oblige \u00e0 reformater le fameux \u00ab #portraitdefamille \u00bb. ","jetpack_publicize_feature_enabled":true,"jetpack_social_post_already_shared":true,"jetpack_social_options":{"image_generator_settings":{"template":"highway","default_image_id":0,"font":"","enabled":false},"version":2}},"categories":[380,3,446],"tags":[120,202,574,571,572],"class_list":["post-3894","post","type-post","status-publish","format-standard","has-post-thumbnail","hentry","category-conscientisation","category-reflexions","category-societe","tag-famille","tag-illusion","tag-inaccessible","tag-photo","tag-portrait"],"jetpack_publicize_connections":[],"jetpack_featured_media_url":"https:\/\/i0.wp.com\/bottesetvelo.com\/blog\/wp-content\/uploads\/2019\/12\/winter-3016302-4.jpg?fit=3000%2C1752&ssl=1","jetpack_shortlink":"https:\/\/wp.me\/p4eY6z-10O","jetpack_sharing_enabled":true,"jetpack_likes_enabled":true,"jetpack-related-posts":[],"_links":{"self":[{"href":"https:\/\/bottesetvelo.com\/blog\/wp-json\/wp\/v2\/posts\/3894","targetHints":{"allow":["GET"]}}],"collection":[{"href":"https:\/\/bottesetvelo.com\/blog\/wp-json\/wp\/v2\/posts"}],"about":[{"href":"https:\/\/bottesetvelo.com\/blog\/wp-json\/wp\/v2\/types\/post"}],"author":[{"embeddable":true,"href":"https:\/\/bottesetvelo.com\/blog\/wp-json\/wp\/v2\/users\/3"}],"replies":[{"embeddable":true,"href":"https:\/\/bottesetvelo.com\/blog\/wp-json\/wp\/v2\/comments?post=3894"}],"version-history":[{"count":10,"href":"https:\/\/bottesetvelo.com\/blog\/wp-json\/wp\/v2\/posts\/3894\/revisions"}],"predecessor-version":[{"id":3917,"href":"https:\/\/bottesetvelo.com\/blog\/wp-json\/wp\/v2\/posts\/3894\/revisions\/3917"}],"wp:featuredmedia":[{"embeddable":true,"href":"https:\/\/bottesetvelo.com\/blog\/wp-json\/wp\/v2\/media\/3918"}],"wp:attachment":[{"href":"https:\/\/bottesetvelo.com\/blog\/wp-json\/wp\/v2\/media?parent=3894"}],"wp:term":[{"taxonomy":"category","embeddable":true,"href":"https:\/\/bottesetvelo.com\/blog\/wp-json\/wp\/v2\/categories?post=3894"},{"taxonomy":"post_tag","embeddable":true,"href":"https:\/\/bottesetvelo.com\/blog\/wp-json\/wp\/v2\/tags?post=3894"}],"curies":[{"name":"wp","href":"https:\/\/api.w.org\/{rel}","templated":true}]}}