{"id":3871,"date":"2019-11-22T07:00:47","date_gmt":"2019-11-22T12:00:47","guid":{"rendered":"http:\/\/bottesetvelo.com\/blog\/?p=3871"},"modified":"2019-11-21T18:32:06","modified_gmt":"2019-11-21T23:32:06","slug":"art-de-vivre-philosophie-et-exercice-spirituel","status":"publish","type":"post","link":"https:\/\/bottesetvelo.com\/blog\/2019\/11\/22\/art-de-vivre-philosophie-et-exercice-spirituel\/","title":{"rendered":"Art de vivre, philosophie et exercice spirituel"},"content":{"rendered":"\n<p>Confront\u00e9 \u00e0\nune multitude de propositions, faire un choix, \u00ab&nbsp;le bon choix&nbsp;\u00bb, est\ndevenu source d\u2019angoisse pour plusieurs. Qu\u2019est-ce que le \u00ab&nbsp;bon\nchoix&nbsp;\u00bb? Qu\u2019est-ce qui me dira que j\u2019ai choisi la bonne mani\u00e8re de\nm\u2019alimenter? de prendre soin de moi? d\u2019\u00e9duquer mes enfants? de me d\u00e9placer? de\nvivre en soci\u00e9t\u00e9? de pr\u00e9parer ma retraite? Nos besoins sont multiples et\ncirconstanciels. Pas un seul d\u2019entre eux ne peut \u00eatre combl\u00e9 de mani\u00e8re\npermanente et ceux-ci changent constamment tout au long de notre vie. Ainsi, leur\nr\u00e9currence pose l\u2019enjeu d\u2019un bien-vivre et d\u00e9velopper un mode de vie attentif \u00e0\nces mouvements devient n\u00e9cessit\u00e9. C\u2019est ce qu\u2019avan\u00e7ait d\u00e9j\u00e0 les philosophes de\nla Gr\u00e8ce antique&nbsp;: \u00ab&nbsp;L\u2019important n\u2019est pas de vivre, mais de vivre\nbien&nbsp;\u00bb (Socrate).<\/p>\n\n\n\n<div class=\"wp-block-image\"><figure class=\"alignright is-resized\"><img data-recalc-dims=\"1\" loading=\"lazy\" decoding=\"async\" data-attachment-id=\"3872\" data-permalink=\"https:\/\/bottesetvelo.com\/blog\/2019\/11\/22\/art-de-vivre-philosophie-et-exercice-spirituel\/holi-594333\/\" data-orig-file=\"https:\/\/i0.wp.com\/bottesetvelo.com\/blog\/wp-content\/uploads\/2019\/11\/holi-594333.jpg?fit=3264%2C2448&amp;ssl=1\" data-orig-size=\"3264,2448\" data-comments-opened=\"1\" data-image-meta=\"{&quot;aperture&quot;:&quot;2.8&quot;,&quot;credit&quot;:&quot;&quot;,&quot;camera&quot;:&quot;DSC-W130&quot;,&quot;caption&quot;:&quot;&quot;,&quot;created_timestamp&quot;:&quot;0&quot;,&quot;copyright&quot;:&quot;&quot;,&quot;focal_length&quot;:&quot;5.35&quot;,&quot;iso&quot;:&quot;160&quot;,&quot;shutter_speed&quot;:&quot;0.004&quot;,&quot;title&quot;:&quot;&quot;,&quot;orientation&quot;:&quot;0&quot;}\" data-image-title=\"holi-594333\" data-image-description=\"\" data-image-caption=\"\" data-large-file=\"https:\/\/i0.wp.com\/bottesetvelo.com\/blog\/wp-content\/uploads\/2019\/11\/holi-594333.jpg?fit=1024%2C768&amp;ssl=1\" src=\"https:\/\/i0.wp.com\/bottesetvelo.com\/blog\/wp-content\/uploads\/2019\/11\/holi-594333.jpg?resize=350%2C270&#038;ssl=1\" alt=\"\" class=\"wp-image-3872\" width=\"350\" height=\"270\"\/><\/figure><\/div>\n\n\n\n<p>La philosophie\nest d\u2019abord un art de vivre et vivre en philosophe, \u00e9crit Pierre Hadot, permet\nde d\u00e9velopper <em>\u00ab une attitude concr\u00e8te, dans un style de vie d\u00e9termin\u00e9, qui\nengage toute l\u2019existence. L\u2019acte philosophique ne se situe pas seulement dans\nl\u2019ordre de la connaissance, mais dans l\u2019ordre du \u00ab&nbsp;soi&nbsp;\u00bb et de\nl\u2019\u00eatre&nbsp;: c\u2019est un progr\u00e8s qui nous fait plus \u00eatre, qui nous rend\nmeilleurs. C\u2019est une conversion qui bouleverse toute la vie, qui change l\u2019\u00eatre\nqui l\u2019accomplit&nbsp;\u00bb.<\/em> Il en \u00e9merge un art de vivre qui correspond aux\nexigences d\u2019une vie saine et \u00e9panouissante, faisant <em>\u00ab&nbsp;passer d\u2019un \u00e9tat\nde vie inauthentique, obscurci par l\u2019inconscience, rong\u00e9 par le souci, \u00e0 un\n\u00e9tat de vie authentique dans lequel l\u2019[humain] atteint une conscience de soi,\nla vision exacte du monde, la paix et la libert\u00e9 int\u00e9rieure&nbsp;\u00bb<\/em><a href=\"#_ftn1\">[1]<\/a>.\nAinsi, peu importe l\u2019\u00e9cole de pens\u00e9e, cette qu\u00eate se situe toujours du c\u00f4t\u00e9 de\nl\u2019\u00eatre, de la v\u00e9rit\u00e9 et de la vie, orient\u00e9e par l\u2019objectif d\u2019un plus grand bien.<\/p>\n\n\n\n<p>Pour\nparvenir \u00e0 cet \u00e9tat, les philosophes disent qu\u2019il est n\u00e9cessaire de s\u2019exercer; des\nexercices qu\u2019ils d\u00e9signent comme spirituels car ils engagent non seulement le\ncorps, mais tout l\u2019esprit. Ils engagent \u00e0 penser et agir d\u2019une mani\u00e8re\ncoh\u00e9rente avec ce qui est observ\u00e9 et go\u00fbt\u00e9 de la vie, attentif \u00e0 tous ses mouvements.\nLes exercices spirituels plongent ceux et celles qui les pratiquent dans le\nconcret de la vie. Ils les ram\u00e8nent \u00e0 ces v\u00e9rit\u00e9s inscrites dans le flot du\nquotidien. Des v\u00e9rit\u00e9s qui \u00e9chappent si nous ne prenons pas le temps de les\nobserver en vivant par automatisme; c\u2019est-\u00e0-dire en vivant de telle mani\u00e8re que\nnous ne faisons qu\u2019encha\u00eener les t\u00e2ches, sans amener \u00e0 la conscience l\u2019enjeu d\u2019un\ntel faire \u2013 pourquoi?<\/p>\n\n\n\n<div class=\"wp-block-image\"><figure class=\"alignright is-resized\"><img data-recalc-dims=\"1\" loading=\"lazy\" decoding=\"async\" data-attachment-id=\"3874\" data-permalink=\"https:\/\/bottesetvelo.com\/blog\/2019\/11\/22\/art-de-vivre-philosophie-et-exercice-spirituel\/nature-3430470\/\" data-orig-file=\"https:\/\/i0.wp.com\/bottesetvelo.com\/blog\/wp-content\/uploads\/2019\/11\/nature-3430470.jpg?fit=4831%2C3152&amp;ssl=1\" data-orig-size=\"4831,3152\" data-comments-opened=\"1\" data-image-meta=\"{&quot;aperture&quot;:&quot;0&quot;,&quot;credit&quot;:&quot;&quot;,&quot;camera&quot;:&quot;&quot;,&quot;caption&quot;:&quot;&quot;,&quot;created_timestamp&quot;:&quot;0&quot;,&quot;copyright&quot;:&quot;&quot;,&quot;focal_length&quot;:&quot;0&quot;,&quot;iso&quot;:&quot;0&quot;,&quot;shutter_speed&quot;:&quot;0&quot;,&quot;title&quot;:&quot;&quot;,&quot;orientation&quot;:&quot;0&quot;}\" data-image-title=\"nature-3430470\" data-image-description=\"\" data-image-caption=\"\" data-large-file=\"https:\/\/i0.wp.com\/bottesetvelo.com\/blog\/wp-content\/uploads\/2019\/11\/nature-3430470.jpg?fit=1024%2C668&amp;ssl=1\" src=\"https:\/\/i0.wp.com\/bottesetvelo.com\/blog\/wp-content\/uploads\/2019\/11\/nature-3430470.jpg?resize=350%2C211&#038;ssl=1\" alt=\"\" class=\"wp-image-3874\" width=\"350\" height=\"211\"\/><\/figure><\/div>\n\n\n\n<p>Actuellement,\nles p\u00e8lerinages qui \u00e9mergent du mod\u00e8le Compostelle s\u2019imposent comme art de\nvivre et exercice spirituel de ce si\u00e8cle. \u00c0 travers eux, p\u00e8lerins et p\u00e8lerines\ns\u2019exercent \u00e0 vivre d\u2019une certaine mani\u00e8re, observant et ajustant leur pratique\nau gr\u00e9 de leurs pas. Affranchi du religieux normatif, recadr\u00e9 dans une\nperspective philosophique globale, le spirituel de cet exercice n\u2019exclut cependant\nrien \u2013 m\u00eame pas le religieux&nbsp;: il cherche, tout simplement. Que dit cet\nexercice de notre \u00e9poque? De quelle mani\u00e8re l\u2019\u00e9claire-t-il?<\/p>\n\n\n\n<p>L\u2019exercice\nspirituel a pour objectif de d\u00e9velopper un art de vivre. Or, si cet art de\nvivre est \u00e0 d\u00e9velopper, c\u2019est qu\u2019il n\u2019est pas pr\u00e9sent dans ma vie actuellement.\nPar cons\u00e9quent, les pratiques p\u00e8lerines, en tant qu\u2019exercice spirituel,\nentendent s\u2019exercer \u00e0 un mode de vie qui n\u2019entre pas dans l\u2019ordre de nos\npratiques sociales actuelles. Plus pr\u00e9cis\u00e9ment, elles cherchent une r\u00e9ponse l\u00e0\no\u00f9 nos modes de vie ont \u00e9chou\u00e9. <\/p>\n\n\n\n<div class=\"wp-block-image\"><figure class=\"alignright is-resized\"><img data-recalc-dims=\"1\" loading=\"lazy\" decoding=\"async\" data-attachment-id=\"3873\" data-permalink=\"https:\/\/bottesetvelo.com\/blog\/2019\/11\/22\/art-de-vivre-philosophie-et-exercice-spirituel\/adventure-1850912\/\" data-orig-file=\"https:\/\/i0.wp.com\/bottesetvelo.com\/blog\/wp-content\/uploads\/2019\/11\/adventure-1850912.jpg?fit=5704%2C3803&amp;ssl=1\" data-orig-size=\"5704,3803\" data-comments-opened=\"1\" data-image-meta=\"{&quot;aperture&quot;:&quot;3.5&quot;,&quot;credit&quot;:&quot;&quot;,&quot;camera&quot;:&quot;NIKON D3300&quot;,&quot;caption&quot;:&quot;&quot;,&quot;created_timestamp&quot;:&quot;0&quot;,&quot;copyright&quot;:&quot;&quot;,&quot;focal_length&quot;:&quot;18&quot;,&quot;iso&quot;:&quot;100&quot;,&quot;shutter_speed&quot;:&quot;0.002&quot;,&quot;title&quot;:&quot;&quot;,&quot;orientation&quot;:&quot;0&quot;}\" data-image-title=\"adventure-1850912\" data-image-description=\"\" data-image-caption=\"\" data-large-file=\"https:\/\/i0.wp.com\/bottesetvelo.com\/blog\/wp-content\/uploads\/2019\/11\/adventure-1850912.jpg?fit=1024%2C683&amp;ssl=1\" src=\"https:\/\/i0.wp.com\/bottesetvelo.com\/blog\/wp-content\/uploads\/2019\/11\/adventure-1850912.jpg?resize=350%2C206&#038;ssl=1\" alt=\"\" class=\"wp-image-3873\" width=\"350\" height=\"206\"\/><\/figure><\/div>\n\n\n\n<p>La pr\u00e9sence\nd\u2019autant de gens sur les chemins du monde, p\u00e8lerins, backpackers ou autres,\ncherchant en quelque sorte \u00e0 quitter le navire de la soci\u00e9t\u00e9 moderne, est parlante\nsinon criante. Nos mod\u00e8les de vie conviennent de moins en moins. Le\nm\u00e9tro-boulot-dodo-\u00e9cole-vacances-R\u00c9ER est \u00e0 repenser compl\u00e8tement et selon un\nordre tout autre. <\/p>\n\n\n\n<p>En ce moment, les pratiques p\u00e8lerines, d\u00e9coulant du mod\u00e8le Compostelle, se font reflet qui taraude. Par effet miroir, elles perforent les tendances radicalisantes de notre monde. En tant qu\u2019exercice spirituel favorisant un art de vivre, elles affichent les pr\u00e9misses qui permettent de se repenser en vue d\u2019un meilleur. Depuis ce lieu, il est alors possible d\u2019entrevoir que : frugalit\u00e9, humanit\u00e9, lenteur, libert\u00e9, flexibilit\u00e9, fluidit\u00e9, partage, entraide, accueil, seront parmi les saveurs de ce nouvel art de vivre.<\/p>\n\n\n\n<div class=\"wp-block-image\"><figure class=\"alignright is-resized\"><img data-recalc-dims=\"1\" loading=\"lazy\" decoding=\"async\" data-attachment-id=\"3248\" data-permalink=\"https:\/\/bottesetvelo.com\/blog\/2018\/03\/30\/comme-un-grand-silence\/bottes-et-velo-embleme-3\/\" data-orig-file=\"https:\/\/i0.wp.com\/bottesetvelo.com\/blog\/wp-content\/uploads\/2018\/03\/Bottes-et-V%C3%A9lo-Embl%C3%AAme-1-e1522416719670.png?fit=100%2C79&amp;ssl=1\" data-orig-size=\"100,79\" data-comments-opened=\"1\" data-image-meta=\"{&quot;aperture&quot;:&quot;0&quot;,&quot;credit&quot;:&quot;&quot;,&quot;camera&quot;:&quot;&quot;,&quot;caption&quot;:&quot;&quot;,&quot;created_timestamp&quot;:&quot;0&quot;,&quot;copyright&quot;:&quot;&quot;,&quot;focal_length&quot;:&quot;0&quot;,&quot;iso&quot;:&quot;0&quot;,&quot;shutter_speed&quot;:&quot;0&quot;,&quot;title&quot;:&quot;&quot;,&quot;orientation&quot;:&quot;0&quot;}\" data-image-title=\"Bottes et V\u00e9lo &amp;#8211; Embl\u00eame\" data-image-description=\"\" data-image-caption=\"\" data-large-file=\"https:\/\/i0.wp.com\/bottesetvelo.com\/blog\/wp-content\/uploads\/2018\/03\/Bottes-et-V%C3%A9lo-Embl%C3%AAme-1-e1522416719670.png?fit=100%2C79&amp;ssl=1\" src=\"https:\/\/i0.wp.com\/bottesetvelo.com\/blog\/wp-content\/uploads\/2018\/03\/Bottes-et-V%C3%A9lo-Embl%C3%AAme-1-e1522416719670.png?resize=75%2C59&#038;ssl=1\" alt=\"\" class=\"wp-image-3248\" width=\"75\" height=\"59\"\/><\/figure><\/div>\n\n\n\n<p>\u00c9ric\nLalibert\u00e9<br><\/p>\n\n\n\n<hr class=\"wp-block-separator\"\/>\n\n\n\n<p><a href=\"#_ftnref1\">[1]<\/a>\nPierre Hadot. 2002 [1993]. <em>Exercices spirituels et philosophie antique<\/em>.\nParis, Albin Michel. p.23.<\/p>\n","protected":false},"excerpt":{"rendered":"<p>Confront\u00e9 \u00e0 une multitude de propositions, faire un choix, \u00ab&nbsp;le bon choix&nbsp;\u00bb, est devenu source d\u2019angoisse pour plusieurs. Qu\u2019est-ce que le \u00ab&nbsp;bon choix&nbsp;\u00bb? Qu\u2019est-ce qui me dira que j\u2019ai choisi la bonne mani\u00e8re de m\u2019alimenter? de prendre soin de moi? d\u2019\u00e9duquer mes enfants? de me d\u00e9placer? de vivre en soci\u00e9t\u00e9? de pr\u00e9parer ma retraite? Nos&hellip;<\/p>\n","protected":false},"author":3,"featured_media":3872,"comment_status":"open","ping_status":"open","sticky":false,"template":"","format":"standard","meta":{"jetpack_post_was_ever_published":false,"_jetpack_newsletter_access":"","_jetpack_dont_email_post_to_subs":false,"_jetpack_newsletter_tier_id":0,"_jetpack_memberships_contains_paywalled_content":false,"_jetpack_memberships_contains_paid_content":false,"footnotes":"","jetpack_publicize_message":"#Artdevivre, #philosophie et #exercicespirituel\nConfront\u00e9 \u00e0 une multitude de propositions, faire un choix, \u00ab le bon choix \u00bb, est devenu source d\u2019angoisse pour plusieurs. Qu\u2019est-ce que le \u00ab bon choix \u00bb?","jetpack_publicize_feature_enabled":true,"jetpack_social_post_already_shared":true,"jetpack_social_options":{"image_generator_settings":{"template":"highway","default_image_id":0,"font":"","enabled":false},"version":2}},"categories":[50,166,446,37],"tags":[275,558,13,351],"class_list":["post-3871","post","type-post","status-publish","format-standard","has-post-thumbnail","hentry","category-art-de-vivre","category-demarche-du-pelerin","category-societe","category-spiritualite-2","tag-art-de-vivre","tag-exercice-spirituel","tag-pelerinage","tag-philosophie"],"jetpack_publicize_connections":[],"jetpack_featured_media_url":"https:\/\/i0.wp.com\/bottesetvelo.com\/blog\/wp-content\/uploads\/2019\/11\/holi-594333.jpg?fit=3264%2C2448&ssl=1","jetpack_shortlink":"https:\/\/wp.me\/p4eY6z-10r","jetpack_sharing_enabled":true,"jetpack_likes_enabled":true,"jetpack-related-posts":[],"_links":{"self":[{"href":"https:\/\/bottesetvelo.com\/blog\/wp-json\/wp\/v2\/posts\/3871","targetHints":{"allow":["GET"]}}],"collection":[{"href":"https:\/\/bottesetvelo.com\/blog\/wp-json\/wp\/v2\/posts"}],"about":[{"href":"https:\/\/bottesetvelo.com\/blog\/wp-json\/wp\/v2\/types\/post"}],"author":[{"embeddable":true,"href":"https:\/\/bottesetvelo.com\/blog\/wp-json\/wp\/v2\/users\/3"}],"replies":[{"embeddable":true,"href":"https:\/\/bottesetvelo.com\/blog\/wp-json\/wp\/v2\/comments?post=3871"}],"version-history":[{"count":3,"href":"https:\/\/bottesetvelo.com\/blog\/wp-json\/wp\/v2\/posts\/3871\/revisions"}],"predecessor-version":[{"id":3878,"href":"https:\/\/bottesetvelo.com\/blog\/wp-json\/wp\/v2\/posts\/3871\/revisions\/3878"}],"wp:featuredmedia":[{"embeddable":true,"href":"https:\/\/bottesetvelo.com\/blog\/wp-json\/wp\/v2\/media\/3872"}],"wp:attachment":[{"href":"https:\/\/bottesetvelo.com\/blog\/wp-json\/wp\/v2\/media?parent=3871"}],"wp:term":[{"taxonomy":"category","embeddable":true,"href":"https:\/\/bottesetvelo.com\/blog\/wp-json\/wp\/v2\/categories?post=3871"},{"taxonomy":"post_tag","embeddable":true,"href":"https:\/\/bottesetvelo.com\/blog\/wp-json\/wp\/v2\/tags?post=3871"}],"curies":[{"name":"wp","href":"https:\/\/api.w.org\/{rel}","templated":true}]}}