{"id":3847,"date":"2019-11-08T11:38:52","date_gmt":"2019-11-08T16:38:52","guid":{"rendered":"http:\/\/bottesetvelo.com\/blog\/?p=3847"},"modified":"2019-11-08T11:38:52","modified_gmt":"2019-11-08T16:38:52","slug":"a-travers-lautre","status":"publish","type":"post","link":"https:\/\/bottesetvelo.com\/blog\/2019\/11\/08\/a-travers-lautre\/","title":{"rendered":"\u00c0 travers l\u2019autre"},"content":{"rendered":"\n<blockquote style=\"text-align:right\" class=\"wp-block-quote is-style-default is-layout-flow wp-block-quote-is-layout-flow\"><p>Si tu n\u2019arrives pas \u00e0 penser, marche; <\/p><p>Si tu penses trop, marche; <\/p><p>Si tu penses mal, marche encore<\/p><cite>Jean Giono<\/cite><\/blockquote>\n\n\n\n<p>L\u2019homme est un animal gr\u00e9gaire.\nDepuis toujours, le besoin de se rassembler, de s\u2019entraider et de faire communaut\u00e9\na permis \u00e0 l\u2019homme d\u2019\u00e9voluer technologiquement, socialement, spirituellement\u2026\nLa mise en commun des forces individuelles nourrit et profite \u00e0 chacun. Mais\ncomme dans toute chose, l\u2019\u00e9quilibre est n\u00e9cessaire. Trop de collectif \u00e9touffe,\nenferme, d\u00e9personnalise. Partir, prendre une distance devient alors vital.<\/p>\n\n\n\n<div class=\"wp-block-image\"><figure class=\"alignright is-resized\"><img loading=\"lazy\" decoding=\"async\" data-attachment-id=\"3850\" data-permalink=\"https:\/\/bottesetvelo.com\/blog\/2019\/11\/08\/a-travers-lautre\/retro-1483781_1920\/\" data-orig-file=\"https:\/\/i0.wp.com\/bottesetvelo.com\/blog\/wp-content\/uploads\/2019\/11\/retro-1483781_1920.jpg?fit=1920%2C1501&amp;ssl=1\" data-orig-size=\"1920,1501\" data-comments-opened=\"1\" data-image-meta=\"{&quot;aperture&quot;:&quot;0&quot;,&quot;credit&quot;:&quot;&quot;,&quot;camera&quot;:&quot;&quot;,&quot;caption&quot;:&quot;&quot;,&quot;created_timestamp&quot;:&quot;0&quot;,&quot;copyright&quot;:&quot;&quot;,&quot;focal_length&quot;:&quot;0&quot;,&quot;iso&quot;:&quot;0&quot;,&quot;shutter_speed&quot;:&quot;0&quot;,&quot;title&quot;:&quot;&quot;,&quot;orientation&quot;:&quot;0&quot;}\" data-image-title=\"retro-1483781_1920\" data-image-description=\"\" data-image-caption=\"\" data-large-file=\"https:\/\/i0.wp.com\/bottesetvelo.com\/blog\/wp-content\/uploads\/2019\/11\/retro-1483781_1920.jpg?fit=1024%2C801&amp;ssl=1\" src=\"https:\/\/i2.wp.com\/bottesetvelo.com\/blog\/wp-content\/uploads\/2019\/11\/retro-1483781_1920.jpg?fit=1024%2C801\" alt=\"\" class=\"wp-image-3850\" width=\"350\" height=\"294\"\/><\/figure><\/div>\n\n\n\n<p>L\u2019\u00eatre humain est\nfondamentalement relationnel. Nous avons tous besoin de cr\u00e9er des liens avec ce,\net ceux, qui nous entourent. Au fil de notre croissance, nous d\u00e9veloppons des\nhabilet\u00e9s pour entrer en contact avec notre entourage. D\u00e8s notre enfance, nous\napprenons ce qui plait, ce qui se dit ou ne se dit pas, se fait ou ne se fait\npas. On apprend \u00e0 se conformer pour convenir, et plaire au regard de l\u2019autre. Pour\n\u00eatre aim\u00e9. \u00c0 l\u2019adolescence, en qu\u00eate d\u2019une identit\u00e9 qui nous soit propre, on\nessaie plusieurs costumes. On cherche \u00e0 se distinguer tout en souhaitant demeurer\naccept\u00e9 par le groupe. Puis adulte, on s\u2019ach\u00e8te une panoplie de chapeaux pour\nparader, \u00eatre reconnu, valoris\u00e9, approuv\u00e9\u2026. par les autres. Une vie de mascarade!\nEt comme si on ne conf\u00e9rait pas assez de pouvoir \u00e0 cet \u00ab&nbsp;autre&nbsp;\u00bb,\ncelui-ci se permet de faire de l\u2019ing\u00e9rence dans la d\u00e9finition que l\u2019on tricote\nde soi-m\u00eame. Il nous appose des \u00e9tiquettes sans date d\u2019expiration. Il nous\npr\u00e9suppose et nous encadre dans une photo fig\u00e9e. Changer devient un combat.\n\u00catre soi-m\u00eame semble complexe, voire impossible. <\/p>\n\n\n\n<div class=\"wp-block-image\"><figure class=\"alignright is-resized\"><img loading=\"lazy\" decoding=\"async\" data-attachment-id=\"3851\" data-permalink=\"https:\/\/bottesetvelo.com\/blog\/2019\/11\/08\/a-travers-lautre\/20180724_145005\/\" data-orig-file=\"https:\/\/i0.wp.com\/bottesetvelo.com\/blog\/wp-content\/uploads\/2019\/11\/20180724_145005.jpg?fit=4608%2C2240&amp;ssl=1\" data-orig-size=\"4608,2240\" data-comments-opened=\"1\" data-image-meta=\"{&quot;aperture&quot;:&quot;1.7&quot;,&quot;credit&quot;:&quot;&quot;,&quot;camera&quot;:&quot;SM-A530W&quot;,&quot;caption&quot;:&quot;&quot;,&quot;created_timestamp&quot;:&quot;1532443805&quot;,&quot;copyright&quot;:&quot;&quot;,&quot;focal_length&quot;:&quot;3.93&quot;,&quot;iso&quot;:&quot;40&quot;,&quot;shutter_speed&quot;:&quot;0.00123456790123&quot;,&quot;title&quot;:&quot;&quot;,&quot;orientation&quot;:&quot;1&quot;}\" data-image-title=\"20180724_145005\" data-image-description=\"\" data-image-caption=\"\" data-large-file=\"https:\/\/i0.wp.com\/bottesetvelo.com\/blog\/wp-content\/uploads\/2019\/11\/20180724_145005.jpg?fit=1024%2C498&amp;ssl=1\" src=\"https:\/\/i0.wp.com\/bottesetvelo.com\/blog\/wp-content\/uploads\/2019\/11\/20180724_145005.jpg?fit=1024%2C498\" alt=\"\" class=\"wp-image-3851\" width=\"350\" height=\"193\"\/><\/figure><\/div>\n\n\n\n<p>P\u00e8leriner, c\u2019est se donner cet\nespace, ce recul physique et mentale, pour mieux comprendre l\u2019impact et le jeu\nde ces relations que j\u2019entretiens. Car en effet, je suis l\u2019artisan de ce tissu\nsocial dans lequel je m\u2019enroule. Sur le chemin, pas de costume, pas de chapeau,\nne distingue les p\u00e8lerins.&nbsp; La fatigue,\nla douleur, l\u2019\u00e9loignement, les peurs et les inqui\u00e9tudes ont t\u00f4t fait de\nrappeler \u00e0 chacun d\u2019entre nous, la fragilit\u00e9 et la finitude de notre condition\nhumaine. D\u00e9pouill\u00e9 de son armure, avan\u00e7ant avec le poids de sa r\u00e9flexion, \u00e0 pas\nde fourmi sur ce long chemin, le p\u00e8lerin red\u00e9couvre l\u2019importance, le plaisir et\nle d\u00e9sir d\u2019\u00eatre en relation. Le d\u00e9sir! Parce que les relations deviennent un\nchoix, et deviennent choisies. Le p\u00e8lerin savoure les moments de calme \u00e0\ntravers les temps de solitude. Temps au cours duquel son esprit, comme son\ncorps vagabonde, en qu\u00eate de lumi\u00e8re. Puis, par la suite, il se plait \u00e0 vivre\nles instants de rencontre et de partage. Les rires, les discussions, et m\u00eame\nles silences, en compagnie de personnes qui l\u2019accueillent et l\u2019acceptent tel\nqu\u2019il est. Sans jugement. Sans attente.<\/p>\n\n\n\n<div class=\"wp-block-image\"><figure class=\"alignleft is-resized\"><img loading=\"lazy\" decoding=\"async\" data-attachment-id=\"3852\" data-permalink=\"https:\/\/bottesetvelo.com\/blog\/2019\/11\/08\/a-travers-lautre\/20180713_111744\/\" data-orig-file=\"https:\/\/i0.wp.com\/bottesetvelo.com\/blog\/wp-content\/uploads\/2019\/11\/20180713_111744.jpg?fit=4608%2C2240&amp;ssl=1\" data-orig-size=\"4608,2240\" data-comments-opened=\"1\" data-image-meta=\"{&quot;aperture&quot;:&quot;1.7&quot;,&quot;credit&quot;:&quot;&quot;,&quot;camera&quot;:&quot;SM-A530W&quot;,&quot;caption&quot;:&quot;&quot;,&quot;created_timestamp&quot;:&quot;1531480664&quot;,&quot;copyright&quot;:&quot;&quot;,&quot;focal_length&quot;:&quot;3.93&quot;,&quot;iso&quot;:&quot;40&quot;,&quot;shutter_speed&quot;:&quot;0.000517866390471&quot;,&quot;title&quot;:&quot;&quot;,&quot;orientation&quot;:&quot;1&quot;}\" data-image-title=\"20180713_111744\" data-image-description=\"\" data-image-caption=\"\" data-large-file=\"https:\/\/i0.wp.com\/bottesetvelo.com\/blog\/wp-content\/uploads\/2019\/11\/20180713_111744.jpg?fit=1024%2C498&amp;ssl=1\" src=\"https:\/\/i0.wp.com\/bottesetvelo.com\/blog\/wp-content\/uploads\/2019\/11\/20180713_111744.jpg?fit=1024%2C498\" alt=\"\" class=\"wp-image-3852\" width=\"350\" height=\"224\"\/><\/figure><\/div>\n\n\n\n<p>&nbsp;C\u2019est dans cette libert\u00e9 d\u2019\u00eatre et de choisir\nque chemine int\u00e9rieurement le p\u00e8lerin. Tentant de ne pas \u00eatre tent\u00e9 reproduire ces\nrelations qu\u2019il tente de fuir! Et la tentation est forte, car tellement plus\nfacile que le changement. Il butine, allant de lui-m\u00eame \u00e0 l\u2019autre. Cherchant\ndans cet espace \u00e0 se d\u00e9finir, \u00e0 trouver cette place qui est la sienne et dans\nlaquelle il est pleinement confortable. Une place faite \u00e0 sa mesure. Celle qui\nn\u2019attend qu\u2019une chose&nbsp;: c\u2019est qu\u2019il se d\u00e9cide \u00e0 la prendre pleinement pour\n\u00eatre bien dans sa peau. La peau! Cette partie du corps qui fait contact avec l\u2019autre,\ncette porte d\u2019entr\u00e9e en relation avec tout ce qui nous entoure, cette fragile\ncarapace parfois trop perm\u00e9able. Comme le p\u00e8lerin qui passe \u00e0 travers champs, c\u2019est\nen traversant l\u2019autre, allant au-del\u00e0 de l\u2019autre, que je me r\u00e9v\u00e8le&nbsp;:\n\u00ab&nbsp;Qui suis-je quand je peux \u00eatre celui ou celle que je suis vraiment?&nbsp;\u00bb<\/p>\n\n\n\n<div class=\"wp-block-image\"><figure class=\"alignright is-resized\"><img data-recalc-dims=\"1\" decoding=\"async\" data-attachment-id=\"3248\" data-permalink=\"https:\/\/bottesetvelo.com\/blog\/2018\/03\/30\/comme-un-grand-silence\/bottes-et-velo-embleme-3\/\" data-orig-file=\"https:\/\/i0.wp.com\/bottesetvelo.com\/blog\/wp-content\/uploads\/2018\/03\/Bottes-et-V%C3%A9lo-Embl%C3%AAme-1-e1522416719670.png?fit=100%2C79&amp;ssl=1\" data-orig-size=\"100,79\" data-comments-opened=\"1\" data-image-meta=\"{&quot;aperture&quot;:&quot;0&quot;,&quot;credit&quot;:&quot;&quot;,&quot;camera&quot;:&quot;&quot;,&quot;caption&quot;:&quot;&quot;,&quot;created_timestamp&quot;:&quot;0&quot;,&quot;copyright&quot;:&quot;&quot;,&quot;focal_length&quot;:&quot;0&quot;,&quot;iso&quot;:&quot;0&quot;,&quot;shutter_speed&quot;:&quot;0&quot;,&quot;title&quot;:&quot;&quot;,&quot;orientation&quot;:&quot;0&quot;}\" data-image-title=\"Bottes et V\u00e9lo &amp;#8211; Embl\u00eame\" data-image-description=\"\" data-image-caption=\"\" data-large-file=\"https:\/\/i0.wp.com\/bottesetvelo.com\/blog\/wp-content\/uploads\/2018\/03\/Bottes-et-V%C3%A9lo-Embl%C3%AAme-1-e1522416719670.png?fit=100%2C79&amp;ssl=1\" src=\"https:\/\/i0.wp.com\/bottesetvelo.com\/blog\/wp-content\/uploads\/2018\/03\/Bottes-et-V%C3%A9lo-Embl%C3%AAme-1-e1522416719670.png?fit=1170%2C49&#038;ssl=1\" alt=\"\" class=\"wp-image-3248\" width=\"1170\" height=\"49\"\/><\/figure><\/div>\n\n\n\n<p>Brigitte Harouni<\/p>\n","protected":false},"excerpt":{"rendered":"<p>Si tu n\u2019arrives pas \u00e0 penser, marche; Si tu penses trop, marche; Si tu penses mal, marche encore Jean Giono L\u2019homme est un animal gr\u00e9gaire. Depuis toujours, le besoin de se rassembler, de s\u2019entraider et de faire communaut\u00e9 a permis \u00e0 l\u2019homme d\u2019\u00e9voluer technologiquement, socialement, spirituellement\u2026 La mise en commun des forces individuelles nourrit et&hellip;<\/p>\n","protected":false},"author":2,"featured_media":3851,"comment_status":"open","ping_status":"open","sticky":false,"template":"","format":"standard","meta":{"jetpack_post_was_ever_published":false,"_jetpack_newsletter_access":"","_jetpack_dont_email_post_to_subs":false,"_jetpack_newsletter_tier_id":0,"_jetpack_memberships_contains_paywalled_content":false,"_jetpack_memberships_contains_paid_content":false,"footnotes":"","jetpack_publicize_message":"","jetpack_publicize_feature_enabled":true,"jetpack_social_post_already_shared":true,"jetpack_social_options":{"image_generator_settings":{"template":"highway","default_image_id":0,"font":"","enabled":false},"version":2}},"categories":[379,39,3,381],"tags":[565,564,563],"class_list":["post-3847","post","type-post","status-publish","format-standard","has-post-thumbnail","hentry","category-chemin-de-transformation","category-croissance-personnelle","category-reflexions","category-transformation","tag-definition-de-soi","tag-identite","tag-quete-identitaire"],"jetpack_publicize_connections":[],"jetpack_featured_media_url":"https:\/\/i0.wp.com\/bottesetvelo.com\/blog\/wp-content\/uploads\/2019\/11\/20180724_145005.jpg?fit=4608%2C2240&ssl=1","jetpack_shortlink":"https:\/\/wp.me\/p4eY6z-103","jetpack_sharing_enabled":true,"jetpack_likes_enabled":true,"jetpack-related-posts":[],"_links":{"self":[{"href":"https:\/\/bottesetvelo.com\/blog\/wp-json\/wp\/v2\/posts\/3847","targetHints":{"allow":["GET"]}}],"collection":[{"href":"https:\/\/bottesetvelo.com\/blog\/wp-json\/wp\/v2\/posts"}],"about":[{"href":"https:\/\/bottesetvelo.com\/blog\/wp-json\/wp\/v2\/types\/post"}],"author":[{"embeddable":true,"href":"https:\/\/bottesetvelo.com\/blog\/wp-json\/wp\/v2\/users\/2"}],"replies":[{"embeddable":true,"href":"https:\/\/bottesetvelo.com\/blog\/wp-json\/wp\/v2\/comments?post=3847"}],"version-history":[{"count":4,"href":"https:\/\/bottesetvelo.com\/blog\/wp-json\/wp\/v2\/posts\/3847\/revisions"}],"predecessor-version":[{"id":3854,"href":"https:\/\/bottesetvelo.com\/blog\/wp-json\/wp\/v2\/posts\/3847\/revisions\/3854"}],"wp:featuredmedia":[{"embeddable":true,"href":"https:\/\/bottesetvelo.com\/blog\/wp-json\/wp\/v2\/media\/3851"}],"wp:attachment":[{"href":"https:\/\/bottesetvelo.com\/blog\/wp-json\/wp\/v2\/media?parent=3847"}],"wp:term":[{"taxonomy":"category","embeddable":true,"href":"https:\/\/bottesetvelo.com\/blog\/wp-json\/wp\/v2\/categories?post=3847"},{"taxonomy":"post_tag","embeddable":true,"href":"https:\/\/bottesetvelo.com\/blog\/wp-json\/wp\/v2\/tags?post=3847"}],"curies":[{"name":"wp","href":"https:\/\/api.w.org\/{rel}","templated":true}]}}