{"id":3800,"date":"2019-09-27T09:52:10","date_gmt":"2019-09-27T13:52:10","guid":{"rendered":"http:\/\/bottesetvelo.com\/blog\/?p=3800"},"modified":"2019-09-27T09:52:10","modified_gmt":"2019-09-27T13:52:10","slug":"la-spiritualite-pelerine","status":"publish","type":"post","link":"https:\/\/bottesetvelo.com\/blog\/2019\/09\/27\/la-spiritualite-pelerine\/","title":{"rendered":"La spiritualit\u00e9 p\u00e8lerine"},"content":{"rendered":"\n<p class=\"has-drop-cap\"><strong>Avec l\u2019essor du mod\u00e8le Compostelle, comment penser la spiritualit\u00e9 p\u00e8lerine? Que d\u00e9signe-t-elle au juste? Comment la d\u00e9finir sans la cloisonner, la restreindre ou, pire encore, l\u2019\u00e9teindre ? Parler de spiritualit\u00e9 n\u2019est d\u00e9j\u00e0 pas \u00e9vident de nos jours, comment en parler au-del\u00e0 des tabous qui l\u2019accablent et, surtout, sans passer pour un hurluberlu? Comment s\u2019avancer sur ce terrain, tout en \u00e9vitant de se faire lancer des tomates? Eh bien, c\u2019est ce que je vais tenter. Alors, \u00e0 vos parapluies! Car vous risquez d\u2019\u00eatre \u00e9clabouss\u00e9s si vous vous y reconnaissez!<\/strong><\/p>\n\n\n\n<div class=\"wp-block-image\"><figure class=\"alignright is-resized\"><img data-recalc-dims=\"1\" loading=\"lazy\" decoding=\"async\" data-attachment-id=\"3801\" data-permalink=\"https:\/\/bottesetvelo.com\/blog\/2019\/09\/27\/la-spiritualite-pelerine\/raise-3338589_1920\/\" data-orig-file=\"https:\/\/i0.wp.com\/bottesetvelo.com\/blog\/wp-content\/uploads\/2019\/09\/raise-3338589_1920.jpg?fit=1920%2C1459&amp;ssl=1\" data-orig-size=\"1920,1459\" data-comments-opened=\"1\" data-image-meta=\"{&quot;aperture&quot;:&quot;0&quot;,&quot;credit&quot;:&quot;&quot;,&quot;camera&quot;:&quot;&quot;,&quot;caption&quot;:&quot;&quot;,&quot;created_timestamp&quot;:&quot;0&quot;,&quot;copyright&quot;:&quot;&quot;,&quot;focal_length&quot;:&quot;0&quot;,&quot;iso&quot;:&quot;0&quot;,&quot;shutter_speed&quot;:&quot;0&quot;,&quot;title&quot;:&quot;&quot;,&quot;orientation&quot;:&quot;0&quot;}\" data-image-title=\"raise-3338589_1920\" data-image-description=\"\" data-image-caption=\"\" data-large-file=\"https:\/\/i0.wp.com\/bottesetvelo.com\/blog\/wp-content\/uploads\/2019\/09\/raise-3338589_1920.jpg?fit=1024%2C778&amp;ssl=1\" src=\"https:\/\/i0.wp.com\/bottesetvelo.com\/blog\/wp-content\/uploads\/2019\/09\/raise-3338589_1920.jpg?resize=350%2C235&#038;ssl=1\" alt=\"\" class=\"wp-image-3801\" width=\"350\" height=\"235\"\/><\/figure><\/div>\n\n\n\n<p>Spiritualit\u00e9\nd\u00e9rive du latin <em>spiritus<\/em> et signifie, \u00e9tymologiquement, le souffle ou\nl\u2019esprit. La spiritualit\u00e9 d\u00e9signe ainsi \u00ab&nbsp;ce qui est relatif \u00e0 l\u2019esprit&nbsp;\u00bb\nou \u00ab&nbsp;ce qui s\u2019effectue dans un certain esprit&nbsp;\u00bb. Dans cet ordre id\u00e9e,\non parlera de spiritualit\u00e9 bouddhiste, franciscaine, autochtone, ignatienne, yogiste,\nsoufie, hindouiste, AA, etc. Chacune d\u2019entre elles d\u00e9signant ce qui est relatif\n\u00e0 chacun de ces courants. La spiritualit\u00e9 d\u00e9signe l\u2019esprit dans lequel est\nengendr\u00e9 une mani\u00e8re de vivre. Ainsi, la spiritualit\u00e9 bouddhiste se reconnait \u00e0\ntravers des gestes, des paroles, un mode de vie identifiable et descriptible. Il\nen va de m\u00eame pour tout type de spiritualit\u00e9.<\/p>\n\n\n\n<p>\u00c9tonnamment,\nm\u00eame si la spiritualit\u00e9 d\u00e9signe ce qui rel\u00e8ve de l\u2019esprit, celle-ci ne peut s\u2019observer\nqu\u2019\u00e0 travers des mani\u00e8res de faire bien concr\u00e8tes. Chez certains, elle sera\ncaract\u00e9ris\u00e9e par une proximit\u00e9 avec la nature, chez d\u2019autres par des mani\u00e8res\nde m\u00e9diter, ou encore par des exercices particuliers. Toute forme de\nspiritualit\u00e9 se per\u00e7oit \u00e0 travers une pratique ou, plus pr\u00e9cis\u00e9ment, \u00e0 travers\ndes pratiques. La spiritualit\u00e9 se fait, se vit, se dit, s\u2019entend. Elle est\naction. <\/p>\n\n\n\n<div class=\"wp-block-image\"><figure class=\"alignright is-resized\"><img loading=\"lazy\" decoding=\"async\" data-attachment-id=\"3802\" data-permalink=\"https:\/\/bottesetvelo.com\/blog\/2019\/09\/27\/la-spiritualite-pelerine\/trail-4488374_1920\/\" data-orig-file=\"https:\/\/i0.wp.com\/bottesetvelo.com\/blog\/wp-content\/uploads\/2019\/09\/trail-4488374_1920.jpg?fit=1920%2C1280&amp;ssl=1\" data-orig-size=\"1920,1280\" data-comments-opened=\"1\" data-image-meta=\"{&quot;aperture&quot;:&quot;8&quot;,&quot;credit&quot;:&quot;&quot;,&quot;camera&quot;:&quot;Canon EOS 7D Mark II&quot;,&quot;caption&quot;:&quot;&quot;,&quot;created_timestamp&quot;:&quot;0&quot;,&quot;copyright&quot;:&quot;&quot;,&quot;focal_length&quot;:&quot;226&quot;,&quot;iso&quot;:&quot;200&quot;,&quot;shutter_speed&quot;:&quot;0.008&quot;,&quot;title&quot;:&quot;&quot;,&quot;orientation&quot;:&quot;0&quot;}\" data-image-title=\"trail-4488374_1920\" data-image-description=\"\" data-image-caption=\"\" data-large-file=\"https:\/\/i0.wp.com\/bottesetvelo.com\/blog\/wp-content\/uploads\/2019\/09\/trail-4488374_1920.jpg?fit=1024%2C683&amp;ssl=1\" src=\"https:\/\/i1.wp.com\/bottesetvelo.com\/blog\/wp-content\/uploads\/2019\/09\/trail-4488374_1920.jpg?fit=1024%2C683\" alt=\"\" class=\"wp-image-3802\" width=\"350\" height=\"235\"\/><\/figure><\/div>\n\n\n\n<p>Loin de se\nlaisser cataloguer facilement, elle vient nuancer ce qu\u2019elle tente d\u2019\u00e9noncer et\nqui risquerait de l\u2019enfermer. N\u2019oublions pas&nbsp;: elle d\u00e9signe \u00ab&nbsp;ce qui\ns\u2019effectue dans un certain esprit&nbsp;\u00bb! Elle tente donc de s\u2019en approcher, tout\nen ne l\u2019atteignant jamais. C\u2019est pourquoi ses fronti\u00e8res demeurent floues et se\nm\u00ealent parfois \u00e0 plusieurs courants spirituels. La spiritualit\u00e9 est ainsi faite&nbsp;:\n&nbsp;elle est dot\u00e9e d\u2019une aura qui emp\u00eache\ntoutes cat\u00e9gorisations radicales de l\u2019observateur qui voudrait trancher net et\nrel\u00e8ve, par cons\u00e9quent, d\u2019une certaine individualit\u00e9.<\/p>\n\n\n\n<p>Partant de\nl\u00e0, la spiritualit\u00e9 p\u00e8lerine, plus pr\u00e9cis\u00e9ment celle qui d\u00e9coule du mod\u00e8le\nCompostelle, se reconnait \u00e0 quoi? Quelles pratiques permettent de dire qu\u2019il s\u2019agit\nd\u2019une spiritualit\u00e9 p\u00e8lerine? Plusieurs \u00e9l\u00e9ments peuvent l\u2019illustrer, tout en\nlui laissant de la latitude. <\/p>\n\n\n\n<p>La\nspiritualit\u00e9 p\u00e8lerine est tout d\u2019abord marqu\u00e9e par sa <strong><em>\u00ab&nbsp;frugalit\u00e9&nbsp;\u00bb<\/em><\/strong>.\nElle vit avec peu et se contente de peu. Que le poids du sac \u00e0 dos soit de 4 ou\n20 kg, ce que le p\u00e8lerin porte sur son dos est toujours bien moins que ce que\nla moyenne des citoyens occidentaux poss\u00e8de. La spiritualit\u00e9 p\u00e8lerine impose de\nse restreindre par l\u2019<strong><em>exercice<\/em><\/strong> qu\u2019elle met en \u0153uvre. Le rapport \u00e0\nla propri\u00e9t\u00e9 en est ainsi modifi\u00e9&nbsp;: <strong><em>nul besoin de poss\u00e9der<\/em><\/strong>\npuisque le chemin se fait g\u00e9n\u00e9reux! La frugalit\u00e9 de l\u2019exercice g\u00e9n\u00e8re cette <strong><em>confiance\ndans le chemin<\/em><\/strong> et, pour bien y entrer, le p\u00e8lerin doit parvenir \u00e0 <strong><em>s\u2019abandonner\n\u00e0 l\u2019exp\u00e9rience du chemin<\/em><\/strong>.<\/p>\n\n\n\n<div class=\"wp-block-image\"><figure class=\"alignright is-resized\"><img loading=\"lazy\" decoding=\"async\" data-attachment-id=\"3803\" data-permalink=\"https:\/\/bottesetvelo.com\/blog\/2019\/09\/27\/la-spiritualite-pelerine\/boots-3450702_1920\/\" data-orig-file=\"https:\/\/i0.wp.com\/bottesetvelo.com\/blog\/wp-content\/uploads\/2019\/09\/boots-3450702_1920.jpg?fit=1920%2C1280&amp;ssl=1\" data-orig-size=\"1920,1280\" data-comments-opened=\"1\" data-image-meta=\"{&quot;aperture&quot;:&quot;10&quot;,&quot;credit&quot;:&quot;&quot;,&quot;camera&quot;:&quot;Canon EOS 70D&quot;,&quot;caption&quot;:&quot;&quot;,&quot;created_timestamp&quot;:&quot;0&quot;,&quot;copyright&quot;:&quot;&quot;,&quot;focal_length&quot;:&quot;50&quot;,&quot;iso&quot;:&quot;160&quot;,&quot;shutter_speed&quot;:&quot;0.01&quot;,&quot;title&quot;:&quot;&quot;,&quot;orientation&quot;:&quot;0&quot;}\" data-image-title=\"boots-3450702_1920\" data-image-description=\"\" data-image-caption=\"\" data-large-file=\"https:\/\/i0.wp.com\/bottesetvelo.com\/blog\/wp-content\/uploads\/2019\/09\/boots-3450702_1920.jpg?fit=1024%2C683&amp;ssl=1\" src=\"https:\/\/i2.wp.com\/bottesetvelo.com\/blog\/wp-content\/uploads\/2019\/09\/boots-3450702_1920.jpg?fit=1024%2C683\" alt=\"\" class=\"wp-image-3803\" width=\"350\" height=\"235\"\/><\/figure><\/div>\n\n\n\n<p>Par son\naspect <strong><em>\u00ab&nbsp;sport d\u2019endurance&nbsp;\u00bb<\/em><\/strong>, la spiritualit\u00e9 p\u00e8lerine\nengage tout le corps dans une <strong><em>d\u00e9marche physique<\/em><\/strong> qui rel\u00e8ve de l\u2019<strong><em>asc\u00e8se<\/em><\/strong>.\nC\u2019est la r\u00e9p\u00e9tition du geste sportif, port\u00e9 dans la <strong><em>longue dur\u00e9e<\/em><\/strong>,\nqui rend <strong><em>l\u2019exercice \u00ab&nbsp;spirituel&nbsp;\u00bb<\/em><\/strong> et op\u00e8re un certain <strong><em>mouvement\nintrospectif<\/em><\/strong>; mouvement qui diff\u00e8re selon chaque individu.<\/p>\n\n\n\n<p>Le souci de\nl\u2019<strong><em>empreinte \u00e9cologique <\/em><\/strong>fait d\u00e9sormais partie de la spiritualit\u00e9\np\u00e8lerine. <strong><em>La vie au grand air<\/em><\/strong> conduit in\u00e9vitablement \u00e0 <strong><em>recr\u00e9er\nce lien<\/em><\/strong> trop souvent occult\u00e9 dans nos grandes cit\u00e9s. L\u2019\u00eatre humain s\u2019y\nd\u00e9couvre des affinit\u00e9s qui l\u2019am\u00e8nent \u00e0 <strong><em>reconsid\u00e9rer son rapport \u00e0\nl\u2019environnement et \u00e0 la nature en g\u00e9n\u00e9ral<\/em><\/strong>. L\u2019espace de la nature ayant de\ntout temps suscit\u00e9 des moments de rencontre avec ce qui nous transcende.<\/p>\n\n\n\n<div class=\"wp-block-image\"><figure class=\"alignright is-resized\"><img loading=\"lazy\" decoding=\"async\" data-attachment-id=\"3804\" data-permalink=\"https:\/\/bottesetvelo.com\/blog\/2019\/09\/27\/la-spiritualite-pelerine\/backpack-1149462_1920\/\" data-orig-file=\"https:\/\/i0.wp.com\/bottesetvelo.com\/blog\/wp-content\/uploads\/2019\/09\/backpack-1149462_1920.jpg?fit=1920%2C1280&amp;ssl=1\" data-orig-size=\"1920,1280\" data-comments-opened=\"1\" data-image-meta=\"{&quot;aperture&quot;:&quot;0&quot;,&quot;credit&quot;:&quot;&quot;,&quot;camera&quot;:&quot;&quot;,&quot;caption&quot;:&quot;&quot;,&quot;created_timestamp&quot;:&quot;0&quot;,&quot;copyright&quot;:&quot;&quot;,&quot;focal_length&quot;:&quot;0&quot;,&quot;iso&quot;:&quot;0&quot;,&quot;shutter_speed&quot;:&quot;0&quot;,&quot;title&quot;:&quot;&quot;,&quot;orientation&quot;:&quot;0&quot;}\" data-image-title=\"backpack-1149462_1920\" data-image-description=\"\" data-image-caption=\"\" data-large-file=\"https:\/\/i0.wp.com\/bottesetvelo.com\/blog\/wp-content\/uploads\/2019\/09\/backpack-1149462_1920.jpg?fit=1024%2C683&amp;ssl=1\" src=\"https:\/\/i1.wp.com\/bottesetvelo.com\/blog\/wp-content\/uploads\/2019\/09\/backpack-1149462_1920.jpg?fit=1024%2C683\" alt=\"\" class=\"wp-image-3804\" width=\"350\" height=\"235\"\/><\/figure><\/div>\n\n\n\n<p>Enfin (m\u00eame\ns\u2019il y aurait encore beaucoup \u00e0 dire), <strong><em>plong\u00e9e dans le monde<\/em><\/strong>, la\nspiritualit\u00e9 p\u00e8lerine s\u2019articule \u00e0 travers un <strong><em>perp\u00e9tuel mouvement\nrelationnel<\/em><\/strong> qui oscille <strong><em>entre solitude et communaut\u00e9<\/em><\/strong>, <strong><em>entre\nexplorateur et touriste<\/em><\/strong>, ceci <strong><em>sans \u00e9gard pour les croyances, les\ndipl\u00f4mes, la race, le sexe, ou les rangs sociaux<\/em><\/strong>. Espace de rencontre,\nde <strong><em>cheminement<\/em><\/strong> et d\u2019<strong><em>entraide<\/em><\/strong>, la spiritualit\u00e9\np\u00e8lerine est <strong><em>fondamentalement relationnelle<\/em><\/strong>.<\/p>\n\n\n\n<p>Et vous, \u00e0\nquoi reconnaissez-vous la spiritualit\u00e9 p\u00e8lerine? <\/p>\n\n\n\n<div class=\"wp-block-image\"><figure class=\"alignright is-resized\"><img data-recalc-dims=\"1\" loading=\"lazy\" decoding=\"async\" data-attachment-id=\"3248\" data-permalink=\"https:\/\/bottesetvelo.com\/blog\/2018\/03\/30\/comme-un-grand-silence\/bottes-et-velo-embleme-3\/\" data-orig-file=\"https:\/\/i0.wp.com\/bottesetvelo.com\/blog\/wp-content\/uploads\/2018\/03\/Bottes-et-V%C3%A9lo-Embl%C3%AAme-1-e1522416719670.png?fit=100%2C79&amp;ssl=1\" data-orig-size=\"100,79\" data-comments-opened=\"1\" data-image-meta=\"{&quot;aperture&quot;:&quot;0&quot;,&quot;credit&quot;:&quot;&quot;,&quot;camera&quot;:&quot;&quot;,&quot;caption&quot;:&quot;&quot;,&quot;created_timestamp&quot;:&quot;0&quot;,&quot;copyright&quot;:&quot;&quot;,&quot;focal_length&quot;:&quot;0&quot;,&quot;iso&quot;:&quot;0&quot;,&quot;shutter_speed&quot;:&quot;0&quot;,&quot;title&quot;:&quot;&quot;,&quot;orientation&quot;:&quot;0&quot;}\" data-image-title=\"Bottes et V\u00e9lo &amp;#8211; Embl\u00eame\" data-image-description=\"\" data-image-caption=\"\" data-large-file=\"https:\/\/i0.wp.com\/bottesetvelo.com\/blog\/wp-content\/uploads\/2018\/03\/Bottes-et-V%C3%A9lo-Embl%C3%AAme-1-e1522416719670.png?fit=100%2C79&amp;ssl=1\" src=\"https:\/\/i0.wp.com\/bottesetvelo.com\/blog\/wp-content\/uploads\/2018\/03\/Bottes-et-V%C3%A9lo-Embl%C3%AAme-1-e1522416719670.png?resize=83%2C66&#038;ssl=1\" alt=\"\" class=\"wp-image-3248\" width=\"83\" height=\"66\"\/><\/figure><\/div>\n\n\n\n<p>\u00c9ric\nLalibert\u00e9<\/p>\n","protected":false},"excerpt":{"rendered":"<p>Avec l\u2019essor du mod\u00e8le Compostelle, comment penser la spiritualit\u00e9 p\u00e8lerine? Que d\u00e9signe-t-elle au juste? Comment la d\u00e9finir sans la cloisonner, la restreindre ou, pire encore, l\u2019\u00e9teindre ? <\/p>\n","protected":false},"author":3,"featured_media":3801,"comment_status":"open","ping_status":"open","sticky":false,"template":"","format":"standard","meta":{"jetpack_post_was_ever_published":false,"_jetpack_newsletter_access":"","_jetpack_dont_email_post_to_subs":false,"_jetpack_newsletter_tier_id":0,"_jetpack_memberships_contains_paywalled_content":false,"_jetpack_memberships_contains_paid_content":false,"footnotes":"","jetpack_publicize_message":"La spiritualit\u00e9 p\u00e8lerine - \u00c0 quoi reconnaissez-vous la #spiritualit\u00e9p\u00e8lerine?","jetpack_publicize_feature_enabled":true,"jetpack_social_post_already_shared":true,"jetpack_social_options":{"image_generator_settings":{"template":"highway","default_image_id":0,"font":"","enabled":false},"version":2}},"categories":[50,3,37],"tags":[558,549,520,521],"class_list":["post-3800","post","type-post","status-publish","format-standard","has-post-thumbnail","hentry","category-art-de-vivre","category-reflexions","category-spiritualite-2","tag-exercice-spirituel","tag-pelerinage-2","tag-randonnee-2","tag-spiritualite-3"],"jetpack_publicize_connections":[],"jetpack_featured_media_url":"https:\/\/i0.wp.com\/bottesetvelo.com\/blog\/wp-content\/uploads\/2019\/09\/raise-3338589_1920.jpg?fit=1920%2C1459&ssl=1","jetpack_shortlink":"https:\/\/wp.me\/p4eY6z-Zi","jetpack_sharing_enabled":true,"jetpack_likes_enabled":true,"jetpack-related-posts":[],"_links":{"self":[{"href":"https:\/\/bottesetvelo.com\/blog\/wp-json\/wp\/v2\/posts\/3800","targetHints":{"allow":["GET"]}}],"collection":[{"href":"https:\/\/bottesetvelo.com\/blog\/wp-json\/wp\/v2\/posts"}],"about":[{"href":"https:\/\/bottesetvelo.com\/blog\/wp-json\/wp\/v2\/types\/post"}],"author":[{"embeddable":true,"href":"https:\/\/bottesetvelo.com\/blog\/wp-json\/wp\/v2\/users\/3"}],"replies":[{"embeddable":true,"href":"https:\/\/bottesetvelo.com\/blog\/wp-json\/wp\/v2\/comments?post=3800"}],"version-history":[{"count":1,"href":"https:\/\/bottesetvelo.com\/blog\/wp-json\/wp\/v2\/posts\/3800\/revisions"}],"predecessor-version":[{"id":3805,"href":"https:\/\/bottesetvelo.com\/blog\/wp-json\/wp\/v2\/posts\/3800\/revisions\/3805"}],"wp:featuredmedia":[{"embeddable":true,"href":"https:\/\/bottesetvelo.com\/blog\/wp-json\/wp\/v2\/media\/3801"}],"wp:attachment":[{"href":"https:\/\/bottesetvelo.com\/blog\/wp-json\/wp\/v2\/media?parent=3800"}],"wp:term":[{"taxonomy":"category","embeddable":true,"href":"https:\/\/bottesetvelo.com\/blog\/wp-json\/wp\/v2\/categories?post=3800"},{"taxonomy":"post_tag","embeddable":true,"href":"https:\/\/bottesetvelo.com\/blog\/wp-json\/wp\/v2\/tags?post=3800"}],"curies":[{"name":"wp","href":"https:\/\/api.w.org\/{rel}","templated":true}]}}