{"id":3770,"date":"2019-06-28T07:00:08","date_gmt":"2019-06-28T11:00:08","guid":{"rendered":"http:\/\/bottesetvelo.com\/blog\/?p=3770"},"modified":"2019-06-27T20:55:32","modified_gmt":"2019-06-28T00:55:32","slug":"les-vacances-du-temps","status":"publish","type":"post","link":"https:\/\/bottesetvelo.com\/blog\/2019\/06\/28\/les-vacances-du-temps\/","title":{"rendered":"Les vacances du temps"},"content":{"rendered":"\n<blockquote style=\"text-align:right\" class=\"wp-block-quote is-layout-flow wp-block-quote-is-layout-flow\"><p>Souvenez-vous de la long\u00e9vit\u00e9 de la tortue&#8230;<\/p><\/blockquote>\n\n\n\n<p class=\"has-drop-cap\">L\u2019\u00e9t\u00e9 se\npointe et le temps des vacances devient soudainement pressant. M\u00eame si nous\njouissons de plusieurs temps libres tout au long de l\u2019ann\u00e9e, ce temps particulier\na quelque chose qui fait toujours r\u00eaver. On anticipe avec d\u00e9lice le long voyage\n\u00e0 v\u00e9lo, la lecture ininterrompue de ce roman, le doux farniente sur la plage,\nles soir\u00e9es entre amis qui s\u2019\u00e9tirent, les escapades impr\u00e9vues\u2026 Tous ces moments\nmanquent \u00e0 nos agendas! Dans les rares cases vides de ce grand livre, nous\npouvons sentir l\u2019urgence de vivre. Comme le poisson quittant son bocal, plonger\ndans l\u2019oc\u00e9an du temps peut sembler enivrant!<\/p>\n\n\n\n<div class=\"wp-block-image\"><figure class=\"alignright is-resized\"><img loading=\"lazy\" decoding=\"async\" data-attachment-id=\"3771\" data-permalink=\"https:\/\/bottesetvelo.com\/blog\/2019\/06\/28\/les-vacances-du-temps\/tourism-1213802_1920\/\" data-orig-file=\"https:\/\/i0.wp.com\/bottesetvelo.com\/blog\/wp-content\/uploads\/2019\/06\/tourism-1213802_1920.jpg?fit=1920%2C1440&amp;ssl=1\" data-orig-size=\"1920,1440\" data-comments-opened=\"1\" data-image-meta=\"{&quot;aperture&quot;:&quot;0&quot;,&quot;credit&quot;:&quot;&quot;,&quot;camera&quot;:&quot;&quot;,&quot;caption&quot;:&quot;&quot;,&quot;created_timestamp&quot;:&quot;0&quot;,&quot;copyright&quot;:&quot;&quot;,&quot;focal_length&quot;:&quot;0&quot;,&quot;iso&quot;:&quot;0&quot;,&quot;shutter_speed&quot;:&quot;0&quot;,&quot;title&quot;:&quot;&quot;,&quot;orientation&quot;:&quot;0&quot;}\" data-image-title=\"tourism-1213802_1920\" data-image-description=\"\" data-image-caption=\"\" data-large-file=\"https:\/\/i0.wp.com\/bottesetvelo.com\/blog\/wp-content\/uploads\/2019\/06\/tourism-1213802_1920.jpg?fit=1024%2C768&amp;ssl=1\" src=\"https:\/\/i0.wp.com\/bottesetvelo.com\/blog\/wp-content\/uploads\/2019\/06\/tourism-1213802_1920.jpg?fit=1024%2C768\" alt=\"\" class=\"wp-image-3771\" width=\"350\" height=\"261\" srcset=\"https:\/\/i0.wp.com\/bottesetvelo.com\/blog\/wp-content\/uploads\/2019\/06\/tourism-1213802_1920.jpg?resize=120%2C90&amp;ssl=1 120w, https:\/\/i0.wp.com\/bottesetvelo.com\/blog\/wp-content\/uploads\/2019\/06\/tourism-1213802_1920.jpg?zoom=2&amp;resize=350%2C261&amp;ssl=1 700w, https:\/\/i0.wp.com\/bottesetvelo.com\/blog\/wp-content\/uploads\/2019\/06\/tourism-1213802_1920.jpg?zoom=3&amp;resize=350%2C261&amp;ssl=1 1050w\" sizes=\"auto, (max-width: 350px) 100vw, 350px\" \/><\/figure><\/div>\n\n\n\n<p>L\u2019expression dit bien : \u00ab C\u2019est le temps des vacances! \u00bb. Ce temps de vacances, on l\u2019entend, il est pluriel. Il souligne qu\u2019il y a beaucoup de temps qui soit vacant, beaucoup de temps \u00ab inoccup\u00e9 \u00bb. C\u2019est la quantit\u00e9 de temps inoccup\u00e9 qui rend la chose int\u00e9ressante, car le temps libre nous manque. Nous en voulons toujours plus! Comme si le temps occup\u00e9 nous pesait. Pourtant, le temps n\u2019est jamais occup\u00e9. Ce n\u2019est pas lui qui est occup\u00e9, mais bien nous qui l\u2019occupons. Le temps nous est toujours donn\u00e9 vacant. Le temps est toujours fait de \u00ab vacances \u00bb. C\u2019est nous qui l\u2019investissons et comblons chacun de ces espaces.<\/p>\n\n\n\n<p>Le temps s\u2019occupe,\nse remplit, se comble. Les heures, les jours, les mois sont comme une s\u00e9rie de\ncontenants \u00e0 farcir. Le temps est un volume&nbsp;qui se calcule par la vitesse\n\u00e0 laquelle je peux remplir le plus grand nombre de cases vides de mon agenda. Le\ndanger dans cette man\u0153uvre, c\u2019est que le temps est un puits sans fond. Il serait\nfou de pr\u00e9tendre pouvoir le combler en entier. Le temps est intarissable, il ne\npeut manquer! Qu\u2019une heure vienne \u00e0 passer, voil\u00e0 d\u00e9j\u00e0 qu\u2019une autre est commenc\u00e9e!\nAussi, n\u2019est-ce pas le manque de temps qui soit un probl\u00e8me; mais bien moi qui me\nsuis donn\u00e9 pour mission de \u00ab&nbsp;bien&nbsp;\u00bb remplir mon temps.<\/p>\n\n\n\n<div class=\"wp-block-image\"><figure class=\"alignright is-resized\"><img loading=\"lazy\" decoding=\"async\" data-attachment-id=\"3772\" data-permalink=\"https:\/\/bottesetvelo.com\/blog\/2019\/06\/28\/les-vacances-du-temps\/adult-2693054_1920\/\" data-orig-file=\"https:\/\/i0.wp.com\/bottesetvelo.com\/blog\/wp-content\/uploads\/2019\/06\/adult-2693054_1920.jpg?fit=1920%2C1280&amp;ssl=1\" data-orig-size=\"1920,1280\" data-comments-opened=\"1\" data-image-meta=\"{&quot;aperture&quot;:&quot;6.3&quot;,&quot;credit&quot;:&quot;&quot;,&quot;camera&quot;:&quot;ILCE-7M2&quot;,&quot;caption&quot;:&quot;&quot;,&quot;created_timestamp&quot;:&quot;0&quot;,&quot;copyright&quot;:&quot;&quot;,&quot;focal_length&quot;:&quot;240&quot;,&quot;iso&quot;:&quot;400&quot;,&quot;shutter_speed&quot;:&quot;0.004&quot;,&quot;title&quot;:&quot;&quot;,&quot;orientation&quot;:&quot;0&quot;}\" data-image-title=\"adult-2693054_1920\" data-image-description=\"\" data-image-caption=\"\" data-large-file=\"https:\/\/i0.wp.com\/bottesetvelo.com\/blog\/wp-content\/uploads\/2019\/06\/adult-2693054_1920.jpg?fit=1024%2C683&amp;ssl=1\" src=\"https:\/\/i2.wp.com\/bottesetvelo.com\/blog\/wp-content\/uploads\/2019\/06\/adult-2693054_1920.jpg?fit=1024%2C683\" alt=\"\" class=\"wp-image-3772\" width=\"350\" height=\"219\"\/><\/figure><\/div>\n\n\n\n<p>Temps et\nespace sont intimement li\u00e9s. L\u2019un n\u2019existe pas sans l\u2019autre. Rien de nouveau \u00e0\nce sujet. Aussi, \u00e9prouver un besoin de vacances, \u00e9quivaut \u00e0 \u00e9prouver un besoin\nd\u2019espace&nbsp;: soit faire un trou dans son horaire. &nbsp;Nous passons nos journ\u00e9es \u00e0 filer \u00e0 toute\nvitesse dans l\u2019espoir de gagner quelques minutes de libert\u00e9. Or, l\u2019espace est produit\npar le temps que je mets pour effectuer une activit\u00e9 \u2013 m\u00eame quand je ne fais\nrien j\u2019occupe mon temps d\u2019une certaine fa\u00e7on. Aussi, dans ce calcul, le facteur\nvitesse joue-t-il un r\u00f4le d\u00e9terminant&nbsp;: plus je fais vite, plus l\u2019espace est\ncourt et plus le temps passe vite. Sous cet angle, il devient impossible d\u2019esp\u00e9rer\ngagner quelques minutes de libert\u00e9 en allant plus vite. Au contraire, r\u00e9cup\u00e9rer\ndu temps consisterait davantage \u00e0 l\u2019occuper autrement qu\u2019\u00e0 toute vitesse.<\/p>\n\n\n\n<p>Et s\u2019il\nsuffisait de ralentir pour gagner du temps? Pour durer plus longtemps? Dans la\ndur\u00e9e du temps qui s\u2019\u00e9tire, la vie se manifeste autrement. On peut y voir l\u2019herbe\npousser, le vent souffler et les gouttes de ros\u00e9e. <\/p>\n\n\n\n<div class=\"wp-block-image\"><figure class=\"alignright is-resized\"><img loading=\"lazy\" decoding=\"async\" data-attachment-id=\"3773\" data-permalink=\"https:\/\/bottesetvelo.com\/blog\/2019\/06\/28\/les-vacances-du-temps\/turtle-2201433_1920\/\" data-orig-file=\"https:\/\/i0.wp.com\/bottesetvelo.com\/blog\/wp-content\/uploads\/2019\/06\/turtle-2201433_1920.jpg?fit=1920%2C1306&amp;ssl=1\" data-orig-size=\"1920,1306\" data-comments-opened=\"1\" data-image-meta=\"{&quot;aperture&quot;:&quot;3.5&quot;,&quot;credit&quot;:&quot;&quot;,&quot;camera&quot;:&quot;Canon EOS 5D&quot;,&quot;caption&quot;:&quot;&quot;,&quot;created_timestamp&quot;:&quot;0&quot;,&quot;copyright&quot;:&quot;&quot;,&quot;focal_length&quot;:&quot;16&quot;,&quot;iso&quot;:&quot;100&quot;,&quot;shutter_speed&quot;:&quot;0.004&quot;,&quot;title&quot;:&quot;&quot;,&quot;orientation&quot;:&quot;0&quot;}\" data-image-title=\"turtle-2201433_1920\" data-image-description=\"\" data-image-caption=\"\" data-large-file=\"https:\/\/i0.wp.com\/bottesetvelo.com\/blog\/wp-content\/uploads\/2019\/06\/turtle-2201433_1920.jpg?fit=1024%2C697&amp;ssl=1\" src=\"https:\/\/i0.wp.com\/bottesetvelo.com\/blog\/wp-content\/uploads\/2019\/06\/turtle-2201433_1920.jpg?fit=1024%2C697\" alt=\"\" class=\"wp-image-3773\" width=\"350\" height=\"231\"\/><\/figure><\/div>\n\n\n\n<p>La dur\u00e9e engage\ndans un processus qui change nos rapports de proximit\u00e9 et laisse loin derri\u00e8re\nl\u2019instantan\u00e9it\u00e9 dans laquelle nous sommes plong\u00e9s. La lenteur de la dur\u00e9e tend \u00e0\nnous harmoniser avec l\u2019\u00e9ternit\u00e9 du temps qui n\u2019en finit plus de passer. P\u00e8lerins\net backpackers semblent y avoir compris quelque chose&nbsp;: soit ils voyagent plus\nlentement, soit ils voyagent plus longtemps. Mais, peu importe, dans les deux\ncas, la lenteur de l\u2019exercice d\u00e9gage l\u2019espace n\u00e9cessaire pour go\u00fbter les\nvacances du temps ainsi retrouv\u00e9es.<\/p>\n\n\n\n<div class=\"wp-block-image\"><figure class=\"alignright is-resized\"><img data-recalc-dims=\"1\" loading=\"lazy\" decoding=\"async\" data-attachment-id=\"3180\" data-permalink=\"https:\/\/bottesetvelo.com\/blog\/2018\/01\/26\/sortir-de-la-confusion\/bottes-et-velo-embleme-transparent\/\" data-orig-file=\"https:\/\/i0.wp.com\/bottesetvelo.com\/blog\/wp-content\/uploads\/2018\/01\/Bottes-et-V%C3%A9lo-Embl%C3%AAme-transparent-e1522417779346.png?fit=100%2C79&amp;ssl=1\" data-orig-size=\"100,79\" data-comments-opened=\"1\" data-image-meta=\"{&quot;aperture&quot;:&quot;0&quot;,&quot;credit&quot;:&quot;&quot;,&quot;camera&quot;:&quot;&quot;,&quot;caption&quot;:&quot;&quot;,&quot;created_timestamp&quot;:&quot;0&quot;,&quot;copyright&quot;:&quot;&quot;,&quot;focal_length&quot;:&quot;0&quot;,&quot;iso&quot;:&quot;0&quot;,&quot;shutter_speed&quot;:&quot;0&quot;,&quot;title&quot;:&quot;&quot;,&quot;orientation&quot;:&quot;0&quot;}\" data-image-title=\"Bottes et V\u00e9lo &amp;#8211; Embl\u00eame &amp;#8211; transparent\" data-image-description=\"\" data-image-caption=\"\" data-large-file=\"https:\/\/i0.wp.com\/bottesetvelo.com\/blog\/wp-content\/uploads\/2018\/01\/Bottes-et-V%C3%A9lo-Embl%C3%AAme-transparent-e1522417779346.png?fit=100%2C79&amp;ssl=1\" src=\"https:\/\/i0.wp.com\/bottesetvelo.com\/blog\/wp-content\/uploads\/2018\/01\/Bottes-et-V%C3%A9lo-Embl%C3%AAme-transparent-e1522417779346.png?resize=66%2C52&#038;ssl=1\" alt=\"\" class=\"wp-image-3180\" width=\"66\" height=\"52\"\/><\/figure><\/div>\n\n\n\n<p>\u00c9ric\nLalibert\u00e9<\/p>\n\n\n\n<p>*Ce texte\nest le dernier de la saison 2018-2019. Nous vous reviendrons le 13 septembre.\nEntre temps, suivez-nous sur Facebook. Cet \u00e9t\u00e9 nous vous ferons parcourir&nbsp;:\nCompostelle, les Iles-de-la-Madeleine et la Haute-Gasp\u00e9sie.<\/p>\n","protected":false},"excerpt":{"rendered":"<p>Souvenez-vous de la long\u00e9vit\u00e9 de la tortue&#8230; L\u2019\u00e9t\u00e9 se pointe et le temps des vacances devient soudainement pressant. M\u00eame si nous jouissons de plusieurs temps libres tout au long de l\u2019ann\u00e9e, ce temps particulier a quelque chose qui fait toujours r\u00eaver. On anticipe avec d\u00e9lice le long voyage \u00e0 v\u00e9lo, la lecture ininterrompue de ce&hellip;<\/p>\n","protected":false},"author":3,"featured_media":3771,"comment_status":"open","ping_status":"open","sticky":false,"template":"","format":"standard","meta":{"jetpack_post_was_ever_published":false,"_jetpack_newsletter_access":"","_jetpack_dont_email_post_to_subs":false,"_jetpack_newsletter_tier_id":0,"_jetpack_memberships_contains_paywalled_content":false,"_jetpack_memberships_contains_paid_content":false,"footnotes":"","jetpack_publicize_message":"Les #vacances du temps\nTous ces moments manquent \u00e0 nos #agendas ! Dans les rares cases vides de ce grand livre, nous pouvons sentir l\u2019 #urgencedevivre. Comme le poisson quittant son bocal, plonger dans l\u2019oc\u00e9an du #temps peut sembler enivrant!","jetpack_publicize_feature_enabled":true,"jetpack_social_post_already_shared":true,"jetpack_social_options":{"image_generator_settings":{"template":"highway","default_image_id":0,"font":"","enabled":false},"version":2}},"categories":[52,50,379,3],"tags":[557,556,78,304,409],"class_list":["post-3770","post","type-post","status-publish","format-standard","has-post-thumbnail","hentry","category-alternatives-de-vie","category-art-de-vivre","category-chemin-de-transformation","category-reflexions","tag-combler","tag-occupation","tag-ralentir","tag-temps","tag-vacances"],"jetpack_publicize_connections":[],"jetpack_featured_media_url":"https:\/\/i0.wp.com\/bottesetvelo.com\/blog\/wp-content\/uploads\/2019\/06\/tourism-1213802_1920.jpg?fit=1920%2C1440&ssl=1","jetpack_shortlink":"https:\/\/wp.me\/p4eY6z-YO","jetpack_sharing_enabled":true,"jetpack_likes_enabled":true,"jetpack-related-posts":[],"_links":{"self":[{"href":"https:\/\/bottesetvelo.com\/blog\/wp-json\/wp\/v2\/posts\/3770","targetHints":{"allow":["GET"]}}],"collection":[{"href":"https:\/\/bottesetvelo.com\/blog\/wp-json\/wp\/v2\/posts"}],"about":[{"href":"https:\/\/bottesetvelo.com\/blog\/wp-json\/wp\/v2\/types\/post"}],"author":[{"embeddable":true,"href":"https:\/\/bottesetvelo.com\/blog\/wp-json\/wp\/v2\/users\/3"}],"replies":[{"embeddable":true,"href":"https:\/\/bottesetvelo.com\/blog\/wp-json\/wp\/v2\/comments?post=3770"}],"version-history":[{"count":1,"href":"https:\/\/bottesetvelo.com\/blog\/wp-json\/wp\/v2\/posts\/3770\/revisions"}],"predecessor-version":[{"id":3774,"href":"https:\/\/bottesetvelo.com\/blog\/wp-json\/wp\/v2\/posts\/3770\/revisions\/3774"}],"wp:featuredmedia":[{"embeddable":true,"href":"https:\/\/bottesetvelo.com\/blog\/wp-json\/wp\/v2\/media\/3771"}],"wp:attachment":[{"href":"https:\/\/bottesetvelo.com\/blog\/wp-json\/wp\/v2\/media?parent=3770"}],"wp:term":[{"taxonomy":"category","embeddable":true,"href":"https:\/\/bottesetvelo.com\/blog\/wp-json\/wp\/v2\/categories?post=3770"},{"taxonomy":"post_tag","embeddable":true,"href":"https:\/\/bottesetvelo.com\/blog\/wp-json\/wp\/v2\/tags?post=3770"}],"curies":[{"name":"wp","href":"https:\/\/api.w.org\/{rel}","templated":true}]}}