{"id":3766,"date":"2019-06-18T10:31:43","date_gmt":"2019-06-18T14:31:43","guid":{"rendered":"http:\/\/bottesetvelo.com\/blog\/?p=3766"},"modified":"2019-06-18T10:31:43","modified_gmt":"2019-06-18T14:31:43","slug":"symposium-pilgrimage-studies-2019","status":"publish","type":"post","link":"https:\/\/bottesetvelo.com\/blog\/2019\/06\/18\/symposium-pilgrimage-studies-2019\/","title":{"rendered":"Symposium Pilgrimage Studies 2019"},"content":{"rendered":"\n<p class=\"has-drop-cap\">Bottes et V\u00e9lo est heureux de vous annoncer que les propositions de communication de Brigitte Harouni et \u00c9ric Lalibert\u00e9 ont \u00e9t\u00e9 retenues pour le Symposium des Pilgrimage Studies, qui aura lieu les 8 et 9 novembre prochain, \u00e0 l&rsquo;Universit\u00e9 William &amp; Mary de Williamsburg en Virginie. <\/p>\n\n\n\n<div class=\"wp-block-image\"><figure class=\"alignright is-resized\"><img loading=\"lazy\" decoding=\"async\" data-attachment-id=\"3767\" data-permalink=\"https:\/\/bottesetvelo.com\/blog\/2019\/06\/18\/symposium-pilgrimage-studies-2019\/dscn4500-2\/\" data-orig-file=\"https:\/\/i0.wp.com\/bottesetvelo.com\/blog\/wp-content\/uploads\/2019\/06\/DSCN4500-2.jpg?fit=2930%2C2012&amp;ssl=1\" data-orig-size=\"2930,2012\" data-comments-opened=\"1\" data-image-meta=\"{&quot;aperture&quot;:&quot;3.7&quot;,&quot;credit&quot;:&quot;&quot;,&quot;camera&quot;:&quot;COOLPIX S9900&quot;,&quot;caption&quot;:&quot;&quot;,&quot;created_timestamp&quot;:&quot;1507294629&quot;,&quot;copyright&quot;:&quot;&quot;,&quot;focal_length&quot;:&quot;4.5&quot;,&quot;iso&quot;:&quot;125&quot;,&quot;shutter_speed&quot;:&quot;0.00625&quot;,&quot;title&quot;:&quot;&quot;,&quot;orientation&quot;:&quot;1&quot;}\" data-image-title=\"DSCN4500 (2)\" data-image-description=\"\" data-image-caption=\"\" data-large-file=\"https:\/\/i0.wp.com\/bottesetvelo.com\/blog\/wp-content\/uploads\/2019\/06\/DSCN4500-2.jpg?fit=1024%2C703&amp;ssl=1\" src=\"https:\/\/i0.wp.com\/bottesetvelo.com\/blog\/wp-content\/uploads\/2019\/06\/DSCN4500-2.jpg?fit=1024%2C703\" alt=\"\" class=\"wp-image-3767\" width=\"350\" height=\"237\"\/><\/figure><\/div>\n\n\n\n<p>Brigitte et \u00c9ric pr\u00e9senteront une conf\u00e9rence, dans la cat\u00e9gorie \u00ab\u00a0Teaching Pilgrimage\u00a0\u00bb, intitul\u00e9e: Walking, talking, listening. Spiritual guidance under Compostela&rsquo;s paradigm.<\/p>\n\n\n\n<p>\u00c9ric pr\u00e9sentera \u00e9galement une conf\u00e9rence, dans la cat\u00e9gorie \u00ab\u00a0Technology and Pilgrimage\u00a0\u00bb, intitul\u00e9e: Online Pilgrimage.The Internet practice as a pilgrimage quest. <\/p>\n\n\n\n<p>En 2011, l&rsquo;Universit\u00e9 William &amp; Mary, \u00e0 l&rsquo;initiative de George Greenia, fondait l&rsquo;Institut pour les Pilgrimage Studies et lan\u00e7ait du m\u00eame coup le Symposium. De l\u00e0 allait d\u00e9couler un Consortium international de chercheurs interdisciplinaires int\u00e9ress\u00e9s par le champ des \u00c9tudes p\u00e8lerines. <\/p>\n\n\n\n<div class=\"wp-block-jetpack-tiled-gallery aligncenter is-style-rectangular\"><div class=\"tiled-gallery__gallery\"><div class=\"tiled-gallery__row\"><div class=\"tiled-gallery__col\"><figure class=\"tiled-gallery__item\"><img decoding=\"async\" data-attachment-id=\"3090\" data-permalink=\"https:\/\/bottesetvelo.com\/blog\/2017\/10\/13\/des-paroles-qui-font-du-chemin\/wm\/\" data-orig-file=\"https:\/\/i0.wp.com\/bottesetvelo.com\/blog\/wp-content\/uploads\/2017\/10\/WM.jpg?fit=271%2C186&amp;ssl=1\" data-orig-size=\"271,186\" data-comments-opened=\"1\" data-image-meta=\"{&quot;aperture&quot;:&quot;0&quot;,&quot;credit&quot;:&quot;&quot;,&quot;camera&quot;:&quot;&quot;,&quot;caption&quot;:&quot;&quot;,&quot;created_timestamp&quot;:&quot;0&quot;,&quot;copyright&quot;:&quot;&quot;,&quot;focal_length&quot;:&quot;0&quot;,&quot;iso&quot;:&quot;0&quot;,&quot;shutter_speed&quot;:&quot;0&quot;,&quot;title&quot;:&quot;&quot;,&quot;orientation&quot;:&quot;0&quot;}\" data-image-title=\"W&amp;#038;M\" data-image-description=\"\" data-image-caption=\"\" data-large-file=\"https:\/\/i0.wp.com\/bottesetvelo.com\/blog\/wp-content\/uploads\/2017\/10\/WM.jpg?fit=271%2C186&amp;ssl=1\" data-attachment-id=\"3090\" data-permalink=\"https:\/\/bottesetvelo.com\/blog\/2017\/10\/13\/des-paroles-qui-font-du-chemin\/wm\/\" data-orig-file=\"https:\/\/i0.wp.com\/bottesetvelo.com\/blog\/wp-content\/uploads\/2017\/10\/WM.jpg?fit=271%2C186&amp;ssl=1\" data-orig-size=\"271,186\" data-comments-opened=\"1\" data-image-meta=\"{&quot;aperture&quot;:&quot;0&quot;,&quot;credit&quot;:&quot;&quot;,&quot;camera&quot;:&quot;&quot;,&quot;caption&quot;:&quot;&quot;,&quot;created_timestamp&quot;:&quot;0&quot;,&quot;copyright&quot;:&quot;&quot;,&quot;focal_length&quot;:&quot;0&quot;,&quot;iso&quot;:&quot;0&quot;,&quot;shutter_speed&quot;:&quot;0&quot;,&quot;title&quot;:&quot;&quot;,&quot;orientation&quot;:&quot;0&quot;}\" data-image-title=\"W&amp;#038;M\" data-image-description=\"\" data-image-caption=\"\" data-large-file=\"https:\/\/i0.wp.com\/bottesetvelo.com\/blog\/wp-content\/uploads\/2017\/10\/WM.jpg?fit=271%2C186&amp;ssl=1\" role=\"button\" tabindex=\"0\" aria-label=\"Ouvrir l\u2019image 1 sur 3 en plein \u00e9cran\"srcset=\"https:\/\/i0.wp.com\/bottesetvelo.com\/blog\/wp-content\/uploads\/2017\/10\/WM.jpg?strip=info&#038;w=271 271w\" alt=\"\" data-height=\"186\" data-id=\"3090\" data-link=\"https:\/\/bottesetvelo.com\/blog\/2017\/10\/13\/des-paroles-qui-font-du-chemin\/wm\/\" data-url=\"https:\/\/bottesetvelo.com\/blog\/wp-content\/uploads\/2017\/10\/WM.jpg\" data-width=\"271\" src=\"https:\/\/i0.wp.com\/bottesetvelo.com\/blog\/wp-content\/uploads\/2017\/10\/WM.jpg\"\/><\/figure><\/div><div class=\"tiled-gallery__col\"><figure class=\"tiled-gallery__item\"><img decoding=\"async\" data-attachment-id=\"3010\" data-permalink=\"https:\/\/bottesetvelo.com\/blog\/2017\/05\/18\/the-way-a-post-religious-pilgrimage\/markwidget\/\" data-orig-file=\"https:\/\/i0.wp.com\/bottesetvelo.com\/blog\/wp-content\/uploads\/2017\/05\/markwidget.jpg?fit=240%2C139&amp;ssl=1\" data-orig-size=\"240,139\" data-comments-opened=\"1\" data-image-meta=\"{&quot;aperture&quot;:&quot;0&quot;,&quot;credit&quot;:&quot;&quot;,&quot;camera&quot;:&quot;&quot;,&quot;caption&quot;:&quot;&quot;,&quot;created_timestamp&quot;:&quot;0&quot;,&quot;copyright&quot;:&quot;&quot;,&quot;focal_length&quot;:&quot;0&quot;,&quot;iso&quot;:&quot;0&quot;,&quot;shutter_speed&quot;:&quot;0&quot;,&quot;title&quot;:&quot;&quot;,&quot;orientation&quot;:&quot;0&quot;}\" data-image-title=\"Institute fopr Pilgrimage Studies\" data-image-description=\"\" data-image-caption=\"\" data-large-file=\"https:\/\/i0.wp.com\/bottesetvelo.com\/blog\/wp-content\/uploads\/2017\/05\/markwidget.jpg?fit=240%2C139&amp;ssl=1\" data-attachment-id=\"3010\" data-permalink=\"https:\/\/bottesetvelo.com\/blog\/2017\/05\/18\/the-way-a-post-religious-pilgrimage\/markwidget\/\" data-orig-file=\"https:\/\/i0.wp.com\/bottesetvelo.com\/blog\/wp-content\/uploads\/2017\/05\/markwidget.jpg?fit=240%2C139&amp;ssl=1\" data-orig-size=\"240,139\" data-comments-opened=\"1\" data-image-meta=\"{&quot;aperture&quot;:&quot;0&quot;,&quot;credit&quot;:&quot;&quot;,&quot;camera&quot;:&quot;&quot;,&quot;caption&quot;:&quot;&quot;,&quot;created_timestamp&quot;:&quot;0&quot;,&quot;copyright&quot;:&quot;&quot;,&quot;focal_length&quot;:&quot;0&quot;,&quot;iso&quot;:&quot;0&quot;,&quot;shutter_speed&quot;:&quot;0&quot;,&quot;title&quot;:&quot;&quot;,&quot;orientation&quot;:&quot;0&quot;}\" data-image-title=\"Institute fopr Pilgrimage Studies\" data-image-description=\"\" data-image-caption=\"\" data-large-file=\"https:\/\/i0.wp.com\/bottesetvelo.com\/blog\/wp-content\/uploads\/2017\/05\/markwidget.jpg?fit=240%2C139&amp;ssl=1\" role=\"button\" tabindex=\"0\" aria-label=\"Ouvrir l\u2019image 2 sur 3 en plein \u00e9cran\"srcset=\"https:\/\/i2.wp.com\/bottesetvelo.com\/blog\/wp-content\/uploads\/2017\/05\/markwidget.jpg?strip=info&#038;w=240 240w\" alt=\"\" data-height=\"139\" data-id=\"3010\" data-link=\"https:\/\/bottesetvelo.com\/blog\/2017\/05\/18\/the-way-a-post-religious-pilgrimage\/markwidget\/\" data-url=\"https:\/\/bottesetvelo.com\/blog\/wp-content\/uploads\/2017\/05\/markwidget.jpg\" data-width=\"240\" src=\"https:\/\/i2.wp.com\/bottesetvelo.com\/blog\/wp-content\/uploads\/2017\/05\/markwidget.jpg\"\/><\/figure><figure class=\"tiled-gallery__item\"><img decoding=\"async\" data-attachment-id=\"3248\" data-permalink=\"https:\/\/bottesetvelo.com\/blog\/2018\/03\/30\/comme-un-grand-silence\/bottes-et-velo-embleme-3\/\" data-orig-file=\"https:\/\/i0.wp.com\/bottesetvelo.com\/blog\/wp-content\/uploads\/2018\/03\/Bottes-et-V%C3%A9lo-Embl%C3%AAme-1-e1522416719670.png?fit=100%2C79&amp;ssl=1\" data-orig-size=\"100,79\" data-comments-opened=\"1\" data-image-meta=\"{&quot;aperture&quot;:&quot;0&quot;,&quot;credit&quot;:&quot;&quot;,&quot;camera&quot;:&quot;&quot;,&quot;caption&quot;:&quot;&quot;,&quot;created_timestamp&quot;:&quot;0&quot;,&quot;copyright&quot;:&quot;&quot;,&quot;focal_length&quot;:&quot;0&quot;,&quot;iso&quot;:&quot;0&quot;,&quot;shutter_speed&quot;:&quot;0&quot;,&quot;title&quot;:&quot;&quot;,&quot;orientation&quot;:&quot;0&quot;}\" data-image-title=\"Bottes et V\u00e9lo &amp;#8211; Embl\u00eame\" data-image-description=\"\" data-image-caption=\"\" data-large-file=\"https:\/\/i0.wp.com\/bottesetvelo.com\/blog\/wp-content\/uploads\/2018\/03\/Bottes-et-V%C3%A9lo-Embl%C3%AAme-1-e1522416719670.png?fit=100%2C79&amp;ssl=1\" data-attachment-id=\"3248\" data-permalink=\"https:\/\/bottesetvelo.com\/blog\/2018\/03\/30\/comme-un-grand-silence\/bottes-et-velo-embleme-3\/\" data-orig-file=\"https:\/\/i0.wp.com\/bottesetvelo.com\/blog\/wp-content\/uploads\/2018\/03\/Bottes-et-V%C3%A9lo-Embl%C3%AAme-1-e1522416719670.png?fit=100%2C79&amp;ssl=1\" data-orig-size=\"100,79\" data-comments-opened=\"1\" data-image-meta=\"{&quot;aperture&quot;:&quot;0&quot;,&quot;credit&quot;:&quot;&quot;,&quot;camera&quot;:&quot;&quot;,&quot;caption&quot;:&quot;&quot;,&quot;created_timestamp&quot;:&quot;0&quot;,&quot;copyright&quot;:&quot;&quot;,&quot;focal_length&quot;:&quot;0&quot;,&quot;iso&quot;:&quot;0&quot;,&quot;shutter_speed&quot;:&quot;0&quot;,&quot;title&quot;:&quot;&quot;,&quot;orientation&quot;:&quot;0&quot;}\" data-image-title=\"Bottes et V\u00e9lo &amp;#8211; Embl\u00eame\" data-image-description=\"\" data-image-caption=\"\" data-large-file=\"https:\/\/i0.wp.com\/bottesetvelo.com\/blog\/wp-content\/uploads\/2018\/03\/Bottes-et-V%C3%A9lo-Embl%C3%AAme-1-e1522416719670.png?fit=100%2C79&amp;ssl=1\" role=\"button\" tabindex=\"0\" aria-label=\"Ouvrir l\u2019image 3 sur 3 en plein \u00e9cran\"srcset=\"https:\/\/i0.wp.com\/bottesetvelo.com\/blog\/wp-content\/uploads\/2018\/03\/Bottes-et-V\u00e9lo-Embl\u00eame-1-e1522416719670.png?strip=info&#038;w=100 100w\" alt=\"\" data-height=\"79\" data-id=\"3248\" data-link=\"https:\/\/bottesetvelo.com\/blog\/2018\/03\/30\/comme-un-grand-silence\/bottes-et-velo-embleme-3\/\" data-url=\"https:\/\/bottesetvelo.com\/blog\/wp-content\/uploads\/2018\/03\/Bottes-et-V\u00e9lo-Embl\u00eame-1-e1522416719670.png\" data-width=\"100\" src=\"https:\/\/i0.wp.com\/bottesetvelo.com\/blog\/wp-content\/uploads\/2018\/03\/Bottes-et-V\u00e9lo-Embl\u00eame-1-e1522416719670.png\"\/><\/figure><\/div><\/div><\/div><\/div>\n","protected":false},"excerpt":{"rendered":"<p>Bottes et V\u00e9lo est heureux de vous annoncer que les propositions de communication de Brigitte Harouni et \u00c9ric Lalibert\u00e9 ont \u00e9t\u00e9 retenues pour le Symposium des Pilgrimage Studies, qui aura lieu les 8 et 9 novembre prochain, \u00e0 l&rsquo;Universit\u00e9 William &amp; Mary de Williamsburg en Virginie. Brigitte et \u00c9ric pr\u00e9senteront une conf\u00e9rence, dans la cat\u00e9gorie&hellip;<\/p>\n","protected":false},"author":1,"featured_media":3615,"comment_status":"open","ping_status":"open","sticky":false,"template":"","format":"standard","meta":{"jetpack_post_was_ever_published":false,"_jetpack_newsletter_access":"","_jetpack_dont_email_post_to_subs":false,"_jetpack_newsletter_tier_id":0,"_jetpack_memberships_contains_paywalled_content":false,"_jetpack_memberships_contains_paid_content":false,"footnotes":"","jetpack_publicize_message":"Symposium Pilgrimage Studies 2019\nBottes et V\u00e9lo est heureux d'annoncer que Brigitte Harouni et \u00c9ric Lalibert\u00e9 ont \u00e9t\u00e9 retenus pour pr\u00e9senter 2 conf\u00e9rences au Symposium des #PilgrimageStudies, 8 et 9 nov. prochain, \u00e0 l'Universit\u00e9 #William&Mary en Virginie","jetpack_publicize_feature_enabled":true,"jetpack_social_post_already_shared":true,"jetpack_social_options":{"image_generator_settings":{"template":"highway","default_image_id":0,"font":"","enabled":false},"version":2}},"categories":[458],"tags":[126,459,555],"class_list":["post-3766","post","type-post","status-publish","format-standard","has-post-thumbnail","hentry","category-conferences","tag-conference","tag-pilgrimage-studies","tag-william-mary"],"jetpack_publicize_connections":[],"jetpack_featured_media_url":"https:\/\/i0.wp.com\/bottesetvelo.com\/blog\/wp-content\/uploads\/2019\/02\/2018-07-07-08.28.29.jpg?fit=4608%2C2240&ssl=1","jetpack_shortlink":"https:\/\/wp.me\/p4eY6z-YK","jetpack_sharing_enabled":true,"jetpack_likes_enabled":true,"jetpack-related-posts":[],"_links":{"self":[{"href":"https:\/\/bottesetvelo.com\/blog\/wp-json\/wp\/v2\/posts\/3766","targetHints":{"allow":["GET"]}}],"collection":[{"href":"https:\/\/bottesetvelo.com\/blog\/wp-json\/wp\/v2\/posts"}],"about":[{"href":"https:\/\/bottesetvelo.com\/blog\/wp-json\/wp\/v2\/types\/post"}],"author":[{"embeddable":true,"href":"https:\/\/bottesetvelo.com\/blog\/wp-json\/wp\/v2\/users\/1"}],"replies":[{"embeddable":true,"href":"https:\/\/bottesetvelo.com\/blog\/wp-json\/wp\/v2\/comments?post=3766"}],"version-history":[{"count":1,"href":"https:\/\/bottesetvelo.com\/blog\/wp-json\/wp\/v2\/posts\/3766\/revisions"}],"predecessor-version":[{"id":3768,"href":"https:\/\/bottesetvelo.com\/blog\/wp-json\/wp\/v2\/posts\/3766\/revisions\/3768"}],"wp:featuredmedia":[{"embeddable":true,"href":"https:\/\/bottesetvelo.com\/blog\/wp-json\/wp\/v2\/media\/3615"}],"wp:attachment":[{"href":"https:\/\/bottesetvelo.com\/blog\/wp-json\/wp\/v2\/media?parent=3766"}],"wp:term":[{"taxonomy":"category","embeddable":true,"href":"https:\/\/bottesetvelo.com\/blog\/wp-json\/wp\/v2\/categories?post=3766"},{"taxonomy":"post_tag","embeddable":true,"href":"https:\/\/bottesetvelo.com\/blog\/wp-json\/wp\/v2\/tags?post=3766"}],"curies":[{"name":"wp","href":"https:\/\/api.w.org\/{rel}","templated":true}]}}